{"id":9600,"date":"2023-06-09T11:09:57","date_gmt":"2023-06-09T09:09:57","guid":{"rendered":"https:\/\/blog.europapark.de\/?p=9600"},"modified":"2023-06-09T11:09:57","modified_gmt":"2023-06-09T09:09:57","slug":"10-conseils-pour-organiser-son-sejour-de-reve-a-europa-park-resort","status":"publish","type":"post","link":"https:\/\/blog.europapark.de\/fr\/hotels\/10-conseils-pour-organiser-son-sejour-de-reve-a-europa-park-resort\/","title":{"rendered":"10 conseils pour organiser son s\u00e9jour de r\u00eave \u00e0 Europa-Park Resort"},"content":{"rendered":"<p><strong>\u00ab On se ferait pas un s\u00e9jour \u00e0 Europa-Park Resort ? \u00bb, cette phrase, c&#8217;est le point de d\u00e9part vers de belles aventures qui n&#8217;attendent que vous ! Organiser une escapade chez nous est simple comme bonjour ! Des conseils d&#8217;experts peuvent vous permettre d&#8217;en profiter encore plus. Ed et toute sa clique vous partagent leur exp\u00e9rience aiguis\u00e9e pour rendre ces moments en famille ou entre amis encore plus inoubliables.<\/strong><\/p>\n<p><strong>1. Bien choisir la p\u00e9riode son s\u00e9jour<\/strong><\/p>\n<p>Europa-Park, situ\u00e9 au c\u0153ur de la R\u00e9gion des Trois Fronti\u00e8res Allemagne &#8211; France &#8211; Suisse, a une situation g\u00e9ographique de choix et attire des visiteurs internationaux. On a souvent tendance \u00e0 v\u00e9rifier si les \u00e9coliers de son pays d&#8217;origine sont en cong\u00e9s ou non. Notre conseil est de penser \u00e0 s&#8217;assurer que nos chers voisins allemands (notamment le Land du Bade-Wurtemberg), fran\u00e7ais (notamment la zone B) ou encore suisse ne sont pas en p\u00e9riodes de vacances scolaires. Pensez \u00e9galement aux jours f\u00e9ri\u00e9s et \u00e9ventuels ponts et privil\u00e9giez les s\u00e9jours en semaine.<\/p>\n<figure id=\"attachment_10491\" aria-labelledby=\"figcaption_attachment_10491\" class=\"wp-caption aligncenter\"><img loading=\"lazy\" decoding=\"async\" class=\"size-large wp-image-10491\" src=\"https:\/\/blog.europapark.de\/wp-content\/uploads\/2023\/05\/EP19_Skandinavien_Allgemein_Familie_02-1024x683.jpg\" alt=\"Pensez \u00e0 v\u00e9rifier les dates des cong\u00e9s scolaires de nos chers t\u00eates blondes !\" width=\"1024\" height=\"683\" srcset=\"https:\/\/blog.europapark.de\/wp-content\/uploads\/2023\/05\/EP19_Skandinavien_Allgemein_Familie_02-1024x683.jpg 1024w, https:\/\/blog.europapark.de\/wp-content\/uploads\/2023\/05\/EP19_Skandinavien_Allgemein_Familie_02-400x267.jpg 400w, https:\/\/blog.europapark.de\/wp-content\/uploads\/2023\/05\/EP19_Skandinavien_Allgemein_Familie_02-768x512.jpg 768w, https:\/\/blog.europapark.de\/wp-content\/uploads\/2023\/05\/EP19_Skandinavien_Allgemein_Familie_02-1536x1024.jpg 1536w, https:\/\/blog.europapark.de\/wp-content\/uploads\/2023\/05\/EP19_Skandinavien_Allgemein_Familie_02-2048x1366.jpg 2048w, https:\/\/blog.europapark.de\/wp-content\/uploads\/2023\/05\/EP19_Skandinavien_Allgemein_Familie_02-1700x1134.jpg 1700w\" sizes=\"auto, (max-width: 1024px) 100vw, 1024px\" \/><figcaption id=\"figcaption_attachment_10491\" class=\"wp-caption-text\">Pensez \u00e0 v\u00e9rifier les dates des cong\u00e9s scolaires de nos chers t\u00eates blondes !<\/figcaption><\/figure>\n<p><strong>2. Se renseigner sur nos diff\u00e9rentes saisons<\/strong><\/p>\n<p>Vous l&#8217;aurez compris, bien d\u00e9finir ses dates de s\u00e9jour est primordial. Le tout est de suivre son c\u0153ur et ses envies :<\/p>\n<ul>\n<li>Pour les amoureux du soleil\u00a0 : la saison estivale<\/li>\n<li>Pour les amateurs de frissons : <a href=\"https:\/\/www.europapark.de\/fr\/parc-de-loisirs\/infos\/planifiez-votre-sejour\/frissons-de-plaisir-halloween#:~:text=Notre%20saison%20d'Halloween%20est,18h00.\" target=\"_blank\" rel=\"noopener\">Halloween<\/a><\/li>\n<li>Pour les ind\u00e9cis entre Halloween et la saison hivernale : <a href=\"https:\/\/www.europapark.de\/fr\/parc-de-loisirs\/hallowinter\" target=\"_blank\" rel=\"noopener\">HALLOWinter<\/a> (saison la moins fr\u00e9quent\u00e9e \ud83d\ude09)<\/li>\n<li>Pour les fans de No\u00ebl : <a href=\"https:\/\/www.europapark.de\/fr\/parc-de-loisirs\/infos\/planifiez-votre-sejour\/hiver-enchanteur\" target=\"_blank\" rel=\"noopener\">la saison hivernale<\/a><\/li>\n<li>Pour les accros sensations aquatiques : toute l&#8217;ann\u00e9e \u00e0 <a href=\"https:\/\/www.europapark.de\/fr\/rulantica\" target=\"_blank\" rel=\"noopener\">Rulantica<\/a><\/li>\n<\/ul>\n<p>On vous recommande 2 jours \u00e0 <a href=\"https:\/\/www.europapark.de\/fr\" target=\"_blank\" rel=\"noopener\">Europa-Park<\/a> et 1 jour \u00e0 <a href=\"https:\/\/www.europapark.de\/fr\/rulantica\" target=\"_blank\" rel=\"noopener\">Rulantica<\/a> pour profiter un maximum. Pourquoi ne pas prolonger le plaisir en visitant l&#8217;Alsace ou encore la For\u00eat-Noire tout en s\u00e9journant \u00e0 Europa-Park Resort ?<\/p>\n<p><strong>3. Rep\u00e9rer les offres\u00a0<\/strong><\/p>\n<p>Si vous \u00eates \u00e0 la recherche de bons plans, n&#8217;oubliez pas de consulter notre <a href=\"https:\/\/www.europapark.de\/fr\/sejourner\/offres-evenements\" target=\"_blank\" rel=\"noopener\">site<\/a> et de vous inscrire \u00e0 notre <a href=\"https:\/\/www.europapark.de\/fr\/infos\/medias-et-divertissements\/inscription-la-newsletter#no-back\" target=\"_blank\" rel=\"noopener\">newsletter<\/a> pour \u00eatre au courant. Vous y trouverez des offres avec ou sans nuit\u00e9es.<\/p>\n<p><strong>4. Trouver l&#8217;h\u00f4tel qui vous correspond\u00a0<\/strong><\/p>\n<p>Du mus\u00e9e d&#8217;histoire naturelle au monast\u00e8re portugais en passant par le ch\u00e2teau du Moyen-\u00c2ge espagnol, nos 6 h\u00f4tels ont chacun leur personnalit\u00e9 ! D\u00e9couvrez chacune de leurs particularit\u00e9s sur notre <a href=\"https:\/\/www.europapark.de\/fr\/sejourner\" target=\"_blank\" rel=\"noopener\">site<\/a> et voyez quelle th\u00e9matisation vous parle le plus. Tous nos h\u00f4tels sont reli\u00e9s par un service de <a href=\"https:\/\/www.europapark.de\/sites\/default\/files\/media_document\/2022-01\/uebersichtsplan_hotel-shuttle.pdf\" target=\"_blank\" rel=\"noopener\">navette gratuit<\/a>. Petit conseil : si vous passez par Rulantica pendant votre s\u00e9jour, ayez en t\u00eate que l&#8217;h\u00f4tel Kr\u00f8nas\u00e5r est reli\u00e9 au parc aquatique par un pont.<\/p>\n<p>Quelque soit votre choix, sera le bon puisque tous les r\u00e9sidents des h\u00f4tels ont les m\u00eames <a href=\"https:\/\/www.europapark.de\/fr\/parc-de-loisirs\/planifiez-votre-sejour\" target=\"_blank\" rel=\"noopener\">avantages<\/a> !<\/p>\n<figure id=\"attachment_10510\" aria-labelledby=\"figcaption_attachment_10510\" class=\"wp-caption aligncenter\"><img loading=\"lazy\" decoding=\"async\" class=\"size-large wp-image-10510\" src=\"https:\/\/blog.europapark.de\/wp-content\/uploads\/2023\/05\/EP19_Hotels_Kronasar_Lobby_Juni_2019_008-1024x682.jpg\" alt=\"Plongez dans l'ambiance d'un h\u00f4tel-mus\u00e9e d\u00e8s le lobby de Kr\u00f8nas\u00e5r !\" width=\"1024\" height=\"682\" srcset=\"https:\/\/blog.europapark.de\/wp-content\/uploads\/2023\/05\/EP19_Hotels_Kronasar_Lobby_Juni_2019_008-1024x682.jpg 1024w, https:\/\/blog.europapark.de\/wp-content\/uploads\/2023\/05\/EP19_Hotels_Kronasar_Lobby_Juni_2019_008-400x267.jpg 400w, https:\/\/blog.europapark.de\/wp-content\/uploads\/2023\/05\/EP19_Hotels_Kronasar_Lobby_Juni_2019_008-768x512.jpg 768w, https:\/\/blog.europapark.de\/wp-content\/uploads\/2023\/05\/EP19_Hotels_Kronasar_Lobby_Juni_2019_008-1536x1024.jpg 1536w, https:\/\/blog.europapark.de\/wp-content\/uploads\/2023\/05\/EP19_Hotels_Kronasar_Lobby_Juni_2019_008-2048x1365.jpg 2048w, https:\/\/blog.europapark.de\/wp-content\/uploads\/2023\/05\/EP19_Hotels_Kronasar_Lobby_Juni_2019_008-1700x1133.jpg 1700w\" sizes=\"auto, (max-width: 1024px) 100vw, 1024px\" \/><figcaption id=\"figcaption_attachment_10510\" class=\"wp-caption-text\">Plongez dans l&#8217;ambiance d&#8217;un h\u00f4tel-mus\u00e9e d\u00e8s le lobby de Kr\u00f8nas\u00e5r !<\/figcaption><\/figure>\n<p><strong>5. R\u00e9server en ligne\u00a0<\/strong><\/p>\n<p>R\u00e9servez en son s\u00e9jour ligne, c&#8217;est profiter de <a href=\"https:\/\/www.europapark.de\/fr\/sejourner\/hebergements\/reserver-en-ligne-et-profiter-des-avantages\" target=\"_blank\" rel=\"noopener\">nombreux avantages<\/a> comme la r\u00e9servation de billets et de prestations additionnelles, de meilleures conditions de r\u00e9servation, le programme de fid\u00e9lit\u00e9 pour les r\u00e9sidents de nos h\u00f4tels et la diversit\u00e9 des chambres.<\/p>\n<p>Vous pouvez m\u00eame r\u00e9server en ligne et r\u00e9gler sur place si vous avez des ch\u00e8ques-vacances ANCV.<\/p>\n<p><strong>6. Anticiper son trajet\u00a0<\/strong><\/p>\n<p>Vous trouverez toutes les informations essentielle sur notre <a href=\"https:\/\/www.europapark.de\/fr\/parc-de-loisirs\/infos\/planifiez-votre-sejour\/acces\" target=\"_blank\" rel=\"noopener\">site<\/a> pour nous rejoindre le plus rapidement et facilement possible.<\/p>\n<p>Depuis d\u00e9cembre 2022, tous les <a href=\"https:\/\/www.europapark.de\/fr\/votre-sejour-en-tgv-inoui\" target=\"_blank\" rel=\"noopener\">TGV INOUI<\/a> \u00e0 destination ou au d\u00e9part de Fribourg-en-Brisgau desserviront la gare de Ringsheim \/ Europa-Park ce qui r\u00e9duit consid\u00e9rablement la dur\u00e9e de votre trajet :<\/p>\n<ul>\n<li>Depuis Bordeaux : 06h23*<\/li>\n<li>Depuis Paris-Est : 02h37*<\/li>\n<li>Depuis Champagne-Ardenne TGV : 02h19*<\/li>\n<li>Depuis Lorraine TGV : 01h25*<\/li>\n<li>Depuis Strasbourg : 42 minutes*<\/li>\n<\/ul>\n<p><em>* : Meilleur temps de parcours avec les liaisons directes TGV INOUI<\/em><\/p>\n<figure id=\"attachment_10494\" aria-labelledby=\"figcaption_attachment_10494\" class=\"wp-caption aligncenter\"><img loading=\"lazy\" decoding=\"async\" class=\"size-large wp-image-10494\" src=\"https:\/\/blog.europapark.de\/wp-content\/uploads\/2023\/05\/europa-park_tgv-1024x576.jpg\" alt=\"Venez \u00e0 Europa-Park Resort en TGV INOUI ! \" width=\"1024\" height=\"576\" srcset=\"https:\/\/blog.europapark.de\/wp-content\/uploads\/2023\/05\/europa-park_tgv-1024x576.jpg 1024w, https:\/\/blog.europapark.de\/wp-content\/uploads\/2023\/05\/europa-park_tgv-400x225.jpg 400w, https:\/\/blog.europapark.de\/wp-content\/uploads\/2023\/05\/europa-park_tgv-768x432.jpg 768w, https:\/\/blog.europapark.de\/wp-content\/uploads\/2023\/05\/europa-park_tgv-1536x864.jpg 1536w, https:\/\/blog.europapark.de\/wp-content\/uploads\/2023\/05\/europa-park_tgv-1700x956.jpg 1700w, https:\/\/blog.europapark.de\/wp-content\/uploads\/2023\/05\/europa-park_tgv.jpg 1920w\" sizes=\"auto, (max-width: 1024px) 100vw, 1024px\" \/><figcaption id=\"figcaption_attachment_10494\" class=\"wp-caption-text\">Venez \u00e0 Europa-Park Resort en TGV INOUI !<\/figcaption><\/figure>\n<p>Ensuite, une navette vous fait la correspondance jusqu&#8217;\u00e0 Europa-Park Resort en 10 min.<\/p>\n<p>Europa-Park Resort accessible en <a href=\"https:\/\/www.europapark.de\/fr\/parc-de-loisirs\/infos\/planifiez-votre-sejour\/acces#autocariste\" target=\"_blank\" rel=\"noopener\">bus<\/a>. Les navettes Fluo Grand Est CTBR 67 depuis Strasbourg et S\u00e9lestat ou encore les navettes Kunegel depuis Guebwiller, Colmar et Neuf-Brisach sont bien connus des Alsaciens. Pour les Suisses, EUROBUS vous emm\u00e8ne \u00e0 Europa-Park Resort tous les jours via 6 trajets avec 26 arr\u00eats en Romandie et en Suisse Al\u00e9manique. Nous sommes \u00e9galement desservis par Flixbus et d<a href=\"https:\/\/www.europapark.de\/fr\/parc-de-loisirs\/voyage-avec-un-autocariste\" target=\"_blank\" rel=\"noopener\">&#8216;autres autocaristes<\/a>.<\/p>\n<p>Si vous venez en voiture, vous pouvez garer votre voiture sur les parkings des h\u00f4tels th\u00e9matiques en tant que r\u00e9sident pendant toute la dur\u00e9e de votre s\u00e9jour.<\/p>\n<p><strong>7. R\u00e9server ses restaurants en avance<\/strong><\/p>\n<p>Contrairement aux restaurants d&#8217;<a href=\"https:\/\/www.europapark.de\/fr\/parc-de-loisirs\/restauration\" target=\"_blank\" rel=\"noopener\">Europa-Park<\/a> ou de <a href=\"https:\/\/www.europapark.de\/fr\/rulantica\/restauration\" target=\"_blank\" rel=\"noopener\">Rulantica<\/a> o\u00f9 il n&#8217;est pas possible de r\u00e9server, on ne peut que vous recommander de le faire pour les restaurants de nos h\u00f4tels sur notre <a href=\"https:\/\/restaurants.europapark.de\/landingpage?culture=fr\" target=\"_blank\" rel=\"noopener\">site<\/a> !<\/p>\n<p><strong>8. Pimenter son s\u00e9jour avec des \u00e9v\u00e9nements et des exp\u00e9riences<\/strong><\/p>\n<p>En s\u00e9journant dans nos h\u00f4tels, vous restez plus temps sur place alors autant en profiter ! D\u00e9passez les limites du r\u00e9el en vivant des exp\u00e9riences de r\u00e9alit\u00e9 virtuelle \u00e0 <a href=\"https:\/\/www.europapark.de\/fr\/yullbe\" target=\"_blank\" rel=\"noopener\">YULLBE<\/a> ! \u00c9clatez-vous et r\u00e9galez-vous lors de nos nombreux <a href=\"https:\/\/www.europapark.de\/fr\/evenements\/calendrier-des-evenements\" target=\"_blank\" rel=\"noopener\">\u00e9v\u00e9nements<\/a> ou encore laissez vous emportez dans les univers de notre restaurant gastronomique et futuriste <a href=\"https:\/\/www.europapark.de\/fr\/infos\/nouveautes-et-actualites\/eatrenalin-le-restaurant-unique-au-monde\" target=\"_blank\" rel=\"noopener\">Eatrenalin<\/a>.<\/p>\n<figure id=\"attachment_10512\" aria-labelledby=\"figcaption_attachment_10512\" class=\"wp-caption aligncenter\"><img loading=\"lazy\" decoding=\"async\" class=\"size-large wp-image-10512\" src=\"https:\/\/blog.europapark.de\/wp-content\/uploads\/2023\/05\/EP22_Eatrenalin_Ocean_1-1024x576.jpg\" alt=\"Eatrenalin est notre restaurant gastronomique et futuriste ! \" width=\"1024\" height=\"576\" srcset=\"https:\/\/blog.europapark.de\/wp-content\/uploads\/2023\/05\/EP22_Eatrenalin_Ocean_1-1024x576.jpg 1024w, https:\/\/blog.europapark.de\/wp-content\/uploads\/2023\/05\/EP22_Eatrenalin_Ocean_1-400x225.jpg 400w, https:\/\/blog.europapark.de\/wp-content\/uploads\/2023\/05\/EP22_Eatrenalin_Ocean_1-768x432.jpg 768w, https:\/\/blog.europapark.de\/wp-content\/uploads\/2023\/05\/EP22_Eatrenalin_Ocean_1-1536x864.jpg 1536w, https:\/\/blog.europapark.de\/wp-content\/uploads\/2023\/05\/EP22_Eatrenalin_Ocean_1-2048x1152.jpg 2048w, https:\/\/blog.europapark.de\/wp-content\/uploads\/2023\/05\/EP22_Eatrenalin_Ocean_1-1700x956.jpg 1700w\" sizes=\"auto, (max-width: 1024px) 100vw, 1024px\" \/><figcaption id=\"figcaption_attachment_10512\" class=\"wp-caption-text\">Eatrenalin est notre restaurant gastronomique et futuriste !<\/figcaption><\/figure>\n<p><strong>9. Prendre un maximum de conseils<\/strong><\/p>\n<p>Europa-Park Resort est fort d&#8217;une communaut\u00e9 plus qu&#8217;engag\u00e9e ! Vous pouvez rejoindre le <a href=\"https:\/\/www.facebook.com\/groups\/lesamisdeuropaparkresort\/\" target=\"_blank\" rel=\"noopener\">Groupe des amis d&#8217;Europa-Park<\/a> pour poser vos questions et \u00e9changer avec les membres (attention \u00e0 bien regarder que votre question n&#8217;a pas d\u00e9j\u00e0 \u00e9t\u00e9 pos\u00e9e ! \ud83d\ude09). On vous invite \u00e9galement \u00e0 lire nos nombreux articles pour \u00eatre par\u00e9s \u00e0 toutes les situations :<\/p>\n<p><strong>\u00c0 Europa-Park :<\/strong><\/p>\n<ul>\n<li><a href=\"https:\/\/blog.europapark.de\/fr\/europa-park-fr\/les-10-astuces-pour-une-journee-parfaite-a-europa-park\/\" target=\"_blank\" rel=\"noopener\">10 astuces pour une journ\u00e9e parfaite \u00e0 Europa-Park<\/a><\/li>\n<li><a href=\"https:\/\/blog.europapark.de\/fr\/europa-park-fr\/5-astuces-pour-passer-moins-de-temps-dans-les-files-dattente\/\" target=\"_blank\" rel=\"noopener\">5 astuces pour passer moins de temps dans les files d\u2019attente<\/a><\/li>\n<li><a href=\"https:\/\/blog.europapark.de\/fr\/europa-park-fr\/10-conseils-pour-une-visite-avec-des-tout-petits\/?\" target=\"_blank\" rel=\"noopener\">10 conseils pour une visite avec des tout-petits<\/a><\/li>\n<li><a href=\"https:\/\/blog.europapark.de\/fr\/europa-park-fr\/5-conseils-pour-une-visite-par-temps-de-pluie\/\" target=\"_blank\" rel=\"noopener\">5 conseils pour une visite par temps de pluie<\/a><\/li>\n<li><a href=\"https:\/\/blog.europapark.de\/fr\/europa-park-fr\/les-5-incontournables-de-cet-ete-a-europa-park\/\" target=\"_blank\" rel=\"noopener\">Les 5 incontournables de cet \u00e9t\u00e9 \u00e0 Europa-Park<\/a><\/li>\n<li><a href=\"https:\/\/blog.europapark.de\/fr\/europa-park-fr\/se-regaler-a-europa-park\/\" target=\"_blank\" rel=\"noopener\">Se r\u00e9galer \u00e0 Europa-Park !<\/a><\/li>\n<li><a href=\"https:\/\/blog.europapark.de\/fr\/rulantica-fr\/5-conseils-pour-seclater-a-europa-park-resort-en-basse-saison\/\" target=\"_blank\" rel=\"noopener\">5 conseils pour s\u2019\u00e9clater \u00e0 Europa-Park Resort en basse saison<\/a><\/li>\n<\/ul>\n<p><strong>\u00c0 Rulantica :<\/strong><\/p>\n<ul>\n<li><a href=\"https:\/\/blog.europapark.de\/fr\/rulantica-fr\/nos-astuces-pour-une-journee-a-rulantica\/\" target=\"_blank\" rel=\"noopener\">Nos astuces pour une journ\u00e9e id\u00e9ale \u00e0 Rulantica<\/a><\/li>\n<li><a href=\"https:\/\/blog.europapark.de\/fr\/rulantica-fr\/nos-astuces-pour-une-journee-a-rulantica\/\" target=\"_blank\" rel=\"noopener\">5 bonnes raisons de venir \u00e0 Rulantica avec vos enfants<\/a><\/li>\n<li><a href=\"https:\/\/blog.europapark.de\/fr\/rulantica-fr\/seclater-a-rulantica-meme-en-hiver\/\" target=\"_blank\" rel=\"noopener\">S\u2019\u00e9clater \u00e0 Rulantica m\u00eame en hiver !<\/a><\/li>\n<\/ul>\n<p><strong>10. T\u00e9l\u00e9charger l\u2019application officielle \u00ab Europa-Park &amp; Rulantica \u00bb<\/strong><br \/>\nNotre application est votre alli\u00e9 de choc : plan interactif du parc, g\u00e9olocalisation, horaires des spectacles, temps d\u2019attente aux attractions, file d&#8217;attente virtuelle\u2026 Elle est disponible sur l&#8217;<a href=\"https:\/\/www.europapark.de\/fr\/parc-de-loisirs\/infos\/medias-et-divertissements\/appli-europa-park-rulantica\" target=\"_blank\" rel=\"noopener\">AppStore et le Google Play\u00a0 Store.<\/a><\/p>\n<p>Maintenant, vous \u00eates fin pr\u00eats. Il ne reste plus qu&#8217;\u00e0 faire vos valises et vivre des moments inoubliables ! Nous serions ravis que vous nous partagiez vos beaux souvenirs sur les r\u00e9seaux avec #Rulantica et #EuropaPark !<\/p>\n","protected":false},"excerpt":{"rendered":"<p>\u00ab On se ferait pas un s\u00e9jour \u00e0 Europa-Park Resort ? \u00bb, cette phrase, c&#8217;est le point de d\u00e9part vers&#8230;<\/p>\n","protected":false},"author":22,"featured_media":10489,"comment_status":"open","ping_status":"open","sticky":false,"template":"","format":"standard","meta":{"_acf_changed":false,"footnotes":""},"categories":[209],"tags":[386,223,266,236,828,946,267,945,535,534],"class_list":["post-9600","post","type-post","status-publish","format-standard","has-post-thumbnail","hentry","category-hotels","tag-astuces","tag-conseils","tag-europa-park-fr-2","tag-hotel-fr","tag-hotels","tag-nuitee","tag-rulantica-fr-3","tag-sejour","tag-vacances","tag-yullbe-fr"],"acf":[],"yoast_head":"<!-- This site is optimized with the Yoast SEO plugin v26.9 - https:\/\/yoast.com\/product\/yoast-seo-wordpress\/ -->\n<title>10 conseils pour organiser son s\u00e9jour de r\u00eave \u00e0 Europa-Park Resort - Le blog officiel d\u2019Europa-Park<\/title>\n<meta name=\"robots\" content=\"index, follow, max-snippet:-1, max-image-preview:large, max-video-preview:-1\" \/>\n<link rel=\"canonical\" href=\"https:\/\/blog.europapark.de\/fr\/hotels\/10-conseils-pour-organiser-son-sejour-de-reve-a-europa-park-resort\/\" \/>\n<meta property=\"og:locale\" content=\"fr_FR\" \/>\n<meta property=\"og:type\" content=\"article\" \/>\n<meta property=\"og:title\" content=\"10 conseils pour organiser son s\u00e9jour de r\u00eave \u00e0 Europa-Park Resort - Le blog officiel d\u2019Europa-Park\" \/>\n<meta property=\"og:description\" content=\"\u00ab On se ferait pas un s\u00e9jour \u00e0 Europa-Park Resort ? \u00bb, cette phrase, c&#8217;est le point de d\u00e9part vers...\" \/>\n<meta property=\"og:url\" content=\"https:\/\/blog.europapark.de\/fr\/hotels\/10-conseils-pour-organiser-son-sejour-de-reve-a-europa-park-resort\/\" \/>\n<meta property=\"og:site_name\" content=\"Le blog officiel d\u2019Europa-Park\" \/>\n<meta property=\"article:published_time\" content=\"2023-06-09T09:09:57+00:00\" \/>\n<meta property=\"og:image\" content=\"https:\/\/blog.europapark.de\/wp-content\/uploads\/2023\/05\/EP22_Panorama_Hotel_Sonnenuntergang_Drohne_-4.jpg\" \/>\n\t<meta property=\"og:image:width\" content=\"2560\" \/>\n\t<meta property=\"og:image:height\" content=\"1028\" \/>\n\t<meta property=\"og:image:type\" content=\"image\/jpeg\" \/>\n<meta name=\"author\" content=\"Marine Bostetter\" \/>\n<meta name=\"twitter:card\" content=\"summary_large_image\" \/>\n<meta name=\"twitter:label1\" content=\"\u00c9crit par\" \/>\n\t<meta name=\"twitter:data1\" content=\"Marine Bostetter\" \/>\n\t<meta name=\"twitter:label2\" content=\"Dur\u00e9e de lecture estim\u00e9e\" \/>\n\t<meta name=\"twitter:data2\" content=\"7 minutes\" \/>\n<script type=\"application\/ld+json\" class=\"yoast-schema-graph\">{\"@context\":\"https:\/\/schema.org\",\"@graph\":[{\"@type\":\"Article\",\"@id\":\"https:\/\/blog.europapark.de\/fr\/hotels\/10-conseils-pour-organiser-son-sejour-de-reve-a-europa-park-resort\/#article\",\"isPartOf\":{\"@id\":\"https:\/\/blog.europapark.de\/fr\/hotels\/10-conseils-pour-organiser-son-sejour-de-reve-a-europa-park-resort\/\"},\"author\":{\"name\":\"Marine Bostetter\",\"@id\":\"https:\/\/blog.europapark.de\/fr\/#\/schema\/person\/33a8e6425d00a5338b0f3b919774c892\"},\"headline\":\"10 conseils pour organiser son s\u00e9jour de r\u00eave \u00e0 Europa-Park Resort\",\"datePublished\":\"2023-06-09T09:09:57+00:00\",\"mainEntityOfPage\":{\"@id\":\"https:\/\/blog.europapark.de\/fr\/hotels\/10-conseils-pour-organiser-son-sejour-de-reve-a-europa-park-resort\/\"},\"wordCount\":1133,\"commentCount\":0,\"image\":{\"@id\":\"https:\/\/blog.europapark.de\/fr\/hotels\/10-conseils-pour-organiser-son-sejour-de-reve-a-europa-park-resort\/#primaryimage\"},\"thumbnailUrl\":\"https:\/\/blog.europapark.de\/wp-content\/uploads\/2023\/05\/EP22_Panorama_Hotel_Sonnenuntergang_Drohne_-4.jpg\",\"keywords\":[\"Astuces\",\"Conseils\",\"Europa-Park\",\"Hotel\",\"H\u00f4tels\",\"Nuit\u00e9e\",\"Rulantica\",\"S\u00e9jour\",\"Vacances\",\"Yullbe\"],\"articleSection\":[\"H\u00f4tels\"],\"inLanguage\":\"fr-FR\",\"potentialAction\":[{\"@type\":\"CommentAction\",\"name\":\"Comment\",\"target\":[\"https:\/\/blog.europapark.de\/fr\/hotels\/10-conseils-pour-organiser-son-sejour-de-reve-a-europa-park-resort\/#respond\"]}]},{\"@type\":\"WebPage\",\"@id\":\"https:\/\/blog.europapark.de\/fr\/hotels\/10-conseils-pour-organiser-son-sejour-de-reve-a-europa-park-resort\/\",\"url\":\"https:\/\/blog.europapark.de\/fr\/hotels\/10-conseils-pour-organiser-son-sejour-de-reve-a-europa-park-resort\/\",\"name\":\"10 conseils pour organiser son s\u00e9jour de r\u00eave \u00e0 Europa-Park Resort - Le blog officiel d\u2019Europa-Park\",\"isPartOf\":{\"@id\":\"https:\/\/blog.europapark.de\/fr\/#website\"},\"primaryImageOfPage\":{\"@id\":\"https:\/\/blog.europapark.de\/fr\/hotels\/10-conseils-pour-organiser-son-sejour-de-reve-a-europa-park-resort\/#primaryimage\"},\"image\":{\"@id\":\"https:\/\/blog.europapark.de\/fr\/hotels\/10-conseils-pour-organiser-son-sejour-de-reve-a-europa-park-resort\/#primaryimage\"},\"thumbnailUrl\":\"https:\/\/blog.europapark.de\/wp-content\/uploads\/2023\/05\/EP22_Panorama_Hotel_Sonnenuntergang_Drohne_-4.jpg\",\"datePublished\":\"2023-06-09T09:09:57+00:00\",\"author\":{\"@id\":\"https:\/\/blog.europapark.de\/fr\/#\/schema\/person\/33a8e6425d00a5338b0f3b919774c892\"},\"breadcrumb\":{\"@id\":\"https:\/\/blog.europapark.de\/fr\/hotels\/10-conseils-pour-organiser-son-sejour-de-reve-a-europa-park-resort\/#breadcrumb\"},\"inLanguage\":\"fr-FR\",\"potentialAction\":[{\"@type\":\"ReadAction\",\"target\":[\"https:\/\/blog.europapark.de\/fr\/hotels\/10-conseils-pour-organiser-son-sejour-de-reve-a-europa-park-resort\/\"]}]},{\"@type\":\"ImageObject\",\"inLanguage\":\"fr-FR\",\"@id\":\"https:\/\/blog.europapark.de\/fr\/hotels\/10-conseils-pour-organiser-son-sejour-de-reve-a-europa-park-resort\/#primaryimage\",\"url\":\"https:\/\/blog.europapark.de\/wp-content\/uploads\/2023\/05\/EP22_Panorama_Hotel_Sonnenuntergang_Drohne_-4.jpg\",\"contentUrl\":\"https:\/\/blog.europapark.de\/wp-content\/uploads\/2023\/05\/EP22_Panorama_Hotel_Sonnenuntergang_Drohne_-4.jpg\",\"width\":2560,\"height\":1028},{\"@type\":\"BreadcrumbList\",\"@id\":\"https:\/\/blog.europapark.de\/fr\/hotels\/10-conseils-pour-organiser-son-sejour-de-reve-a-europa-park-resort\/#breadcrumb\",\"itemListElement\":[{\"@type\":\"ListItem\",\"position\":1,\"name\":\"Accueil\",\"item\":\"https:\/\/blog.europapark.de\/fr\/\"},{\"@type\":\"ListItem\",\"position\":2,\"name\":\"10 conseils pour organiser son s\u00e9jour de r\u00eave \u00e0 Europa-Park Resort\"}]},{\"@type\":\"WebSite\",\"@id\":\"https:\/\/blog.europapark.de\/fr\/#website\",\"url\":\"https:\/\/blog.europapark.de\/fr\/\",\"name\":\"Le blog officiel d\u2019Europa-Park\",\"description\":\"\",\"potentialAction\":[{\"@type\":\"SearchAction\",\"target\":{\"@type\":\"EntryPoint\",\"urlTemplate\":\"https:\/\/blog.europapark.de\/fr\/?s={search_term_string}\"},\"query-input\":{\"@type\":\"PropertyValueSpecification\",\"valueRequired\":true,\"valueName\":\"search_term_string\"}}],\"inLanguage\":\"fr-FR\"},{\"@type\":\"Person\",\"@id\":\"https:\/\/blog.europapark.de\/fr\/#\/schema\/person\/33a8e6425d00a5338b0f3b919774c892\",\"name\":\"Marine Bostetter\",\"image\":{\"@type\":\"ImageObject\",\"inLanguage\":\"fr-FR\",\"@id\":\"https:\/\/blog.europapark.de\/fr\/#\/schema\/person\/image\/\",\"url\":\"https:\/\/blog.europapark.de\/wp-content\/uploads\/2024\/01\/IMG_2126-150x150.jpg\",\"contentUrl\":\"https:\/\/blog.europapark.de\/wp-content\/uploads\/2024\/01\/IMG_2126-150x150.jpg\",\"caption\":\"Marine Bostetter\"},\"url\":\"https:\/\/blog.europapark.de\/fr\/author\/marine-bostetter\/\"}]}<\/script>\n<!-- \/ Yoast SEO plugin. -->","yoast_head_json":{"title":"10 conseils pour organiser son s\u00e9jour de r\u00eave \u00e0 Europa-Park Resort - Le blog officiel d\u2019Europa-Park","robots":{"index":"index","follow":"follow","max-snippet":"max-snippet:-1","max-image-preview":"max-image-preview:large","max-video-preview":"max-video-preview:-1"},"canonical":"https:\/\/blog.europapark.de\/fr\/hotels\/10-conseils-pour-organiser-son-sejour-de-reve-a-europa-park-resort\/","og_locale":"fr_FR","og_type":"article","og_title":"10 conseils pour organiser son s\u00e9jour de r\u00eave \u00e0 Europa-Park Resort - Le blog officiel d\u2019Europa-Park","og_description":"\u00ab On se ferait pas un s\u00e9jour \u00e0 Europa-Park Resort ? \u00bb, cette phrase, c&#8217;est le point de d\u00e9part vers...","og_url":"https:\/\/blog.europapark.de\/fr\/hotels\/10-conseils-pour-organiser-son-sejour-de-reve-a-europa-park-resort\/","og_site_name":"Le blog officiel d\u2019Europa-Park","article_published_time":"2023-06-09T09:09:57+00:00","og_image":[{"width":2560,"height":1028,"url":"https:\/\/blog.europapark.de\/wp-content\/uploads\/2023\/05\/EP22_Panorama_Hotel_Sonnenuntergang_Drohne_-4.jpg","type":"image\/jpeg"}],"author":"Marine Bostetter","twitter_card":"summary_large_image","twitter_misc":{"\u00c9crit par":"Marine Bostetter","Dur\u00e9e de lecture estim\u00e9e":"7 minutes"},"schema":{"@context":"https:\/\/schema.org","@graph":[{"@type":"Article","@id":"https:\/\/blog.europapark.de\/fr\/hotels\/10-conseils-pour-organiser-son-sejour-de-reve-a-europa-park-resort\/#article","isPartOf":{"@id":"https:\/\/blog.europapark.de\/fr\/hotels\/10-conseils-pour-organiser-son-sejour-de-reve-a-europa-park-resort\/"},"author":{"name":"Marine Bostetter","@id":"https:\/\/blog.europapark.de\/fr\/#\/schema\/person\/33a8e6425d00a5338b0f3b919774c892"},"headline":"10 conseils pour organiser son s\u00e9jour de r\u00eave \u00e0 Europa-Park Resort","datePublished":"2023-06-09T09:09:57+00:00","mainEntityOfPage":{"@id":"https:\/\/blog.europapark.de\/fr\/hotels\/10-conseils-pour-organiser-son-sejour-de-reve-a-europa-park-resort\/"},"wordCount":1133,"commentCount":0,"image":{"@id":"https:\/\/blog.europapark.de\/fr\/hotels\/10-conseils-pour-organiser-son-sejour-de-reve-a-europa-park-resort\/#primaryimage"},"thumbnailUrl":"https:\/\/blog.europapark.de\/wp-content\/uploads\/2023\/05\/EP22_Panorama_Hotel_Sonnenuntergang_Drohne_-4.jpg","keywords":["Astuces","Conseils","Europa-Park","Hotel","H\u00f4tels","Nuit\u00e9e","Rulantica","S\u00e9jour","Vacances","Yullbe"],"articleSection":["H\u00f4tels"],"inLanguage":"fr-FR","potentialAction":[{"@type":"CommentAction","name":"Comment","target":["https:\/\/blog.europapark.de\/fr\/hotels\/10-conseils-pour-organiser-son-sejour-de-reve-a-europa-park-resort\/#respond"]}]},{"@type":"WebPage","@id":"https:\/\/blog.europapark.de\/fr\/hotels\/10-conseils-pour-organiser-son-sejour-de-reve-a-europa-park-resort\/","url":"https:\/\/blog.europapark.de\/fr\/hotels\/10-conseils-pour-organiser-son-sejour-de-reve-a-europa-park-resort\/","name":"10 conseils pour organiser son s\u00e9jour de r\u00eave \u00e0 Europa-Park Resort - Le blog officiel d\u2019Europa-Park","isPartOf":{"@id":"https:\/\/blog.europapark.de\/fr\/#website"},"primaryImageOfPage":{"@id":"https:\/\/blog.europapark.de\/fr\/hotels\/10-conseils-pour-organiser-son-sejour-de-reve-a-europa-park-resort\/#primaryimage"},"image":{"@id":"https:\/\/blog.europapark.de\/fr\/hotels\/10-conseils-pour-organiser-son-sejour-de-reve-a-europa-park-resort\/#primaryimage"},"thumbnailUrl":"https:\/\/blog.europapark.de\/wp-content\/uploads\/2023\/05\/EP22_Panorama_Hotel_Sonnenuntergang_Drohne_-4.jpg","datePublished":"2023-06-09T09:09:57+00:00","author":{"@id":"https:\/\/blog.europapark.de\/fr\/#\/schema\/person\/33a8e6425d00a5338b0f3b919774c892"},"breadcrumb":{"@id":"https:\/\/blog.europapark.de\/fr\/hotels\/10-conseils-pour-organiser-son-sejour-de-reve-a-europa-park-resort\/#breadcrumb"},"inLanguage":"fr-FR","potentialAction":[{"@type":"ReadAction","target":["https:\/\/blog.europapark.de\/fr\/hotels\/10-conseils-pour-organiser-son-sejour-de-reve-a-europa-park-resort\/"]}]},{"@type":"ImageObject","inLanguage":"fr-FR","@id":"https:\/\/blog.europapark.de\/fr\/hotels\/10-conseils-pour-organiser-son-sejour-de-reve-a-europa-park-resort\/#primaryimage","url":"https:\/\/blog.europapark.de\/wp-content\/uploads\/2023\/05\/EP22_Panorama_Hotel_Sonnenuntergang_Drohne_-4.jpg","contentUrl":"https:\/\/blog.europapark.de\/wp-content\/uploads\/2023\/05\/EP22_Panorama_Hotel_Sonnenuntergang_Drohne_-4.jpg","width":2560,"height":1028},{"@type":"BreadcrumbList","@id":"https:\/\/blog.europapark.de\/fr\/hotels\/10-conseils-pour-organiser-son-sejour-de-reve-a-europa-park-resort\/#breadcrumb","itemListElement":[{"@type":"ListItem","position":1,"name":"Accueil","item":"https:\/\/blog.europapark.de\/fr\/"},{"@type":"ListItem","position":2,"name":"10 conseils pour organiser son s\u00e9jour de r\u00eave \u00e0 Europa-Park Resort"}]},{"@type":"WebSite","@id":"https:\/\/blog.europapark.de\/fr\/#website","url":"https:\/\/blog.europapark.de\/fr\/","name":"Le blog officiel d\u2019Europa-Park","description":"","potentialAction":[{"@type":"SearchAction","target":{"@type":"EntryPoint","urlTemplate":"https:\/\/blog.europapark.de\/fr\/?s={search_term_string}"},"query-input":{"@type":"PropertyValueSpecification","valueRequired":true,"valueName":"search_term_string"}}],"inLanguage":"fr-FR"},{"@type":"Person","@id":"https:\/\/blog.europapark.de\/fr\/#\/schema\/person\/33a8e6425d00a5338b0f3b919774c892","name":"Marine Bostetter","image":{"@type":"ImageObject","inLanguage":"fr-FR","@id":"https:\/\/blog.europapark.de\/fr\/#\/schema\/person\/image\/","url":"https:\/\/blog.europapark.de\/wp-content\/uploads\/2024\/01\/IMG_2126-150x150.jpg","contentUrl":"https:\/\/blog.europapark.de\/wp-content\/uploads\/2024\/01\/IMG_2126-150x150.jpg","caption":"Marine Bostetter"},"url":"https:\/\/blog.europapark.de\/fr\/author\/marine-bostetter\/"}]}},"_links":{"self":[{"href":"https:\/\/blog.europapark.de\/fr\/wp-json\/wp\/v2\/posts\/9600","targetHints":{"allow":["GET"]}}],"collection":[{"href":"https:\/\/blog.europapark.de\/fr\/wp-json\/wp\/v2\/posts"}],"about":[{"href":"https:\/\/blog.europapark.de\/fr\/wp-json\/wp\/v2\/types\/post"}],"author":[{"embeddable":true,"href":"https:\/\/blog.europapark.de\/fr\/wp-json\/wp\/v2\/users\/22"}],"replies":[{"embeddable":true,"href":"https:\/\/blog.europapark.de\/fr\/wp-json\/wp\/v2\/comments?post=9600"}],"version-history":[{"count":39,"href":"https:\/\/blog.europapark.de\/fr\/wp-json\/wp\/v2\/posts\/9600\/revisions"}],"predecessor-version":[{"id":10517,"href":"https:\/\/blog.europapark.de\/fr\/wp-json\/wp\/v2\/posts\/9600\/revisions\/10517"}],"wp:featuredmedia":[{"embeddable":true,"href":"https:\/\/blog.europapark.de\/fr\/wp-json\/wp\/v2\/media\/10489"}],"wp:attachment":[{"href":"https:\/\/blog.europapark.de\/fr\/wp-json\/wp\/v2\/media?parent=9600"}],"wp:term":[{"taxonomy":"category","embeddable":true,"href":"https:\/\/blog.europapark.de\/fr\/wp-json\/wp\/v2\/categories?post=9600"},{"taxonomy":"post_tag","embeddable":true,"href":"https:\/\/blog.europapark.de\/fr\/wp-json\/wp\/v2\/tags?post=9600"}],"curies":[{"name":"wp","href":"https:\/\/api.w.org\/{rel}","templated":true}]}}