{"id":7543,"date":"2024-11-27T13:32:45","date_gmt":"2024-11-27T12:32:45","guid":{"rendered":"https:\/\/blog.europapark.de\/?p=7543"},"modified":"2024-11-27T15:00:55","modified_gmt":"2024-11-27T14:00:55","slug":"10-conseils-pour-profiter-de-la-saison-hivernale","status":"publish","type":"post","link":"https:\/\/blog.europapark.de\/fr\/europa-park-fr\/10-conseils-pour-profiter-de-la-saison-hivernale\/","title":{"rendered":"10 conseils pour profiter de la saison hivernale"},"content":{"rendered":"<p><strong>\u00c7a y est, il n&#8217;y a qu&#8217;\u00ab All I want for Christmas is you \u00bb de Mariah Carey qui r\u00e9sonne dans vos oreilles et vous n&#8217;avez plus que le vin chaud et les g\u00e2teaux de No\u00ebl en t\u00eate. <\/strong><strong>Plus de doutes, les f\u00eates de fin d&#8217;ann\u00e9e approchent ! Si Europa-Park est d\u00e9j\u00e0 un lieu incroyable toute l&#8217;ann\u00e9e, il devient encore plus f\u00e9erique lors de la <a href=\"https:\/\/www.europapark.de\/fr\/parc-de-loisirs\/infos\/planifiez-votre-sejour\/saisons\/hiver-enchanteur\" target=\"_blank\" rel=\"noopener\">saison hivernale<\/a>. Nous avons demand\u00e9 au P\u00e8re No\u00ebl et \u00e0 Ed Euromaus toutes leurs astuces pour profiter de votre visite jusqu&#8217;au 12 janvier 2025.<\/strong><\/p>\n<p><strong>1. Faire ses plus belles photos avec les superbes d\u00e9corations<\/strong><\/p>\n<p>Europa-Park porte d\u00e9sormais ses plus beaux habits de f\u00eate ! Si vous avez l&#8217;habitude de venir nous rendre visite en \u00e9t\u00e9 ou pour Halloween, vous d\u00e9couvrirez Europa-Park avec un tout nouveau visage. Nous proposons m\u00eame des <a href=\"https:\/\/tickets.mackinternational.de\/fr\/europapark\/billet-soiree-europapark\" target=\"_blank\" rel=\"noopener\">billets soir\u00e9e<\/a> pour visiter le parc \u00e0 partir de 16h !<\/p>\n<p>Nous vous conseillons de faire un tour du c\u00f4t\u00e9 de <a href=\"https:\/\/www.europapark.de\/fr\/parc-de-loisirs\/attractions\/wodan-timburcoaster\" target=\"_blank\" rel=\"noopener\">WODAN &#8211; Timburcoaster<\/a> et de son entr\u00e9e pour vous placer devant notre point photo d\u00e9cor\u00e9 avec <em>des jouets par milliers.\u00a0<\/em>Ici, ce n&#8217;est pas <em>votre petit soulier<\/em> qu&#8217;il ne faudra pas oublier mais votre appareil photo ou votre smartphone pour prendre des photos souvenirs inoubliables. Vous pouvez utiliser le hashtag #EuropaPark et la mention @europapark sans mod\u00e9ration : nous repartageons r\u00e9guli\u00e8rement vos clich\u00e9s en story et post <a href=\"https:\/\/www.instagram.com\/europapark\/?hl=fr\" target=\"_blank\" rel=\"noopener\">Instagram<\/a> !<\/p>\n<div class=\"wpmf-gallerys wpmf-gallerys-life\"><div id=\"gallery-1\" class=\"gallery wpmf_gallery_default gallery_default gallery-columns-1 gallery-size-large gallery-link-file wpmf-has-border-radius-0 wpmf-gutterwidth-5\"><figure class=\"wpmf-gallery-item\"><div class=\"wpmf-gallery-icon\"><a class=\" not_video\" data-lightbox=\"1\" href=\"https:\/\/blog.europapark.de\/wp-content\/uploads\/2021\/12\/20211129153445_67q7gd5r8hs0gw8c80o80c04wwcgssg0w40ko0sgscs4gswks0-1-1024x683.jpeg\" data-title=\"Europa-Park a mis ses beaux habits de f\u00eate !\" target=\"_self\"><img loading=\"lazy\" decoding=\"async\" width=\"1024\" height=\"683\" src=\"https:\/\/blog.europapark.de\/wp-content\/uploads\/2021\/12\/20211129153445_67q7gd5r8hs0gw8c80o80c04wwcgssg0w40ko0sgscs4gswks0-1-1024x683.jpeg\" class=\"attachment-large size-large\" alt=\"Europa-Park a mis ses beaux habits de f\u00eate !\" data-type=\"wpmfgalleryimg\" data-lazy-src=\"0\" srcset=\"https:\/\/blog.europapark.de\/wp-content\/uploads\/2021\/12\/20211129153445_67q7gd5r8hs0gw8c80o80c04wwcgssg0w40ko0sgscs4gswks0-1-1024x683.jpeg 1024w, https:\/\/blog.europapark.de\/wp-content\/uploads\/2021\/12\/20211129153445_67q7gd5r8hs0gw8c80o80c04wwcgssg0w40ko0sgscs4gswks0-1-400x267.jpeg 400w, https:\/\/blog.europapark.de\/wp-content\/uploads\/2021\/12\/20211129153445_67q7gd5r8hs0gw8c80o80c04wwcgssg0w40ko0sgscs4gswks0-1-768x512.jpeg 768w, https:\/\/blog.europapark.de\/wp-content\/uploads\/2021\/12\/20211129153445_67q7gd5r8hs0gw8c80o80c04wwcgssg0w40ko0sgscs4gswks0-1-1536x1025.jpeg 1536w, https:\/\/blog.europapark.de\/wp-content\/uploads\/2021\/12\/20211129153445_67q7gd5r8hs0gw8c80o80c04wwcgssg0w40ko0sgscs4gswks0-1-2048x1366.jpeg 2048w, https:\/\/blog.europapark.de\/wp-content\/uploads\/2021\/12\/20211129153445_67q7gd5r8hs0gw8c80o80c04wwcgssg0w40ko0sgscs4gswks0-1-1700x1134.jpeg 1700w\" sizes=\"auto, (max-width: 1024px) 100vw, 1024px\" \/><\/a><\/div><figcaption class=\"wp-caption-text gallery-caption\">Europa-Park a mis ses beaux habits de f\u00eate !<\/figcaption><\/figure><figure class=\"wpmf-gallery-item\"><div class=\"wpmf-gallery-icon\"><a class=\" not_video\" data-lightbox=\"1\" href=\"https:\/\/blog.europapark.de\/wp-content\/uploads\/2021\/12\/MicrosoftTeams-image-1024x768.jpg\" data-title=\"\u00c9clatez-vous avec notre point photo \u00e0 c\u00f4t\u00e9 de Wodan !\" target=\"_self\"><img loading=\"lazy\" decoding=\"async\" width=\"1024\" height=\"768\" src=\"https:\/\/blog.europapark.de\/wp-content\/uploads\/2021\/12\/MicrosoftTeams-image-1024x768.jpg\" class=\"attachment-large size-large\" alt=\"\u00c9clatez-vous avec notre point photo \u00e0 c\u00f4t\u00e9 de Wodan !\" data-type=\"wpmfgalleryimg\" data-lazy-src=\"0\" srcset=\"https:\/\/blog.europapark.de\/wp-content\/uploads\/2021\/12\/MicrosoftTeams-image-1024x768.jpg 1024w, https:\/\/blog.europapark.de\/wp-content\/uploads\/2021\/12\/MicrosoftTeams-image-400x300.jpg 400w, https:\/\/blog.europapark.de\/wp-content\/uploads\/2021\/12\/MicrosoftTeams-image-768x576.jpg 768w, https:\/\/blog.europapark.de\/wp-content\/uploads\/2021\/12\/MicrosoftTeams-image-1536x1152.jpg 1536w, https:\/\/blog.europapark.de\/wp-content\/uploads\/2021\/12\/MicrosoftTeams-image-1700x1275.jpg 1700w, https:\/\/blog.europapark.de\/wp-content\/uploads\/2021\/12\/MicrosoftTeams-image.jpg 2048w\" sizes=\"auto, (max-width: 1024px) 100vw, 1024px\" \/><\/a><\/div><figcaption class=\"wp-caption-text gallery-caption\">\u00c9clatez-vous avec notre point photo \u00e0 c\u00f4t\u00e9 de Wodan !<\/figcaption><\/figure><\/div><\/div>\n<p><strong>2. Encha\u00eener les attractions<\/strong><\/p>\n<p>Bon nombre de visiteurs s&#8217;imaginent que les grands huit ne circulent pas en hiver. C&#8217;est une id\u00e9e re\u00e7ue ! Quasiment toutes les attractions sont ouvertes, \u00e0 l&#8217;exception de certaines attractions aquatiques. Qui serait assez fou pour vouloir se faire \u00e9clabousser en plein mois de d\u00e9cembre !? Et bien vous peut-\u00eatre : m\u00eame Poseidon reste ouvert ! Les attractions peuvent toutefois exceptionnellement et temporairement fermer leurs portes pour votre s\u00e9curit\u00e9 uniquement en cas de conditions m\u00e9t\u00e9orologiques tr\u00e8s d\u00e9favorables (par exemple en cas de tr\u00e8s fortes intemp\u00e9ries, temp\u00e9ratures proches du point de gel, neige, vents forts ou orages violents). Vous pourrez donc tr\u00e8s probablement hurler \u00e0 poumons d\u00e9ploy\u00e9s dans Silver Star ! \ud83d\ude09\u00a0 Si une attraction venait \u00e0 \u00eatre ferm\u00e9e, vous serez inform\u00e9s de sa r\u00e9ouverture en consultant les panneaux dans le parc ou bien notre application disponible sur <a href=\"https:\/\/play.google.com\/store\/apps\/details?id=com.EuropaParkMackKG.EPGuide&amp;hl=de\" target=\"_blank\" rel=\"noopener\">Google Play<\/a> et l&#8217;<a href=\"https:\/\/apps.apple.com\/de\/app\/europa-park\/id378319816\" target=\"_blank\" rel=\"noopener\">App Store<\/a>.<\/p>\n<p>Si la m\u00e9t\u00e9o n&#8217;est pas en votre faveur, nous ne manquons pas de ressources pour que vous puissiez profiter de votre journ\u00e9e ! Nous vous les avons list\u00e9es dans un <a href=\"https:\/\/blog.europapark.de\/fr\/europa-park-fr\/5-conseils-pour-une-visite-par-temps-de-pluie\/\" target=\"_blank\" rel=\"noopener\">autre article de blog<\/a>. Pour les plus frileux d&#8217;entre vous, nous proposons de nombreuses attractions en int\u00e9rieur comme le dark ride <a href=\"https:\/\/www.europapark.de\/fr\/parc-de-loisirs\/attractions\/pirates-de-batavia\" target=\"_blank\" rel=\"noopener\">Pirates de Batavia<\/a>.<\/p>\n<p>Nous ne pouvons que vous souffler l&#8217;id\u00e9e de visiter Europa-Park en semaine ou \u00e0 une date \u00e9loign\u00e9e des f\u00eates de fin d&#8217;ann\u00e9e : l&#8217;affluence est r\u00e9duite.<\/p>\n<p>Le parc est ouvert de 11h jusqu&#8217;au minimum 19h. Si vous \u00eates du matin, vous pouvez m\u00eame venir un peu plus t\u00f4t pour profiter de l&#8217;ouverture de l&#8217;All\u00e9e Allemande, du parc du ch\u00e2teau Balthasar et du quartier italien d\u00e8s 10h ! C&#8217;est l&#8217;occasion de (re)d\u00e9couvrir le flying theater <a href=\"https:\/\/www.europapark.de\/fr\/parc-de-loisirs\/attractions\/voletarium\" target=\"_blank\" rel=\"noopener\">Voletarium<\/a> avec tr\u00e8s peu d&#8217;attente !<\/p>\n<p><strong>3. En prendre plein les yeux avec les spectacles<\/strong><\/p>\n<p>Le rendez-vous quotidien \u00e0 ne pas manquer est bien s\u00fbr \u00ab <a href=\"https:\/\/www.europapark.de\/fr\/parc-de-loisirs\/spectacles\/miraculeux-spectacle-de-mapping\" target=\"_blank\" rel=\"noopener\">Miraculeux<\/a> \u00bb, le spectacle magique de mapping en 3D. Ce jeu de couleurs et de lumi\u00e8res se d\u00e9roule sous vos yeux \u00e9bahis sur la fa\u00e7ade d\u2019<a href=\"https:\/\/www.europapark.de\/fr\/parc-de-loisirs\/attractions\/eurosat-cancan-coaster\" target=\"_blank\" rel=\"noopener\">Eurosat &#8211; CanCan Coaster<\/a> toutes les 30 minutes ! Vous ne pouvez qu&#8217;\u00eatre \u00e9merveill\u00e9s par les <a href=\"https:\/\/www.europapark.de\/fr\/parc-de-loisirs\/spectacles\" target=\"_blank\" rel=\"noopener\">spectacles<\/a>. Nous ne pouvons que vous conseiller la <a href=\"https:\/\/www.europapark.de\/fr\/parc-de-loisirs\/spectacles\/revue-de-cirque\" target=\"_blank\" rel=\"noopener\">Revue du Cirque d&#8217;hiver<\/a> ainsi que le spectacle nocturne avec fontaine et feux d&#8217;artifices \u00ab Josefina et son voyage hivernal \u00bb dans le quartier autrichien.<\/p>\n<div class=\"wpmf-gallerys wpmf-gallerys-life\"><div id=\"gallery-2\" class=\"gallery wpmf_gallery_default gallery_default gallery-columns-1 gallery-size-large gallery-link-file wpmf-has-border-radius-0 wpmf-gutterwidth-5\"><figure class=\"wpmf-gallery-item\"><div class=\"wpmf-gallery-icon\"><a class=\" not_video\" data-lightbox=\"1\" href=\"https:\/\/blog.europapark.de\/wp-content\/uploads\/2021\/12\/EP21_Winter_Shows_Frankreich_Miraculeux_28-1024x683.jpg\" data-title=\"Le spectacle de mapping 3D \u00ab Miraculeux \u00bb est un incroyable jeu de couleurs et de lumi\u00e8res !\" target=\"_self\"><img loading=\"lazy\" decoding=\"async\" width=\"1024\" height=\"683\" src=\"https:\/\/blog.europapark.de\/wp-content\/uploads\/2021\/12\/EP21_Winter_Shows_Frankreich_Miraculeux_28-1024x683.jpg\" class=\"attachment-large size-large\" alt=\"Le spectacle de mapping 3D \u00ab Miraculeux \u00bb est un incroyable jeu de couleurs et de lumi\u00e8res !\" data-type=\"wpmfgalleryimg\" data-lazy-src=\"0\" srcset=\"https:\/\/blog.europapark.de\/wp-content\/uploads\/2021\/12\/EP21_Winter_Shows_Frankreich_Miraculeux_28-1024x683.jpg 1024w, https:\/\/blog.europapark.de\/wp-content\/uploads\/2021\/12\/EP21_Winter_Shows_Frankreich_Miraculeux_28-400x267.jpg 400w, https:\/\/blog.europapark.de\/wp-content\/uploads\/2021\/12\/EP21_Winter_Shows_Frankreich_Miraculeux_28-768x512.jpg 768w, https:\/\/blog.europapark.de\/wp-content\/uploads\/2021\/12\/EP21_Winter_Shows_Frankreich_Miraculeux_28-1536x1025.jpg 1536w, https:\/\/blog.europapark.de\/wp-content\/uploads\/2021\/12\/EP21_Winter_Shows_Frankreich_Miraculeux_28-2048x1366.jpg 2048w, https:\/\/blog.europapark.de\/wp-content\/uploads\/2021\/12\/EP21_Winter_Shows_Frankreich_Miraculeux_28-1700x1134.jpg 1700w\" sizes=\"auto, (max-width: 1024px) 100vw, 1024px\" \/><\/a><\/div><figcaption class=\"wp-caption-text gallery-caption\">Le spectacle de mapping 3D \u00ab Miraculeux \u00bb est un incroyable jeu de couleurs et de lumi\u00e8res !<\/figcaption><\/figure><figure class=\"wpmf-gallery-item\"><div class=\"wpmf-gallery-icon\"><a class=\" not_video\" data-lightbox=\"1\" href=\"https:\/\/blog.europapark.de\/wp-content\/uploads\/2021\/12\/EP21_Winter_Shows_Frankreich_Miraculeux_19-1024x683.jpg\" data-title=\"La fa\u00e7ade d&#039;Eurosat - CanCan Coaster brille de 1000 feux !\" target=\"_self\"><img loading=\"lazy\" decoding=\"async\" width=\"1024\" height=\"683\" src=\"https:\/\/blog.europapark.de\/wp-content\/uploads\/2021\/12\/EP21_Winter_Shows_Frankreich_Miraculeux_19-1024x683.jpg\" class=\"attachment-large size-large\" alt=\"La fa\u00e7ade d&#039;Eurosat - CanCan Coaster brille de 1000 feux !\" data-type=\"wpmfgalleryimg\" data-lazy-src=\"0\" srcset=\"https:\/\/blog.europapark.de\/wp-content\/uploads\/2021\/12\/EP21_Winter_Shows_Frankreich_Miraculeux_19-1024x683.jpg 1024w, https:\/\/blog.europapark.de\/wp-content\/uploads\/2021\/12\/EP21_Winter_Shows_Frankreich_Miraculeux_19-400x267.jpg 400w, https:\/\/blog.europapark.de\/wp-content\/uploads\/2021\/12\/EP21_Winter_Shows_Frankreich_Miraculeux_19-768x512.jpg 768w, https:\/\/blog.europapark.de\/wp-content\/uploads\/2021\/12\/EP21_Winter_Shows_Frankreich_Miraculeux_19-1536x1025.jpg 1536w, https:\/\/blog.europapark.de\/wp-content\/uploads\/2021\/12\/EP21_Winter_Shows_Frankreich_Miraculeux_19-2048x1366.jpg 2048w, https:\/\/blog.europapark.de\/wp-content\/uploads\/2021\/12\/EP21_Winter_Shows_Frankreich_Miraculeux_19-1700x1134.jpg 1700w\" sizes=\"auto, (max-width: 1024px) 100vw, 1024px\" \/><\/a><\/div><figcaption class=\"wp-caption-text gallery-caption\">La fa\u00e7ade d&#8217;Eurosat &#8211; CanCan Coaster brille de 1000 feux !<\/figcaption><\/figure><\/div><\/div>\n<p><strong>4. Faire un voyage dans le temps dans notre march\u00e9 de No\u00ebl d&#8217;antan<\/strong><\/p>\n<p>Europa-Park d\u00e9gage une atmosph\u00e8re de conte de f\u00e9es durant l&#8217;Avent, notamment avec son march\u00e9 de No\u00ebl d&#8217;antan. Il se trouve dans le quartier th\u00e9matique irlandais, et propose aux visiteurs de d\u00e9couvrir des cabanes en bois joliment d\u00e9cor\u00e9es, de la musique festive et des produits artisanaux. Ce march\u00e9 transporte les visiteurs dans un monde de No\u00ebl nostalgique. Vous pourrez y trouver des id\u00e9es cadeaux uniques, allant des bijoux scintillants aux statues de bois sculpt\u00e9es \u00e0 la main.<\/p>\n<figure id=\"attachment_11604\" aria-labelledby=\"figcaption_attachment_11604\" class=\"wp-caption aligncenter\"><img loading=\"lazy\" decoding=\"async\" class=\"wp-image-11604 size-large\" src=\"https:\/\/blog.europapark.de\/wp-content\/uploads\/2023\/11\/EP21_DV_067_Winter_Motive_02_Altertuemlicher_Christkindlmarkt-1024x576.jpg\" alt=\"Le march\u00e9 de No\u00ebl traditionnel du quartier irlandais\" width=\"1024\" height=\"576\" srcset=\"https:\/\/blog.europapark.de\/wp-content\/uploads\/2023\/11\/EP21_DV_067_Winter_Motive_02_Altertuemlicher_Christkindlmarkt-1024x576.jpg 1024w, https:\/\/blog.europapark.de\/wp-content\/uploads\/2023\/11\/EP21_DV_067_Winter_Motive_02_Altertuemlicher_Christkindlmarkt-400x225.jpg 400w, https:\/\/blog.europapark.de\/wp-content\/uploads\/2023\/11\/EP21_DV_067_Winter_Motive_02_Altertuemlicher_Christkindlmarkt-768x432.jpg 768w, https:\/\/blog.europapark.de\/wp-content\/uploads\/2023\/11\/EP21_DV_067_Winter_Motive_02_Altertuemlicher_Christkindlmarkt-1536x864.jpg 1536w, https:\/\/blog.europapark.de\/wp-content\/uploads\/2023\/11\/EP21_DV_067_Winter_Motive_02_Altertuemlicher_Christkindlmarkt-1700x956.jpg 1700w, https:\/\/blog.europapark.de\/wp-content\/uploads\/2023\/11\/EP21_DV_067_Winter_Motive_02_Altertuemlicher_Christkindlmarkt.jpg 1920w\" sizes=\"auto, (max-width: 1024px) 100vw, 1024px\" \/><figcaption id=\"figcaption_attachment_11604\" class=\"wp-caption-text\">Le march\u00e9 de No\u00ebl traditionnel du quartier irlandais<\/figcaption><\/figure>\n<p><strong>5. D\u00e9couvrir les d\u00e9lices culinaires du march\u00e9 de No\u00ebl<\/strong><\/p>\n<p>Le <a href=\"https:\/\/www.europapark.de\/fr\/parc-de-loisirs\/attractions\/marche-de-noel\" target=\"_blank\" rel=\"noopener\">march\u00e9 de No\u00ebl<\/a> devant le <a href=\"https:\/\/www.europapark.de\/fr\/parc-de-loisirs\/restauration\/restaurant-du-chateau-balthasar\" target=\"_blank\" rel=\"noopener\">Ch\u00e2teau Balthasar<\/a> offre une s\u00e9lection impressionnante de d\u00e9lices culinaires. Des sp\u00e9cialit\u00e9s hivernales traditionnelles allemandes telles que la bratwurst et le vin chaud aux sp\u00e9cialit\u00e9s europ\u00e9ennes, il y en a pour tous les go\u00fbts. N&#8217;oubliez pas de go\u00fbter aux fameuses amandes grill\u00e9es ! Ces mets raviront non seulement vos papilles, mais r\u00e9chaufferont \u00e9galement votre c\u0153ur.<\/p>\n<figure id=\"attachment_11606\" aria-labelledby=\"figcaption_attachment_11606\" class=\"wp-caption aligncenter\"><img loading=\"lazy\" decoding=\"async\" class=\"wp-image-11606 size-large\" src=\"https:\/\/blog.europapark.de\/wp-content\/uploads\/2023\/11\/EP22_Weihnachtsmarkt_Dt_Strasse_-7-1024x576.jpg\" alt=\"Le march\u00e9 de No\u00ebl se trouve dans le quartier allemand. \" width=\"1024\" height=\"576\" srcset=\"https:\/\/blog.europapark.de\/wp-content\/uploads\/2023\/11\/EP22_Weihnachtsmarkt_Dt_Strasse_-7-1024x576.jpg 1024w, https:\/\/blog.europapark.de\/wp-content\/uploads\/2023\/11\/EP22_Weihnachtsmarkt_Dt_Strasse_-7-400x225.jpg 400w, https:\/\/blog.europapark.de\/wp-content\/uploads\/2023\/11\/EP22_Weihnachtsmarkt_Dt_Strasse_-7-768x432.jpg 768w, https:\/\/blog.europapark.de\/wp-content\/uploads\/2023\/11\/EP22_Weihnachtsmarkt_Dt_Strasse_-7-1536x864.jpg 1536w, https:\/\/blog.europapark.de\/wp-content\/uploads\/2023\/11\/EP22_Weihnachtsmarkt_Dt_Strasse_-7-2048x1152.jpg 2048w, https:\/\/blog.europapark.de\/wp-content\/uploads\/2023\/11\/EP22_Weihnachtsmarkt_Dt_Strasse_-7-1700x956.jpg 1700w\" sizes=\"auto, (max-width: 1024px) 100vw, 1024px\" \/><figcaption id=\"figcaption_attachment_11606\" class=\"wp-caption-text\">Le march\u00e9 de No\u00ebl se trouve dans le quartier allemand.<\/figcaption><\/figure>\n<p><strong>6. Appr\u00e9cier les joies de la glisse\u00a0<\/strong><\/p>\n<p>Sur le lac de <a href=\"https:\/\/www.europapark.de\/fr\/parc-de-loisirs\/attractions\/fjord-rafting\" target=\"_blank\" rel=\"noopener\">Fjord Rafting<\/a>, vous pourrez encha\u00eener les pirouettes sur la grande patinoire ! Les skieurs en herbe pourront d\u00e9valer leur premi\u00e8re piste enneig\u00e9e. Le \u00ab <a href=\"https:\/\/www.europapark.de\/fr\/parc-de-loisirs\/attractions\/skitty-world-nordic\" target=\"_blank\" rel=\"noopener\">Skitty World Nordic<\/a> \u00bb prend ses quartiers en Scandinavie. Les enfants et les adolescents sont encadr\u00e9s par des moniteurs pour apprendre des \u00e9l\u00e9ments techniques et de coordination de ski de fond.<\/p>\n<figure id=\"attachment_7640\" aria-labelledby=\"figcaption_attachment_7640\" class=\"wp-caption aligncenter\"><img loading=\"lazy\" decoding=\"async\" class=\"wp-image-7640 size-full\" src=\"https:\/\/blog.europapark.de\/wp-content\/uploads\/2021\/12\/EP17_Winter_Attraktionen_Eislaufflaeche_12_107292-1024x683-1.jpg\" alt=\"Patinez avec une vue sur Blue Fire !\" width=\"1024\" height=\"683\" srcset=\"https:\/\/blog.europapark.de\/wp-content\/uploads\/2021\/12\/EP17_Winter_Attraktionen_Eislaufflaeche_12_107292-1024x683-1.jpg 1024w, https:\/\/blog.europapark.de\/wp-content\/uploads\/2021\/12\/EP17_Winter_Attraktionen_Eislaufflaeche_12_107292-1024x683-1-400x267.jpg 400w, https:\/\/blog.europapark.de\/wp-content\/uploads\/2021\/12\/EP17_Winter_Attraktionen_Eislaufflaeche_12_107292-1024x683-1-768x512.jpg 768w\" sizes=\"auto, (max-width: 1024px) 100vw, 1024px\" \/><figcaption id=\"figcaption_attachment_7640\" class=\"wp-caption-text\">Patinez avec une vue sur Blue Fire !<\/figcaption><\/figure>\n<p><strong>7. Savourer des sp\u00e9cialit\u00e9s hivernales\u00a0<\/strong><\/p>\n<p>Lorsque les temp\u00e9ratures baissent, on ne dit jamais non \u00e0 une pause gourmande et r\u00e9confortante. Vous pourrez savourer un bon vin chaud dans de nombreux points de restauration du parc comme au Stand de Tartes Flamb\u00e9es en regardant le spectacle de mapping ! De nombreuses sp\u00e9cialit\u00e9s pens\u00e9es pour cette saison seront \u00e0 d\u00e9guster comme le Santa Burger ou encore les poutines. Le Fournil de No\u00ebl Kambly est install\u00e9 dans le quartier fran\u00e7ais cette ann\u00e9e. Vous pourrez appr\u00e9cier des sp\u00e9cialit\u00e9s de la biscuiterie familiale suisse ou encore y faire d\u00e9corer des c\u0153urs en pain d&#8217;\u00e9pice par les mains attentionn\u00e9es des p\u00e2tissiers Kambly.<\/p>\n<p><strong>8. Applaudir les artistes de la parade<\/strong><\/p>\n<p>Notre parade de No\u00ebl, la \u00ab <a href=\"https:\/\/www.europapark.de\/fr\/parc-de-loisirs\/spectacles\/eds-starlight-parade\" target=\"_blank\" rel=\"noopener\">Ed\u00b4s Starlight Parade<\/a> \u00bb vous donne le sourire tous les jours \u00e0 18h30 avec de superbes chars hauts en couleurs et de magnifiques costumes illumin\u00e9s. L&#8217;illumination du sapin sur la Place du Luxembourg est faite par Ed Euromaus, ses amis et le P\u00e8re No\u00ebl. Nous vous l&#8217;avons dit : il n&#8217;y a pas plus grands fans de No\u00ebl qu&#8217;eux !<\/p>\n<figure id=\"attachment_7631\" aria-labelledby=\"figcaption_attachment_7631\" class=\"wp-caption aligncenter\"><img loading=\"lazy\" decoding=\"async\" class=\"size-large wp-image-7631\" src=\"https:\/\/blog.europapark.de\/wp-content\/uploads\/2021\/12\/EP16_Winter_Starlight_Parade_23-1024x683.jpg\" alt=\"Ed Euromaus et ses amis illuminent le sapin avec le P\u00e8re No\u00ebl !\" width=\"1024\" height=\"683\" srcset=\"https:\/\/blog.europapark.de\/wp-content\/uploads\/2021\/12\/EP16_Winter_Starlight_Parade_23-1024x683.jpg 1024w, https:\/\/blog.europapark.de\/wp-content\/uploads\/2021\/12\/EP16_Winter_Starlight_Parade_23-400x267.jpg 400w, https:\/\/blog.europapark.de\/wp-content\/uploads\/2021\/12\/EP16_Winter_Starlight_Parade_23-768x512.jpg 768w, https:\/\/blog.europapark.de\/wp-content\/uploads\/2021\/12\/EP16_Winter_Starlight_Parade_23-1536x1024.jpg 1536w, https:\/\/blog.europapark.de\/wp-content\/uploads\/2021\/12\/EP16_Winter_Starlight_Parade_23-2048x1366.jpg 2048w, https:\/\/blog.europapark.de\/wp-content\/uploads\/2021\/12\/EP16_Winter_Starlight_Parade_23-1700x1134.jpg 1700w\" sizes=\"auto, (max-width: 1024px) 100vw, 1024px\" \/><figcaption id=\"figcaption_attachment_7631\" class=\"wp-caption-text\">Ed Euromaus et ses amis illuminent le sapin avec le P\u00e8re No\u00ebl !<\/figcaption><\/figure>\n<p><strong>9. Prendre la hauteur dans la grande roue Bellevue<\/strong><\/p>\n<p>La <a href=\"https:\/\/www.europapark.de\/fr\/parc-de-loisirs\/attractions\/grande-roue-bellevue\" target=\"_blank\" rel=\"noopener\">grande roue Bellevue<\/a> prend place dans le quartier portugais tous les hivers ! D&#8217;une hauteur de 55 m\u00e8tres, elle offre une vue imprenable sur tout le parc. Nous ne pouvons que vous conseiller d&#8217;y faire un tour en soir\u00e9e pour admirer les illuminations.<\/p>\n<div class=\"wpmf-gallerys wpmf-gallerys-life\"><div id=\"gallery-3\" class=\"gallery wpmf_gallery_default gallery_default gallery-columns-1 gallery-size-large gallery-link-file wpmf-has-border-radius-0 wpmf-gutterwidth-5\"><figure class=\"wpmf-gallery-item\"><div class=\"wpmf-gallery-icon\"><a class=\" not_video\" data-lightbox=\"1\" href=\"https:\/\/blog.europapark.de\/wp-content\/uploads\/2021\/12\/EP19_Winter_Portugal_Riesenrad_5-1024x630.jpg\" data-title=\"La grande roue Bellevue vous attend dans le quartier portugais !\" target=\"_self\"><img loading=\"lazy\" decoding=\"async\" width=\"1024\" height=\"630\" src=\"https:\/\/blog.europapark.de\/wp-content\/uploads\/2021\/12\/EP19_Winter_Portugal_Riesenrad_5-1024x630.jpg\" class=\"attachment-large size-large\" alt=\"La grande roue Bellevue vous attend dans le quartier portugais !\" data-type=\"wpmfgalleryimg\" data-lazy-src=\"0\" srcset=\"https:\/\/blog.europapark.de\/wp-content\/uploads\/2021\/12\/EP19_Winter_Portugal_Riesenrad_5-1024x630.jpg 1024w, https:\/\/blog.europapark.de\/wp-content\/uploads\/2021\/12\/EP19_Winter_Portugal_Riesenrad_5-400x246.jpg 400w, https:\/\/blog.europapark.de\/wp-content\/uploads\/2021\/12\/EP19_Winter_Portugal_Riesenrad_5-768x472.jpg 768w, https:\/\/blog.europapark.de\/wp-content\/uploads\/2021\/12\/EP19_Winter_Portugal_Riesenrad_5-1536x944.jpg 1536w, https:\/\/blog.europapark.de\/wp-content\/uploads\/2021\/12\/EP19_Winter_Portugal_Riesenrad_5-2048x1259.jpg 2048w, https:\/\/blog.europapark.de\/wp-content\/uploads\/2021\/12\/EP19_Winter_Portugal_Riesenrad_5-1700x1045.jpg 1700w\" sizes=\"auto, (max-width: 1024px) 100vw, 1024px\" \/><\/a><\/div><figcaption class=\"wp-caption-text gallery-caption\">La grande roue Bellevue vous attend dans le quartier portugais !<\/figcaption><\/figure><figure class=\"wpmf-gallery-item\"><div class=\"wpmf-gallery-icon\"><a class=\" not_video\" data-lightbox=\"1\" href=\"https:\/\/blog.europapark.de\/wp-content\/uploads\/2021\/12\/EP19_Winter_Portugal_Riesenrad_2-1024x683.jpg\" data-title=\"La vue sur tout Europa-Park est \u00e0 couper le souffle !\" target=\"_self\"><img loading=\"lazy\" decoding=\"async\" width=\"1024\" height=\"683\" src=\"https:\/\/blog.europapark.de\/wp-content\/uploads\/2021\/12\/EP19_Winter_Portugal_Riesenrad_2-1024x683.jpg\" class=\"attachment-large size-large\" alt=\"La vue sur tout Europa-Park est \u00e0 couper le souffle !\" data-type=\"wpmfgalleryimg\" data-lazy-src=\"0\" srcset=\"https:\/\/blog.europapark.de\/wp-content\/uploads\/2021\/12\/EP19_Winter_Portugal_Riesenrad_2-1024x683.jpg 1024w, https:\/\/blog.europapark.de\/wp-content\/uploads\/2021\/12\/EP19_Winter_Portugal_Riesenrad_2-400x267.jpg 400w, https:\/\/blog.europapark.de\/wp-content\/uploads\/2021\/12\/EP19_Winter_Portugal_Riesenrad_2-768x512.jpg 768w, https:\/\/blog.europapark.de\/wp-content\/uploads\/2021\/12\/EP19_Winter_Portugal_Riesenrad_2-1536x1025.jpg 1536w, https:\/\/blog.europapark.de\/wp-content\/uploads\/2021\/12\/EP19_Winter_Portugal_Riesenrad_2-2048x1366.jpg 2048w, https:\/\/blog.europapark.de\/wp-content\/uploads\/2021\/12\/EP19_Winter_Portugal_Riesenrad_2-1700x1134.jpg 1700w\" sizes=\"auto, (max-width: 1024px) 100vw, 1024px\" \/><\/a><\/div><figcaption class=\"wp-caption-text gallery-caption\">La vue sur tout Europa-Park est \u00e0 couper le souffle !<\/figcaption><\/figure><\/div><\/div>\n<p><strong>10. Admirer l&#8217;exposition Janosch<\/strong><\/p>\n<p>Lors de la grande exposition hivernale, pas moins de 100 \u0153uvres retra\u00e7ant les 70 ans de carri\u00e8re de l\u2019artiste allemand <a href=\"https:\/\/www.europapark.de\/fr\/evenements\/exposition-janosch-europa-park\" target=\"_blank\" rel=\"noopener\">Janosch<\/a> seront expos\u00e9es. \u00ab J\u2019ai h\u00e2te que le plus grand nombre de personnes possible puisse contempler mes \u0153uvres \u00bb, s\u2019est r\u00e9jouit Janosch dans la perspective de l\u2019exposition, et Roland Mack, propri\u00e9taire d\u2019Europa-Park, a ajout\u00e9 : \u00ab Janosch cadre parfaitement avec nos visiteurs. Des g\u00e9n\u00e9rations d\u2019enfants, qui sont entre temps devenus parents pour certains, adorent ses livres et dessins. Nous sommes tr\u00e8s heureux d\u2019exposer les \u0153uvres d\u2019un artiste aussi c\u00e9l\u00e8bre et sympathique chez nous \u00e0 Europa-Park. \u00bb<\/p>\n<p><strong>Bonus : S&#8217;\u00e9clater \u00e0 Rulantica<\/strong><\/p>\n<p>L&#8217;univers aquatique d&#8217;Europa-Park passe aussi en mode hivernal avec de belles d\u00e9corations. Pensez \u00e0 <a href=\"https:\/\/www.europapark.de\/fr\/rulantica\" target=\"_blank\" rel=\"noopener\">Rulantica<\/a> pour une sortie en famille ou entre amis entre toboggans, carrousel aquatique et piscine \u00e0 vagues ! En plus, \u00e9t\u00e9 comme hiver, il fait toujours bon de se d\u00e9tendre en maillot de bain \u00e0 Rulantica.<\/p>\n<p>Maintenant, vous n&#8217;avez plus qu&#8217;\u00e0 r\u00e9server vos <a href=\"https:\/\/tickets.mackinternational.de\/fr\/categorie\/billets-europapark\" target=\"_blank\" rel=\"noopener\">billets<\/a> et vous voil\u00e0 par\u00e9s pour la saison hivernale !<\/p>\n","protected":false},"excerpt":{"rendered":"<p>\u00c7a y est, il n&#8217;y a qu&#8217;\u00ab All I want for Christmas is you \u00bb de Mariah Carey qui r\u00e9sonne&#8230;<\/p>\n","protected":false},"author":22,"featured_media":7621,"comment_status":"open","ping_status":"open","sticky":false,"template":"","format":"standard","meta":{"_acf_changed":false,"footnotes":""},"categories":[207],"tags":[386,223,266,344,717,451],"class_list":["post-7543","post","type-post","status-publish","format-standard","has-post-thumbnail","hentry","category-europa-park-fr","tag-astuces","tag-conseils","tag-europa-park-fr-2","tag-saison-hivernale","tag-temps-forts","tag-tipps-fr"],"acf":[],"yoast_head":"<!-- This site is optimized with the Yoast SEO plugin v26.9 - https:\/\/yoast.com\/product\/yoast-seo-wordpress\/ -->\n<title>10 conseils pour profiter de la saison hivernale - Le blog officiel d\u2019Europa-Park<\/title>\n<meta name=\"robots\" content=\"index, follow, max-snippet:-1, max-image-preview:large, max-video-preview:-1\" \/>\n<link rel=\"canonical\" href=\"https:\/\/blog.europapark.de\/fr\/europa-park-fr\/10-conseils-pour-profiter-de-la-saison-hivernale\/\" \/>\n<meta property=\"og:locale\" content=\"fr_FR\" \/>\n<meta property=\"og:type\" content=\"article\" \/>\n<meta property=\"og:title\" content=\"10 conseils pour profiter de la saison hivernale - Le blog officiel d\u2019Europa-Park\" \/>\n<meta property=\"og:description\" content=\"\u00c7a y est, il n&#8217;y a qu&#8217;\u00ab All I want for Christmas is you \u00bb de Mariah Carey qui r\u00e9sonne...\" \/>\n<meta property=\"og:url\" content=\"https:\/\/blog.europapark.de\/fr\/europa-park-fr\/10-conseils-pour-profiter-de-la-saison-hivernale\/\" \/>\n<meta property=\"og:site_name\" content=\"Le blog officiel d\u2019Europa-Park\" \/>\n<meta property=\"article:published_time\" content=\"2024-11-27T12:32:45+00:00\" \/>\n<meta property=\"article:modified_time\" content=\"2024-11-27T14:00:55+00:00\" \/>\n<meta property=\"og:image\" content=\"https:\/\/blog.europapark.de\/wp-content\/uploads\/2021\/12\/titel-scaled.jpg\" \/>\n\t<meta property=\"og:image:width\" content=\"2560\" \/>\n\t<meta property=\"og:image:height\" content=\"1028\" \/>\n\t<meta property=\"og:image:type\" content=\"image\/jpeg\" \/>\n<meta name=\"author\" content=\"Marine Bostetter\" \/>\n<meta name=\"twitter:card\" content=\"summary_large_image\" \/>\n<meta name=\"twitter:label1\" content=\"\u00c9crit par\" \/>\n\t<meta name=\"twitter:data1\" content=\"Marine Bostetter\" \/>\n\t<meta name=\"twitter:label2\" content=\"Dur\u00e9e de lecture estim\u00e9e\" \/>\n\t<meta name=\"twitter:data2\" content=\"9 minutes\" \/>\n<script type=\"application\/ld+json\" class=\"yoast-schema-graph\">{\"@context\":\"https:\/\/schema.org\",\"@graph\":[{\"@type\":\"Article\",\"@id\":\"https:\/\/blog.europapark.de\/fr\/europa-park-fr\/10-conseils-pour-profiter-de-la-saison-hivernale\/#article\",\"isPartOf\":{\"@id\":\"https:\/\/blog.europapark.de\/fr\/europa-park-fr\/10-conseils-pour-profiter-de-la-saison-hivernale\/\"},\"author\":{\"name\":\"Marine Bostetter\",\"@id\":\"https:\/\/blog.europapark.de\/fr\/#\/schema\/person\/33a8e6425d00a5338b0f3b919774c892\"},\"headline\":\"10 conseils pour profiter de la saison hivernale\",\"datePublished\":\"2024-11-27T12:32:45+00:00\",\"dateModified\":\"2024-11-27T14:00:55+00:00\",\"mainEntityOfPage\":{\"@id\":\"https:\/\/blog.europapark.de\/fr\/europa-park-fr\/10-conseils-pour-profiter-de-la-saison-hivernale\/\"},\"wordCount\":1458,\"commentCount\":0,\"image\":{\"@id\":\"https:\/\/blog.europapark.de\/fr\/europa-park-fr\/10-conseils-pour-profiter-de-la-saison-hivernale\/#primaryimage\"},\"thumbnailUrl\":\"https:\/\/blog.europapark.de\/wp-content\/uploads\/2021\/12\/titel-scaled.jpg\",\"keywords\":[\"Astuces\",\"Conseils\",\"Europa-Park\",\"Saison Hivernale\",\"Temps Forts\",\"Tipps\"],\"articleSection\":[\"Europa-Park\"],\"inLanguage\":\"fr-FR\",\"potentialAction\":[{\"@type\":\"CommentAction\",\"name\":\"Comment\",\"target\":[\"https:\/\/blog.europapark.de\/fr\/europa-park-fr\/10-conseils-pour-profiter-de-la-saison-hivernale\/#respond\"]}]},{\"@type\":\"WebPage\",\"@id\":\"https:\/\/blog.europapark.de\/fr\/europa-park-fr\/10-conseils-pour-profiter-de-la-saison-hivernale\/\",\"url\":\"https:\/\/blog.europapark.de\/fr\/europa-park-fr\/10-conseils-pour-profiter-de-la-saison-hivernale\/\",\"name\":\"10 conseils pour profiter de la saison hivernale - Le blog officiel d\u2019Europa-Park\",\"isPartOf\":{\"@id\":\"https:\/\/blog.europapark.de\/fr\/#website\"},\"primaryImageOfPage\":{\"@id\":\"https:\/\/blog.europapark.de\/fr\/europa-park-fr\/10-conseils-pour-profiter-de-la-saison-hivernale\/#primaryimage\"},\"image\":{\"@id\":\"https:\/\/blog.europapark.de\/fr\/europa-park-fr\/10-conseils-pour-profiter-de-la-saison-hivernale\/#primaryimage\"},\"thumbnailUrl\":\"https:\/\/blog.europapark.de\/wp-content\/uploads\/2021\/12\/titel-scaled.jpg\",\"datePublished\":\"2024-11-27T12:32:45+00:00\",\"dateModified\":\"2024-11-27T14:00:55+00:00\",\"author\":{\"@id\":\"https:\/\/blog.europapark.de\/fr\/#\/schema\/person\/33a8e6425d00a5338b0f3b919774c892\"},\"breadcrumb\":{\"@id\":\"https:\/\/blog.europapark.de\/fr\/europa-park-fr\/10-conseils-pour-profiter-de-la-saison-hivernale\/#breadcrumb\"},\"inLanguage\":\"fr-FR\",\"potentialAction\":[{\"@type\":\"ReadAction\",\"target\":[\"https:\/\/blog.europapark.de\/fr\/europa-park-fr\/10-conseils-pour-profiter-de-la-saison-hivernale\/\"]}]},{\"@type\":\"ImageObject\",\"inLanguage\":\"fr-FR\",\"@id\":\"https:\/\/blog.europapark.de\/fr\/europa-park-fr\/10-conseils-pour-profiter-de-la-saison-hivernale\/#primaryimage\",\"url\":\"https:\/\/blog.europapark.de\/wp-content\/uploads\/2021\/12\/titel-scaled.jpg\",\"contentUrl\":\"https:\/\/blog.europapark.de\/wp-content\/uploads\/2021\/12\/titel-scaled.jpg\",\"width\":2560,\"height\":1028},{\"@type\":\"BreadcrumbList\",\"@id\":\"https:\/\/blog.europapark.de\/fr\/europa-park-fr\/10-conseils-pour-profiter-de-la-saison-hivernale\/#breadcrumb\",\"itemListElement\":[{\"@type\":\"ListItem\",\"position\":1,\"name\":\"Accueil\",\"item\":\"https:\/\/blog.europapark.de\/fr\/\"},{\"@type\":\"ListItem\",\"position\":2,\"name\":\"10 conseils pour profiter de la saison hivernale\"}]},{\"@type\":\"WebSite\",\"@id\":\"https:\/\/blog.europapark.de\/fr\/#website\",\"url\":\"https:\/\/blog.europapark.de\/fr\/\",\"name\":\"Le blog officiel d\u2019Europa-Park\",\"description\":\"\",\"potentialAction\":[{\"@type\":\"SearchAction\",\"target\":{\"@type\":\"EntryPoint\",\"urlTemplate\":\"https:\/\/blog.europapark.de\/fr\/?s={search_term_string}\"},\"query-input\":{\"@type\":\"PropertyValueSpecification\",\"valueRequired\":true,\"valueName\":\"search_term_string\"}}],\"inLanguage\":\"fr-FR\"},{\"@type\":\"Person\",\"@id\":\"https:\/\/blog.europapark.de\/fr\/#\/schema\/person\/33a8e6425d00a5338b0f3b919774c892\",\"name\":\"Marine Bostetter\",\"image\":{\"@type\":\"ImageObject\",\"inLanguage\":\"fr-FR\",\"@id\":\"https:\/\/blog.europapark.de\/fr\/#\/schema\/person\/image\/\",\"url\":\"https:\/\/blog.europapark.de\/wp-content\/uploads\/2024\/01\/IMG_2126-150x150.jpg\",\"contentUrl\":\"https:\/\/blog.europapark.de\/wp-content\/uploads\/2024\/01\/IMG_2126-150x150.jpg\",\"caption\":\"Marine Bostetter\"},\"url\":\"https:\/\/blog.europapark.de\/fr\/author\/marine-bostetter\/\"}]}<\/script>\n<!-- \/ Yoast SEO plugin. -->","yoast_head_json":{"title":"10 conseils pour profiter de la saison hivernale - Le blog officiel d\u2019Europa-Park","robots":{"index":"index","follow":"follow","max-snippet":"max-snippet:-1","max-image-preview":"max-image-preview:large","max-video-preview":"max-video-preview:-1"},"canonical":"https:\/\/blog.europapark.de\/fr\/europa-park-fr\/10-conseils-pour-profiter-de-la-saison-hivernale\/","og_locale":"fr_FR","og_type":"article","og_title":"10 conseils pour profiter de la saison hivernale - Le blog officiel d\u2019Europa-Park","og_description":"\u00c7a y est, il n&#8217;y a qu&#8217;\u00ab All I want for Christmas is you \u00bb de Mariah Carey qui r\u00e9sonne...","og_url":"https:\/\/blog.europapark.de\/fr\/europa-park-fr\/10-conseils-pour-profiter-de-la-saison-hivernale\/","og_site_name":"Le blog officiel d\u2019Europa-Park","article_published_time":"2024-11-27T12:32:45+00:00","article_modified_time":"2024-11-27T14:00:55+00:00","og_image":[{"width":2560,"height":1028,"url":"https:\/\/blog.europapark.de\/wp-content\/uploads\/2021\/12\/titel-scaled.jpg","type":"image\/jpeg"}],"author":"Marine Bostetter","twitter_card":"summary_large_image","twitter_misc":{"\u00c9crit par":"Marine Bostetter","Dur\u00e9e de lecture estim\u00e9e":"9 minutes"},"schema":{"@context":"https:\/\/schema.org","@graph":[{"@type":"Article","@id":"https:\/\/blog.europapark.de\/fr\/europa-park-fr\/10-conseils-pour-profiter-de-la-saison-hivernale\/#article","isPartOf":{"@id":"https:\/\/blog.europapark.de\/fr\/europa-park-fr\/10-conseils-pour-profiter-de-la-saison-hivernale\/"},"author":{"name":"Marine Bostetter","@id":"https:\/\/blog.europapark.de\/fr\/#\/schema\/person\/33a8e6425d00a5338b0f3b919774c892"},"headline":"10 conseils pour profiter de la saison hivernale","datePublished":"2024-11-27T12:32:45+00:00","dateModified":"2024-11-27T14:00:55+00:00","mainEntityOfPage":{"@id":"https:\/\/blog.europapark.de\/fr\/europa-park-fr\/10-conseils-pour-profiter-de-la-saison-hivernale\/"},"wordCount":1458,"commentCount":0,"image":{"@id":"https:\/\/blog.europapark.de\/fr\/europa-park-fr\/10-conseils-pour-profiter-de-la-saison-hivernale\/#primaryimage"},"thumbnailUrl":"https:\/\/blog.europapark.de\/wp-content\/uploads\/2021\/12\/titel-scaled.jpg","keywords":["Astuces","Conseils","Europa-Park","Saison Hivernale","Temps Forts","Tipps"],"articleSection":["Europa-Park"],"inLanguage":"fr-FR","potentialAction":[{"@type":"CommentAction","name":"Comment","target":["https:\/\/blog.europapark.de\/fr\/europa-park-fr\/10-conseils-pour-profiter-de-la-saison-hivernale\/#respond"]}]},{"@type":"WebPage","@id":"https:\/\/blog.europapark.de\/fr\/europa-park-fr\/10-conseils-pour-profiter-de-la-saison-hivernale\/","url":"https:\/\/blog.europapark.de\/fr\/europa-park-fr\/10-conseils-pour-profiter-de-la-saison-hivernale\/","name":"10 conseils pour profiter de la saison hivernale - Le blog officiel d\u2019Europa-Park","isPartOf":{"@id":"https:\/\/blog.europapark.de\/fr\/#website"},"primaryImageOfPage":{"@id":"https:\/\/blog.europapark.de\/fr\/europa-park-fr\/10-conseils-pour-profiter-de-la-saison-hivernale\/#primaryimage"},"image":{"@id":"https:\/\/blog.europapark.de\/fr\/europa-park-fr\/10-conseils-pour-profiter-de-la-saison-hivernale\/#primaryimage"},"thumbnailUrl":"https:\/\/blog.europapark.de\/wp-content\/uploads\/2021\/12\/titel-scaled.jpg","datePublished":"2024-11-27T12:32:45+00:00","dateModified":"2024-11-27T14:00:55+00:00","author":{"@id":"https:\/\/blog.europapark.de\/fr\/#\/schema\/person\/33a8e6425d00a5338b0f3b919774c892"},"breadcrumb":{"@id":"https:\/\/blog.europapark.de\/fr\/europa-park-fr\/10-conseils-pour-profiter-de-la-saison-hivernale\/#breadcrumb"},"inLanguage":"fr-FR","potentialAction":[{"@type":"ReadAction","target":["https:\/\/blog.europapark.de\/fr\/europa-park-fr\/10-conseils-pour-profiter-de-la-saison-hivernale\/"]}]},{"@type":"ImageObject","inLanguage":"fr-FR","@id":"https:\/\/blog.europapark.de\/fr\/europa-park-fr\/10-conseils-pour-profiter-de-la-saison-hivernale\/#primaryimage","url":"https:\/\/blog.europapark.de\/wp-content\/uploads\/2021\/12\/titel-scaled.jpg","contentUrl":"https:\/\/blog.europapark.de\/wp-content\/uploads\/2021\/12\/titel-scaled.jpg","width":2560,"height":1028},{"@type":"BreadcrumbList","@id":"https:\/\/blog.europapark.de\/fr\/europa-park-fr\/10-conseils-pour-profiter-de-la-saison-hivernale\/#breadcrumb","itemListElement":[{"@type":"ListItem","position":1,"name":"Accueil","item":"https:\/\/blog.europapark.de\/fr\/"},{"@type":"ListItem","position":2,"name":"10 conseils pour profiter de la saison hivernale"}]},{"@type":"WebSite","@id":"https:\/\/blog.europapark.de\/fr\/#website","url":"https:\/\/blog.europapark.de\/fr\/","name":"Le blog officiel d\u2019Europa-Park","description":"","potentialAction":[{"@type":"SearchAction","target":{"@type":"EntryPoint","urlTemplate":"https:\/\/blog.europapark.de\/fr\/?s={search_term_string}"},"query-input":{"@type":"PropertyValueSpecification","valueRequired":true,"valueName":"search_term_string"}}],"inLanguage":"fr-FR"},{"@type":"Person","@id":"https:\/\/blog.europapark.de\/fr\/#\/schema\/person\/33a8e6425d00a5338b0f3b919774c892","name":"Marine Bostetter","image":{"@type":"ImageObject","inLanguage":"fr-FR","@id":"https:\/\/blog.europapark.de\/fr\/#\/schema\/person\/image\/","url":"https:\/\/blog.europapark.de\/wp-content\/uploads\/2024\/01\/IMG_2126-150x150.jpg","contentUrl":"https:\/\/blog.europapark.de\/wp-content\/uploads\/2024\/01\/IMG_2126-150x150.jpg","caption":"Marine Bostetter"},"url":"https:\/\/blog.europapark.de\/fr\/author\/marine-bostetter\/"}]}},"_links":{"self":[{"href":"https:\/\/blog.europapark.de\/fr\/wp-json\/wp\/v2\/posts\/7543","targetHints":{"allow":["GET"]}}],"collection":[{"href":"https:\/\/blog.europapark.de\/fr\/wp-json\/wp\/v2\/posts"}],"about":[{"href":"https:\/\/blog.europapark.de\/fr\/wp-json\/wp\/v2\/types\/post"}],"author":[{"embeddable":true,"href":"https:\/\/blog.europapark.de\/fr\/wp-json\/wp\/v2\/users\/22"}],"replies":[{"embeddable":true,"href":"https:\/\/blog.europapark.de\/fr\/wp-json\/wp\/v2\/comments?post=7543"}],"version-history":[{"count":70,"href":"https:\/\/blog.europapark.de\/fr\/wp-json\/wp\/v2\/posts\/7543\/revisions"}],"predecessor-version":[{"id":13697,"href":"https:\/\/blog.europapark.de\/fr\/wp-json\/wp\/v2\/posts\/7543\/revisions\/13697"}],"wp:featuredmedia":[{"embeddable":true,"href":"https:\/\/blog.europapark.de\/fr\/wp-json\/wp\/v2\/media\/7621"}],"wp:attachment":[{"href":"https:\/\/blog.europapark.de\/fr\/wp-json\/wp\/v2\/media?parent=7543"}],"wp:term":[{"taxonomy":"category","embeddable":true,"href":"https:\/\/blog.europapark.de\/fr\/wp-json\/wp\/v2\/categories?post=7543"},{"taxonomy":"post_tag","embeddable":true,"href":"https:\/\/blog.europapark.de\/fr\/wp-json\/wp\/v2\/tags?post=7543"}],"curies":[{"name":"wp","href":"https:\/\/api.w.org\/{rel}","templated":true}]}}