{"id":7477,"date":"2021-11-28T08:53:44","date_gmt":"2021-11-28T07:53:44","guid":{"rendered":"https:\/\/blog.europapark.de\/?p=7477"},"modified":"2021-11-28T08:53:44","modified_gmt":"2021-11-28T07:53:44","slug":"rulantica-fete-son-2e-anniversaire","status":"publish","type":"post","link":"https:\/\/blog.europapark.de\/fr\/rulantica-fr\/rulantica-fete-son-2e-anniversaire\/","title":{"rendered":"Rulantica f\u00eate son 2e anniversaire !"},"content":{"rendered":"<p><strong>Snorri, la pieuvre farceuse, est fier comme au premier jour ! Il est heureux de f\u00eater avec tous ses amis les 2 ans de son incroyable univers aquatique Rulantica ! Revenons sur cette folle aventure riche en fun aquatique et en nouveaut\u00e9s plus uniques les unes que les autres !<\/strong><\/p>\n<figure id=\"attachment_7430\" aria-labelledby=\"figcaption_attachment_7430\" class=\"wp-caption aligncenter\"><img loading=\"lazy\" decoding=\"async\" class=\"wp-image-7430 size-large\" src=\"https:\/\/blog.europapark.de\/wp-content\/uploads\/2021\/11\/128050520_3657805120939633_947230601623512433_n-1024x683.jpg\" alt=\"De nombreux invit\u00e9s \u00e9taient pr\u00e9sents aux c\u00f4t\u00e9s de la Famille Mack le 28 novembre 2019 pour inaugurer Rulantica !\" width=\"1024\" height=\"683\" srcset=\"https:\/\/blog.europapark.de\/wp-content\/uploads\/2021\/11\/128050520_3657805120939633_947230601623512433_n-1024x683.jpg 1024w, https:\/\/blog.europapark.de\/wp-content\/uploads\/2021\/11\/128050520_3657805120939633_947230601623512433_n-400x267.jpg 400w, https:\/\/blog.europapark.de\/wp-content\/uploads\/2021\/11\/128050520_3657805120939633_947230601623512433_n-768x512.jpg 768w, https:\/\/blog.europapark.de\/wp-content\/uploads\/2021\/11\/128050520_3657805120939633_947230601623512433_n-1536x1024.jpg 1536w, https:\/\/blog.europapark.de\/wp-content\/uploads\/2021\/11\/128050520_3657805120939633_947230601623512433_n-1700x1133.jpg 1700w, https:\/\/blog.europapark.de\/wp-content\/uploads\/2021\/11\/128050520_3657805120939633_947230601623512433_n.jpg 2048w\" sizes=\"auto, (max-width: 1024px) 100vw, 1024px\" \/><figcaption id=\"figcaption_attachment_7430\" class=\"wp-caption-text\">De nombreux invit\u00e9s \u00e9taient pr\u00e9sents aux c\u00f4t\u00e9s de la Famille Mack le 28 novembre 2019 pour inaugurer Rulantica !<\/figcaption><\/figure>\n<p>Le 28 novembre 2019,\u00a0 le tout nouveau parc aquatique ouvrait ses portes pour la premi\u00e8re fois en grande pompe ! L&#8217;intention \u00e9tait claire : il ne s&#8217;agissait pas d&#8217;une simple inauguration mais d&#8217;une \u00e9tape importante dans l&#8217;\u00e9volution d&#8217;Europa-Park Resort et de loin du plus grand projet dans l&#8217;histoire de l&#8217;entreprise de la famille Mack. Dans l&#8217;immense hall fra\u00eechement sorti de terre, les visiteurs ont, d\u00e8s le premier jour, pu d\u00e9couvrir et s&#8217;\u00e9clater dans 9 espaces th\u00e9matiques nordiques. Rulantica n&#8217;a pas \u00e0 rougir \u00e0 c\u00f4t\u00e9 de son grand fr\u00e8re Europa-Park en termes d&#8217;adr\u00e9naline et de diversit\u00e9 de son offre. Le parc aquatique comptait d\u00e9j\u00e0 25 attractions dont 17 toboggans d\u00e8s son ouverture.<\/p>\n<figure id=\"attachment_7482\" aria-labelledby=\"figcaption_attachment_7482\" class=\"wp-caption aligncenter\"><img loading=\"lazy\" decoding=\"async\" class=\"wp-image-7482 size-large\" src=\"https:\/\/blog.europapark.de\/wp-content\/uploads\/2021\/11\/77010407_418563529025661_8669539238145949696_n-2-1024x683.jpg\" alt=\"Rulantica est un vrai paradis pour tous les amateurs de fun aquatique !\" width=\"1024\" height=\"683\" srcset=\"https:\/\/blog.europapark.de\/wp-content\/uploads\/2021\/11\/77010407_418563529025661_8669539238145949696_n-2-1024x683.jpg 1024w, https:\/\/blog.europapark.de\/wp-content\/uploads\/2021\/11\/77010407_418563529025661_8669539238145949696_n-2-400x267.jpg 400w, https:\/\/blog.europapark.de\/wp-content\/uploads\/2021\/11\/77010407_418563529025661_8669539238145949696_n-2-768x512.jpg 768w, https:\/\/blog.europapark.de\/wp-content\/uploads\/2021\/11\/77010407_418563529025661_8669539238145949696_n-2-1536x1025.jpg 1536w, https:\/\/blog.europapark.de\/wp-content\/uploads\/2021\/11\/77010407_418563529025661_8669539238145949696_n-2-1700x1134.jpg 1700w, https:\/\/blog.europapark.de\/wp-content\/uploads\/2021\/11\/77010407_418563529025661_8669539238145949696_n-2.jpg 2048w\" sizes=\"auto, (max-width: 1024px) 100vw, 1024px\" \/><figcaption id=\"figcaption_attachment_7482\" class=\"wp-caption-text\">Rulantica est un vrai paradis pour tous les amateurs de fun aquatique !<\/figcaption><\/figure>\n<p>En 2 ans, Rulantica n&#8217;a cess\u00e9 d&#8217;\u00e9voluer : son ext\u00e9rieur s&#8217;est vu agrandi par 2 grands espaces imagin\u00e9s avec son soin pour faire plaisir \u00e0 tous les amateurs de fun aquatique. Tous les fans estivaux de glissades en toboggans trouvent leur bonheur \u00e0 l&#8217;aire de jeux aquatiques <a href=\"https:\/\/www.europapark.de\/fr\/rulantica\/svalgurok\" target=\"_blank\" rel=\"noopener\">Svalgurok<\/a> ! Cette gigantesque tour de toboggans offre plus de 100 possibilit\u00e9s de jeux aquatique dont 10 toboggans comme celui \u00e0 entonnoir ou encore le double toboggan parall\u00e8le. Vous pouvez \u00eatre s\u00fbrs que vous ne serez pas secs tr\u00e8s longtemps : un \u00e9norme seau d&#8217;eau rempli d&#8217;eau et oscillant surprend tous les visiteurs avec un rafra\u00eechissement !<\/p>\n<div class=\"wpmf-gallerys wpmf-gallerys-life\"><div id=\"gallery-1\" class=\"gallery wpmf_gallery_default gallery_default gallery-columns-1 gallery-size-large gallery-link-file wpmf-has-border-radius-0 wpmf-gutterwidth-5\"><figure class=\"wpmf-gallery-item\"><div class=\"wpmf-gallery-icon\"><a class=\" not_video\" data-lightbox=\"1\" href=\"https:\/\/blog.europapark.de\/wp-content\/uploads\/2021\/11\/PM21_06_Rulantica_Inhaberfamilie_Mack_02-1024x683.jpg\" data-title=\"La Famille Mack lors de l\u2019inauguration de Svalgurok en juin 2021.\" target=\"_self\"><img loading=\"lazy\" decoding=\"async\" width=\"1024\" height=\"683\" src=\"https:\/\/blog.europapark.de\/wp-content\/uploads\/2021\/11\/PM21_06_Rulantica_Inhaberfamilie_Mack_02-1024x683.jpg\" class=\"attachment-large size-large\" alt=\"La Famille Mack lors de l\u2019inauguration de Svalgurok en juin 2021.\" data-type=\"wpmfgalleryimg\" data-lazy-src=\"0\" srcset=\"https:\/\/blog.europapark.de\/wp-content\/uploads\/2021\/11\/PM21_06_Rulantica_Inhaberfamilie_Mack_02-1024x683.jpg 1024w, https:\/\/blog.europapark.de\/wp-content\/uploads\/2021\/11\/PM21_06_Rulantica_Inhaberfamilie_Mack_02-400x267.jpg 400w, https:\/\/blog.europapark.de\/wp-content\/uploads\/2021\/11\/PM21_06_Rulantica_Inhaberfamilie_Mack_02-768x512.jpg 768w, https:\/\/blog.europapark.de\/wp-content\/uploads\/2021\/11\/PM21_06_Rulantica_Inhaberfamilie_Mack_02-1536x1024.jpg 1536w, https:\/\/blog.europapark.de\/wp-content\/uploads\/2021\/11\/PM21_06_Rulantica_Inhaberfamilie_Mack_02-2048x1366.jpg 2048w, https:\/\/blog.europapark.de\/wp-content\/uploads\/2021\/11\/PM21_06_Rulantica_Inhaberfamilie_Mack_02-1700x1134.jpg 1700w\" sizes=\"auto, (max-width: 1024px) 100vw, 1024px\" \/><\/a><\/div><figcaption class=\"wp-caption-text gallery-caption\">La Famille Mack lors de l\u2019inauguration de Svalgurok en juin 2021.<\/figcaption><\/figure><figure class=\"wpmf-gallery-item\"><div class=\"wpmf-gallery-icon\"><a class=\" not_video\" data-lightbox=\"1\" href=\"https:\/\/blog.europapark.de\/wp-content\/uploads\/2021\/11\/RU21_Svalgurok_Allgemein_Blaue_Stunde_2-1024x576.jpg\" data-title=\"L&#039;ambiance nocturne rend Svalgurok encore plus magique  !\" target=\"_self\"><img loading=\"lazy\" decoding=\"async\" width=\"1024\" height=\"576\" src=\"https:\/\/blog.europapark.de\/wp-content\/uploads\/2021\/11\/RU21_Svalgurok_Allgemein_Blaue_Stunde_2-1024x576.jpg\" class=\"attachment-large size-large\" alt=\"L&#039;ambiance nocturne rend Svalgurok encore plus magique !\" data-type=\"wpmfgalleryimg\" data-lazy-src=\"0\" srcset=\"https:\/\/blog.europapark.de\/wp-content\/uploads\/2021\/11\/RU21_Svalgurok_Allgemein_Blaue_Stunde_2-1024x576.jpg 1024w, https:\/\/blog.europapark.de\/wp-content\/uploads\/2021\/11\/RU21_Svalgurok_Allgemein_Blaue_Stunde_2-400x225.jpg 400w, https:\/\/blog.europapark.de\/wp-content\/uploads\/2021\/11\/RU21_Svalgurok_Allgemein_Blaue_Stunde_2-768x432.jpg 768w, https:\/\/blog.europapark.de\/wp-content\/uploads\/2021\/11\/RU21_Svalgurok_Allgemein_Blaue_Stunde_2-1536x864.jpg 1536w, https:\/\/blog.europapark.de\/wp-content\/uploads\/2021\/11\/RU21_Svalgurok_Allgemein_Blaue_Stunde_2-2048x1152.jpg 2048w, https:\/\/blog.europapark.de\/wp-content\/uploads\/2021\/11\/RU21_Svalgurok_Allgemein_Blaue_Stunde_2-1700x956.jpg 1700w\" sizes=\"auto, (max-width: 1024px) 100vw, 1024px\" \/><\/a><\/div><figcaption class=\"wp-caption-text gallery-caption\">L&#8217;ambiance nocturne rend Svalgurok encore plus magique  !<\/figcaption><\/figure><figure class=\"wpmf-gallery-item\"><div class=\"wpmf-gallery-icon\"><a class=\" not_video\" data-lightbox=\"1\" href=\"https:\/\/blog.europapark.de\/wp-content\/uploads\/2021\/11\/RU21_Svalgurok_Paar_Blaue_Stunde_2-1024x683.jpg\" data-title=\"Svalgurok est l&#039;id\u00e9al pour les beaux jours !\" target=\"_self\"><img loading=\"lazy\" decoding=\"async\" width=\"1024\" height=\"683\" src=\"https:\/\/blog.europapark.de\/wp-content\/uploads\/2021\/11\/RU21_Svalgurok_Paar_Blaue_Stunde_2-1024x683.jpg\" class=\"attachment-large size-large\" alt=\"Svalgurok est l&#039;id\u00e9al pour les beaux jours !\" data-type=\"wpmfgalleryimg\" data-lazy-src=\"0\" srcset=\"https:\/\/blog.europapark.de\/wp-content\/uploads\/2021\/11\/RU21_Svalgurok_Paar_Blaue_Stunde_2-1024x683.jpg 1024w, https:\/\/blog.europapark.de\/wp-content\/uploads\/2021\/11\/RU21_Svalgurok_Paar_Blaue_Stunde_2-400x267.jpg 400w, https:\/\/blog.europapark.de\/wp-content\/uploads\/2021\/11\/RU21_Svalgurok_Paar_Blaue_Stunde_2-768x512.jpg 768w, https:\/\/blog.europapark.de\/wp-content\/uploads\/2021\/11\/RU21_Svalgurok_Paar_Blaue_Stunde_2-1536x1025.jpg 1536w, https:\/\/blog.europapark.de\/wp-content\/uploads\/2021\/11\/RU21_Svalgurok_Paar_Blaue_Stunde_2-2048x1366.jpg 2048w, https:\/\/blog.europapark.de\/wp-content\/uploads\/2021\/11\/RU21_Svalgurok_Paar_Blaue_Stunde_2-1700x1134.jpg 1700w\" sizes=\"auto, (max-width: 1024px) 100vw, 1024px\" \/><\/a><\/div><figcaption class=\"wp-caption-text gallery-caption\">Svalgurok est l&#8217;id\u00e9al pour les beaux jours !<\/figcaption><\/figure><\/div><\/div>\n<p>\u00c0 proximit\u00e9 imm\u00e9diate de Svalgurok, <a href=\"https:\/\/www.europapark.de\/fr\/rulantica\/attractions\/snorri-strand\" target=\"_blank\" rel=\"noopener\">Snorri Strand<\/a>\u00a0invite tous les petits baigneurs \u00e0 s&#8217;amuser sur son sol souple o\u00f9 se trouvent 2 petits toboggans ainsi que de nombreux petits jets d&#8217;eaux.<\/p>\n<figure id=\"attachment_7438\" aria-labelledby=\"figcaption_attachment_7438\" class=\"wp-caption aligncenter\"><img loading=\"lazy\" decoding=\"async\" class=\"wp-image-7438 size-large\" src=\"https:\/\/blog.europapark.de\/wp-content\/uploads\/2021\/11\/RU21_Attraktionen_Snorri_Strand_7-1024x683.jpg\" alt=\"Snorri est l'espace ext\u00e9rieur pr\u00e9f\u00e9r\u00e9 des tout-petits ! \" width=\"1024\" height=\"683\" srcset=\"https:\/\/blog.europapark.de\/wp-content\/uploads\/2021\/11\/RU21_Attraktionen_Snorri_Strand_7-1024x683.jpg 1024w, https:\/\/blog.europapark.de\/wp-content\/uploads\/2021\/11\/RU21_Attraktionen_Snorri_Strand_7-400x267.jpg 400w, https:\/\/blog.europapark.de\/wp-content\/uploads\/2021\/11\/RU21_Attraktionen_Snorri_Strand_7-768x512.jpg 768w, https:\/\/blog.europapark.de\/wp-content\/uploads\/2021\/11\/RU21_Attraktionen_Snorri_Strand_7-1536x1024.jpg 1536w, https:\/\/blog.europapark.de\/wp-content\/uploads\/2021\/11\/RU21_Attraktionen_Snorri_Strand_7-2048x1365.jpg 2048w, https:\/\/blog.europapark.de\/wp-content\/uploads\/2021\/11\/RU21_Attraktionen_Snorri_Strand_7-1700x1133.jpg 1700w\" sizes=\"auto, (max-width: 1024px) 100vw, 1024px\" \/><figcaption id=\"figcaption_attachment_7438\" class=\"wp-caption-text\">Snorri est l&#8217;espace ext\u00e9rieur pr\u00e9f\u00e9r\u00e9 des tout-petits !<\/figcaption><\/figure>\n<p>Julian Oszwald, directeur adjoint du parc aquatique, raconte que toutes les \u00e9quipes de Rulantica ont \u00e9t\u00e9 attentives aux retours des visiteurs notamment concernant leurs demandes de davantage d&#8217;espaces d\u00e9tente. En plus des innombrables chaises longues, ils disposent d\u00e9sormais de leurs propres canap\u00e9s, r\u00e9servables en option et sur lesquels il est possible de se pr\u00e9lasser confortablement. Lors des mois d&#8217;\u00e9t\u00e9, le <a href=\"https:\/\/www.europapark.de\/fr\/rulantica\/rulantica-vip-yacht\" target=\"_blank\" rel=\"noopener\">yacht VIP Rulantica<\/a> allie d\u00e9tente et exp\u00e9rience plus luxueuse \u00e0 la perfection. Il naviguait autrefois sur le Rhin et sera \u00e0 nouveau pr\u00eat \u00e0 ravir les visiteurs de Rulantica d\u00e8s mai 2022.<\/p>\n<figure id=\"attachment_7457\" aria-labelledby=\"figcaption_attachment_7457\" class=\"wp-caption aligncenter\"><img loading=\"lazy\" decoding=\"async\" class=\"wp-image-7457 size-large\" src=\"https:\/\/blog.europapark.de\/wp-content\/uploads\/2021\/11\/rulantica_vipyacht_indersonne-1024x576.jpg\" alt=\"Le yacht VIP de Rulantica, c'est la d\u00e9tente \u00e0 l'\u00e9tat pur !\" width=\"1024\" height=\"576\" srcset=\"https:\/\/blog.europapark.de\/wp-content\/uploads\/2021\/11\/rulantica_vipyacht_indersonne-1024x576.jpg 1024w, https:\/\/blog.europapark.de\/wp-content\/uploads\/2021\/11\/rulantica_vipyacht_indersonne-400x225.jpg 400w, https:\/\/blog.europapark.de\/wp-content\/uploads\/2021\/11\/rulantica_vipyacht_indersonne-768x432.jpg 768w, https:\/\/blog.europapark.de\/wp-content\/uploads\/2021\/11\/rulantica_vipyacht_indersonne-1536x864.jpg 1536w, https:\/\/blog.europapark.de\/wp-content\/uploads\/2021\/11\/rulantica_vipyacht_indersonne.jpg 1564w\" sizes=\"auto, (max-width: 1024px) 100vw, 1024px\" \/><figcaption id=\"figcaption_attachment_7457\" class=\"wp-caption-text\">Le yacht VIP de Rulantica, c&#8217;est la d\u00e9tente \u00e0 l&#8217;\u00e9tat pur !<\/figcaption><\/figure>\n<p>L&#8217;incontournable en termes de d\u00e9tente est sans aucun doute est l\u2019espace d\u00e9tente et sauna exclusif <a href=\"https:\/\/www.europapark.de\/fr\/rulantica\/hyggedal\" target=\"_blank\" rel=\"noopener\">Hyggedal<\/a>. Une oasis de bien-\u00eatre nordique avec une vue de r\u00eave sur l&#8217;ensemble de l&#8217;univers aquatique attend les visiteurs sur une surface totale de 1.000 m\u00b2. Deux saunas, une terrasse ext\u00e9rieure et une offre de restauration vari\u00e9e r\u00e9pondront \u00e0 tous les d\u00e9sirs des visiteurs en qu\u00eate de d\u00e9tente. D&#8217;autres possibilit\u00e9s de d\u00e9tentes y sont \u00e9galement disponibles comme les <a href=\"https:\/\/www.europapark.de\/fr\/rulantica\/billets-et-offres\/liste-des-tarifs\/sofas-hygge\" target=\"_blank\" rel=\"noopener\">Sofas Hygge<\/a> ou encore l&#8217;<a href=\"https:\/\/www.europapark.de\/fr\/rulantica\/billets-et-offres\/liste-des-tarifs\/hydda-hygge-supreme\" target=\"_blank\" rel=\"noopener\">Hydda Hygge Supreme<\/a>. Lors de la conception de l&#8217;espace exclusif, les \u00e9quipes de Rulantica autour de Julian Oszwald ont tenu \u00e0 ce qu&#8217;il soit possible de s&#8217;\u00e9loigner de l&#8217;agitation, sans pour autant \u00eatre compl\u00e8tement isol\u00e9 :<\/p>\n<blockquote><p>Les parents prennent une heure pour eux pendant que les enfants font le plein de sensations dans le parc aquatique !<\/p><\/blockquote>\n<div class=\"wpmf-gallerys wpmf-gallerys-life\"><div id=\"gallery-2\" class=\"gallery wpmf_gallery_default gallery_default gallery-columns-1 gallery-size-large gallery-link-file wpmf-has-border-radius-0 wpmf-gutterwidth-5\"><figure class=\"wpmf-gallery-item\"><div class=\"wpmf-gallery-icon\"><a class=\" not_video\" data-lightbox=\"1\" href=\"https:\/\/blog.europapark.de\/wp-content\/uploads\/2021\/11\/EP20_Rulantica_Hyggedal_Sauna_Stor_2-1024x683.jpg\" data-title=\"Une pause d\u00e9tente au sauna bien m\u00e9rit\u00e9e !\" target=\"_self\"><img loading=\"lazy\" decoding=\"async\" width=\"1024\" height=\"683\" src=\"https:\/\/blog.europapark.de\/wp-content\/uploads\/2021\/11\/EP20_Rulantica_Hyggedal_Sauna_Stor_2-1024x683.jpg\" class=\"attachment-large size-large\" alt=\"Une pause d\u00e9tente au sauna bien m\u00e9rit\u00e9e !\" data-type=\"wpmfgalleryimg\" data-lazy-src=\"0\" srcset=\"https:\/\/blog.europapark.de\/wp-content\/uploads\/2021\/11\/EP20_Rulantica_Hyggedal_Sauna_Stor_2-1024x683.jpg 1024w, https:\/\/blog.europapark.de\/wp-content\/uploads\/2021\/11\/EP20_Rulantica_Hyggedal_Sauna_Stor_2-400x267.jpg 400w, https:\/\/blog.europapark.de\/wp-content\/uploads\/2021\/11\/EP20_Rulantica_Hyggedal_Sauna_Stor_2-768x512.jpg 768w, https:\/\/blog.europapark.de\/wp-content\/uploads\/2021\/11\/EP20_Rulantica_Hyggedal_Sauna_Stor_2-1536x1025.jpg 1536w, https:\/\/blog.europapark.de\/wp-content\/uploads\/2021\/11\/EP20_Rulantica_Hyggedal_Sauna_Stor_2-2048x1366.jpg 2048w, https:\/\/blog.europapark.de\/wp-content\/uploads\/2021\/11\/EP20_Rulantica_Hyggedal_Sauna_Stor_2-1700x1134.jpg 1700w\" sizes=\"auto, (max-width: 1024px) 100vw, 1024px\" \/><\/a><\/div><figcaption class=\"wp-caption-text gallery-caption\">Une pause d\u00e9tente au sauna bien m\u00e9rit\u00e9e !<\/figcaption><\/figure><figure class=\"wpmf-gallery-item\"><div class=\"wpmf-gallery-icon\"><a class=\" not_video\" data-lightbox=\"1\" href=\"https:\/\/blog.europapark.de\/wp-content\/uploads\/2021\/11\/hygge_sofa_hyggedal_rulantica_03-1024x684.jpg\" data-title=\"Pr\u00e9lassez-vous dans l&#039;une de nos Sofas Pr\u00e9lassez-vous dans l&#039;un de nos Hygge Sofas !\" target=\"_self\"><img loading=\"lazy\" decoding=\"async\" width=\"1024\" height=\"684\" src=\"https:\/\/blog.europapark.de\/wp-content\/uploads\/2021\/11\/hygge_sofa_hyggedal_rulantica_03-1024x684.jpg\" class=\"attachment-large size-large\" alt=\"Pr\u00e9lassez-vous dans l&#039;une de nos Sofas Pr\u00e9lassez-vous dans l&#039;un de nos Hygge Sofas !\" data-type=\"wpmfgalleryimg\" data-lazy-src=\"0\" srcset=\"https:\/\/blog.europapark.de\/wp-content\/uploads\/2021\/11\/hygge_sofa_hyggedal_rulantica_03-1024x684.jpg 1024w, https:\/\/blog.europapark.de\/wp-content\/uploads\/2021\/11\/hygge_sofa_hyggedal_rulantica_03-400x267.jpg 400w, https:\/\/blog.europapark.de\/wp-content\/uploads\/2021\/11\/hygge_sofa_hyggedal_rulantica_03-768x513.jpg 768w, https:\/\/blog.europapark.de\/wp-content\/uploads\/2021\/11\/hygge_sofa_hyggedal_rulantica_03-1536x1026.jpg 1536w, https:\/\/blog.europapark.de\/wp-content\/uploads\/2021\/11\/hygge_sofa_hyggedal_rulantica_03.jpg 1700w\" sizes=\"auto, (max-width: 1024px) 100vw, 1024px\" \/><\/a><\/div><figcaption class=\"wp-caption-text gallery-caption\">Pr\u00e9lassez-vous dans l&#8217;une de nos Sofas Pr\u00e9lassez-vous dans l&#8217;un de nos Hygge Sofas ! <\/figcaption><\/figure><\/div><\/div>\n<p>Pour les petits et les grands fans de Snorri, <a href=\"https:\/\/www.europapark.de\/fr\/rulantica\/attractions\/snorri-snorkling-vr\" target=\"_blank\" rel=\"noopener\">Snorri Snorkling VR<\/a> est l&#8217;exp\u00e9rience id\u00e9ale pour explorer le fantastique monde sous-marin autour de l&#8217;\u00eele myst\u00e9rieuse de Rulantica en compagnie de la mascotte. Il s&#8217;agit de la seule exp\u00e9rience VR sous-marine en Europe qui fascinera tous les fans d&#8217;aventures aquatiques.<\/p>\n<figure id=\"attachment_7444\" aria-labelledby=\"figcaption_attachment_7444\" class=\"wp-caption aligncenter\"><img loading=\"lazy\" decoding=\"async\" class=\"wp-image-7444 size-large\" src=\"https:\/\/blog.europapark.de\/wp-content\/uploads\/2021\/11\/RU21_Snorri_Snorkling_First_Look_23-1024x683.jpg\" alt=\"Vivez une exp\u00e9rience VR avec Snorri et ses amis !\" width=\"1024\" height=\"683\" srcset=\"https:\/\/blog.europapark.de\/wp-content\/uploads\/2021\/11\/RU21_Snorri_Snorkling_First_Look_23-1024x683.jpg 1024w, https:\/\/blog.europapark.de\/wp-content\/uploads\/2021\/11\/RU21_Snorri_Snorkling_First_Look_23-400x267.jpg 400w, https:\/\/blog.europapark.de\/wp-content\/uploads\/2021\/11\/RU21_Snorri_Snorkling_First_Look_23-768x512.jpg 768w, https:\/\/blog.europapark.de\/wp-content\/uploads\/2021\/11\/RU21_Snorri_Snorkling_First_Look_23-1536x1025.jpg 1536w, https:\/\/blog.europapark.de\/wp-content\/uploads\/2021\/11\/RU21_Snorri_Snorkling_First_Look_23-2048x1366.jpg 2048w, https:\/\/blog.europapark.de\/wp-content\/uploads\/2021\/11\/RU21_Snorri_Snorkling_First_Look_23-1700x1134.jpg 1700w\" sizes=\"auto, (max-width: 1024px) 100vw, 1024px\" \/><figcaption id=\"figcaption_attachment_7444\" class=\"wp-caption-text\">Vivez une exp\u00e9rience VR avec Snorri et ses amis !<\/figcaption><\/figure>\n<p>L&#8217;\u00e9quipes de Rulantica est compos\u00e9e de 350 collaborateurs tous plus motiv\u00e9s les uns que les autres ! Chacun contribue au succ\u00e8s du parc aquatique :<\/p>\n<blockquote><p>Une attraction n&#8217;est belle que dans la mesure o\u00f9 les collaborateurs et collaboratrices la vivent et la pr\u00e9sentent<\/p><\/blockquote>\n<figure id=\"attachment_7465\" aria-labelledby=\"figcaption_attachment_7465\" class=\"wp-caption alignright\"><img loading=\"lazy\" decoding=\"async\" class=\"wp-image-7465 size-large\" src=\"https:\/\/blog.europapark.de\/wp-content\/uploads\/2021\/11\/Julian-min-683x1024.jpg\" alt=\"Julian Oszwald est le directeur adjoint de Rulantica.\" width=\"683\" height=\"1024\" srcset=\"https:\/\/blog.europapark.de\/wp-content\/uploads\/2021\/11\/Julian-min-683x1024.jpg 683w, https:\/\/blog.europapark.de\/wp-content\/uploads\/2021\/11\/Julian-min-200x300.jpg 200w, https:\/\/blog.europapark.de\/wp-content\/uploads\/2021\/11\/Julian-min-768x1152.jpg 768w, https:\/\/blog.europapark.de\/wp-content\/uploads\/2021\/11\/Julian-min-1024x1536.jpg 1024w, https:\/\/blog.europapark.de\/wp-content\/uploads\/2021\/11\/Julian-min-1365x2048.jpg 1365w, https:\/\/blog.europapark.de\/wp-content\/uploads\/2021\/11\/Julian-min-1700x2550.jpg 1700w, https:\/\/blog.europapark.de\/wp-content\/uploads\/2021\/11\/Julian-min-scaled.jpg 1707w\" sizes=\"auto, (max-width: 683px) 100vw, 683px\" \/><figcaption id=\"figcaption_attachment_7465\" class=\"wp-caption-text\">Julian Oszwald est le directeur adjoint de Rulantica.<\/figcaption><\/figure>\n<p>C&#8217;est pourquoi Julian Oszwald est particuli\u00e8rement fier que bon nombre de ses coll\u00e8gues soient l\u00e0 depuis le d\u00e9but. Lorsqu&#8217;on lui demande quelle a \u00e9t\u00e9 sa plus belle exp\u00e9rience au cours de ces deux ann\u00e9es, le directeur adjoint a rapidement une r\u00e9ponse : <em>\u00ab Je me souviens tr\u00e8s explicitement d&#8217;un visiteur en fauteuil roulant. Il nous a demand\u00e9 si et comment il pouvait profiter de l&#8217;attraction <a href=\"https:\/\/www.europapark.de\/fr\/rulantica\/attractions\/snorris-saga\" target=\"_blank\" rel=\"noopener\">Snorri&#8217;s Saga<\/a> malgr\u00e9 son handicap. Chaque membre de mon \u00e9quipe a imm\u00e9diatement r\u00e9pondu pr\u00e9sent et a br\u00fbl\u00e9 d&#8217;envie de faire vivre cette exp\u00e9rience \u00e0 ce visiteur. Je n&#8217;oublierai jamais les yeux brillants de cet homme et son retour reconnaissant. \u00bb<\/em><\/p>\n<p>Mais le plaisir des toboggans et la d\u00e9tente ne sont pas les seuls \u00e9l\u00e9ments pris en compte dans les espaces th\u00e9matiques nordiques. Outre le plaisir de la baignade pour les visiteurs, les facteurs de durabilit\u00e9 et d&#8217;\u00e9cologie ont jou\u00e9 un r\u00f4le central dans la planification et la r\u00e9alisation de l&#8217;extension du complexe. Dans le cadre du grand projet Rulantica, l&#8217;entreprise a mis l&#8217;accent sur la cr\u00e9ation d&#8217;une infrastructure qui tient particuli\u00e8rement compte des habitats existants de la faune et de la flore et les prot\u00e8ge \u00e0 long terme. Ainsi, pour ne citer que quelques exemples : 2 000 arbres, 18 000 arbustes sauvages et 60 000 fleurs ont \u00e9t\u00e9 plant\u00e9s sur le site, 158 nichoirs ont \u00e9t\u00e9 install\u00e9s, un corridor biologique pour le gibier et les chauves-souris\u00a0 ainsi qu&#8217;un pavillon d&#8217;abeilles avec huit colonies ont \u00e9t\u00e9 construits<\/p>\n<figure id=\"attachment_7494\" aria-labelledby=\"figcaption_attachment_7494\" class=\"wp-caption aligncenter\"><img loading=\"lazy\" decoding=\"async\" class=\"wp-image-7494 size-large\" src=\"https:\/\/blog.europapark.de\/wp-content\/uploads\/2021\/11\/PM21_06_oekologische_Massnahmen_Bienenpavillon-1024x580.jpg\" alt=\"Le pavillon abrite pr\u00e8s de 400 000 abeilles. \" width=\"1024\" height=\"580\" srcset=\"https:\/\/blog.europapark.de\/wp-content\/uploads\/2021\/11\/PM21_06_oekologische_Massnahmen_Bienenpavillon-1024x580.jpg 1024w, https:\/\/blog.europapark.de\/wp-content\/uploads\/2021\/11\/PM21_06_oekologische_Massnahmen_Bienenpavillon-400x226.jpg 400w, https:\/\/blog.europapark.de\/wp-content\/uploads\/2021\/11\/PM21_06_oekologische_Massnahmen_Bienenpavillon-768x435.jpg 768w, https:\/\/blog.europapark.de\/wp-content\/uploads\/2021\/11\/PM21_06_oekologische_Massnahmen_Bienenpavillon-1536x869.jpg 1536w, https:\/\/blog.europapark.de\/wp-content\/uploads\/2021\/11\/PM21_06_oekologische_Massnahmen_Bienenpavillon-1700x962.jpg 1700w, https:\/\/blog.europapark.de\/wp-content\/uploads\/2021\/11\/PM21_06_oekologische_Massnahmen_Bienenpavillon.jpg 2000w\" sizes=\"auto, (max-width: 1024px) 100vw, 1024px\" \/><figcaption id=\"figcaption_attachment_7494\" class=\"wp-caption-text\">Le pavillon abrite pr\u00e8s de 400 000 abeilles.<\/figcaption><\/figure>\n<p>La production d&#8217;\u00e9nergie par des installations photovolta\u00efques, un vaste concept de mobilit\u00e9 \u00e9lectrique ainsi qu&#8217;une utilisation des ressources respectueuse de l&#8217;environnement constituent \u00e9galement l&#8217;un des aspects centraux de la gestion durable de l&#8217;entreprise. \u00c0 Rulantica, une technologie innovante permet d&#8217;utiliser l&#8217;\u00e9nergie et l&#8217;eau en pr\u00e9servant les ressources. Ainsi, l&#8217;eau de <a href=\"https:\/\/www.europapark.de\/fr\/rulantica\/attractions\/vildstrom\" target=\"_blank\" rel=\"noopener\">Vildstr\u00f8m<\/a> \u00e0 l&#8217;ext\u00e9rieur est pomp\u00e9e pendant la nuit dans un r\u00e9servoir souterrain. Gr\u00e2ce \u00e0 l&#8217;excellente isolation, la temp\u00e9rature y reste constante. Avec un syst\u00e8me de pompe, l&#8217;eau peut \u00eatre r\u00e9introduite sans probl\u00e8me dans la rivi\u00e8re sauvage le lendemain.<\/p>\n<figure id=\"attachment_7469\" aria-labelledby=\"figcaption_attachment_7469\" class=\"wp-caption aligncenter\"><img loading=\"lazy\" decoding=\"async\" class=\"wp-image-7469 size-large\" src=\"https:\/\/blog.europapark.de\/wp-content\/uploads\/2021\/11\/vildstrom_rulantica_6-1024x576.jpeg\" alt=\"Laissez-vous emporter par le tumulte de Vildstr\u00f8m !\" width=\"1024\" height=\"576\" srcset=\"https:\/\/blog.europapark.de\/wp-content\/uploads\/2021\/11\/vildstrom_rulantica_6-1024x576.jpeg 1024w, https:\/\/blog.europapark.de\/wp-content\/uploads\/2021\/11\/vildstrom_rulantica_6-400x225.jpeg 400w, https:\/\/blog.europapark.de\/wp-content\/uploads\/2021\/11\/vildstrom_rulantica_6-768x432.jpeg 768w, https:\/\/blog.europapark.de\/wp-content\/uploads\/2021\/11\/vildstrom_rulantica_6-1536x864.jpeg 1536w, https:\/\/blog.europapark.de\/wp-content\/uploads\/2021\/11\/vildstrom_rulantica_6.jpeg 1700w\" sizes=\"auto, (max-width: 1024px) 100vw, 1024px\" \/><figcaption id=\"figcaption_attachment_7469\" class=\"wp-caption-text\">Laissez-vous emporter par le tumulte de Vildstr\u00f8m !<\/figcaption><\/figure>\n<p>L&#8217;histoire de Rulantica a \u00e9t\u00e9 marqu\u00e9e par plusieurs mois de fermeture en raison de la pand\u00e9mie et de ses confinements. Toutes les \u00e9quipes ont su y faire face avec brio ! Aujourd&#8217;hui, collaborateurs comme visiteurs s&#8217;accordent tous \u00e0 dire que Rulantica est un lieu de divertissement unique pour toutes la famille.<\/p>\n<p>Trinquez \u00e0 cette \u00e9pop\u00e9e et participez \u00e0 notre jeu-concours ! Le gros lot est un s\u00e9jour riche en aventures \u00e0 Rulantica avec une nuit\u00e9e \u00e0 l\u2019h\u00f4tel 4 \u00e9toiles sup\u00e9rieur Kr\u00f8nas\u00e5r pour jusqu\u2019\u00e0 4 personnes. Vous pouvez \u00e9galement tenter de remporter l&#8217;un des 10 lots de 2 billets d\u2019entr\u00e9e 1 jour pour l\u2019univers aquatique. Vous trouverez toutes les informations et pouvez participer directement sur <a href=\"https:\/\/www.europapark.de\/fr\/parc-de-loisirs\/jeu-concours-pour-le-2e-anniversaire-de-rulantica\" target=\"_blank\" rel=\"noopener\">notre site web<\/a> ! Bonne chance \u00e0 tous, Snorri croise les tentacules pour vous !<\/p>\n<figure id=\"attachment_7474\" aria-labelledby=\"figcaption_attachment_7474\" class=\"wp-caption aligncenter\"><img loading=\"lazy\" decoding=\"async\" class=\"wp-image-7474 size-large\" src=\"https:\/\/blog.europapark.de\/wp-content\/uploads\/2021\/11\/rulantica_geburtstag_snorri_01-1024x683.jpg\" alt=\"Snorri vous souhaite bonne chance pour le jeu-concours !\" width=\"1024\" height=\"683\" srcset=\"https:\/\/blog.europapark.de\/wp-content\/uploads\/2021\/11\/rulantica_geburtstag_snorri_01-1024x683.jpg 1024w, https:\/\/blog.europapark.de\/wp-content\/uploads\/2021\/11\/rulantica_geburtstag_snorri_01-400x267.jpg 400w, https:\/\/blog.europapark.de\/wp-content\/uploads\/2021\/11\/rulantica_geburtstag_snorri_01-768x512.jpg 768w, https:\/\/blog.europapark.de\/wp-content\/uploads\/2021\/11\/rulantica_geburtstag_snorri_01-1536x1025.jpg 1536w, https:\/\/blog.europapark.de\/wp-content\/uploads\/2021\/11\/rulantica_geburtstag_snorri_01-1700x1134.jpg 1700w, https:\/\/blog.europapark.de\/wp-content\/uploads\/2021\/11\/rulantica_geburtstag_snorri_01.jpg 1920w\" sizes=\"auto, (max-width: 1024px) 100vw, 1024px\" \/><figcaption id=\"figcaption_attachment_7474\" class=\"wp-caption-text\">Snorri vous souhaite bonne chance pour le jeu-concours !<\/figcaption><\/figure>\n<p>Nous vous remercions du fond du c\u0153ur et avons de vous faire passer des moments toujours plus inoubliables !<\/p>\n","protected":false},"excerpt":{"rendered":"<p>Snorri, la pieuvre farceuse, est fier comme au premier jour ! Il est heureux de f\u00eater avec tous ses amis&#8230;<\/p>\n","protected":false},"author":22,"featured_media":7451,"comment_status":"open","ping_status":"open","sticky":false,"template":"","format":"standard","meta":{"_acf_changed":false,"footnotes":""},"categories":[23],"tags":[711,710,476,712,185,273,181,318,333],"class_list":["post-7477","post","type-post","status-publish","format-standard","has-post-thumbnail","hentry","category-rulantica-fr","tag-2-ans","tag-anniversaire","tag-parc-aquatique","tag-retrospective","tag-rulantica-fr-2","tag-rulantica-fr-6","tag-rulantica-fr","tag-snorri-fr","tag-snorri-fr-2"],"acf":[],"yoast_head":"<!-- This site is optimized with the Yoast SEO plugin v26.9 - https:\/\/yoast.com\/product\/yoast-seo-wordpress\/ -->\n<title>Rulantica f\u00eate son 2e anniversaire ! - Le blog officiel d\u2019Europa-Park<\/title>\n<meta name=\"robots\" content=\"index, follow, max-snippet:-1, max-image-preview:large, max-video-preview:-1\" \/>\n<link rel=\"canonical\" href=\"https:\/\/blog.europapark.de\/fr\/rulantica-fr\/rulantica-fete-son-2e-anniversaire\/\" \/>\n<meta property=\"og:locale\" content=\"fr_FR\" \/>\n<meta property=\"og:type\" content=\"article\" \/>\n<meta property=\"og:title\" content=\"Rulantica f\u00eate son 2e anniversaire ! - Le blog officiel d\u2019Europa-Park\" \/>\n<meta property=\"og:description\" content=\"Snorri, la pieuvre farceuse, est fier comme au premier jour ! Il est heureux de f\u00eater avec tous ses amis...\" \/>\n<meta property=\"og:url\" content=\"https:\/\/blog.europapark.de\/fr\/rulantica-fr\/rulantica-fete-son-2e-anniversaire\/\" \/>\n<meta property=\"og:site_name\" content=\"Le blog officiel d\u2019Europa-Park\" \/>\n<meta property=\"article:published_time\" content=\"2021-11-28T07:53:44+00:00\" \/>\n<meta property=\"og:image\" content=\"https:\/\/blog.europapark.de\/wp-content\/uploads\/2021\/11\/rulantica_geburtstag.jpg\" \/>\n\t<meta property=\"og:image:width\" content=\"1400\" \/>\n\t<meta property=\"og:image:height\" content=\"787\" \/>\n\t<meta property=\"og:image:type\" content=\"image\/jpeg\" \/>\n<meta name=\"author\" content=\"Marine Bostetter\" \/>\n<meta name=\"twitter:card\" content=\"summary_large_image\" \/>\n<meta name=\"twitter:label1\" content=\"\u00c9crit par\" \/>\n\t<meta name=\"twitter:data1\" content=\"Marine Bostetter\" \/>\n\t<meta name=\"twitter:label2\" content=\"Dur\u00e9e de lecture estim\u00e9e\" \/>\n\t<meta name=\"twitter:data2\" content=\"8 minutes\" \/>\n<script type=\"application\/ld+json\" class=\"yoast-schema-graph\">{\"@context\":\"https:\/\/schema.org\",\"@graph\":[{\"@type\":\"Article\",\"@id\":\"https:\/\/blog.europapark.de\/fr\/rulantica-fr\/rulantica-fete-son-2e-anniversaire\/#article\",\"isPartOf\":{\"@id\":\"https:\/\/blog.europapark.de\/fr\/rulantica-fr\/rulantica-fete-son-2e-anniversaire\/\"},\"author\":{\"name\":\"Marine Bostetter\",\"@id\":\"https:\/\/blog.europapark.de\/fr\/#\/schema\/person\/33a8e6425d00a5338b0f3b919774c892\"},\"headline\":\"Rulantica f\u00eate son 2e anniversaire !\",\"datePublished\":\"2021-11-28T07:53:44+00:00\",\"mainEntityOfPage\":{\"@id\":\"https:\/\/blog.europapark.de\/fr\/rulantica-fr\/rulantica-fete-son-2e-anniversaire\/\"},\"wordCount\":1373,\"commentCount\":0,\"image\":{\"@id\":\"https:\/\/blog.europapark.de\/fr\/rulantica-fr\/rulantica-fete-son-2e-anniversaire\/#primaryimage\"},\"thumbnailUrl\":\"https:\/\/blog.europapark.de\/wp-content\/uploads\/2021\/11\/rulantica_geburtstag.jpg\",\"keywords\":[\"2 ans\",\"Anniversaire\",\"Parc aquatique\",\"R\u00e9trospective\",\"Rulantica\",\"Rulantica\",\"Rulantica\",\"Snorri\",\"Snorri\"],\"articleSection\":[\"Rulantica\"],\"inLanguage\":\"fr-FR\",\"potentialAction\":[{\"@type\":\"CommentAction\",\"name\":\"Comment\",\"target\":[\"https:\/\/blog.europapark.de\/fr\/rulantica-fr\/rulantica-fete-son-2e-anniversaire\/#respond\"]}]},{\"@type\":\"WebPage\",\"@id\":\"https:\/\/blog.europapark.de\/fr\/rulantica-fr\/rulantica-fete-son-2e-anniversaire\/\",\"url\":\"https:\/\/blog.europapark.de\/fr\/rulantica-fr\/rulantica-fete-son-2e-anniversaire\/\",\"name\":\"Rulantica f\u00eate son 2e anniversaire ! - Le blog officiel d\u2019Europa-Park\",\"isPartOf\":{\"@id\":\"https:\/\/blog.europapark.de\/fr\/#website\"},\"primaryImageOfPage\":{\"@id\":\"https:\/\/blog.europapark.de\/fr\/rulantica-fr\/rulantica-fete-son-2e-anniversaire\/#primaryimage\"},\"image\":{\"@id\":\"https:\/\/blog.europapark.de\/fr\/rulantica-fr\/rulantica-fete-son-2e-anniversaire\/#primaryimage\"},\"thumbnailUrl\":\"https:\/\/blog.europapark.de\/wp-content\/uploads\/2021\/11\/rulantica_geburtstag.jpg\",\"datePublished\":\"2021-11-28T07:53:44+00:00\",\"author\":{\"@id\":\"https:\/\/blog.europapark.de\/fr\/#\/schema\/person\/33a8e6425d00a5338b0f3b919774c892\"},\"breadcrumb\":{\"@id\":\"https:\/\/blog.europapark.de\/fr\/rulantica-fr\/rulantica-fete-son-2e-anniversaire\/#breadcrumb\"},\"inLanguage\":\"fr-FR\",\"potentialAction\":[{\"@type\":\"ReadAction\",\"target\":[\"https:\/\/blog.europapark.de\/fr\/rulantica-fr\/rulantica-fete-son-2e-anniversaire\/\"]}]},{\"@type\":\"ImageObject\",\"inLanguage\":\"fr-FR\",\"@id\":\"https:\/\/blog.europapark.de\/fr\/rulantica-fr\/rulantica-fete-son-2e-anniversaire\/#primaryimage\",\"url\":\"https:\/\/blog.europapark.de\/wp-content\/uploads\/2021\/11\/rulantica_geburtstag.jpg\",\"contentUrl\":\"https:\/\/blog.europapark.de\/wp-content\/uploads\/2021\/11\/rulantica_geburtstag.jpg\",\"width\":1400,\"height\":787},{\"@type\":\"BreadcrumbList\",\"@id\":\"https:\/\/blog.europapark.de\/fr\/rulantica-fr\/rulantica-fete-son-2e-anniversaire\/#breadcrumb\",\"itemListElement\":[{\"@type\":\"ListItem\",\"position\":1,\"name\":\"Accueil\",\"item\":\"https:\/\/blog.europapark.de\/fr\/\"},{\"@type\":\"ListItem\",\"position\":2,\"name\":\"Rulantica f\u00eate son 2e anniversaire !\"}]},{\"@type\":\"WebSite\",\"@id\":\"https:\/\/blog.europapark.de\/fr\/#website\",\"url\":\"https:\/\/blog.europapark.de\/fr\/\",\"name\":\"Le blog officiel d\u2019Europa-Park\",\"description\":\"\",\"potentialAction\":[{\"@type\":\"SearchAction\",\"target\":{\"@type\":\"EntryPoint\",\"urlTemplate\":\"https:\/\/blog.europapark.de\/fr\/?s={search_term_string}\"},\"query-input\":{\"@type\":\"PropertyValueSpecification\",\"valueRequired\":true,\"valueName\":\"search_term_string\"}}],\"inLanguage\":\"fr-FR\"},{\"@type\":\"Person\",\"@id\":\"https:\/\/blog.europapark.de\/fr\/#\/schema\/person\/33a8e6425d00a5338b0f3b919774c892\",\"name\":\"Marine Bostetter\",\"image\":{\"@type\":\"ImageObject\",\"inLanguage\":\"fr-FR\",\"@id\":\"https:\/\/blog.europapark.de\/fr\/#\/schema\/person\/image\/\",\"url\":\"https:\/\/blog.europapark.de\/wp-content\/uploads\/2024\/01\/IMG_2126-150x150.jpg\",\"contentUrl\":\"https:\/\/blog.europapark.de\/wp-content\/uploads\/2024\/01\/IMG_2126-150x150.jpg\",\"caption\":\"Marine Bostetter\"},\"url\":\"https:\/\/blog.europapark.de\/fr\/author\/marine-bostetter\/\"}]}<\/script>\n<!-- \/ Yoast SEO plugin. -->","yoast_head_json":{"title":"Rulantica f\u00eate son 2e anniversaire ! - Le blog officiel d\u2019Europa-Park","robots":{"index":"index","follow":"follow","max-snippet":"max-snippet:-1","max-image-preview":"max-image-preview:large","max-video-preview":"max-video-preview:-1"},"canonical":"https:\/\/blog.europapark.de\/fr\/rulantica-fr\/rulantica-fete-son-2e-anniversaire\/","og_locale":"fr_FR","og_type":"article","og_title":"Rulantica f\u00eate son 2e anniversaire ! - Le blog officiel d\u2019Europa-Park","og_description":"Snorri, la pieuvre farceuse, est fier comme au premier jour ! Il est heureux de f\u00eater avec tous ses amis...","og_url":"https:\/\/blog.europapark.de\/fr\/rulantica-fr\/rulantica-fete-son-2e-anniversaire\/","og_site_name":"Le blog officiel d\u2019Europa-Park","article_published_time":"2021-11-28T07:53:44+00:00","og_image":[{"width":1400,"height":787,"url":"https:\/\/blog.europapark.de\/wp-content\/uploads\/2021\/11\/rulantica_geburtstag.jpg","type":"image\/jpeg"}],"author":"Marine Bostetter","twitter_card":"summary_large_image","twitter_misc":{"\u00c9crit par":"Marine Bostetter","Dur\u00e9e de lecture estim\u00e9e":"8 minutes"},"schema":{"@context":"https:\/\/schema.org","@graph":[{"@type":"Article","@id":"https:\/\/blog.europapark.de\/fr\/rulantica-fr\/rulantica-fete-son-2e-anniversaire\/#article","isPartOf":{"@id":"https:\/\/blog.europapark.de\/fr\/rulantica-fr\/rulantica-fete-son-2e-anniversaire\/"},"author":{"name":"Marine Bostetter","@id":"https:\/\/blog.europapark.de\/fr\/#\/schema\/person\/33a8e6425d00a5338b0f3b919774c892"},"headline":"Rulantica f\u00eate son 2e anniversaire !","datePublished":"2021-11-28T07:53:44+00:00","mainEntityOfPage":{"@id":"https:\/\/blog.europapark.de\/fr\/rulantica-fr\/rulantica-fete-son-2e-anniversaire\/"},"wordCount":1373,"commentCount":0,"image":{"@id":"https:\/\/blog.europapark.de\/fr\/rulantica-fr\/rulantica-fete-son-2e-anniversaire\/#primaryimage"},"thumbnailUrl":"https:\/\/blog.europapark.de\/wp-content\/uploads\/2021\/11\/rulantica_geburtstag.jpg","keywords":["2 ans","Anniversaire","Parc aquatique","R\u00e9trospective","Rulantica","Rulantica","Rulantica","Snorri","Snorri"],"articleSection":["Rulantica"],"inLanguage":"fr-FR","potentialAction":[{"@type":"CommentAction","name":"Comment","target":["https:\/\/blog.europapark.de\/fr\/rulantica-fr\/rulantica-fete-son-2e-anniversaire\/#respond"]}]},{"@type":"WebPage","@id":"https:\/\/blog.europapark.de\/fr\/rulantica-fr\/rulantica-fete-son-2e-anniversaire\/","url":"https:\/\/blog.europapark.de\/fr\/rulantica-fr\/rulantica-fete-son-2e-anniversaire\/","name":"Rulantica f\u00eate son 2e anniversaire ! - Le blog officiel d\u2019Europa-Park","isPartOf":{"@id":"https:\/\/blog.europapark.de\/fr\/#website"},"primaryImageOfPage":{"@id":"https:\/\/blog.europapark.de\/fr\/rulantica-fr\/rulantica-fete-son-2e-anniversaire\/#primaryimage"},"image":{"@id":"https:\/\/blog.europapark.de\/fr\/rulantica-fr\/rulantica-fete-son-2e-anniversaire\/#primaryimage"},"thumbnailUrl":"https:\/\/blog.europapark.de\/wp-content\/uploads\/2021\/11\/rulantica_geburtstag.jpg","datePublished":"2021-11-28T07:53:44+00:00","author":{"@id":"https:\/\/blog.europapark.de\/fr\/#\/schema\/person\/33a8e6425d00a5338b0f3b919774c892"},"breadcrumb":{"@id":"https:\/\/blog.europapark.de\/fr\/rulantica-fr\/rulantica-fete-son-2e-anniversaire\/#breadcrumb"},"inLanguage":"fr-FR","potentialAction":[{"@type":"ReadAction","target":["https:\/\/blog.europapark.de\/fr\/rulantica-fr\/rulantica-fete-son-2e-anniversaire\/"]}]},{"@type":"ImageObject","inLanguage":"fr-FR","@id":"https:\/\/blog.europapark.de\/fr\/rulantica-fr\/rulantica-fete-son-2e-anniversaire\/#primaryimage","url":"https:\/\/blog.europapark.de\/wp-content\/uploads\/2021\/11\/rulantica_geburtstag.jpg","contentUrl":"https:\/\/blog.europapark.de\/wp-content\/uploads\/2021\/11\/rulantica_geburtstag.jpg","width":1400,"height":787},{"@type":"BreadcrumbList","@id":"https:\/\/blog.europapark.de\/fr\/rulantica-fr\/rulantica-fete-son-2e-anniversaire\/#breadcrumb","itemListElement":[{"@type":"ListItem","position":1,"name":"Accueil","item":"https:\/\/blog.europapark.de\/fr\/"},{"@type":"ListItem","position":2,"name":"Rulantica f\u00eate son 2e anniversaire !"}]},{"@type":"WebSite","@id":"https:\/\/blog.europapark.de\/fr\/#website","url":"https:\/\/blog.europapark.de\/fr\/","name":"Le blog officiel d\u2019Europa-Park","description":"","potentialAction":[{"@type":"SearchAction","target":{"@type":"EntryPoint","urlTemplate":"https:\/\/blog.europapark.de\/fr\/?s={search_term_string}"},"query-input":{"@type":"PropertyValueSpecification","valueRequired":true,"valueName":"search_term_string"}}],"inLanguage":"fr-FR"},{"@type":"Person","@id":"https:\/\/blog.europapark.de\/fr\/#\/schema\/person\/33a8e6425d00a5338b0f3b919774c892","name":"Marine Bostetter","image":{"@type":"ImageObject","inLanguage":"fr-FR","@id":"https:\/\/blog.europapark.de\/fr\/#\/schema\/person\/image\/","url":"https:\/\/blog.europapark.de\/wp-content\/uploads\/2024\/01\/IMG_2126-150x150.jpg","contentUrl":"https:\/\/blog.europapark.de\/wp-content\/uploads\/2024\/01\/IMG_2126-150x150.jpg","caption":"Marine Bostetter"},"url":"https:\/\/blog.europapark.de\/fr\/author\/marine-bostetter\/"}]}},"_links":{"self":[{"href":"https:\/\/blog.europapark.de\/fr\/wp-json\/wp\/v2\/posts\/7477","targetHints":{"allow":["GET"]}}],"collection":[{"href":"https:\/\/blog.europapark.de\/fr\/wp-json\/wp\/v2\/posts"}],"about":[{"href":"https:\/\/blog.europapark.de\/fr\/wp-json\/wp\/v2\/types\/post"}],"author":[{"embeddable":true,"href":"https:\/\/blog.europapark.de\/fr\/wp-json\/wp\/v2\/users\/22"}],"replies":[{"embeddable":true,"href":"https:\/\/blog.europapark.de\/fr\/wp-json\/wp\/v2\/comments?post=7477"}],"version-history":[{"count":34,"href":"https:\/\/blog.europapark.de\/fr\/wp-json\/wp\/v2\/posts\/7477\/revisions"}],"predecessor-version":[{"id":7539,"href":"https:\/\/blog.europapark.de\/fr\/wp-json\/wp\/v2\/posts\/7477\/revisions\/7539"}],"wp:featuredmedia":[{"embeddable":true,"href":"https:\/\/blog.europapark.de\/fr\/wp-json\/wp\/v2\/media\/7451"}],"wp:attachment":[{"href":"https:\/\/blog.europapark.de\/fr\/wp-json\/wp\/v2\/media?parent=7477"}],"wp:term":[{"taxonomy":"category","embeddable":true,"href":"https:\/\/blog.europapark.de\/fr\/wp-json\/wp\/v2\/categories?post=7477"},{"taxonomy":"post_tag","embeddable":true,"href":"https:\/\/blog.europapark.de\/fr\/wp-json\/wp\/v2\/tags?post=7477"}],"curies":[{"name":"wp","href":"https:\/\/api.w.org\/{rel}","templated":true}]}}