{"id":6773,"date":"2024-10-01T09:20:14","date_gmt":"2024-10-01T07:20:14","guid":{"rendered":"https:\/\/blog.europapark.de\/?p=6773"},"modified":"2024-10-01T11:21:12","modified_gmt":"2024-10-01T09:21:12","slug":"mode-halloween-active","status":"publish","type":"post","link":"https:\/\/blog.europapark.de\/fr\/europa-park-fr\/mode-halloween-active\/","title":{"rendered":"Mode Halloween : activ\u00e9 !"},"content":{"rendered":"<p><strong>Vous l&#8217;attendez chaque ann\u00e9e avec impatience : la saison d&#8217;Halloween ! Jusqu&#8217;au 3 novembre 2024, Europa-Park ouvre ses portes aux monstres et cr\u00e9atures de la nuit pour votre plus grand plaisir. Les couleurs automnales vont \u00e0 ravir \u00e0 votre parc de loisirs pr\u00e9f\u00e9r\u00e9 et les citrouilles, \u00e9pis de ma\u00efs, chrysanth\u00e8mes et bottes de paille viennent lui ajouter une touche encore plus halloweenesque. Beaucoup d&#8217;entre vous ont l&#8217;habitude d&#8217;organiser leur traditionnelle visite annuelle \u00e0 Europa-Park en \u00e9t\u00e9. Vous pouvez \u00eatre s\u00fbrs qu&#8217;ils br\u00fbleront d&#8217;envie de revenir d\u00e8s le mois d&#8217;octobre apr\u00e8s avoir d\u00e9couvert les temps forts d&#8217;Halloween !<\/strong><\/p>\n<p>Comment vous parler de la saison d&#8217;Halloween sans \u00e9voquer son exceptionnelle d\u00e9coration ? Impensable ! Vous vous imaginez s\u00fbrement que nos jardiniers installent quelques centaines de citrouilles. Ne nous sous-estimez pas ! Nous parlons ici de 180 000 citrouilles qui arborent les all\u00e9es du parc. Restons dans les chiffres tant que nous y sommes. Halloween \u00e0 Europa-Park, c&#8217;est aussi 15 000 chrysanth\u00e8mes, 100 000 fleurs automnales dans les platebandes, 3 000 bottes de foin, 6 000 plants de ma\u00efs ! Vous \u00eates s\u00fbrement nombreux \u00e0 vous demander ce que deviennent les citrouilles, une fois la saison d&#8217;Halloween termin\u00e9e. Les citrouilles restantes sont donn\u00e9es aux employ\u00e9s du parc et \u00e0 des associations caritatives. Celles qui ne sont plus consommables sont mises au compost.<\/p>\n<figure id=\"attachment_11296\" aria-labelledby=\"figcaption_attachment_11296\" class=\"wp-caption aligncenter\"><img loading=\"lazy\" decoding=\"async\" class=\"wp-image-11296 size-large\" src=\"https:\/\/blog.europapark.de\/wp-content\/uploads\/2021\/10\/EP22_England_Herbst_Weg_Familie_Halloween_7-1024x683.jpg\" alt=\"C'est Halloween \u00e0 Europa-Park ! \" width=\"1024\" height=\"683\" srcset=\"https:\/\/blog.europapark.de\/wp-content\/uploads\/2021\/10\/EP22_England_Herbst_Weg_Familie_Halloween_7-1024x683.jpg 1024w, https:\/\/blog.europapark.de\/wp-content\/uploads\/2021\/10\/EP22_England_Herbst_Weg_Familie_Halloween_7-400x267.jpg 400w, https:\/\/blog.europapark.de\/wp-content\/uploads\/2021\/10\/EP22_England_Herbst_Weg_Familie_Halloween_7-768x512.jpg 768w, https:\/\/blog.europapark.de\/wp-content\/uploads\/2021\/10\/EP22_England_Herbst_Weg_Familie_Halloween_7-1536x1024.jpg 1536w, https:\/\/blog.europapark.de\/wp-content\/uploads\/2021\/10\/EP22_England_Herbst_Weg_Familie_Halloween_7-2048x1366.jpg 2048w, https:\/\/blog.europapark.de\/wp-content\/uploads\/2021\/10\/EP22_England_Herbst_Weg_Familie_Halloween_7-1700x1134.jpg 1700w\" sizes=\"auto, (max-width: 1024px) 100vw, 1024px\" \/><figcaption id=\"figcaption_attachment_11296\" class=\"wp-caption-text\">C&#8217;est Halloween \u00e0 Europa-Park !<\/figcaption><\/figure>\n<figure id=\"attachment_11299\" aria-labelledby=\"figcaption_attachment_11299\" class=\"wp-caption aligncenter\"><img loading=\"lazy\" decoding=\"async\" class=\"wp-image-11299 size-large\" src=\"https:\/\/blog.europapark.de\/wp-content\/uploads\/2021\/10\/EP22_Frankreich_Eurosat_Familie_Halloween_4-1024x683.jpg\" alt=\"180 000 citrouilles dans tout le parc ! \" width=\"1024\" height=\"683\" srcset=\"https:\/\/blog.europapark.de\/wp-content\/uploads\/2021\/10\/EP22_Frankreich_Eurosat_Familie_Halloween_4-1024x683.jpg 1024w, https:\/\/blog.europapark.de\/wp-content\/uploads\/2021\/10\/EP22_Frankreich_Eurosat_Familie_Halloween_4-400x267.jpg 400w, https:\/\/blog.europapark.de\/wp-content\/uploads\/2021\/10\/EP22_Frankreich_Eurosat_Familie_Halloween_4-768x512.jpg 768w, https:\/\/blog.europapark.de\/wp-content\/uploads\/2021\/10\/EP22_Frankreich_Eurosat_Familie_Halloween_4-1536x1024.jpg 1536w, https:\/\/blog.europapark.de\/wp-content\/uploads\/2021\/10\/EP22_Frankreich_Eurosat_Familie_Halloween_4-2048x1366.jpg 2048w, https:\/\/blog.europapark.de\/wp-content\/uploads\/2021\/10\/EP22_Frankreich_Eurosat_Familie_Halloween_4-1700x1134.jpg 1700w\" sizes=\"auto, (max-width: 1024px) 100vw, 1024px\" \/><figcaption id=\"figcaption_attachment_11299\" class=\"wp-caption-text\">180 000 citrouilles dans tout le parc !<\/figcaption><\/figure>\n<figure id=\"attachment_11301\" aria-labelledby=\"figcaption_attachment_11301\" class=\"wp-caption aligncenter\"><img loading=\"lazy\" decoding=\"async\" class=\"wp-image-11301 size-full\" src=\"https:\/\/blog.europapark.de\/wp-content\/uploads\/2021\/10\/EP20_Halloween_Deko_Holland_4-1024x683-1.jpg\" alt=\"On vous laisse les compter ! \" width=\"1024\" height=\"683\" srcset=\"https:\/\/blog.europapark.de\/wp-content\/uploads\/2021\/10\/EP20_Halloween_Deko_Holland_4-1024x683-1.jpg 1024w, https:\/\/blog.europapark.de\/wp-content\/uploads\/2021\/10\/EP20_Halloween_Deko_Holland_4-1024x683-1-400x267.jpg 400w, https:\/\/blog.europapark.de\/wp-content\/uploads\/2021\/10\/EP20_Halloween_Deko_Holland_4-1024x683-1-768x512.jpg 768w\" sizes=\"auto, (max-width: 1024px) 100vw, 1024px\" \/><figcaption id=\"figcaption_attachment_11301\" class=\"wp-caption-text\">On vous laisse les compter !<\/figcaption><\/figure>\n<p>Certaines attractions se mettent aussi en mode Halloween ! Les tasses \u00e0 caf\u00e9 du quartier hollandais deviennent les Griezelkopjes et vous font tourner la t\u00eate dans le noir et avec une musique plus qu&#8217;effrayante.<\/p>\n<figure id=\"attachment_11315\" aria-labelledby=\"figcaption_attachment_11315\" class=\"wp-caption aligncenter\"><img loading=\"lazy\" decoding=\"async\" class=\"wp-image-11315 size-full\" src=\"https:\/\/blog.europapark.de\/wp-content\/uploads\/2021\/10\/EP21_Griezelkopjes_Holland_004-1024x576-1.jpg\" alt=\"Les Griezelkopjes vous font tourner la t\u00eate dans le noir !\" width=\"1024\" height=\"576\" srcset=\"https:\/\/blog.europapark.de\/wp-content\/uploads\/2021\/10\/EP21_Griezelkopjes_Holland_004-1024x576-1.jpg 1024w, https:\/\/blog.europapark.de\/wp-content\/uploads\/2021\/10\/EP21_Griezelkopjes_Holland_004-1024x576-1-400x225.jpg 400w, https:\/\/blog.europapark.de\/wp-content\/uploads\/2021\/10\/EP21_Griezelkopjes_Holland_004-1024x576-1-768x432.jpg 768w\" sizes=\"auto, (max-width: 1024px) 100vw, 1024px\" \/><figcaption id=\"figcaption_attachment_11315\" class=\"wp-caption-text\">Les Griezelkopjes vous font tourner la t\u00eate dans le noir !<\/figcaption><\/figure>\n<p>Nos points photos Halloween sont les lieux parfaits pour cr\u00e9er de beaux souvenirs entre amis ou en famille ! Nous attendons avec impatience vos clich\u00e9s sur les r\u00e9seaux sociaux avec le hashtag #EuropaPark ! L\u2019attraction Feria Swing &#8211; Le vol des vampires vous embarque une escapade lugubre. Pour les plus de 12 ans qui ne craignent pas d&#8217;avoir la chair de poule, le labyrinthe diurne \u00ab Niflheim \u00bb est fait pour vous !<\/p>\n<figure id=\"attachment_11304\" aria-labelledby=\"figcaption_attachment_11304\" class=\"wp-caption aligncenter\"><img loading=\"lazy\" decoding=\"async\" class=\"wp-image-11304 size-large\" src=\"https:\/\/blog.europapark.de\/wp-content\/uploads\/2021\/10\/EP22_Schweiz_Griechenland_England_Kreuzung_Herbst_Familie_Halloween_11-1024x683.jpg\" alt=\"Prenez vous en photo si vous l'osez ! \" width=\"1024\" height=\"683\" srcset=\"https:\/\/blog.europapark.de\/wp-content\/uploads\/2021\/10\/EP22_Schweiz_Griechenland_England_Kreuzung_Herbst_Familie_Halloween_11-1024x683.jpg 1024w, https:\/\/blog.europapark.de\/wp-content\/uploads\/2021\/10\/EP22_Schweiz_Griechenland_England_Kreuzung_Herbst_Familie_Halloween_11-400x267.jpg 400w, https:\/\/blog.europapark.de\/wp-content\/uploads\/2021\/10\/EP22_Schweiz_Griechenland_England_Kreuzung_Herbst_Familie_Halloween_11-768x512.jpg 768w, https:\/\/blog.europapark.de\/wp-content\/uploads\/2021\/10\/EP22_Schweiz_Griechenland_England_Kreuzung_Herbst_Familie_Halloween_11-1536x1024.jpg 1536w, https:\/\/blog.europapark.de\/wp-content\/uploads\/2021\/10\/EP22_Schweiz_Griechenland_England_Kreuzung_Herbst_Familie_Halloween_11-2048x1366.jpg 2048w, https:\/\/blog.europapark.de\/wp-content\/uploads\/2021\/10\/EP22_Schweiz_Griechenland_England_Kreuzung_Herbst_Familie_Halloween_11-1700x1134.jpg 1700w\" sizes=\"auto, (max-width: 1024px) 100vw, 1024px\" \/><figcaption id=\"figcaption_attachment_11304\" class=\"wp-caption-text\">Prenez vous en photo si vous l&#8217;osez !<\/figcaption><\/figure>\n<figure id=\"attachment_11306\" aria-labelledby=\"figcaption_attachment_11306\" class=\"wp-caption aligncenter\"><img loading=\"lazy\" decoding=\"async\" class=\"wp-image-11306 size-large\" src=\"https:\/\/blog.europapark.de\/wp-content\/uploads\/2021\/10\/EP22_Schweiz_Griechenland_England_Kreuzung_Herbst_Familie_Halloween_2-1024x683.jpg\" alt=\"Des d\u00e9cors \u00e0 couper le souffle ! \" width=\"1024\" height=\"683\" srcset=\"https:\/\/blog.europapark.de\/wp-content\/uploads\/2021\/10\/EP22_Schweiz_Griechenland_England_Kreuzung_Herbst_Familie_Halloween_2-1024x683.jpg 1024w, https:\/\/blog.europapark.de\/wp-content\/uploads\/2021\/10\/EP22_Schweiz_Griechenland_England_Kreuzung_Herbst_Familie_Halloween_2-400x267.jpg 400w, https:\/\/blog.europapark.de\/wp-content\/uploads\/2021\/10\/EP22_Schweiz_Griechenland_England_Kreuzung_Herbst_Familie_Halloween_2-768x512.jpg 768w, https:\/\/blog.europapark.de\/wp-content\/uploads\/2021\/10\/EP22_Schweiz_Griechenland_England_Kreuzung_Herbst_Familie_Halloween_2-1536x1024.jpg 1536w, https:\/\/blog.europapark.de\/wp-content\/uploads\/2021\/10\/EP22_Schweiz_Griechenland_England_Kreuzung_Herbst_Familie_Halloween_2-2048x1366.jpg 2048w, https:\/\/blog.europapark.de\/wp-content\/uploads\/2021\/10\/EP22_Schweiz_Griechenland_England_Kreuzung_Herbst_Familie_Halloween_2-1700x1134.jpg 1700w\" sizes=\"auto, (max-width: 1024px) 100vw, 1024px\" \/><figcaption id=\"figcaption_attachment_11306\" class=\"wp-caption-text\">Des d\u00e9cors \u00e0 couper le souffle !<\/figcaption><\/figure>\n<p>Frissonner de plaisir, \u00e7a creuse ! Nos plats classiques se d\u00e9clinent avec des ingr\u00e9dients de saison : la soupe de potiron en est le parfait exemple. Qui dit saison phare, dit sp\u00e9cialit\u00e9s originales. Les Chili-Cheese Fries ou le Scary Burger sauront combler votre faim de loup-garou.<\/p>\n<div class=\"wpmf-gallerys wpmf-gallerys-life\"><div id=\"gallery-1\" class=\"gallery wpmf_gallery_default gallery_default gallery-columns-1 gallery-size-large gallery-link-file wpmf-has-border-radius-0 wpmf-gutterwidth-5\"><figure class=\"wpmf-gallery-item\"><div class=\"wpmf-gallery-icon\"><a class=\" not_video\" data-lightbox=\"1\" href=\"https:\/\/blog.europapark.de\/wp-content\/uploads\/2021\/10\/IMG_0917-1024x683.jpg\" data-title=\"La pizza Diavolo et son c\u00f4t\u00e9 \u00e9pic\u00e9 pourrait en surprendre plus d&#039;un !\" target=\"_self\"><img loading=\"lazy\" decoding=\"async\" width=\"1024\" height=\"683\" src=\"https:\/\/blog.europapark.de\/wp-content\/uploads\/2021\/10\/IMG_0917-1024x683.jpg\" class=\"attachment-large size-large\" alt=\"La pizza Diavolo et son c\u00f4t\u00e9 \u00e9pic\u00e9 pourrait en surprendre plus d&#039;un !\" data-type=\"wpmfgalleryimg\" data-lazy-src=\"0\" srcset=\"https:\/\/blog.europapark.de\/wp-content\/uploads\/2021\/10\/IMG_0917-1024x683.jpg 1024w, https:\/\/blog.europapark.de\/wp-content\/uploads\/2021\/10\/IMG_0917-400x267.jpg 400w, https:\/\/blog.europapark.de\/wp-content\/uploads\/2021\/10\/IMG_0917-768x512.jpg 768w, https:\/\/blog.europapark.de\/wp-content\/uploads\/2021\/10\/IMG_0917-1536x1024.jpg 1536w, https:\/\/blog.europapark.de\/wp-content\/uploads\/2021\/10\/IMG_0917-1700x1133.jpg 1700w, https:\/\/blog.europapark.de\/wp-content\/uploads\/2021\/10\/IMG_0917.jpg 2048w\" sizes=\"auto, (max-width: 1024px) 100vw, 1024px\" \/><\/a><\/div><figcaption class=\"wp-caption-text gallery-caption\">La pizza Diavolo et son c\u00f4t\u00e9 \u00e9pic\u00e9 pourrait en surprendre plus d&#8217;un !<\/figcaption><\/figure><figure class=\"wpmf-gallery-item\"><div class=\"wpmf-gallery-icon\"><a class=\" not_video\" data-lightbox=\"1\" href=\"https:\/\/blog.europapark.de\/wp-content\/uploads\/2021\/10\/IMG_0934-1024x683.jpg\" data-title=\"La soupe de potiron qui fait grandir les petits et les grands monstres !\" target=\"_self\"><img loading=\"lazy\" decoding=\"async\" width=\"1024\" height=\"683\" src=\"https:\/\/blog.europapark.de\/wp-content\/uploads\/2021\/10\/IMG_0934-1024x683.jpg\" class=\"attachment-large size-large\" alt=\"La soupe de potiron qui fait grandir les petits et les grands monstres !\" data-type=\"wpmfgalleryimg\" data-lazy-src=\"0\" srcset=\"https:\/\/blog.europapark.de\/wp-content\/uploads\/2021\/10\/IMG_0934-1024x683.jpg 1024w, https:\/\/blog.europapark.de\/wp-content\/uploads\/2021\/10\/IMG_0934-400x267.jpg 400w, https:\/\/blog.europapark.de\/wp-content\/uploads\/2021\/10\/IMG_0934-768x512.jpg 768w, https:\/\/blog.europapark.de\/wp-content\/uploads\/2021\/10\/IMG_0934-1536x1024.jpg 1536w, https:\/\/blog.europapark.de\/wp-content\/uploads\/2021\/10\/IMG_0934-1700x1133.jpg 1700w, https:\/\/blog.europapark.de\/wp-content\/uploads\/2021\/10\/IMG_0934.jpg 2048w\" sizes=\"auto, (max-width: 1024px) 100vw, 1024px\" \/><\/a><\/div><figcaption class=\"wp-caption-text gallery-caption\">La soupe de potiron qui fait grandir les petits et les grands monstres !<\/figcaption><\/figure><figure class=\"wpmf-gallery-item\"><div class=\"wpmf-gallery-icon\"><a class=\" not_video\" data-lightbox=\"1\" href=\"https:\/\/blog.europapark.de\/wp-content\/uploads\/2021\/10\/IMG_0939-1024x683.jpg\" data-title=\"Le Scary Burger est un incontournable de la saison d&#039;Halloween depuis des ann\u00e9es.\" target=\"_self\"><img loading=\"lazy\" decoding=\"async\" width=\"1024\" height=\"683\" src=\"https:\/\/blog.europapark.de\/wp-content\/uploads\/2021\/10\/IMG_0939-1024x683.jpg\" class=\"attachment-large size-large\" alt=\"Le Scary Burger est un incontournable de la saison d&#039;Halloween depuis des ann\u00e9es.\" data-type=\"wpmfgalleryimg\" data-lazy-src=\"0\" srcset=\"https:\/\/blog.europapark.de\/wp-content\/uploads\/2021\/10\/IMG_0939-1024x683.jpg 1024w, https:\/\/blog.europapark.de\/wp-content\/uploads\/2021\/10\/IMG_0939-400x267.jpg 400w, https:\/\/blog.europapark.de\/wp-content\/uploads\/2021\/10\/IMG_0939-768x512.jpg 768w, https:\/\/blog.europapark.de\/wp-content\/uploads\/2021\/10\/IMG_0939-1536x1024.jpg 1536w, https:\/\/blog.europapark.de\/wp-content\/uploads\/2021\/10\/IMG_0939-1700x1133.jpg 1700w, https:\/\/blog.europapark.de\/wp-content\/uploads\/2021\/10\/IMG_0939.jpg 2048w\" sizes=\"auto, (max-width: 1024px) 100vw, 1024px\" \/><\/a><\/div><figcaption class=\"wp-caption-text gallery-caption\">Le Scary Burger est un incontournable de la saison d&#8217;Halloween depuis des ann\u00e9es.<\/figcaption><\/figure><\/div><\/div>\n<p>Les monstres prennent aussi part aux <a href=\"https:\/\/www.europapark.de\/fr\/parc-de-loisirs\/spectacles\" target=\"_blank\" rel=\"noopener\">spectacles<\/a> ! Apr\u00e8s le succ\u00e8s retentissant du premier volet de notre com\u00e9die musicale \u00ab SPOOK ME! \u00bb, Europa-Park vous invite cordialement \u00e0 d\u00e9couvrir <a href=\"https:\/\/www.europapark.de\/fr\/parc-de-loisirs\/spectacles\/spook-me-2\" target=\"_blank\" rel=\"noopener\">la suite palpitante<\/a> de cette aventure bouleversante. Il y en a pour tous les go\u00fbts entre le spectacle sur glace \u00ab <a href=\"https:\/\/www.europapark.de\/fr\/parc-de-loisirs\/spectacles\/surprice-presents-vampire-circus-ice\" target=\"_blank\" rel=\"noopener\">Surpr\u2019ice presents The Vampire Circus on Ice<\/a> \u00bb, ou le spectacle musical \u00ab <a href=\"https:\/\/www.europapark.de\/fr\/parc-de-loisirs\/spectacles\/scary-movie-hits\" target=\"_blank\" rel=\"noopener\">Scary Movie Hits<\/a> \u00bb !\u00a0Les sorci\u00e8res et leurs amis effraient gentiment les visiteurs lors de la <a href=\"https:\/\/www.europapark.de\/fr\/parc-de-loisirs\/spectacles\/eds-halloween-parade\" target=\"_blank\" rel=\"noopener\">parade Halloween d\u2019Europa-Park<\/a> tous les jours \u00e0 17h30 au d\u00e9part d&#8217;Euro-Mir. \u00c0 Europa-Park, la saison d&#8217;Halloween s&#8217;adresse \u00e0 toute la famille et nous avons un accord avec les monstres. Ils nous ont promis d&#8217;\u00eatre gentils avec les petits visiteurs ! Du 26 octobre au 3 novembre 2024, sur le lac entre l\u2019Univers de l\u2019Aventure et la For\u00eat Enchant\u00e9e Grimm, le nouveau spectacle aquatique, pyrotechnique et laser \u00ab <a href=\"https:\/\/www.europapark.de\/fr\/parc-de-loisirs\/spectacles\/hellfire-fountains-burning-hearts\" target=\"_blank\" rel=\"noopener\">Hellfire Fountains &#8211; Burning Hearts<\/a> \u00bb vous attend : laissez-vous entra\u00eener par la musique et contemplez l&#8217;interaction \u00e9poustouflante de la lumi\u00e8re, de l\u2019eau et du feu. Id\u00e9al pour conclure en beaut\u00e9 une journ\u00e9e riche en aventures \u00e0 Europa-Park.<\/p>\n<figure id=\"attachment_11312\" aria-labelledby=\"figcaption_attachment_11312\" class=\"wp-caption aligncenter\"><img loading=\"lazy\" decoding=\"async\" class=\"wp-image-11312 size-large\" src=\"https:\/\/blog.europapark.de\/wp-content\/uploads\/2021\/10\/7f3096a9-5817-4103-af8e-0f2d46f47427-1024x728.jpg\" alt=\"Une parade haute en couleur ! \" width=\"1024\" height=\"728\" srcset=\"https:\/\/blog.europapark.de\/wp-content\/uploads\/2021\/10\/7f3096a9-5817-4103-af8e-0f2d46f47427-1024x728.jpg 1024w, https:\/\/blog.europapark.de\/wp-content\/uploads\/2021\/10\/7f3096a9-5817-4103-af8e-0f2d46f47427-400x284.jpg 400w, https:\/\/blog.europapark.de\/wp-content\/uploads\/2021\/10\/7f3096a9-5817-4103-af8e-0f2d46f47427-768x546.jpg 768w, https:\/\/blog.europapark.de\/wp-content\/uploads\/2021\/10\/7f3096a9-5817-4103-af8e-0f2d46f47427-1536x1092.jpg 1536w, https:\/\/blog.europapark.de\/wp-content\/uploads\/2021\/10\/7f3096a9-5817-4103-af8e-0f2d46f47427.jpg 1600w\" sizes=\"auto, (max-width: 1024px) 100vw, 1024px\" \/><figcaption id=\"figcaption_attachment_11312\" class=\"wp-caption-text\">Une parade haute en couleur !<\/figcaption><\/figure>\n<figure id=\"attachment_11310\" aria-labelledby=\"figcaption_attachment_11310\" class=\"wp-caption aligncenter\"><img loading=\"lazy\" decoding=\"async\" class=\"wp-image-11310 size-large\" src=\"https:\/\/blog.europapark.de\/wp-content\/uploads\/2021\/10\/c953c51c-2fd4-4419-ac00-c4a9cfc15f12-1024x576.jpg\" alt=\"Gare aux monstres ! \" width=\"1024\" height=\"576\" srcset=\"https:\/\/blog.europapark.de\/wp-content\/uploads\/2021\/10\/c953c51c-2fd4-4419-ac00-c4a9cfc15f12-1024x576.jpg 1024w, https:\/\/blog.europapark.de\/wp-content\/uploads\/2021\/10\/c953c51c-2fd4-4419-ac00-c4a9cfc15f12-400x225.jpg 400w, https:\/\/blog.europapark.de\/wp-content\/uploads\/2021\/10\/c953c51c-2fd4-4419-ac00-c4a9cfc15f12-768x432.jpg 768w, https:\/\/blog.europapark.de\/wp-content\/uploads\/2021\/10\/c953c51c-2fd4-4419-ac00-c4a9cfc15f12-1536x864.jpg 1536w, https:\/\/blog.europapark.de\/wp-content\/uploads\/2021\/10\/c953c51c-2fd4-4419-ac00-c4a9cfc15f12.jpg 1600w\" sizes=\"auto, (max-width: 1024px) 100vw, 1024px\" \/><figcaption id=\"figcaption_attachment_11310\" class=\"wp-caption-text\">Gare aux monstres !<\/figcaption><\/figure>\n<figure id=\"attachment_11308\" aria-labelledby=\"figcaption_attachment_11308\" class=\"wp-caption aligncenter\"><img loading=\"lazy\" decoding=\"async\" class=\"wp-image-11308 size-large\" src=\"https:\/\/blog.europapark.de\/wp-content\/uploads\/2021\/10\/385893573_692956929526870_8104142502675803701_n-1024x684.jpg\" alt=\"Retrouvez Scary Movie Hits sur la sc\u00e8ne italienne !\" width=\"1024\" height=\"684\" srcset=\"https:\/\/blog.europapark.de\/wp-content\/uploads\/2021\/10\/385893573_692956929526870_8104142502675803701_n-1024x684.jpg 1024w, https:\/\/blog.europapark.de\/wp-content\/uploads\/2021\/10\/385893573_692956929526870_8104142502675803701_n-400x267.jpg 400w, https:\/\/blog.europapark.de\/wp-content\/uploads\/2021\/10\/385893573_692956929526870_8104142502675803701_n-768x513.jpg 768w, https:\/\/blog.europapark.de\/wp-content\/uploads\/2021\/10\/385893573_692956929526870_8104142502675803701_n-1536x1026.jpg 1536w, https:\/\/blog.europapark.de\/wp-content\/uploads\/2021\/10\/385893573_692956929526870_8104142502675803701_n-1700x1136.jpg 1700w, https:\/\/blog.europapark.de\/wp-content\/uploads\/2021\/10\/385893573_692956929526870_8104142502675803701_n.jpg 2048w\" sizes=\"auto, (max-width: 1024px) 100vw, 1024px\" \/><figcaption id=\"figcaption_attachment_11308\" class=\"wp-caption-text\">Retrouvez Scary Movie Hits sur la sc\u00e8ne italienne !<\/figcaption><\/figure>\n<p>Si les monstres sont gentils \u00e0 Europa-Park, nous ne pouvons pas en dire autant pour <a href=\"https:\/\/www.europapark.de\/fr\/evenements\/traumatica-festival-fear\" target=\"_blank\" rel=\"noopener\">Traumatica &#8211; Festival of Fears<\/a>&#8230;\u00a0 Le monde post-apocalyptique de Traumatica accueille de nouveaux habitants.\u00a0Une f\u00eate foraine macabre s\u2019installe et promet encore plus de folie et d\u2019\u00e9pouvante.\u00a0Libre \u00e0 vous de vous y aventurer en r\u00e9servant vos <a href=\"https:\/\/tickets.mackinternational.de\/fr\/categorie\/traumatica-festival-of-fear\" target=\"_blank\" rel=\"noopener\">billets<\/a> et t\u00e9l\u00e9chargeant l&#8217;<a href=\"https:\/\/play.google.com\/store\/apps\/details?id=com.EuropaParkMackKG.Traumatica&amp;hl=gsw&amp;gl=US\" target=\"_blank\" rel=\"noopener\">application<\/a>&#8230; Peut-\u00eatre que vous aurez moins peur en affrontant les cr\u00e9atures en r\u00e9alit\u00e9 virtuelle avec l&#8217;<a href=\"https:\/\/tickets.mackinternational.de\/fr\/ticket\/yullbe-go\" target=\"_blank\" rel=\"noopener\">exp\u00e9rience YULLBE GO<\/a> mais nous ne pouvons pas vous le garantir&#8230;<\/p>\n<figure id=\"attachment_9739\" aria-labelledby=\"figcaption_attachment_9739\" class=\"wp-caption aligncenter\"><img loading=\"lazy\" decoding=\"async\" class=\"wp-image-9739 size-large\" src=\"https:\/\/blog.europapark.de\/wp-content\/uploads\/2021\/10\/309367624_1485916041834979_1582764773981038433_n-1024x683.jpeg\" alt=\"Traumatica \u2013 Festival of Fear va vous terrifier !\" width=\"1024\" height=\"683\" srcset=\"https:\/\/blog.europapark.de\/wp-content\/uploads\/2021\/10\/309367624_1485916041834979_1582764773981038433_n-1024x683.jpeg 1024w, https:\/\/blog.europapark.de\/wp-content\/uploads\/2021\/10\/309367624_1485916041834979_1582764773981038433_n-400x267.jpeg 400w, https:\/\/blog.europapark.de\/wp-content\/uploads\/2021\/10\/309367624_1485916041834979_1582764773981038433_n-768x512.jpeg 768w, https:\/\/blog.europapark.de\/wp-content\/uploads\/2021\/10\/309367624_1485916041834979_1582764773981038433_n-1536x1024.jpeg 1536w, https:\/\/blog.europapark.de\/wp-content\/uploads\/2021\/10\/309367624_1485916041834979_1582764773981038433_n-1700x1133.jpeg 1700w, https:\/\/blog.europapark.de\/wp-content\/uploads\/2021\/10\/309367624_1485916041834979_1582764773981038433_n.jpeg 2048w\" sizes=\"auto, (max-width: 1024px) 100vw, 1024px\" \/><figcaption id=\"figcaption_attachment_9739\" class=\"wp-caption-text\">Traumatica \u2013 Festival of Fear va vous terrifier !<\/figcaption><\/figure>\n<p>Les frissons d&#8217;Halloween se vivent aussi \u00e0 Rulantica avec des animations, des d\u00e9corations et une restauration sp\u00e9ciales ! Snorri voulait aussi faire la f\u00eate \u00e0 sa fa\u00e7on ! Vous pouvez en d\u00e9couvrir plus dans notre <a href=\"https:\/\/blog.europapark.de\/fr\/rulantica-fr\/frissons-dhalloween-a-rulantica\/\" target=\"_blank\" rel=\"noopener\">article d\u00e9di\u00e9<\/a> !<\/p>\n<div class=\"wpmf-gallerys wpmf-gallerys-life\"><div id=\"gallery-2\" class=\"gallery wpmf_gallery_default gallery_default gallery-columns-1 gallery-size-large gallery-link-file wpmf-has-border-radius-0 wpmf-gutterwidth-5\"><figure class=\"wpmf-gallery-item\"><div class=\"wpmf-gallery-icon\"><a class=\" not_video\" data-lightbox=\"1\" href=\"https:\/\/blog.europapark.de\/wp-content\/uploads\/2021\/10\/MicrosoftTeams-image-1-1024x683.jpg\" data-title=\"Rulantica se met aussi en mode Halloween !\" target=\"_self\"><img loading=\"lazy\" decoding=\"async\" width=\"1024\" height=\"683\" src=\"https:\/\/blog.europapark.de\/wp-content\/uploads\/2021\/10\/MicrosoftTeams-image-1-1024x683.jpg\" class=\"attachment-large size-large\" alt=\"Rulantica se met aussi en mode Halloween !\" data-type=\"wpmfgalleryimg\" data-lazy-src=\"0\" srcset=\"https:\/\/blog.europapark.de\/wp-content\/uploads\/2021\/10\/MicrosoftTeams-image-1-1024x683.jpg 1024w, https:\/\/blog.europapark.de\/wp-content\/uploads\/2021\/10\/MicrosoftTeams-image-1-400x267.jpg 400w, https:\/\/blog.europapark.de\/wp-content\/uploads\/2021\/10\/MicrosoftTeams-image-1-768x512.jpg 768w, https:\/\/blog.europapark.de\/wp-content\/uploads\/2021\/10\/MicrosoftTeams-image-1-1536x1025.jpg 1536w, https:\/\/blog.europapark.de\/wp-content\/uploads\/2021\/10\/MicrosoftTeams-image-1-1700x1134.jpg 1700w, https:\/\/blog.europapark.de\/wp-content\/uploads\/2021\/10\/MicrosoftTeams-image-1.jpg 2048w\" sizes=\"auto, (max-width: 1024px) 100vw, 1024px\" \/><\/a><\/div><figcaption class=\"wp-caption-text gallery-caption\">Rulantica se met aussi en mode Halloween !<\/figcaption><\/figure><figure class=\"wpmf-gallery-item\"><div class=\"wpmf-gallery-icon\"><a class=\" not_video\" data-lightbox=\"1\" href=\"https:\/\/blog.europapark.de\/wp-content\/uploads\/2021\/10\/MicrosoftTeams-image-2-1024x683.jpg\" data-title=\"De nombreuses animations pour les enfants !\" target=\"_self\"><img loading=\"lazy\" decoding=\"async\" width=\"1024\" height=\"683\" src=\"https:\/\/blog.europapark.de\/wp-content\/uploads\/2021\/10\/MicrosoftTeams-image-2-1024x683.jpg\" class=\"attachment-large size-large\" alt=\"De nombreuses animations pour les enfants !\" data-type=\"wpmfgalleryimg\" data-lazy-src=\"0\" srcset=\"https:\/\/blog.europapark.de\/wp-content\/uploads\/2021\/10\/MicrosoftTeams-image-2-1024x683.jpg 1024w, https:\/\/blog.europapark.de\/wp-content\/uploads\/2021\/10\/MicrosoftTeams-image-2-400x267.jpg 400w, https:\/\/blog.europapark.de\/wp-content\/uploads\/2021\/10\/MicrosoftTeams-image-2-768x512.jpg 768w, https:\/\/blog.europapark.de\/wp-content\/uploads\/2021\/10\/MicrosoftTeams-image-2-1536x1025.jpg 1536w, https:\/\/blog.europapark.de\/wp-content\/uploads\/2021\/10\/MicrosoftTeams-image-2-2048x1366.jpg 2048w, https:\/\/blog.europapark.de\/wp-content\/uploads\/2021\/10\/MicrosoftTeams-image-2-1700x1134.jpg 1700w\" sizes=\"auto, (max-width: 1024px) 100vw, 1024px\" \/><\/a><\/div><figcaption class=\"wp-caption-text gallery-caption\">De nombreuses animations pour les enfants !<\/figcaption><\/figure><figure class=\"wpmf-gallery-item\"><div class=\"wpmf-gallery-icon\"><a class=\" not_video\" data-lightbox=\"1\" href=\"https:\/\/blog.europapark.de\/wp-content\/uploads\/2021\/10\/MicrosoftTeams-image-6-1024x683.jpg\" data-title=\"Original comme topping pour un cocktail, non ?\" target=\"_self\"><img loading=\"lazy\" decoding=\"async\" width=\"1024\" height=\"683\" src=\"https:\/\/blog.europapark.de\/wp-content\/uploads\/2021\/10\/MicrosoftTeams-image-6-1024x683.jpg\" class=\"attachment-large size-large\" alt=\"Original comme topping pour un cocktail, non ?\" data-type=\"wpmfgalleryimg\" data-lazy-src=\"0\" srcset=\"https:\/\/blog.europapark.de\/wp-content\/uploads\/2021\/10\/MicrosoftTeams-image-6-1024x683.jpg 1024w, https:\/\/blog.europapark.de\/wp-content\/uploads\/2021\/10\/MicrosoftTeams-image-6-400x267.jpg 400w, https:\/\/blog.europapark.de\/wp-content\/uploads\/2021\/10\/MicrosoftTeams-image-6-768x512.jpg 768w, https:\/\/blog.europapark.de\/wp-content\/uploads\/2021\/10\/MicrosoftTeams-image-6-1536x1025.jpg 1536w, https:\/\/blog.europapark.de\/wp-content\/uploads\/2021\/10\/MicrosoftTeams-image-6-2048x1366.jpg 2048w, https:\/\/blog.europapark.de\/wp-content\/uploads\/2021\/10\/MicrosoftTeams-image-6-1700x1134.jpg 1700w\" sizes=\"auto, (max-width: 1024px) 100vw, 1024px\" \/><\/a><\/div><figcaption class=\"wp-caption-text gallery-caption\">Original comme topping pour un cocktail, non ?<\/figcaption><\/figure><\/div><\/div>\n<p>Avis aux fant\u00f4mes nocturnes et aux vampires f\u00eatard : le 31 octobre, diff\u00e9rents DJs de SWR3 se chargeront de cr\u00e9er une ambiance de f\u00eate endiabl\u00e9e pour la <a href=\"https:\/\/www.europapark.de\/fr\/evenements\/swr3-halloween-party\" target=\"_blank\" rel=\"noopener\">SWR3 Halloween-Party<\/a>.<\/p>\n<p>Nos monstres et sorci\u00e8res n&#8217;attendent plus que vous pour <a href=\"https:\/\/tickets.mackinternational.de\/fr\/europapark\/billet-dentree-1-jour-europapark\" target=\"_blank\" rel=\"noopener\">f\u00eater Halloween<\/a> en beaut\u00e9 (ou plut\u00f4t horreur&#8230;) !<\/p>\n","protected":false},"excerpt":{"rendered":"<p>Vous l&#8217;attendez chaque ann\u00e9e avec impatience : la saison d&#8217;Halloween ! Jusqu&#8217;au 3 novembre 2024, Europa-Park ouvre ses portes aux&#8230;<\/p>\n","protected":false},"author":22,"featured_media":6824,"comment_status":"open","ping_status":"open","sticky":false,"template":"","format":"standard","meta":{"_acf_changed":false,"footnotes":""},"categories":[207],"tags":[317,601,683,266,300,682,605],"class_list":["post-6773","post","type-post","status-publish","format-standard","has-post-thumbnail","hentry","category-europa-park-fr","tag-attraction","tag-citrouilles","tag-decorations","tag-europa-park-fr-2","tag-halloween-fr","tag-monstres","tag-saison-dhalloween"],"acf":[],"yoast_head":"<!-- This site is optimized with the Yoast SEO plugin v26.9 - https:\/\/yoast.com\/product\/yoast-seo-wordpress\/ -->\n<title>Mode Halloween : activ\u00e9 ! - Le blog officiel d\u2019Europa-Park<\/title>\n<meta name=\"robots\" content=\"index, follow, max-snippet:-1, max-image-preview:large, max-video-preview:-1\" \/>\n<link rel=\"canonical\" href=\"https:\/\/blog.europapark.de\/fr\/europa-park-fr\/mode-halloween-active\/\" \/>\n<meta property=\"og:locale\" content=\"fr_FR\" \/>\n<meta property=\"og:type\" content=\"article\" \/>\n<meta property=\"og:title\" content=\"Mode Halloween : activ\u00e9 ! - Le blog officiel d\u2019Europa-Park\" \/>\n<meta property=\"og:description\" content=\"Vous l&#8217;attendez chaque ann\u00e9e avec impatience : la saison d&#8217;Halloween ! Jusqu&#8217;au 3 novembre 2024, Europa-Park ouvre ses portes aux...\" \/>\n<meta property=\"og:url\" content=\"https:\/\/blog.europapark.de\/fr\/europa-park-fr\/mode-halloween-active\/\" \/>\n<meta property=\"og:site_name\" content=\"Le blog officiel d\u2019Europa-Park\" \/>\n<meta property=\"article:published_time\" content=\"2024-10-01T07:20:14+00:00\" \/>\n<meta property=\"article:modified_time\" content=\"2024-10-01T09:21:12+00:00\" \/>\n<meta property=\"og:image\" content=\"https:\/\/blog.europapark.de\/wp-content\/uploads\/2021\/10\/EP21_Halloween_2021_Impressionen_Park_026.jpg\" \/>\n\t<meta property=\"og:image:width\" content=\"2560\" \/>\n\t<meta property=\"og:image:height\" content=\"1708\" \/>\n\t<meta property=\"og:image:type\" content=\"image\/jpeg\" \/>\n<meta name=\"author\" content=\"Marine Bostetter\" \/>\n<meta name=\"twitter:card\" content=\"summary_large_image\" \/>\n<meta name=\"twitter:label1\" content=\"\u00c9crit par\" \/>\n\t<meta name=\"twitter:data1\" content=\"Marine Bostetter\" \/>\n\t<meta name=\"twitter:label2\" content=\"Dur\u00e9e de lecture estim\u00e9e\" \/>\n\t<meta name=\"twitter:data2\" content=\"7 minutes\" \/>\n<script type=\"application\/ld+json\" class=\"yoast-schema-graph\">{\"@context\":\"https:\/\/schema.org\",\"@graph\":[{\"@type\":\"Article\",\"@id\":\"https:\/\/blog.europapark.de\/fr\/europa-park-fr\/mode-halloween-active\/#article\",\"isPartOf\":{\"@id\":\"https:\/\/blog.europapark.de\/fr\/europa-park-fr\/mode-halloween-active\/\"},\"author\":{\"name\":\"Marine Bostetter\",\"@id\":\"https:\/\/blog.europapark.de\/fr\/#\/schema\/person\/33a8e6425d00a5338b0f3b919774c892\"},\"headline\":\"Mode Halloween : activ\u00e9 !\",\"datePublished\":\"2024-10-01T07:20:14+00:00\",\"dateModified\":\"2024-10-01T09:21:12+00:00\",\"mainEntityOfPage\":{\"@id\":\"https:\/\/blog.europapark.de\/fr\/europa-park-fr\/mode-halloween-active\/\"},\"wordCount\":909,\"commentCount\":0,\"image\":{\"@id\":\"https:\/\/blog.europapark.de\/fr\/europa-park-fr\/mode-halloween-active\/#primaryimage\"},\"thumbnailUrl\":\"https:\/\/blog.europapark.de\/wp-content\/uploads\/2021\/10\/EP21_Halloween_2021_Impressionen_Park_026.jpg\",\"keywords\":[\"Attraction\",\"Citrouilles\",\"D\u00e9corations\",\"Europa-Park\",\"Halloween\",\"Monstres\",\"Saison d'Halloween\"],\"articleSection\":[\"Europa-Park\"],\"inLanguage\":\"fr-FR\",\"potentialAction\":[{\"@type\":\"CommentAction\",\"name\":\"Comment\",\"target\":[\"https:\/\/blog.europapark.de\/fr\/europa-park-fr\/mode-halloween-active\/#respond\"]}]},{\"@type\":\"WebPage\",\"@id\":\"https:\/\/blog.europapark.de\/fr\/europa-park-fr\/mode-halloween-active\/\",\"url\":\"https:\/\/blog.europapark.de\/fr\/europa-park-fr\/mode-halloween-active\/\",\"name\":\"Mode Halloween : activ\u00e9 ! - Le blog officiel d\u2019Europa-Park\",\"isPartOf\":{\"@id\":\"https:\/\/blog.europapark.de\/fr\/#website\"},\"primaryImageOfPage\":{\"@id\":\"https:\/\/blog.europapark.de\/fr\/europa-park-fr\/mode-halloween-active\/#primaryimage\"},\"image\":{\"@id\":\"https:\/\/blog.europapark.de\/fr\/europa-park-fr\/mode-halloween-active\/#primaryimage\"},\"thumbnailUrl\":\"https:\/\/blog.europapark.de\/wp-content\/uploads\/2021\/10\/EP21_Halloween_2021_Impressionen_Park_026.jpg\",\"datePublished\":\"2024-10-01T07:20:14+00:00\",\"dateModified\":\"2024-10-01T09:21:12+00:00\",\"author\":{\"@id\":\"https:\/\/blog.europapark.de\/fr\/#\/schema\/person\/33a8e6425d00a5338b0f3b919774c892\"},\"breadcrumb\":{\"@id\":\"https:\/\/blog.europapark.de\/fr\/europa-park-fr\/mode-halloween-active\/#breadcrumb\"},\"inLanguage\":\"fr-FR\",\"potentialAction\":[{\"@type\":\"ReadAction\",\"target\":[\"https:\/\/blog.europapark.de\/fr\/europa-park-fr\/mode-halloween-active\/\"]}]},{\"@type\":\"ImageObject\",\"inLanguage\":\"fr-FR\",\"@id\":\"https:\/\/blog.europapark.de\/fr\/europa-park-fr\/mode-halloween-active\/#primaryimage\",\"url\":\"https:\/\/blog.europapark.de\/wp-content\/uploads\/2021\/10\/EP21_Halloween_2021_Impressionen_Park_026.jpg\",\"contentUrl\":\"https:\/\/blog.europapark.de\/wp-content\/uploads\/2021\/10\/EP21_Halloween_2021_Impressionen_Park_026.jpg\",\"width\":2560,\"height\":1708,\"caption\":\"D\u00e8s votre arriv\u00e9e, vous \u00eates plong\u00e9s dans l'ambiance d'Halloween !\"},{\"@type\":\"BreadcrumbList\",\"@id\":\"https:\/\/blog.europapark.de\/fr\/europa-park-fr\/mode-halloween-active\/#breadcrumb\",\"itemListElement\":[{\"@type\":\"ListItem\",\"position\":1,\"name\":\"Accueil\",\"item\":\"https:\/\/blog.europapark.de\/fr\/\"},{\"@type\":\"ListItem\",\"position\":2,\"name\":\"Mode Halloween : activ\u00e9 !\"}]},{\"@type\":\"WebSite\",\"@id\":\"https:\/\/blog.europapark.de\/fr\/#website\",\"url\":\"https:\/\/blog.europapark.de\/fr\/\",\"name\":\"Le blog officiel d\u2019Europa-Park\",\"description\":\"\",\"potentialAction\":[{\"@type\":\"SearchAction\",\"target\":{\"@type\":\"EntryPoint\",\"urlTemplate\":\"https:\/\/blog.europapark.de\/fr\/?s={search_term_string}\"},\"query-input\":{\"@type\":\"PropertyValueSpecification\",\"valueRequired\":true,\"valueName\":\"search_term_string\"}}],\"inLanguage\":\"fr-FR\"},{\"@type\":\"Person\",\"@id\":\"https:\/\/blog.europapark.de\/fr\/#\/schema\/person\/33a8e6425d00a5338b0f3b919774c892\",\"name\":\"Marine Bostetter\",\"image\":{\"@type\":\"ImageObject\",\"inLanguage\":\"fr-FR\",\"@id\":\"https:\/\/blog.europapark.de\/fr\/#\/schema\/person\/image\/\",\"url\":\"https:\/\/blog.europapark.de\/wp-content\/uploads\/2024\/01\/IMG_2126-150x150.jpg\",\"contentUrl\":\"https:\/\/blog.europapark.de\/wp-content\/uploads\/2024\/01\/IMG_2126-150x150.jpg\",\"caption\":\"Marine Bostetter\"},\"url\":\"https:\/\/blog.europapark.de\/fr\/author\/marine-bostetter\/\"}]}<\/script>\n<!-- \/ Yoast SEO plugin. -->","yoast_head_json":{"title":"Mode Halloween : activ\u00e9 ! - Le blog officiel d\u2019Europa-Park","robots":{"index":"index","follow":"follow","max-snippet":"max-snippet:-1","max-image-preview":"max-image-preview:large","max-video-preview":"max-video-preview:-1"},"canonical":"https:\/\/blog.europapark.de\/fr\/europa-park-fr\/mode-halloween-active\/","og_locale":"fr_FR","og_type":"article","og_title":"Mode Halloween : activ\u00e9 ! - Le blog officiel d\u2019Europa-Park","og_description":"Vous l&#8217;attendez chaque ann\u00e9e avec impatience : la saison d&#8217;Halloween ! Jusqu&#8217;au 3 novembre 2024, Europa-Park ouvre ses portes aux...","og_url":"https:\/\/blog.europapark.de\/fr\/europa-park-fr\/mode-halloween-active\/","og_site_name":"Le blog officiel d\u2019Europa-Park","article_published_time":"2024-10-01T07:20:14+00:00","article_modified_time":"2024-10-01T09:21:12+00:00","og_image":[{"width":2560,"height":1708,"url":"https:\/\/blog.europapark.de\/wp-content\/uploads\/2021\/10\/EP21_Halloween_2021_Impressionen_Park_026.jpg","type":"image\/jpeg"}],"author":"Marine Bostetter","twitter_card":"summary_large_image","twitter_misc":{"\u00c9crit par":"Marine Bostetter","Dur\u00e9e de lecture estim\u00e9e":"7 minutes"},"schema":{"@context":"https:\/\/schema.org","@graph":[{"@type":"Article","@id":"https:\/\/blog.europapark.de\/fr\/europa-park-fr\/mode-halloween-active\/#article","isPartOf":{"@id":"https:\/\/blog.europapark.de\/fr\/europa-park-fr\/mode-halloween-active\/"},"author":{"name":"Marine Bostetter","@id":"https:\/\/blog.europapark.de\/fr\/#\/schema\/person\/33a8e6425d00a5338b0f3b919774c892"},"headline":"Mode Halloween : activ\u00e9 !","datePublished":"2024-10-01T07:20:14+00:00","dateModified":"2024-10-01T09:21:12+00:00","mainEntityOfPage":{"@id":"https:\/\/blog.europapark.de\/fr\/europa-park-fr\/mode-halloween-active\/"},"wordCount":909,"commentCount":0,"image":{"@id":"https:\/\/blog.europapark.de\/fr\/europa-park-fr\/mode-halloween-active\/#primaryimage"},"thumbnailUrl":"https:\/\/blog.europapark.de\/wp-content\/uploads\/2021\/10\/EP21_Halloween_2021_Impressionen_Park_026.jpg","keywords":["Attraction","Citrouilles","D\u00e9corations","Europa-Park","Halloween","Monstres","Saison d'Halloween"],"articleSection":["Europa-Park"],"inLanguage":"fr-FR","potentialAction":[{"@type":"CommentAction","name":"Comment","target":["https:\/\/blog.europapark.de\/fr\/europa-park-fr\/mode-halloween-active\/#respond"]}]},{"@type":"WebPage","@id":"https:\/\/blog.europapark.de\/fr\/europa-park-fr\/mode-halloween-active\/","url":"https:\/\/blog.europapark.de\/fr\/europa-park-fr\/mode-halloween-active\/","name":"Mode Halloween : activ\u00e9 ! - Le blog officiel d\u2019Europa-Park","isPartOf":{"@id":"https:\/\/blog.europapark.de\/fr\/#website"},"primaryImageOfPage":{"@id":"https:\/\/blog.europapark.de\/fr\/europa-park-fr\/mode-halloween-active\/#primaryimage"},"image":{"@id":"https:\/\/blog.europapark.de\/fr\/europa-park-fr\/mode-halloween-active\/#primaryimage"},"thumbnailUrl":"https:\/\/blog.europapark.de\/wp-content\/uploads\/2021\/10\/EP21_Halloween_2021_Impressionen_Park_026.jpg","datePublished":"2024-10-01T07:20:14+00:00","dateModified":"2024-10-01T09:21:12+00:00","author":{"@id":"https:\/\/blog.europapark.de\/fr\/#\/schema\/person\/33a8e6425d00a5338b0f3b919774c892"},"breadcrumb":{"@id":"https:\/\/blog.europapark.de\/fr\/europa-park-fr\/mode-halloween-active\/#breadcrumb"},"inLanguage":"fr-FR","potentialAction":[{"@type":"ReadAction","target":["https:\/\/blog.europapark.de\/fr\/europa-park-fr\/mode-halloween-active\/"]}]},{"@type":"ImageObject","inLanguage":"fr-FR","@id":"https:\/\/blog.europapark.de\/fr\/europa-park-fr\/mode-halloween-active\/#primaryimage","url":"https:\/\/blog.europapark.de\/wp-content\/uploads\/2021\/10\/EP21_Halloween_2021_Impressionen_Park_026.jpg","contentUrl":"https:\/\/blog.europapark.de\/wp-content\/uploads\/2021\/10\/EP21_Halloween_2021_Impressionen_Park_026.jpg","width":2560,"height":1708,"caption":"D\u00e8s votre arriv\u00e9e, vous \u00eates plong\u00e9s dans l'ambiance d'Halloween !"},{"@type":"BreadcrumbList","@id":"https:\/\/blog.europapark.de\/fr\/europa-park-fr\/mode-halloween-active\/#breadcrumb","itemListElement":[{"@type":"ListItem","position":1,"name":"Accueil","item":"https:\/\/blog.europapark.de\/fr\/"},{"@type":"ListItem","position":2,"name":"Mode Halloween : activ\u00e9 !"}]},{"@type":"WebSite","@id":"https:\/\/blog.europapark.de\/fr\/#website","url":"https:\/\/blog.europapark.de\/fr\/","name":"Le blog officiel d\u2019Europa-Park","description":"","potentialAction":[{"@type":"SearchAction","target":{"@type":"EntryPoint","urlTemplate":"https:\/\/blog.europapark.de\/fr\/?s={search_term_string}"},"query-input":{"@type":"PropertyValueSpecification","valueRequired":true,"valueName":"search_term_string"}}],"inLanguage":"fr-FR"},{"@type":"Person","@id":"https:\/\/blog.europapark.de\/fr\/#\/schema\/person\/33a8e6425d00a5338b0f3b919774c892","name":"Marine Bostetter","image":{"@type":"ImageObject","inLanguage":"fr-FR","@id":"https:\/\/blog.europapark.de\/fr\/#\/schema\/person\/image\/","url":"https:\/\/blog.europapark.de\/wp-content\/uploads\/2024\/01\/IMG_2126-150x150.jpg","contentUrl":"https:\/\/blog.europapark.de\/wp-content\/uploads\/2024\/01\/IMG_2126-150x150.jpg","caption":"Marine Bostetter"},"url":"https:\/\/blog.europapark.de\/fr\/author\/marine-bostetter\/"}]}},"_links":{"self":[{"href":"https:\/\/blog.europapark.de\/fr\/wp-json\/wp\/v2\/posts\/6773","targetHints":{"allow":["GET"]}}],"collection":[{"href":"https:\/\/blog.europapark.de\/fr\/wp-json\/wp\/v2\/posts"}],"about":[{"href":"https:\/\/blog.europapark.de\/fr\/wp-json\/wp\/v2\/types\/post"}],"author":[{"embeddable":true,"href":"https:\/\/blog.europapark.de\/fr\/wp-json\/wp\/v2\/users\/22"}],"replies":[{"embeddable":true,"href":"https:\/\/blog.europapark.de\/fr\/wp-json\/wp\/v2\/comments?post=6773"}],"version-history":[{"count":49,"href":"https:\/\/blog.europapark.de\/fr\/wp-json\/wp\/v2\/posts\/6773\/revisions"}],"predecessor-version":[{"id":13422,"href":"https:\/\/blog.europapark.de\/fr\/wp-json\/wp\/v2\/posts\/6773\/revisions\/13422"}],"wp:featuredmedia":[{"embeddable":true,"href":"https:\/\/blog.europapark.de\/fr\/wp-json\/wp\/v2\/media\/6824"}],"wp:attachment":[{"href":"https:\/\/blog.europapark.de\/fr\/wp-json\/wp\/v2\/media?parent=6773"}],"wp:term":[{"taxonomy":"category","embeddable":true,"href":"https:\/\/blog.europapark.de\/fr\/wp-json\/wp\/v2\/categories?post=6773"},{"taxonomy":"post_tag","embeddable":true,"href":"https:\/\/blog.europapark.de\/fr\/wp-json\/wp\/v2\/tags?post=6773"}],"curies":[{"name":"wp","href":"https:\/\/api.w.org\/{rel}","templated":true}]}}