{"id":6269,"date":"2021-07-09T09:51:26","date_gmt":"2021-07-09T07:51:26","guid":{"rendered":"https:\/\/blog.europapark.de\/?p=6269"},"modified":"2021-07-09T09:51:26","modified_gmt":"2021-07-09T07:51:26","slug":"europa-park-un-paradis-pour-les-amoureux-de-la-nature","status":"publish","type":"post","link":"https:\/\/blog.europapark.de\/fr\/europa-park-fr\/europa-park-un-paradis-pour-les-amoureux-de-la-nature\/","title":{"rendered":"Europa-Park, un paradis pour les amoureux de la nature"},"content":{"rendered":"<p><strong>Des arbres gigantesques, de magnifiques parterres de fleurs et des aires de pique-nique entour\u00e9es de verdure : Europa-Park est un v\u00e9ritable paradis pour les amoureux de la nature. Nous allons vous faire d\u00e9couvrir les espaces verts et les petites mains qui y travaillent.<\/strong><\/p>\n<figure id=\"attachment_6241\" aria-labelledby=\"figcaption_attachment_6241\" class=\"wp-caption aligncenter\"><img loading=\"lazy\" decoding=\"async\" class=\"wp-image-6241 size-full\" src=\"https:\/\/blog.europapark.de\/wp-content\/uploads\/2021\/07\/EP13_Allgemein_EP-Express_02.jpg-min-scaled.jpg\" alt=\"Rien de mieux qu'un tour \u00e0 bord de l'EP-Express pour admirer les beaux espaces verts !\" width=\"2560\" height=\"1707\" srcset=\"https:\/\/blog.europapark.de\/wp-content\/uploads\/2021\/07\/EP13_Allgemein_EP-Express_02.jpg-min-scaled.jpg 2560w, https:\/\/blog.europapark.de\/wp-content\/uploads\/2021\/07\/EP13_Allgemein_EP-Express_02.jpg-min-400x267.jpg 400w, https:\/\/blog.europapark.de\/wp-content\/uploads\/2021\/07\/EP13_Allgemein_EP-Express_02.jpg-min-1024x683.jpg 1024w, https:\/\/blog.europapark.de\/wp-content\/uploads\/2021\/07\/EP13_Allgemein_EP-Express_02.jpg-min-768x512.jpg 768w, https:\/\/blog.europapark.de\/wp-content\/uploads\/2021\/07\/EP13_Allgemein_EP-Express_02.jpg-min-1536x1024.jpg 1536w, https:\/\/blog.europapark.de\/wp-content\/uploads\/2021\/07\/EP13_Allgemein_EP-Express_02.jpg-min-2048x1365.jpg 2048w, https:\/\/blog.europapark.de\/wp-content\/uploads\/2021\/07\/EP13_Allgemein_EP-Express_02.jpg-min-1700x1133.jpg 1700w\" sizes=\"auto, (max-width: 2560px) 100vw, 2560px\" \/><figcaption id=\"figcaption_attachment_6241\" class=\"wp-caption-text\">Rien de mieux qu&#8217;un tour \u00e0 bord de l&#8217;EP-Express pour admirer les beaux espaces verts !<\/figcaption><\/figure>\n<p>Une l\u00e9g\u00e8re brise caresse la cime des arbres et les fleurs ajoutent de la couleur \u00e0 la journ\u00e9e des visiteurs. Le cadre est idyllique pour une petite pause avant de repartir \u00e0 l&#8217;aventure dans les grands huit. Sur une surface de 95 hectares, Europa-Park compte 5 500 arbres tandis que l&#8217;univers aquatique Rulantica en d\u00e9compte 2 500. Ainsi, les parcs s&#8217;int\u00e8grent parfaitement au paysage de la vall\u00e9e du Rhin.<\/p>\n<p>\u00c0 Europa-Park, chaque quartier a des espaces verts qui sont propres \u00e0 sa th\u00e9matisation : des palmiers, des pins et m\u00eame une v\u00e9ritable for\u00eat de ch\u00eanes-li\u00e8ges donnent un air du sud aux quartiers grec et espagnol, tandis que des sapins, des pins et des m\u00e9l\u00e8zes bordent les chemins du quartier scandinave.<\/p>\n<figure id=\"attachment_6237\" aria-labelledby=\"figcaption_attachment_6237\" class=\"wp-caption aligncenter\"><img loading=\"lazy\" decoding=\"async\" class=\"wp-image-6237 size-full\" src=\"https:\/\/blog.europapark.de\/wp-content\/uploads\/2021\/07\/DSC_3249b.jpg-scaled.jpg\" alt=\"Le parc du ch\u00e2teau Balthasar est un v\u00e9ritable havre de paix.\" width=\"2560\" height=\"1675\" srcset=\"https:\/\/blog.europapark.de\/wp-content\/uploads\/2021\/07\/DSC_3249b.jpg-scaled.jpg 2560w, https:\/\/blog.europapark.de\/wp-content\/uploads\/2021\/07\/DSC_3249b.jpg-400x262.jpg 400w, https:\/\/blog.europapark.de\/wp-content\/uploads\/2021\/07\/DSC_3249b.jpg-1024x670.jpg 1024w, https:\/\/blog.europapark.de\/wp-content\/uploads\/2021\/07\/DSC_3249b.jpg-768x503.jpg 768w, https:\/\/blog.europapark.de\/wp-content\/uploads\/2021\/07\/DSC_3249b.jpg-1536x1005.jpg 1536w, https:\/\/blog.europapark.de\/wp-content\/uploads\/2021\/07\/DSC_3249b.jpg-2048x1340.jpg 2048w, https:\/\/blog.europapark.de\/wp-content\/uploads\/2021\/07\/DSC_3249b.jpg-1700x1113.jpg 1700w\" sizes=\"auto, (max-width: 2560px) 100vw, 2560px\" \/><figcaption id=\"figcaption_attachment_6237\" class=\"wp-caption-text\">Le parc du ch\u00e2teau Balthasar est un v\u00e9ritable havre de paix.<\/figcaption><\/figure>\n<p>Le parc historique du ch\u00e2teau de Balthasar, am\u00e9nag\u00e9 au XVIIIe si\u00e8cle par la famille noble Boecklin von Boecklinsau, est un v\u00e9ritable \u00e9crin de verdure. Vous y trouverez des ch\u00eanes majestueux, des platanes \u00e9tal\u00e9s et des s\u00e9quoias g\u00e9ants dont le plus grand est estim\u00e9 avoir plus de 150 ans et 45 m\u00e8tres de haut.<\/p>\n<figure id=\"attachment_6233\" aria-labelledby=\"figcaption_attachment_6233\" class=\"wp-caption aligncenter\"><img loading=\"lazy\" decoding=\"async\" class=\"wp-image-6233 size-full\" src=\"https:\/\/blog.europapark.de\/wp-content\/uploads\/2021\/07\/Baum2.jpg.jpg\" alt=\"Certains arbres du parc sont tr\u00e8s anciens.\" width=\"2126\" height=\"1417\" srcset=\"https:\/\/blog.europapark.de\/wp-content\/uploads\/2021\/07\/Baum2.jpg.jpg 2126w, https:\/\/blog.europapark.de\/wp-content\/uploads\/2021\/07\/Baum2.jpg-400x267.jpg 400w, https:\/\/blog.europapark.de\/wp-content\/uploads\/2021\/07\/Baum2.jpg-1024x683.jpg 1024w, https:\/\/blog.europapark.de\/wp-content\/uploads\/2021\/07\/Baum2.jpg-768x512.jpg 768w, https:\/\/blog.europapark.de\/wp-content\/uploads\/2021\/07\/Baum2.jpg-1536x1024.jpg 1536w, https:\/\/blog.europapark.de\/wp-content\/uploads\/2021\/07\/Baum2.jpg-2048x1365.jpg 2048w, https:\/\/blog.europapark.de\/wp-content\/uploads\/2021\/07\/Baum2.jpg-1700x1133.jpg 1700w\" sizes=\"auto, (max-width: 2126px) 100vw, 2126px\" \/><figcaption id=\"figcaption_attachment_6233\" class=\"wp-caption-text\">Certains arbres du parc sont tr\u00e8s anciens.<\/figcaption><\/figure>\n<p>Depuis bient\u00f4t 30 ans, les grands et petits arbres ainsi que les nombreux arbustes et fleurs d&#8217;Europa-Park sont entretenus par J\u00fcrgen Sedler. Il est le directeur de la jardinerie et, avec 85 collaborateurs, il s&#8217;occupe \u00e0 la fois de l&#8217;entretien et des nouvelles plantations. Le plus important est de pr\u00e9server les vieux arbres. Deux fois par an, les arbres sont inspect\u00e9s, les branches mortes sont enlev\u00e9es et les couronnes sont \u00e9claircies si besoin. Un syst\u00e8me d&#8217;irrigation souterrain fournit les quantit\u00e9s d&#8217;eau n\u00e9cessaires de mani\u00e8re totalement automatis\u00e9e.<\/p>\n<figure id=\"attachment_6239\" aria-labelledby=\"figcaption_attachment_6239\" class=\"wp-caption alignright\"><img loading=\"lazy\" decoding=\"async\" class=\"wp-image-6239 size-full\" src=\"https:\/\/blog.europapark.de\/wp-content\/uploads\/2021\/07\/Sedler.jpg.jpg\" alt=\"J\u00fcrgen Sedler est \u00e0 la t\u00eate de la jardinerie d'Europa-Park. \" width=\"1171\" height=\"1342\" srcset=\"https:\/\/blog.europapark.de\/wp-content\/uploads\/2021\/07\/Sedler.jpg.jpg 1171w, https:\/\/blog.europapark.de\/wp-content\/uploads\/2021\/07\/Sedler.jpg-262x300.jpg 262w, https:\/\/blog.europapark.de\/wp-content\/uploads\/2021\/07\/Sedler.jpg-894x1024.jpg 894w, https:\/\/blog.europapark.de\/wp-content\/uploads\/2021\/07\/Sedler.jpg-768x880.jpg 768w\" sizes=\"auto, (max-width: 1171px) 100vw, 1171px\" \/><figcaption id=\"figcaption_attachment_6239\" class=\"wp-caption-text\">J\u00fcrgen Sedler est \u00e0 la t\u00eate de la jardinerie d&#8217;Europa-Park.<\/figcaption><\/figure>\n<p>\u00ab Les vastes espaces verts d&#8217;Europa-Park sont une attraction en soi \u00bb, d\u00e9clare J\u00fcrgen Sedler. Afin de pr\u00e9server sa nature unique, il est important pour Europa-Park de mettre en \u0153uvre une strat\u00e9gie globale de durabilit\u00e9. La mission de l&#8217;entreprise familiale est la suivante : \u00ab Nous sommes conscients de notre responsabilit\u00e9 \u00e0 l&#8217;\u00e9gard de l&#8217;environnement et de la culture et l&#8217;assumons par une gestion prudente et durable du paysage, de l&#8217;\u00e9nergie, des mati\u00e8res premi\u00e8res et des b\u00e2timents \u00bb. Depuis l&#8217;ouverture, le capital naturel est rest\u00e9 pratiquement inchang\u00e9 et est \u00e9galement int\u00e9gr\u00e9 dans les nouveaux concepts dans la mesure du possible. Par exemple, la rivi\u00e8re de l&#8217;Elz passant par le parc renforce parfaitement le c\u00f4t\u00e9 bucolique.<\/p>\n<figure id=\"attachment_6250\" aria-labelledby=\"figcaption_attachment_6250\" class=\"wp-caption aligncenter\"><img loading=\"lazy\" decoding=\"async\" class=\"wp-image-6250 size-full\" src=\"https:\/\/blog.europapark.de\/wp-content\/uploads\/2021\/07\/EP14_England_Pastaria_Blumen_01-scaled.jpg\" alt=\"Le quartier anglais est l'un des quartiers th\u00e9matiques les plus fleuris.\" width=\"2560\" height=\"1707\" srcset=\"https:\/\/blog.europapark.de\/wp-content\/uploads\/2021\/07\/EP14_England_Pastaria_Blumen_01-scaled.jpg 2560w, https:\/\/blog.europapark.de\/wp-content\/uploads\/2021\/07\/EP14_England_Pastaria_Blumen_01-400x267.jpg 400w, https:\/\/blog.europapark.de\/wp-content\/uploads\/2021\/07\/EP14_England_Pastaria_Blumen_01-1024x683.jpg 1024w, https:\/\/blog.europapark.de\/wp-content\/uploads\/2021\/07\/EP14_England_Pastaria_Blumen_01-768x512.jpg 768w, https:\/\/blog.europapark.de\/wp-content\/uploads\/2021\/07\/EP14_England_Pastaria_Blumen_01-1536x1024.jpg 1536w, https:\/\/blog.europapark.de\/wp-content\/uploads\/2021\/07\/EP14_England_Pastaria_Blumen_01-2048x1365.jpg 2048w, https:\/\/blog.europapark.de\/wp-content\/uploads\/2021\/07\/EP14_England_Pastaria_Blumen_01-1700x1133.jpg 1700w\" sizes=\"auto, (max-width: 2560px) 100vw, 2560px\" \/><figcaption id=\"figcaption_attachment_6250\" class=\"wp-caption-text\">Le quartier anglais est l&#8217;un des quartiers th\u00e9matiques les plus fleuris.<\/figcaption><\/figure>\n<p>Trois fois par an, J\u00fcrgen Sedler et son \u00e9quipe plantent des fleurs de saison. Lorsque les fleurs de printemps sont fan\u00e9es, 250 000 g\u00e9raniums, b\u00e9gonias et p\u00e9tunias profitent du soleil en \u00e9t\u00e9, avant que 180 000 citrouilles et 40 000 fleurs d&#8217;automne ne d\u00e9corent le parc pour Halloween. Les jardiniers d&#8217;Europa-Park travaillent en harmonie avec la nature. De nombreuses mesures de compensation \u00e9cologique sont mises en \u0153uvre, telles que des murs en pierre naturelle pour les reptiles et les petits animaux ainsi qu&#8217;un pavillon avec un total d&#8217;environ 400 000 abeilles. Ils sont con\u00e7us de mani\u00e8re \u00e0 ce que le visiteur se tienne \u00e0 une distance s\u00fbre des colonies d&#8217;abeilles, mais puisse facilement observer l&#8217;essaimage des abeilles. La pollinisation peut \u00e9galement y \u00eatre observ\u00e9e. Les environs de Rulantica offrent des conditions id\u00e9ales pour cela, car de nombreuses fleurs sauvages et herbes poussent dans les champs autour l&#8217;univers aquatique.<\/p>\n<figure id=\"attachment_6231\" aria-labelledby=\"figcaption_attachment_6231\" class=\"wp-caption aligncenter\"><img loading=\"lazy\" decoding=\"async\" class=\"wp-image-6231 size-full\" src=\"https:\/\/blog.europapark.de\/wp-content\/uploads\/2021\/07\/Bienenstoecke_6857.JPG-scaled.jpg\" alt=\"Le miel des h\u00f4tels provient du pavillon de Rulantica regroupant une colonie de 50 000 abeilles. \" width=\"2560\" height=\"1706\" srcset=\"https:\/\/blog.europapark.de\/wp-content\/uploads\/2021\/07\/Bienenstoecke_6857.JPG-scaled.jpg 2560w, https:\/\/blog.europapark.de\/wp-content\/uploads\/2021\/07\/Bienenstoecke_6857.JPG-400x267.jpg 400w, https:\/\/blog.europapark.de\/wp-content\/uploads\/2021\/07\/Bienenstoecke_6857.JPG-1024x683.jpg 1024w, https:\/\/blog.europapark.de\/wp-content\/uploads\/2021\/07\/Bienenstoecke_6857.JPG-768x512.jpg 768w, https:\/\/blog.europapark.de\/wp-content\/uploads\/2021\/07\/Bienenstoecke_6857.JPG-1536x1024.jpg 1536w, https:\/\/blog.europapark.de\/wp-content\/uploads\/2021\/07\/Bienenstoecke_6857.JPG-2048x1365.jpg 2048w, https:\/\/blog.europapark.de\/wp-content\/uploads\/2021\/07\/Bienenstoecke_6857.JPG-1700x1133.jpg 1700w\" sizes=\"auto, (max-width: 2560px) 100vw, 2560px\" \/><figcaption id=\"figcaption_attachment_6231\" class=\"wp-caption-text\">Le miel des h\u00f4tels provient du pavillon de Rulantica regroupant une colonie de 50 000 abeilles.<\/figcaption><\/figure>\n<p>Avantage : le miel produit par les abeilles est d\u00e9gust\u00e9 dans les 6 h\u00f4tels d&#8217;Europa-Park pour nos visiteurs au petit-d\u00e9jeuner !<\/p>\n<blockquote><p>\u00ab Je suis un jardinier de c\u0153ur et d&#8217;\u00e2me et je ne peux pas imaginer un endroit plus agr\u00e9able pour travailler. Chaque jour, je vois les arbres et les fleurs grandir et donner le sourire aux visiteurs. \u00bb<\/p><\/blockquote>\n<p>Ainsi, tous les amoureux de la nature sont s\u00fbrs de trouver leur coin pr\u00e9f\u00e9r\u00e9 \u00e0 Europa-Park et l&#8217;univers aquatique Rulantica. vous aurez peut-\u00eatre la chance de croiser J\u00fcrgen Sedler ou l&#8217;un de ses coll\u00e8gues, qui s&#8217;occupent avec beaucoup de d\u00e9vouement du paradis vert qu&#8217;est Europa-Park.<\/p>\n<figure id=\"attachment_6253\" aria-labelledby=\"figcaption_attachment_6253\" class=\"wp-caption aligncenter\"><img loading=\"lazy\" decoding=\"async\" class=\"wp-image-6253 size-full\" src=\"https:\/\/blog.europapark.de\/wp-content\/uploads\/2021\/07\/EP19_Halloween_Oesterreich_02-min-scaled.jpg\" alt=\"Les jolies couleurs subliment les Rapides du Tyrol. \" width=\"2560\" height=\"1708\" srcset=\"https:\/\/blog.europapark.de\/wp-content\/uploads\/2021\/07\/EP19_Halloween_Oesterreich_02-min-scaled.jpg 2560w, https:\/\/blog.europapark.de\/wp-content\/uploads\/2021\/07\/EP19_Halloween_Oesterreich_02-min-400x267.jpg 400w, https:\/\/blog.europapark.de\/wp-content\/uploads\/2021\/07\/EP19_Halloween_Oesterreich_02-min-1024x683.jpg 1024w, https:\/\/blog.europapark.de\/wp-content\/uploads\/2021\/07\/EP19_Halloween_Oesterreich_02-min-768x512.jpg 768w, https:\/\/blog.europapark.de\/wp-content\/uploads\/2021\/07\/EP19_Halloween_Oesterreich_02-min-1536x1025.jpg 1536w, https:\/\/blog.europapark.de\/wp-content\/uploads\/2021\/07\/EP19_Halloween_Oesterreich_02-min-2048x1366.jpg 2048w, https:\/\/blog.europapark.de\/wp-content\/uploads\/2021\/07\/EP19_Halloween_Oesterreich_02-min-1700x1134.jpg 1700w\" sizes=\"auto, (max-width: 2560px) 100vw, 2560px\" \/><figcaption id=\"figcaption_attachment_6253\" class=\"wp-caption-text\">Les jolies couleurs subliment les Rapides du Tyrol.<\/figcaption><\/figure>\n<p>Retrouvez encore plus d&#8217;histoires passionnantes \u00e0 propos du parc dans notre magazine <a href=\"https:\/\/www.yumpu.com\/fr\/document\/fullscreen\/31040779\/europa-park-news-fr\" target=\"_blank\" rel=\"noopener\">Europa-Park news.\u00a0<\/a><\/p>\n","protected":false},"excerpt":{"rendered":"<p>Des arbres gigantesques, de magnifiques parterres de fleurs et des aires de pique-nique entour\u00e9es de verdure : Europa-Park est un&#8230;<\/p>\n","protected":false},"author":22,"featured_media":6234,"comment_status":"open","ping_status":"open","sticky":false,"template":"","format":"standard","meta":{"_acf_changed":false,"footnotes":""},"categories":[207],"tags":[406,634,220,454,453,181],"class_list":["post-6269","post","type-post","status-publish","format-standard","has-post-thumbnail","hentry","category-europa-park-fr","tag-coulisses","tag-espaces-verts","tag-europa-park-fr","tag-fleurs","tag-jardin","tag-rulantica-fr"],"acf":[],"yoast_head":"<!-- This site is optimized with the Yoast SEO plugin v26.9 - https:\/\/yoast.com\/product\/yoast-seo-wordpress\/ -->\n<title>Europa-Park, un paradis pour les amoureux de la nature - Le blog officiel d\u2019Europa-Park<\/title>\n<meta name=\"robots\" content=\"index, follow, max-snippet:-1, max-image-preview:large, max-video-preview:-1\" \/>\n<link rel=\"canonical\" href=\"https:\/\/blog.europapark.de\/fr\/europa-park-fr\/europa-park-un-paradis-pour-les-amoureux-de-la-nature\/\" \/>\n<meta property=\"og:locale\" content=\"fr_FR\" \/>\n<meta property=\"og:type\" content=\"article\" \/>\n<meta property=\"og:title\" content=\"Europa-Park, un paradis pour les amoureux de la nature - Le blog officiel d\u2019Europa-Park\" \/>\n<meta property=\"og:description\" content=\"Des arbres gigantesques, de magnifiques parterres de fleurs et des aires de pique-nique entour\u00e9es de verdure : Europa-Park est un...\" \/>\n<meta property=\"og:url\" content=\"https:\/\/blog.europapark.de\/fr\/europa-park-fr\/europa-park-un-paradis-pour-les-amoureux-de-la-nature\/\" \/>\n<meta property=\"og:site_name\" content=\"Le blog officiel d\u2019Europa-Park\" \/>\n<meta property=\"article:published_time\" content=\"2021-07-09T07:51:26+00:00\" \/>\n<meta property=\"og:image\" content=\"https:\/\/blog.europapark.de\/wp-content\/uploads\/2021\/07\/Baum2.jpg-1024x683.jpg\" \/>\n\t<meta property=\"og:image:width\" content=\"1024\" \/>\n\t<meta property=\"og:image:height\" content=\"683\" \/>\n\t<meta property=\"og:image:type\" content=\"image\/jpeg\" \/>\n<meta name=\"author\" content=\"Marine Bostetter\" \/>\n<meta name=\"twitter:card\" content=\"summary_large_image\" \/>\n<meta name=\"twitter:label1\" content=\"\u00c9crit par\" \/>\n\t<meta name=\"twitter:data1\" content=\"Marine Bostetter\" \/>\n\t<meta name=\"twitter:label2\" content=\"Dur\u00e9e de lecture estim\u00e9e\" \/>\n\t<meta name=\"twitter:data2\" content=\"5 minutes\" \/>\n<script type=\"application\/ld+json\" class=\"yoast-schema-graph\">{\"@context\":\"https:\/\/schema.org\",\"@graph\":[{\"@type\":\"Article\",\"@id\":\"https:\/\/blog.europapark.de\/fr\/europa-park-fr\/europa-park-un-paradis-pour-les-amoureux-de-la-nature\/#article\",\"isPartOf\":{\"@id\":\"https:\/\/blog.europapark.de\/fr\/europa-park-fr\/europa-park-un-paradis-pour-les-amoureux-de-la-nature\/\"},\"author\":{\"name\":\"Marine Bostetter\",\"@id\":\"https:\/\/blog.europapark.de\/fr\/#\/schema\/person\/33a8e6425d00a5338b0f3b919774c892\"},\"headline\":\"Europa-Park, un paradis pour les amoureux de la nature\",\"datePublished\":\"2021-07-09T07:51:26+00:00\",\"mainEntityOfPage\":{\"@id\":\"https:\/\/blog.europapark.de\/fr\/europa-park-fr\/europa-park-un-paradis-pour-les-amoureux-de-la-nature\/\"},\"wordCount\":886,\"commentCount\":0,\"image\":{\"@id\":\"https:\/\/blog.europapark.de\/fr\/europa-park-fr\/europa-park-un-paradis-pour-les-amoureux-de-la-nature\/#primaryimage\"},\"thumbnailUrl\":\"https:\/\/blog.europapark.de\/wp-content\/uploads\/2021\/07\/Baum2.jpg.jpg\",\"keywords\":[\"Coulisses\",\"Espaces verts\",\"Europa-Park\",\"Fleurs\",\"Jardin\",\"Rulantica\"],\"articleSection\":[\"Europa-Park\"],\"inLanguage\":\"fr-FR\",\"potentialAction\":[{\"@type\":\"CommentAction\",\"name\":\"Comment\",\"target\":[\"https:\/\/blog.europapark.de\/fr\/europa-park-fr\/europa-park-un-paradis-pour-les-amoureux-de-la-nature\/#respond\"]}]},{\"@type\":\"WebPage\",\"@id\":\"https:\/\/blog.europapark.de\/fr\/europa-park-fr\/europa-park-un-paradis-pour-les-amoureux-de-la-nature\/\",\"url\":\"https:\/\/blog.europapark.de\/fr\/europa-park-fr\/europa-park-un-paradis-pour-les-amoureux-de-la-nature\/\",\"name\":\"Europa-Park, un paradis pour les amoureux de la nature - Le blog officiel d\u2019Europa-Park\",\"isPartOf\":{\"@id\":\"https:\/\/blog.europapark.de\/fr\/#website\"},\"primaryImageOfPage\":{\"@id\":\"https:\/\/blog.europapark.de\/fr\/europa-park-fr\/europa-park-un-paradis-pour-les-amoureux-de-la-nature\/#primaryimage\"},\"image\":{\"@id\":\"https:\/\/blog.europapark.de\/fr\/europa-park-fr\/europa-park-un-paradis-pour-les-amoureux-de-la-nature\/#primaryimage\"},\"thumbnailUrl\":\"https:\/\/blog.europapark.de\/wp-content\/uploads\/2021\/07\/Baum2.jpg.jpg\",\"datePublished\":\"2021-07-09T07:51:26+00:00\",\"author\":{\"@id\":\"https:\/\/blog.europapark.de\/fr\/#\/schema\/person\/33a8e6425d00a5338b0f3b919774c892\"},\"breadcrumb\":{\"@id\":\"https:\/\/blog.europapark.de\/fr\/europa-park-fr\/europa-park-un-paradis-pour-les-amoureux-de-la-nature\/#breadcrumb\"},\"inLanguage\":\"fr-FR\",\"potentialAction\":[{\"@type\":\"ReadAction\",\"target\":[\"https:\/\/blog.europapark.de\/fr\/europa-park-fr\/europa-park-un-paradis-pour-les-amoureux-de-la-nature\/\"]}]},{\"@type\":\"ImageObject\",\"inLanguage\":\"fr-FR\",\"@id\":\"https:\/\/blog.europapark.de\/fr\/europa-park-fr\/europa-park-un-paradis-pour-les-amoureux-de-la-nature\/#primaryimage\",\"url\":\"https:\/\/blog.europapark.de\/wp-content\/uploads\/2021\/07\/Baum2.jpg.jpg\",\"contentUrl\":\"https:\/\/blog.europapark.de\/wp-content\/uploads\/2021\/07\/Baum2.jpg.jpg\",\"width\":2126,\"height\":1417,\"caption\":\"stehen die \u00e4ltesten und pr\u00e4chtigsten B\u00e4ume.\"},{\"@type\":\"BreadcrumbList\",\"@id\":\"https:\/\/blog.europapark.de\/fr\/europa-park-fr\/europa-park-un-paradis-pour-les-amoureux-de-la-nature\/#breadcrumb\",\"itemListElement\":[{\"@type\":\"ListItem\",\"position\":1,\"name\":\"Accueil\",\"item\":\"https:\/\/blog.europapark.de\/fr\/\"},{\"@type\":\"ListItem\",\"position\":2,\"name\":\"Europa-Park, un paradis pour les amoureux de la nature\"}]},{\"@type\":\"WebSite\",\"@id\":\"https:\/\/blog.europapark.de\/fr\/#website\",\"url\":\"https:\/\/blog.europapark.de\/fr\/\",\"name\":\"Le blog officiel d\u2019Europa-Park\",\"description\":\"\",\"potentialAction\":[{\"@type\":\"SearchAction\",\"target\":{\"@type\":\"EntryPoint\",\"urlTemplate\":\"https:\/\/blog.europapark.de\/fr\/?s={search_term_string}\"},\"query-input\":{\"@type\":\"PropertyValueSpecification\",\"valueRequired\":true,\"valueName\":\"search_term_string\"}}],\"inLanguage\":\"fr-FR\"},{\"@type\":\"Person\",\"@id\":\"https:\/\/blog.europapark.de\/fr\/#\/schema\/person\/33a8e6425d00a5338b0f3b919774c892\",\"name\":\"Marine Bostetter\",\"image\":{\"@type\":\"ImageObject\",\"inLanguage\":\"fr-FR\",\"@id\":\"https:\/\/blog.europapark.de\/fr\/#\/schema\/person\/image\/\",\"url\":\"https:\/\/blog.europapark.de\/wp-content\/uploads\/2024\/01\/IMG_2126-150x150.jpg\",\"contentUrl\":\"https:\/\/blog.europapark.de\/wp-content\/uploads\/2024\/01\/IMG_2126-150x150.jpg\",\"caption\":\"Marine Bostetter\"},\"url\":\"https:\/\/blog.europapark.de\/fr\/author\/marine-bostetter\/\"}]}<\/script>\n<!-- \/ Yoast SEO plugin. -->","yoast_head_json":{"title":"Europa-Park, un paradis pour les amoureux de la nature - Le blog officiel d\u2019Europa-Park","robots":{"index":"index","follow":"follow","max-snippet":"max-snippet:-1","max-image-preview":"max-image-preview:large","max-video-preview":"max-video-preview:-1"},"canonical":"https:\/\/blog.europapark.de\/fr\/europa-park-fr\/europa-park-un-paradis-pour-les-amoureux-de-la-nature\/","og_locale":"fr_FR","og_type":"article","og_title":"Europa-Park, un paradis pour les amoureux de la nature - Le blog officiel d\u2019Europa-Park","og_description":"Des arbres gigantesques, de magnifiques parterres de fleurs et des aires de pique-nique entour\u00e9es de verdure : Europa-Park est un...","og_url":"https:\/\/blog.europapark.de\/fr\/europa-park-fr\/europa-park-un-paradis-pour-les-amoureux-de-la-nature\/","og_site_name":"Le blog officiel d\u2019Europa-Park","article_published_time":"2021-07-09T07:51:26+00:00","og_image":[{"width":1024,"height":683,"url":"https:\/\/blog.europapark.de\/wp-content\/uploads\/2021\/07\/Baum2.jpg-1024x683.jpg","type":"image\/jpeg"}],"author":"Marine Bostetter","twitter_card":"summary_large_image","twitter_misc":{"\u00c9crit par":"Marine Bostetter","Dur\u00e9e de lecture estim\u00e9e":"5 minutes"},"schema":{"@context":"https:\/\/schema.org","@graph":[{"@type":"Article","@id":"https:\/\/blog.europapark.de\/fr\/europa-park-fr\/europa-park-un-paradis-pour-les-amoureux-de-la-nature\/#article","isPartOf":{"@id":"https:\/\/blog.europapark.de\/fr\/europa-park-fr\/europa-park-un-paradis-pour-les-amoureux-de-la-nature\/"},"author":{"name":"Marine Bostetter","@id":"https:\/\/blog.europapark.de\/fr\/#\/schema\/person\/33a8e6425d00a5338b0f3b919774c892"},"headline":"Europa-Park, un paradis pour les amoureux de la nature","datePublished":"2021-07-09T07:51:26+00:00","mainEntityOfPage":{"@id":"https:\/\/blog.europapark.de\/fr\/europa-park-fr\/europa-park-un-paradis-pour-les-amoureux-de-la-nature\/"},"wordCount":886,"commentCount":0,"image":{"@id":"https:\/\/blog.europapark.de\/fr\/europa-park-fr\/europa-park-un-paradis-pour-les-amoureux-de-la-nature\/#primaryimage"},"thumbnailUrl":"https:\/\/blog.europapark.de\/wp-content\/uploads\/2021\/07\/Baum2.jpg.jpg","keywords":["Coulisses","Espaces verts","Europa-Park","Fleurs","Jardin","Rulantica"],"articleSection":["Europa-Park"],"inLanguage":"fr-FR","potentialAction":[{"@type":"CommentAction","name":"Comment","target":["https:\/\/blog.europapark.de\/fr\/europa-park-fr\/europa-park-un-paradis-pour-les-amoureux-de-la-nature\/#respond"]}]},{"@type":"WebPage","@id":"https:\/\/blog.europapark.de\/fr\/europa-park-fr\/europa-park-un-paradis-pour-les-amoureux-de-la-nature\/","url":"https:\/\/blog.europapark.de\/fr\/europa-park-fr\/europa-park-un-paradis-pour-les-amoureux-de-la-nature\/","name":"Europa-Park, un paradis pour les amoureux de la nature - Le blog officiel d\u2019Europa-Park","isPartOf":{"@id":"https:\/\/blog.europapark.de\/fr\/#website"},"primaryImageOfPage":{"@id":"https:\/\/blog.europapark.de\/fr\/europa-park-fr\/europa-park-un-paradis-pour-les-amoureux-de-la-nature\/#primaryimage"},"image":{"@id":"https:\/\/blog.europapark.de\/fr\/europa-park-fr\/europa-park-un-paradis-pour-les-amoureux-de-la-nature\/#primaryimage"},"thumbnailUrl":"https:\/\/blog.europapark.de\/wp-content\/uploads\/2021\/07\/Baum2.jpg.jpg","datePublished":"2021-07-09T07:51:26+00:00","author":{"@id":"https:\/\/blog.europapark.de\/fr\/#\/schema\/person\/33a8e6425d00a5338b0f3b919774c892"},"breadcrumb":{"@id":"https:\/\/blog.europapark.de\/fr\/europa-park-fr\/europa-park-un-paradis-pour-les-amoureux-de-la-nature\/#breadcrumb"},"inLanguage":"fr-FR","potentialAction":[{"@type":"ReadAction","target":["https:\/\/blog.europapark.de\/fr\/europa-park-fr\/europa-park-un-paradis-pour-les-amoureux-de-la-nature\/"]}]},{"@type":"ImageObject","inLanguage":"fr-FR","@id":"https:\/\/blog.europapark.de\/fr\/europa-park-fr\/europa-park-un-paradis-pour-les-amoureux-de-la-nature\/#primaryimage","url":"https:\/\/blog.europapark.de\/wp-content\/uploads\/2021\/07\/Baum2.jpg.jpg","contentUrl":"https:\/\/blog.europapark.de\/wp-content\/uploads\/2021\/07\/Baum2.jpg.jpg","width":2126,"height":1417,"caption":"stehen die \u00e4ltesten und pr\u00e4chtigsten B\u00e4ume."},{"@type":"BreadcrumbList","@id":"https:\/\/blog.europapark.de\/fr\/europa-park-fr\/europa-park-un-paradis-pour-les-amoureux-de-la-nature\/#breadcrumb","itemListElement":[{"@type":"ListItem","position":1,"name":"Accueil","item":"https:\/\/blog.europapark.de\/fr\/"},{"@type":"ListItem","position":2,"name":"Europa-Park, un paradis pour les amoureux de la nature"}]},{"@type":"WebSite","@id":"https:\/\/blog.europapark.de\/fr\/#website","url":"https:\/\/blog.europapark.de\/fr\/","name":"Le blog officiel d\u2019Europa-Park","description":"","potentialAction":[{"@type":"SearchAction","target":{"@type":"EntryPoint","urlTemplate":"https:\/\/blog.europapark.de\/fr\/?s={search_term_string}"},"query-input":{"@type":"PropertyValueSpecification","valueRequired":true,"valueName":"search_term_string"}}],"inLanguage":"fr-FR"},{"@type":"Person","@id":"https:\/\/blog.europapark.de\/fr\/#\/schema\/person\/33a8e6425d00a5338b0f3b919774c892","name":"Marine Bostetter","image":{"@type":"ImageObject","inLanguage":"fr-FR","@id":"https:\/\/blog.europapark.de\/fr\/#\/schema\/person\/image\/","url":"https:\/\/blog.europapark.de\/wp-content\/uploads\/2024\/01\/IMG_2126-150x150.jpg","contentUrl":"https:\/\/blog.europapark.de\/wp-content\/uploads\/2024\/01\/IMG_2126-150x150.jpg","caption":"Marine Bostetter"},"url":"https:\/\/blog.europapark.de\/fr\/author\/marine-bostetter\/"}]}},"_links":{"self":[{"href":"https:\/\/blog.europapark.de\/fr\/wp-json\/wp\/v2\/posts\/6269","targetHints":{"allow":["GET"]}}],"collection":[{"href":"https:\/\/blog.europapark.de\/fr\/wp-json\/wp\/v2\/posts"}],"about":[{"href":"https:\/\/blog.europapark.de\/fr\/wp-json\/wp\/v2\/types\/post"}],"author":[{"embeddable":true,"href":"https:\/\/blog.europapark.de\/fr\/wp-json\/wp\/v2\/users\/22"}],"replies":[{"embeddable":true,"href":"https:\/\/blog.europapark.de\/fr\/wp-json\/wp\/v2\/comments?post=6269"}],"version-history":[{"count":41,"href":"https:\/\/blog.europapark.de\/fr\/wp-json\/wp\/v2\/posts\/6269\/revisions"}],"predecessor-version":[{"id":6310,"href":"https:\/\/blog.europapark.de\/fr\/wp-json\/wp\/v2\/posts\/6269\/revisions\/6310"}],"wp:featuredmedia":[{"embeddable":true,"href":"https:\/\/blog.europapark.de\/fr\/wp-json\/wp\/v2\/media\/6234"}],"wp:attachment":[{"href":"https:\/\/blog.europapark.de\/fr\/wp-json\/wp\/v2\/media?parent=6269"}],"wp:term":[{"taxonomy":"category","embeddable":true,"href":"https:\/\/blog.europapark.de\/fr\/wp-json\/wp\/v2\/categories?post=6269"},{"taxonomy":"post_tag","embeddable":true,"href":"https:\/\/blog.europapark.de\/fr\/wp-json\/wp\/v2\/tags?post=6269"}],"curies":[{"name":"wp","href":"https:\/\/api.w.org\/{rel}","templated":true}]}}