{"id":6176,"date":"2021-04-23T09:08:53","date_gmt":"2021-04-23T07:08:53","guid":{"rendered":"https:\/\/blog.europapark.de\/?p=6176"},"modified":"2021-11-10T16:58:20","modified_gmt":"2021-11-10T15:58:20","slug":"franz-mack-pionnier-du-loisir-et-fondateur-deuropa-park","status":"publish","type":"post","link":"https:\/\/blog.europapark.de\/fr\/europa-park-fr\/franz-mack-pionnier-du-loisir-et-fondateur-deuropa-park\/","title":{"rendered":"Franz Mack, pionnier du loisir et fondateur d\u2019Europa-Park"},"content":{"rendered":"<p><strong>Sans lui, le meilleur parc de loisirs du monde n\u2019aurait jamais vu le jour. Nous parlons bien s\u00fbr de Franz Mack, p\u00e8re-fondateur d\u2019Europa-Park mais \u00e9galement figure notable de l\u2019industrie du loisir. Vous avez d\u00e9j\u00e0 s\u00fbrement d\u00fb remarquer sa statue de bronze qui vous accueille dans le quartier allemand, d\u00e8s votre arriv\u00e9e au parc. Retour sur les temps forts de la carri\u00e8re de celui qui aurait c\u00e9l\u00e9br\u00e9 son <a href=\"https:\/\/www.europapark.de\/fr\/parc-de-loisirs\/infos\/planifiez-votre-sejour\/propos-deuropa-park\" target=\"_blank\" rel=\"noopener\">100e anniversaire<\/a> le 7 mars 2021 !<\/strong><\/p>\n<p>Franz Mack \u00e9tait le 5\u00e8me fils de Heinrich et Theresia Mack. Il \u00e9tait titulaire d\u2019une ma\u00eetrise d\u2019\u0153uvre en m\u00e9canique-carrosserie. La famille \u00e9tait une des valeurs les plus ch\u00e8res \u00e0 ses yeux, tellement essentielle qu\u2019elle dicta bon nombre d\u2019\u00e9tapes de son parcours. C\u2019est ainsi qu\u2019en 1948, il reprit l\u2019entreprise familiale d\u00e9di\u00e9e \u00e0 la construction de man\u00e8ges forains et de carrousels, \u00e9tablie depuis 1780\u00a0! La devise de la famille \u00ab Die weite Welt ist mein Feld \u00bb (litt\u00e9ralement : le vaste monde est mon champ) prend tout son sens lorsqu\u2019on conna\u00eet le succ\u00e8s international de l\u2019entreprise. Franz Mack est \u00e0 l&#8217;origine de l&#8217;expansion internationale de Mack Rides dont il a ouvert les horizons aux march\u00e9s europ\u00e9ens, anglo-saxons et nord-am\u00e9ricains.<\/p>\n<p>Nous devons de nombreuses innovations \u00e0 cette soci\u00e9t\u00e9 comme les grands huit Wilde Maus et Schweizer Bobbahn ou les man\u00e8ges forains Musik-Express, M\u00fcnchner Sprungschanze et Petersburger Schlittenfahrt. Des concepts d\u2019attractions que l\u2019on peut retrouver en plusieurs exemplaires dans le monde entier. Si de nos jours l\u2019entreprise Mack est \u00e0 la pointe de la technologie, cela est sans aucun doute gr\u00e2ce \u00e0 l\u2019impulsion d\u2019inventivit\u00e9 et l\u2019esprit novateur de Franz Mack.<\/p>\n<figure id=\"attachment_6209\" aria-labelledby=\"figcaption_attachment_6209\" class=\"wp-caption aligncenter\"><img loading=\"lazy\" decoding=\"async\" class=\"size-large wp-image-6209\" src=\"https:\/\/blog.europapark.de\/wp-content\/uploads\/2021\/04\/Capture-de\u0301cran-2021-04-23-a\u0300-09.17.52-1024x601.jpg\" alt=\"Un homme plein d\u2019ambition d\u00e8s le plus jeune \u00e2ge !\" width=\"1024\" height=\"601\" srcset=\"https:\/\/blog.europapark.de\/wp-content\/uploads\/2021\/04\/Capture-de\u0301cran-2021-04-23-a\u0300-09.17.52-1024x601.jpg 1024w, https:\/\/blog.europapark.de\/wp-content\/uploads\/2021\/04\/Capture-de\u0301cran-2021-04-23-a\u0300-09.17.52-400x235.jpg 400w, https:\/\/blog.europapark.de\/wp-content\/uploads\/2021\/04\/Capture-de\u0301cran-2021-04-23-a\u0300-09.17.52-768x451.jpg 768w, https:\/\/blog.europapark.de\/wp-content\/uploads\/2021\/04\/Capture-de\u0301cran-2021-04-23-a\u0300-09.17.52.jpg 1506w\" sizes=\"auto, (max-width: 1024px) 100vw, 1024px\" \/><figcaption id=\"figcaption_attachment_6209\" class=\"wp-caption-text\">Un homme plein d\u2019ambition d\u00e8s le plus jeune \u00e2ge !<\/figcaption><\/figure>\n<p>Franz Mack a toujours eu de la suite dans les id\u00e9es. Au d\u00e9but des ann\u00e9es 1970, il embarqua son fils Roland non seulement dans un voyage aux \u00c9tats-Unis \u00e0 la d\u00e9couverte des parcs de loisirs mais aussi dans la folle aventure de la cr\u00e9ation d\u2019un show-room qui mettrait en valeur le savoir-faire et l\u2019expertise de l\u2019entreprise Mack. Europa-Park a \u00e9t\u00e9 inaugur\u00e9 le 12 juillet 1975. Depuis cette date, les attractions et \u00e9quipements de loisirs sont en grande partie issus de la soci\u00e9t\u00e9-m\u00e8re de Waldkirch.<\/p>\n<figure id=\"attachment_6193\" aria-labelledby=\"figcaption_attachment_6193\" class=\"wp-caption aligncenter\"><img loading=\"lazy\" decoding=\"async\" class=\"wp-image-6193 size-large\" src=\"https:\/\/blog.europapark.de\/wp-content\/uploads\/2021\/04\/schaueblehistorisches-foto-1024x487.jpeg\" alt=\"Roland et Franz Mack en compagnie de Wolfgang Sch\u00e4uble, homme d\u2019\u00c9tat allemand, lors de l\u2019inauguration de l\u2019attraction originale des Pirates de Batavia en 1987.\" width=\"1024\" height=\"487\" srcset=\"https:\/\/blog.europapark.de\/wp-content\/uploads\/2021\/04\/schaueblehistorisches-foto-1024x487.jpeg 1024w, https:\/\/blog.europapark.de\/wp-content\/uploads\/2021\/04\/schaueblehistorisches-foto-400x190.jpeg 400w, https:\/\/blog.europapark.de\/wp-content\/uploads\/2021\/04\/schaueblehistorisches-foto-768x365.jpeg 768w, https:\/\/blog.europapark.de\/wp-content\/uploads\/2021\/04\/schaueblehistorisches-foto.jpeg 1223w\" sizes=\"auto, (max-width: 1024px) 100vw, 1024px\" \/><figcaption id=\"figcaption_attachment_6193\" class=\"wp-caption-text\">Roland et Franz Mack en compagnie de Wolfgang Sch\u00e4uble, homme d\u2019\u00c9tat allemand, lors de l\u2019inauguration de l\u2019attraction originale des Pirates de Batavia en 1987.<\/figcaption><\/figure>\n<p>Au sein du parc, de nombreuses attractions portent la patte du p\u00e8re fondateur. En 1989, il a con\u00e7u Eurosat et sa mythique sph\u00e8re uniquement \u00e0 l\u2019aide de papiers et de maquettes. Il n\u2019en resta pas l\u00e0 et d\u00e9veloppa Euro-Mir en 1997 \u00e0 plus de 75 ans.<\/p>\n<div class='wpmf-gallerys wpmf-gallerys-life'><div id=\"gallery-1\"\n data-gutter-width=\"5\"\n  data-wpmfcolumns=\"1\" class=\"wpmf-gallery gallery-link-file gallery-masonry gallery-columns-1 gallery-size-large wpmf-gallery-bottomspace-default wpmf-gallery-clear wpmf-has-border-radius-0 wpmf-gutterwidth-5\"><div class=\"wpmf-gallery-item\n     wpmf-gallery-item-position-1 wpmf-gallery-item-attachment-6183\"><div class=\"wpmf-gallery-icon\"><a class=\" not_video\" data-lightbox=\"1\" href=\"https:\/\/blog.europapark.de\/wp-content\/uploads\/2021\/04\/franz-mack-eurosat-modell-03-1024x736.jpeg\" data-title=\"Franz Mack et son mod\u00e8le d\u2019Eurosat.\" target=\"_self\"><img loading=\"lazy\" decoding=\"async\" width=\"1024\" height=\"736\" src=\"https:\/\/blog.europapark.de\/wp-content\/uploads\/2021\/04\/franz-mack-eurosat-modell-03-1024x736.jpeg\" class=\"attachment-large size-large\" alt=\"Franz Mack et son mod\u00e8le d\u2019Eurosat.\" data-type=\"wpmfgalleryimg\" data-lazy-src=\"0\" srcset=\"https:\/\/blog.europapark.de\/wp-content\/uploads\/2021\/04\/franz-mack-eurosat-modell-03-1024x736.jpeg 1024w, https:\/\/blog.europapark.de\/wp-content\/uploads\/2021\/04\/franz-mack-eurosat-modell-03-400x287.jpeg 400w, https:\/\/blog.europapark.de\/wp-content\/uploads\/2021\/04\/franz-mack-eurosat-modell-03-768x552.jpeg 768w, https:\/\/blog.europapark.de\/wp-content\/uploads\/2021\/04\/franz-mack-eurosat-modell-03-1536x1104.jpeg 1536w, https:\/\/blog.europapark.de\/wp-content\/uploads\/2021\/04\/franz-mack-eurosat-modell-03.jpeg 1667w\" sizes=\"auto, (max-width: 1024px) 100vw, 1024px\" \/><\/a><\/div><\/div><div class=\"wpmf-gallery-item\n     wpmf-gallery-item-position-2 wpmf-gallery-item-attachment-6181\"><div class=\"wpmf-gallery-icon\"><a class=\" not_video\" data-lightbox=\"1\" href=\"https:\/\/blog.europapark.de\/wp-content\/uploads\/2021\/04\/franz-mack-eurosat-modell-01-1024x869.jpeg\" data-title=\"Un grand huit dont il \u00e9tait tr\u00e8s fier.\" target=\"_self\"><img loading=\"lazy\" decoding=\"async\" width=\"1024\" height=\"869\" src=\"https:\/\/blog.europapark.de\/wp-content\/uploads\/2021\/04\/franz-mack-eurosat-modell-01-1024x869.jpeg\" class=\"attachment-large size-large\" alt=\"Un grand huit dont il \u00e9tait tr\u00e8s fier.\" data-type=\"wpmfgalleryimg\" data-lazy-src=\"0\" srcset=\"https:\/\/blog.europapark.de\/wp-content\/uploads\/2021\/04\/franz-mack-eurosat-modell-01-1024x869.jpeg 1024w, https:\/\/blog.europapark.de\/wp-content\/uploads\/2021\/04\/franz-mack-eurosat-modell-01-353x300.jpeg 353w, https:\/\/blog.europapark.de\/wp-content\/uploads\/2021\/04\/franz-mack-eurosat-modell-01-768x652.jpeg 768w, https:\/\/blog.europapark.de\/wp-content\/uploads\/2021\/04\/franz-mack-eurosat-modell-01-1536x1304.jpeg 1536w, https:\/\/blog.europapark.de\/wp-content\/uploads\/2021\/04\/franz-mack-eurosat-modell-01-2048x1738.jpeg 2048w, https:\/\/blog.europapark.de\/wp-content\/uploads\/2021\/04\/franz-mack-eurosat-modell-01-1700x1443.jpeg 1700w\" sizes=\"auto, (max-width: 1024px) 100vw, 1024px\" \/><\/a><\/div><\/div><\/div><\/div>\n\n<p>Le fondateur d\u2019Europa-Park a \u00e9t\u00e9 un m\u00e9c\u00e8ne pour de nombreux clubs et associations des communes de Rust et de Waldkirch. Il s\u2019est \u00e9galement vu remettre plusieurs r\u00e9compenses et titres comme en 1984 \u00ab La Croix du M\u00e9rite au Ruban \u00bb et en 1997 \u00ab La Croix du M\u00e9rite 1\u00e8re Classe \u00bb. Il a aussi \u00e9t\u00e9 nomm\u00e9 \u00ab Citoyen d\u2019Honneur \u00bb en 2001 par la commune de Rust et a obtenu la \u00ab M\u00e9daille d\u2019Or du M\u00e9rite \u00bb de la ville de Waldkirch. La cons\u00e9cration a \u00e9t\u00e9 lorsque l&#8217;Association internationale des parcs de loisirs et d\u2019attractions (IAAPA), a intronis\u00e9 au \u00ab\u00a0Hall of Fame\u00a0\u00bb celui qui \u00e9tait d\u00e9crit comme l&#8217;un des \u00ab\u00a0pionniers de la r\u00e9ussite internationale des parcs de loisirs\u00a0\u00bb.<\/p>\n<p>Cette vid\u00e9o retrace \u00e0 la perfection cette vie d\u00e9di\u00e9e \u00e0 Europa-Park et \u00e0 son ambition de r\u00e9aliser ses r\u00eaves :<\/p>\n<div class=\"iframe-placeholder-wrapper\">\n<div class=\"iframe-placeholder\">\n<div class=\"iframe-placeholder-title\">Contenu externe<\/div>\n<div>\n<p><strong>Vous pouvez regarder une vid\u00e9o YouTube via le contenu externe. Pour que la vid\u00e9o soit charg\u00e9e, nous avons besoin de votre consentement.<\/strong><\/p>\n<p><button class=\"button\" onclick=\"acceptExternalMedia();\">AFFICHER LE CONTENU EXTERNE<\/button><\/p>\n<p class=\"iframe-placeholder-disclaimer\">En cliquant sur \u00ab Acc\u00e9der au contenu externe \u00bb, vous acceptez que le contenu de tiers soit affich\u00e9. En appelant le contenu externe, des donn\u00e9es personnelles peuvent \u00eatre transmises \u00e0 des fournisseurs tiers avec, si n\u00e9cessaire, le stockage automatique de cookies sur votre appareil. Vous trouverez de plus amples informations sur la collecte et l\u2019utilisation de vos donn\u00e9es par YouTube dans les informations sur la protection des donn\u00e9es sous <a href=\"https:\/\/www.youtube.com\" target=\"_blank\" rel=\"noopener\">www.youtube.com<\/a>. <\/p>\n<\/p><\/div>\n<\/p><\/div>\n<div class=\"video-container iframe-placeholder-youtube\"><iframe title=\"100 Jahre Franz Mack - The Old Man And His Dream\" width=\"500\" height=\"281\" class=\"optanon-category-C0005\" data-src=\"https:\/\/www.youtube-nocookie.com\/embed\/_c7aGEcHH60?feature=oembed\" frameborder=\"0\" allow=\"accelerometer; autoplay; clipboard-write; encrypted-media; gyroscope; picture-in-picture; web-share\" referrerpolicy=\"strict-origin-when-cross-origin\" allowfullscreen><\/iframe><\/div>\n<\/p><\/div>\n<p>Il \u00e9tait tr\u00e8s attach\u00e9 \u00e0 ses origines de For\u00eat-Noire. Son caract\u00e8re pr\u00e9sentait des traits typiquement badois comme sa franchise ou encore son exigence envers lui-m\u00eame et les autres. Il avait \u00e0 c\u0153ur de ne pas aller trop vite dans les projets. D\u2019ailleurs, une anecdote fait encore rire la famille Mack aujourd\u2019hui : en 1995, lorsqu\u2019il a \u00e9t\u00e9 question de se lancer dans l\u2019h\u00f4tellerie, aucun investisseur n\u2019avait pari\u00e9 sur le parc de loisirs dont les portes restaient closes 5 mois dans l\u2019ann\u00e9e. M\u00eame si les Mack n\u2019avaient pas d\u2019exp\u00e9rience dans ce domaine, ils ont tout de m\u00eame os\u00e9 ouvrir leur 1er \u00a0h\u00f4tel. Cependant, le grand-p\u00e8re Mack avait un mauvais pressentiment, c\u2019est pourquoi, une nuit, il s\u2019est rendu au bureau avec une lame de rasoir pour d\u00e9couper un \u00e9tage sur les plans. L\u2019h\u00f4tel El Andaluz a donc \u00e9t\u00e9 construit avec un \u00e9tage en moins. Mais ensuite, il a affich\u00e9 complet d\u00e8s son ouverture et 6 mois plus tard, le 2e h\u00f4tel Castillo Alcazar sortit de terre pour faire face \u00e0 cette forte demande. Par ce geste, Franz Mack a certainement voulu signifier qu\u2019il vaut mieux toujours \u00eatre prudent et ne pas prendre son succ\u00e8s pour argent comptant !<\/p>\n<blockquote><p>\u00ab Notre p\u00e8re a \u00e9t\u00e9 un exemple, pour nous tous, jusqu\u2019\u00e0 la fin de ses jours. Il avait de nombreuses qualit\u00e9s comme la modestie, la pers\u00e9v\u00e9rance, l\u2019endurance, la sinc\u00e9rit\u00e9 et l\u2019ouverture d\u2019esprit dont notre famille et notre entreprise avons \u00e9t\u00e9 impr\u00e9gn\u00e9es depuis toujours. \u00bb a d\u00e9clar\u00e9 Roland Mack, directeur g\u00e9n\u00e9ral d&#8217;Europa-Park.<\/p><\/blockquote>\n<p>Franz Mack a toujours \u00e9t\u00e9 un pilier pour sa famille et leur a transmis son motto \u00ab Soyez humbles et pers\u00e9v\u00e9rants \u00bb. La succession familiale de l\u2019entreprise a \u00e9t\u00e9 plus qu\u2019importante pour lui. Ainsi, ses deux fils Roland et J\u00fcrgen et ses petits-enfants Michael, Thomas et Ann-Kathrin continuent fi\u00e8rement de faire perp\u00e9tuer l\u2019entreprise.<\/p>\n<div class='wpmf-gallerys wpmf-gallerys-life'><div id=\"gallery-2\"\n data-gutter-width=\"5\"\n  data-wpmfcolumns=\"1\" class=\"wpmf-gallery gallery-link-file gallery-masonry gallery-columns-1 gallery-size-large wpmf-gallery-bottomspace-default wpmf-gallery-clear wpmf-has-border-radius-0 wpmf-gutterwidth-5\"><div class=\"wpmf-gallery-item\n     wpmf-gallery-item-position-1 wpmf-gallery-item-attachment-6185\"><div class=\"wpmf-gallery-icon\"><a class=\" not_video\" data-lightbox=\"1\" href=\"https:\/\/blog.europapark.de\/wp-content\/uploads\/2021\/04\/herren-mack-1024x683.jpeg\" data-title=\"Franz Mack entour\u00e9 de ses 2 fils Roland et J\u00fcrgen et de 2 de ses petits-enfants.\" target=\"_self\"><img loading=\"lazy\" decoding=\"async\" width=\"1024\" height=\"683\" src=\"https:\/\/blog.europapark.de\/wp-content\/uploads\/2021\/04\/herren-mack-1024x683.jpeg\" class=\"attachment-large size-large\" alt=\"Franz Mack entour\u00e9 de ses 2 fils Roland et J\u00fcrgen et de 2 de ses petits-enfants.\" data-type=\"wpmfgalleryimg\" data-lazy-src=\"0\" srcset=\"https:\/\/blog.europapark.de\/wp-content\/uploads\/2021\/04\/herren-mack-1024x683.jpeg 1024w, https:\/\/blog.europapark.de\/wp-content\/uploads\/2021\/04\/herren-mack-400x267.jpeg 400w, https:\/\/blog.europapark.de\/wp-content\/uploads\/2021\/04\/herren-mack-768x512.jpeg 768w, https:\/\/blog.europapark.de\/wp-content\/uploads\/2021\/04\/herren-mack-1536x1024.jpeg 1536w, https:\/\/blog.europapark.de\/wp-content\/uploads\/2021\/04\/herren-mack-2048x1365.jpeg 2048w, https:\/\/blog.europapark.de\/wp-content\/uploads\/2021\/04\/herren-mack-1700x1133.jpeg 1700w\" sizes=\"auto, (max-width: 1024px) 100vw, 1024px\" \/><\/a><\/div><\/div><div class=\"wpmf-gallery-item\n     wpmf-gallery-item-position-2 wpmf-gallery-item-attachment-6187\"><div class=\"wpmf-gallery-icon\"><a class=\" not_video\" data-lightbox=\"1\" href=\"https:\/\/blog.europapark.de\/wp-content\/uploads\/2021\/04\/kommunionalexia3-1024x681.jpeg\" data-title=\"Il adorait \u00eatre entour\u00e9 de sa famille !\" target=\"_self\"><img loading=\"lazy\" decoding=\"async\" width=\"1024\" height=\"681\" src=\"https:\/\/blog.europapark.de\/wp-content\/uploads\/2021\/04\/kommunionalexia3-1024x681.jpeg\" class=\"attachment-large size-large\" alt=\"Il adorait \u00eatre entour\u00e9 de sa famille !\" data-type=\"wpmfgalleryimg\" data-lazy-src=\"0\" srcset=\"https:\/\/blog.europapark.de\/wp-content\/uploads\/2021\/04\/kommunionalexia3-1024x681.jpeg 1024w, https:\/\/blog.europapark.de\/wp-content\/uploads\/2021\/04\/kommunionalexia3-400x266.jpeg 400w, https:\/\/blog.europapark.de\/wp-content\/uploads\/2021\/04\/kommunionalexia3-768x511.jpeg 768w, https:\/\/blog.europapark.de\/wp-content\/uploads\/2021\/04\/kommunionalexia3-1536x1022.jpeg 1536w, https:\/\/blog.europapark.de\/wp-content\/uploads\/2021\/04\/kommunionalexia3-2048x1363.jpeg 2048w, https:\/\/blog.europapark.de\/wp-content\/uploads\/2021\/04\/kommunionalexia3-1700x1131.jpeg 1700w\" sizes=\"auto, (max-width: 1024px) 100vw, 1024px\" \/><\/a><\/div><\/div><div class=\"wpmf-gallery-item\n     wpmf-gallery-item-position-3 wpmf-gallery-item-attachment-6191\"><div class=\"wpmf-gallery-icon\"><a class=\" not_video\" data-lightbox=\"1\" href=\"https:\/\/blog.europapark.de\/wp-content\/uploads\/2021\/04\/michael-ann-kathrin-thomas-und-franz-mack1-1024x828.jpeg\" data-title=\"Il peut \u00eatre fier de la 8e g\u00e9n\u00e9ration de la famille \u00e0 la direction de l\u2019entreprise !\" target=\"_self\"><img loading=\"lazy\" decoding=\"async\" width=\"1024\" height=\"828\" src=\"https:\/\/blog.europapark.de\/wp-content\/uploads\/2021\/04\/michael-ann-kathrin-thomas-und-franz-mack1-1024x828.jpeg\" class=\"attachment-large size-large\" alt=\"Il peut \u00eatre fier de la 8e g\u00e9n\u00e9ration de la famille \u00e0 la direction de l\u2019entreprise !\" data-type=\"wpmfgalleryimg\" data-lazy-src=\"0\" srcset=\"https:\/\/blog.europapark.de\/wp-content\/uploads\/2021\/04\/michael-ann-kathrin-thomas-und-franz-mack1-1024x828.jpeg 1024w, https:\/\/blog.europapark.de\/wp-content\/uploads\/2021\/04\/michael-ann-kathrin-thomas-und-franz-mack1-371x300.jpeg 371w, https:\/\/blog.europapark.de\/wp-content\/uploads\/2021\/04\/michael-ann-kathrin-thomas-und-franz-mack1-768x621.jpeg 768w, https:\/\/blog.europapark.de\/wp-content\/uploads\/2021\/04\/michael-ann-kathrin-thomas-und-franz-mack1-1536x1242.jpeg 1536w, https:\/\/blog.europapark.de\/wp-content\/uploads\/2021\/04\/michael-ann-kathrin-thomas-und-franz-mack1-2048x1657.jpeg 2048w, https:\/\/blog.europapark.de\/wp-content\/uploads\/2021\/04\/michael-ann-kathrin-thomas-und-franz-mack1-1700x1375.jpeg 1700w\" sizes=\"auto, (max-width: 1024px) 100vw, 1024px\" \/><\/a><\/div><\/div><div class=\"wpmf-gallery-item\n     wpmf-gallery-item-position-4 wpmf-gallery-item-attachment-6189\"><div class=\"wpmf-gallery-icon\"><a class=\" not_video\" data-lightbox=\"1\" href=\"https:\/\/blog.europapark.de\/wp-content\/uploads\/2021\/04\/liesel-und-franz-mack-1024x678.jpeg\" data-title=\"Il a toujours pu compter sur le soutien sans faille de son \u00e9pouse Liesel.\" target=\"_self\"><img loading=\"lazy\" decoding=\"async\" width=\"1024\" height=\"678\" src=\"https:\/\/blog.europapark.de\/wp-content\/uploads\/2021\/04\/liesel-und-franz-mack-1024x678.jpeg\" class=\"attachment-large size-large\" alt=\"Il a toujours pu compter sur le soutien sans faille de son \u00e9pouse Liesel.\" data-type=\"wpmfgalleryimg\" data-lazy-src=\"0\" srcset=\"https:\/\/blog.europapark.de\/wp-content\/uploads\/2021\/04\/liesel-und-franz-mack-1024x678.jpeg 1024w, https:\/\/blog.europapark.de\/wp-content\/uploads\/2021\/04\/liesel-und-franz-mack-400x265.jpeg 400w, https:\/\/blog.europapark.de\/wp-content\/uploads\/2021\/04\/liesel-und-franz-mack-768x508.jpeg 768w, https:\/\/blog.europapark.de\/wp-content\/uploads\/2021\/04\/liesel-und-franz-mack-1536x1016.jpeg 1536w, https:\/\/blog.europapark.de\/wp-content\/uploads\/2021\/04\/liesel-und-franz-mack-2048x1355.jpeg 2048w, https:\/\/blog.europapark.de\/wp-content\/uploads\/2021\/04\/liesel-und-franz-mack-1700x1125.jpeg 1700w\" sizes=\"auto, (max-width: 1024px) 100vw, 1024px\" \/><\/a><\/div><\/div><\/div><\/div>\n\n<p>Jusqu\u2019\u00e0 la fin de sa vie, Europa-Park et son avenir \u00e9taient au c\u0153ur des pens\u00e9es de son fondateur. Un jour, il a demand\u00e9 \u00e0 ses petits-fils Michael et Thomas de lui faire faire le tour du parc dans leur voiturette de golf. Tous deux devaient lui expliquer les projets en cours \u00e0 propos desquels il s\u2019\u00e9tait montr\u00e9 tr\u00e8s enthousiaste. Le lendemain matin, le 3 octobre 2010, Franz Mack s\u2019est \u00e9teint.<\/p>\n<figure id=\"attachment_6177\" aria-labelledby=\"figcaption_attachment_6177\" class=\"wp-caption aligncenter\"><img loading=\"lazy\" decoding=\"async\" class=\"size-large wp-image-6177\" src=\"https:\/\/blog.europapark.de\/wp-content\/uploads\/2021\/04\/163415203_3960106124042863_544538591811019350_o-1024x683.jpeg\" alt=\"La statue de Franz Mack vous accueille d\u00e8s votre arriv\u00e9e dans le quartier allemand.\" width=\"1024\" height=\"683\" srcset=\"https:\/\/blog.europapark.de\/wp-content\/uploads\/2021\/04\/163415203_3960106124042863_544538591811019350_o-1024x683.jpeg 1024w, https:\/\/blog.europapark.de\/wp-content\/uploads\/2021\/04\/163415203_3960106124042863_544538591811019350_o-400x267.jpeg 400w, https:\/\/blog.europapark.de\/wp-content\/uploads\/2021\/04\/163415203_3960106124042863_544538591811019350_o-768x512.jpeg 768w, https:\/\/blog.europapark.de\/wp-content\/uploads\/2021\/04\/163415203_3960106124042863_544538591811019350_o-1536x1024.jpeg 1536w, https:\/\/blog.europapark.de\/wp-content\/uploads\/2021\/04\/163415203_3960106124042863_544538591811019350_o-1700x1133.jpeg 1700w, https:\/\/blog.europapark.de\/wp-content\/uploads\/2021\/04\/163415203_3960106124042863_544538591811019350_o.jpeg 2048w\" sizes=\"auto, (max-width: 1024px) 100vw, 1024px\" \/><figcaption id=\"figcaption_attachment_6177\" class=\"wp-caption-text\">La statue de Franz Mack vous accueille d\u00e8s votre arriv\u00e9e dans le quartier allemand.<\/figcaption><\/figure>\n<p>Pour ceux qui ont envie d\u2019en apprendre encore plus sur la carri\u00e8re de Franz Mack, nous y avons consacr\u00e9 un \u00e9pisode sp\u00e9cial de notre s\u00e9rie de vid\u00e9os <em>Weekly<\/em>\u00a0:<\/p>\n<div class=\"iframe-placeholder-wrapper\">\n<div class=\"iframe-placeholder\">\n<div class=\"iframe-placeholder-title\">Contenu externe<\/div>\n<div>\n<p><strong>Vous pouvez regarder une vid\u00e9o YouTube via le contenu externe. Pour que la vid\u00e9o soit charg\u00e9e, nous avons besoin de votre consentement.<\/strong><\/p>\n<p><button class=\"button\" onclick=\"acceptExternalMedia();\">AFFICHER LE CONTENU EXTERNE<\/button><\/p>\n<p class=\"iframe-placeholder-disclaimer\">En cliquant sur \u00ab Acc\u00e9der au contenu externe \u00bb, vous acceptez que le contenu de tiers soit affich\u00e9. En appelant le contenu externe, des donn\u00e9es personnelles peuvent \u00eatre transmises \u00e0 des fournisseurs tiers avec, si n\u00e9cessaire, le stockage automatique de cookies sur votre appareil. Vous trouverez de plus amples informations sur la collecte et l\u2019utilisation de vos donn\u00e9es par YouTube dans les informations sur la protection des donn\u00e9es sous <a href=\"https:\/\/www.youtube.com\" target=\"_blank\" rel=\"noopener\">www.youtube.com<\/a>. <\/p>\n<\/p><\/div>\n<\/p><\/div>\n<div class=\"video-container iframe-placeholder-youtube\"><iframe title=\"100 Jahre Franz Mack - Europa-Park Weekly Special\" width=\"500\" height=\"281\" class=\"optanon-category-C0005\" data-src=\"https:\/\/www.youtube-nocookie.com\/embed\/ZNrM5jkmSyU?start=991&#038;feature=oembed\" frameborder=\"0\" allow=\"accelerometer; autoplay; clipboard-write; encrypted-media; gyroscope; picture-in-picture; web-share\" referrerpolicy=\"strict-origin-when-cross-origin\" allowfullscreen><\/iframe><\/div>\n<\/p><\/div>\n<p>Europa-Park restera \u00e0 jamais marqu\u00e9 par l\u2019empreinte de son fondateur. Les 7e et 8e \u00a0g\u00e9n\u00e9rations de la famille Mack sont tourn\u00e9s vers l\u2019avenir mais n\u2019oublient pas les h\u00e9ritages et apprentissages du pass\u00e9. De nombreux projets sont \u00e0 venir pour continuer de vous faire r\u00eaver\u00a0!<\/p>\n","protected":false},"excerpt":{"rendered":"<p>Sans lui, le meilleur parc de loisirs du monde n\u2019aurait jamais vu le jour. Nous parlons bien s\u00fbr de Franz&#8230;<\/p>\n","protected":false},"author":22,"featured_media":6179,"comment_status":"open","ping_status":"open","sticky":false,"template":"","format":"standard","meta":{"_acf_changed":false,"footnotes":""},"categories":[207],"tags":[624,554,556,625,626,432,555],"class_list":["post-6176","post","type-post","status-publish","format-standard","has-post-thumbnail","hentry","category-europa-park-fr","tag-100-ans-franz-mack","tag-12-juillet-1975","tag-archives","tag-fondateur","tag-franz-mack-fr","tag-histoire","tag-inauguration"],"acf":[],"yoast_head":"<!-- This site is optimized with the Yoast SEO plugin v26.9 - https:\/\/yoast.com\/product\/yoast-seo-wordpress\/ -->\n<title>Franz Mack, pionnier du loisir et fondateur d\u2019Europa-Park - Le blog officiel d\u2019Europa-Park<\/title>\n<meta name=\"robots\" content=\"index, follow, max-snippet:-1, max-image-preview:large, max-video-preview:-1\" \/>\n<link rel=\"canonical\" href=\"https:\/\/blog.europapark.de\/fr\/europa-park-fr\/franz-mack-pionnier-du-loisir-et-fondateur-deuropa-park\/\" \/>\n<meta property=\"og:locale\" content=\"fr_FR\" \/>\n<meta property=\"og:type\" content=\"article\" \/>\n<meta property=\"og:title\" content=\"Franz Mack, pionnier du loisir et fondateur d\u2019Europa-Park - Le blog officiel d\u2019Europa-Park\" \/>\n<meta property=\"og:description\" content=\"Sans lui, le meilleur parc de loisirs du monde n\u2019aurait jamais vu le jour. Nous parlons bien s\u00fbr de Franz...\" \/>\n<meta property=\"og:url\" content=\"https:\/\/blog.europapark.de\/fr\/europa-park-fr\/franz-mack-pionnier-du-loisir-et-fondateur-deuropa-park\/\" \/>\n<meta property=\"og:site_name\" content=\"Le blog officiel d\u2019Europa-Park\" \/>\n<meta property=\"article:published_time\" content=\"2021-04-23T07:08:53+00:00\" \/>\n<meta property=\"article:modified_time\" content=\"2021-11-10T15:58:20+00:00\" \/>\n<meta property=\"og:image\" content=\"https:\/\/blog.europapark.de\/wp-content\/uploads\/2021\/04\/Franz_Mack_neutral.jpg\" \/>\n\t<meta property=\"og:image:width\" content=\"2560\" \/>\n\t<meta property=\"og:image:height\" content=\"1164\" \/>\n\t<meta property=\"og:image:type\" content=\"image\/jpeg\" \/>\n<meta name=\"author\" content=\"Marine Bostetter\" \/>\n<meta name=\"twitter:card\" content=\"summary_large_image\" \/>\n<meta name=\"twitter:label1\" content=\"\u00c9crit par\" \/>\n\t<meta name=\"twitter:data1\" content=\"Marine Bostetter\" \/>\n\t<meta name=\"twitter:label2\" content=\"Dur\u00e9e de lecture estim\u00e9e\" \/>\n\t<meta name=\"twitter:data2\" content=\"6 minutes\" \/>\n<script type=\"application\/ld+json\" class=\"yoast-schema-graph\">{\"@context\":\"https:\/\/schema.org\",\"@graph\":[{\"@type\":\"Article\",\"@id\":\"https:\/\/blog.europapark.de\/fr\/europa-park-fr\/franz-mack-pionnier-du-loisir-et-fondateur-deuropa-park\/#article\",\"isPartOf\":{\"@id\":\"https:\/\/blog.europapark.de\/fr\/europa-park-fr\/franz-mack-pionnier-du-loisir-et-fondateur-deuropa-park\/\"},\"author\":{\"name\":\"Marine Bostetter\",\"@id\":\"https:\/\/blog.europapark.de\/fr\/#\/schema\/person\/33a8e6425d00a5338b0f3b919774c892\"},\"headline\":\"Franz Mack, pionnier du loisir et fondateur d\u2019Europa-Park\",\"datePublished\":\"2021-04-23T07:08:53+00:00\",\"dateModified\":\"2021-11-10T15:58:20+00:00\",\"mainEntityOfPage\":{\"@id\":\"https:\/\/blog.europapark.de\/fr\/europa-park-fr\/franz-mack-pionnier-du-loisir-et-fondateur-deuropa-park\/\"},\"wordCount\":1200,\"commentCount\":0,\"image\":{\"@id\":\"https:\/\/blog.europapark.de\/fr\/europa-park-fr\/franz-mack-pionnier-du-loisir-et-fondateur-deuropa-park\/#primaryimage\"},\"thumbnailUrl\":\"https:\/\/blog.europapark.de\/wp-content\/uploads\/2021\/04\/Franz_Mack_neutral.jpg\",\"keywords\":[\"100 ans Franz Mack\",\"12 juillet 1975\",\"Archives\",\"Fondateur\",\"Franz Mack\",\"Histoire\",\"Inauguration\"],\"articleSection\":[\"Europa-Park\"],\"inLanguage\":\"fr-FR\",\"potentialAction\":[{\"@type\":\"CommentAction\",\"name\":\"Comment\",\"target\":[\"https:\/\/blog.europapark.de\/fr\/europa-park-fr\/franz-mack-pionnier-du-loisir-et-fondateur-deuropa-park\/#respond\"]}]},{\"@type\":\"WebPage\",\"@id\":\"https:\/\/blog.europapark.de\/fr\/europa-park-fr\/franz-mack-pionnier-du-loisir-et-fondateur-deuropa-park\/\",\"url\":\"https:\/\/blog.europapark.de\/fr\/europa-park-fr\/franz-mack-pionnier-du-loisir-et-fondateur-deuropa-park\/\",\"name\":\"Franz Mack, pionnier du loisir et fondateur d\u2019Europa-Park - Le blog officiel d\u2019Europa-Park\",\"isPartOf\":{\"@id\":\"https:\/\/blog.europapark.de\/fr\/#website\"},\"primaryImageOfPage\":{\"@id\":\"https:\/\/blog.europapark.de\/fr\/europa-park-fr\/franz-mack-pionnier-du-loisir-et-fondateur-deuropa-park\/#primaryimage\"},\"image\":{\"@id\":\"https:\/\/blog.europapark.de\/fr\/europa-park-fr\/franz-mack-pionnier-du-loisir-et-fondateur-deuropa-park\/#primaryimage\"},\"thumbnailUrl\":\"https:\/\/blog.europapark.de\/wp-content\/uploads\/2021\/04\/Franz_Mack_neutral.jpg\",\"datePublished\":\"2021-04-23T07:08:53+00:00\",\"dateModified\":\"2021-11-10T15:58:20+00:00\",\"author\":{\"@id\":\"https:\/\/blog.europapark.de\/fr\/#\/schema\/person\/33a8e6425d00a5338b0f3b919774c892\"},\"breadcrumb\":{\"@id\":\"https:\/\/blog.europapark.de\/fr\/europa-park-fr\/franz-mack-pionnier-du-loisir-et-fondateur-deuropa-park\/#breadcrumb\"},\"inLanguage\":\"fr-FR\",\"potentialAction\":[{\"@type\":\"ReadAction\",\"target\":[\"https:\/\/blog.europapark.de\/fr\/europa-park-fr\/franz-mack-pionnier-du-loisir-et-fondateur-deuropa-park\/\"]}]},{\"@type\":\"ImageObject\",\"inLanguage\":\"fr-FR\",\"@id\":\"https:\/\/blog.europapark.de\/fr\/europa-park-fr\/franz-mack-pionnier-du-loisir-et-fondateur-deuropa-park\/#primaryimage\",\"url\":\"https:\/\/blog.europapark.de\/wp-content\/uploads\/2021\/04\/Franz_Mack_neutral.jpg\",\"contentUrl\":\"https:\/\/blog.europapark.de\/wp-content\/uploads\/2021\/04\/Franz_Mack_neutral.jpg\",\"width\":2560,\"height\":1164,\"caption\":\"Franz Mack\"},{\"@type\":\"BreadcrumbList\",\"@id\":\"https:\/\/blog.europapark.de\/fr\/europa-park-fr\/franz-mack-pionnier-du-loisir-et-fondateur-deuropa-park\/#breadcrumb\",\"itemListElement\":[{\"@type\":\"ListItem\",\"position\":1,\"name\":\"Accueil\",\"item\":\"https:\/\/blog.europapark.de\/fr\/\"},{\"@type\":\"ListItem\",\"position\":2,\"name\":\"Franz Mack, pionnier du loisir et fondateur d\u2019Europa-Park\"}]},{\"@type\":\"WebSite\",\"@id\":\"https:\/\/blog.europapark.de\/fr\/#website\",\"url\":\"https:\/\/blog.europapark.de\/fr\/\",\"name\":\"Le blog officiel d\u2019Europa-Park\",\"description\":\"\",\"potentialAction\":[{\"@type\":\"SearchAction\",\"target\":{\"@type\":\"EntryPoint\",\"urlTemplate\":\"https:\/\/blog.europapark.de\/fr\/?s={search_term_string}\"},\"query-input\":{\"@type\":\"PropertyValueSpecification\",\"valueRequired\":true,\"valueName\":\"search_term_string\"}}],\"inLanguage\":\"fr-FR\"},{\"@type\":\"Person\",\"@id\":\"https:\/\/blog.europapark.de\/fr\/#\/schema\/person\/33a8e6425d00a5338b0f3b919774c892\",\"name\":\"Marine Bostetter\",\"image\":{\"@type\":\"ImageObject\",\"inLanguage\":\"fr-FR\",\"@id\":\"https:\/\/blog.europapark.de\/fr\/#\/schema\/person\/image\/\",\"url\":\"https:\/\/blog.europapark.de\/wp-content\/uploads\/2024\/01\/IMG_2126-150x150.jpg\",\"contentUrl\":\"https:\/\/blog.europapark.de\/wp-content\/uploads\/2024\/01\/IMG_2126-150x150.jpg\",\"caption\":\"Marine Bostetter\"},\"url\":\"https:\/\/blog.europapark.de\/fr\/author\/marine-bostetter\/\"}]}<\/script>\n<!-- \/ Yoast SEO plugin. -->","yoast_head_json":{"title":"Franz Mack, pionnier du loisir et fondateur d\u2019Europa-Park - Le blog officiel d\u2019Europa-Park","robots":{"index":"index","follow":"follow","max-snippet":"max-snippet:-1","max-image-preview":"max-image-preview:large","max-video-preview":"max-video-preview:-1"},"canonical":"https:\/\/blog.europapark.de\/fr\/europa-park-fr\/franz-mack-pionnier-du-loisir-et-fondateur-deuropa-park\/","og_locale":"fr_FR","og_type":"article","og_title":"Franz Mack, pionnier du loisir et fondateur d\u2019Europa-Park - Le blog officiel d\u2019Europa-Park","og_description":"Sans lui, le meilleur parc de loisirs du monde n\u2019aurait jamais vu le jour. Nous parlons bien s\u00fbr de Franz...","og_url":"https:\/\/blog.europapark.de\/fr\/europa-park-fr\/franz-mack-pionnier-du-loisir-et-fondateur-deuropa-park\/","og_site_name":"Le blog officiel d\u2019Europa-Park","article_published_time":"2021-04-23T07:08:53+00:00","article_modified_time":"2021-11-10T15:58:20+00:00","og_image":[{"width":2560,"height":1164,"url":"https:\/\/blog.europapark.de\/wp-content\/uploads\/2021\/04\/Franz_Mack_neutral.jpg","type":"image\/jpeg"}],"author":"Marine Bostetter","twitter_card":"summary_large_image","twitter_misc":{"\u00c9crit par":"Marine Bostetter","Dur\u00e9e de lecture estim\u00e9e":"6 minutes"},"schema":{"@context":"https:\/\/schema.org","@graph":[{"@type":"Article","@id":"https:\/\/blog.europapark.de\/fr\/europa-park-fr\/franz-mack-pionnier-du-loisir-et-fondateur-deuropa-park\/#article","isPartOf":{"@id":"https:\/\/blog.europapark.de\/fr\/europa-park-fr\/franz-mack-pionnier-du-loisir-et-fondateur-deuropa-park\/"},"author":{"name":"Marine Bostetter","@id":"https:\/\/blog.europapark.de\/fr\/#\/schema\/person\/33a8e6425d00a5338b0f3b919774c892"},"headline":"Franz Mack, pionnier du loisir et fondateur d\u2019Europa-Park","datePublished":"2021-04-23T07:08:53+00:00","dateModified":"2021-11-10T15:58:20+00:00","mainEntityOfPage":{"@id":"https:\/\/blog.europapark.de\/fr\/europa-park-fr\/franz-mack-pionnier-du-loisir-et-fondateur-deuropa-park\/"},"wordCount":1200,"commentCount":0,"image":{"@id":"https:\/\/blog.europapark.de\/fr\/europa-park-fr\/franz-mack-pionnier-du-loisir-et-fondateur-deuropa-park\/#primaryimage"},"thumbnailUrl":"https:\/\/blog.europapark.de\/wp-content\/uploads\/2021\/04\/Franz_Mack_neutral.jpg","keywords":["100 ans Franz Mack","12 juillet 1975","Archives","Fondateur","Franz Mack","Histoire","Inauguration"],"articleSection":["Europa-Park"],"inLanguage":"fr-FR","potentialAction":[{"@type":"CommentAction","name":"Comment","target":["https:\/\/blog.europapark.de\/fr\/europa-park-fr\/franz-mack-pionnier-du-loisir-et-fondateur-deuropa-park\/#respond"]}]},{"@type":"WebPage","@id":"https:\/\/blog.europapark.de\/fr\/europa-park-fr\/franz-mack-pionnier-du-loisir-et-fondateur-deuropa-park\/","url":"https:\/\/blog.europapark.de\/fr\/europa-park-fr\/franz-mack-pionnier-du-loisir-et-fondateur-deuropa-park\/","name":"Franz Mack, pionnier du loisir et fondateur d\u2019Europa-Park - Le blog officiel d\u2019Europa-Park","isPartOf":{"@id":"https:\/\/blog.europapark.de\/fr\/#website"},"primaryImageOfPage":{"@id":"https:\/\/blog.europapark.de\/fr\/europa-park-fr\/franz-mack-pionnier-du-loisir-et-fondateur-deuropa-park\/#primaryimage"},"image":{"@id":"https:\/\/blog.europapark.de\/fr\/europa-park-fr\/franz-mack-pionnier-du-loisir-et-fondateur-deuropa-park\/#primaryimage"},"thumbnailUrl":"https:\/\/blog.europapark.de\/wp-content\/uploads\/2021\/04\/Franz_Mack_neutral.jpg","datePublished":"2021-04-23T07:08:53+00:00","dateModified":"2021-11-10T15:58:20+00:00","author":{"@id":"https:\/\/blog.europapark.de\/fr\/#\/schema\/person\/33a8e6425d00a5338b0f3b919774c892"},"breadcrumb":{"@id":"https:\/\/blog.europapark.de\/fr\/europa-park-fr\/franz-mack-pionnier-du-loisir-et-fondateur-deuropa-park\/#breadcrumb"},"inLanguage":"fr-FR","potentialAction":[{"@type":"ReadAction","target":["https:\/\/blog.europapark.de\/fr\/europa-park-fr\/franz-mack-pionnier-du-loisir-et-fondateur-deuropa-park\/"]}]},{"@type":"ImageObject","inLanguage":"fr-FR","@id":"https:\/\/blog.europapark.de\/fr\/europa-park-fr\/franz-mack-pionnier-du-loisir-et-fondateur-deuropa-park\/#primaryimage","url":"https:\/\/blog.europapark.de\/wp-content\/uploads\/2021\/04\/Franz_Mack_neutral.jpg","contentUrl":"https:\/\/blog.europapark.de\/wp-content\/uploads\/2021\/04\/Franz_Mack_neutral.jpg","width":2560,"height":1164,"caption":"Franz Mack"},{"@type":"BreadcrumbList","@id":"https:\/\/blog.europapark.de\/fr\/europa-park-fr\/franz-mack-pionnier-du-loisir-et-fondateur-deuropa-park\/#breadcrumb","itemListElement":[{"@type":"ListItem","position":1,"name":"Accueil","item":"https:\/\/blog.europapark.de\/fr\/"},{"@type":"ListItem","position":2,"name":"Franz Mack, pionnier du loisir et fondateur d\u2019Europa-Park"}]},{"@type":"WebSite","@id":"https:\/\/blog.europapark.de\/fr\/#website","url":"https:\/\/blog.europapark.de\/fr\/","name":"Le blog officiel d\u2019Europa-Park","description":"","potentialAction":[{"@type":"SearchAction","target":{"@type":"EntryPoint","urlTemplate":"https:\/\/blog.europapark.de\/fr\/?s={search_term_string}"},"query-input":{"@type":"PropertyValueSpecification","valueRequired":true,"valueName":"search_term_string"}}],"inLanguage":"fr-FR"},{"@type":"Person","@id":"https:\/\/blog.europapark.de\/fr\/#\/schema\/person\/33a8e6425d00a5338b0f3b919774c892","name":"Marine Bostetter","image":{"@type":"ImageObject","inLanguage":"fr-FR","@id":"https:\/\/blog.europapark.de\/fr\/#\/schema\/person\/image\/","url":"https:\/\/blog.europapark.de\/wp-content\/uploads\/2024\/01\/IMG_2126-150x150.jpg","contentUrl":"https:\/\/blog.europapark.de\/wp-content\/uploads\/2024\/01\/IMG_2126-150x150.jpg","caption":"Marine Bostetter"},"url":"https:\/\/blog.europapark.de\/fr\/author\/marine-bostetter\/"}]}},"_links":{"self":[{"href":"https:\/\/blog.europapark.de\/fr\/wp-json\/wp\/v2\/posts\/6176","targetHints":{"allow":["GET"]}}],"collection":[{"href":"https:\/\/blog.europapark.de\/fr\/wp-json\/wp\/v2\/posts"}],"about":[{"href":"https:\/\/blog.europapark.de\/fr\/wp-json\/wp\/v2\/types\/post"}],"author":[{"embeddable":true,"href":"https:\/\/blog.europapark.de\/fr\/wp-json\/wp\/v2\/users\/22"}],"replies":[{"embeddable":true,"href":"https:\/\/blog.europapark.de\/fr\/wp-json\/wp\/v2\/comments?post=6176"}],"version-history":[{"count":15,"href":"https:\/\/blog.europapark.de\/fr\/wp-json\/wp\/v2\/posts\/6176\/revisions"}],"predecessor-version":[{"id":7222,"href":"https:\/\/blog.europapark.de\/fr\/wp-json\/wp\/v2\/posts\/6176\/revisions\/7222"}],"wp:featuredmedia":[{"embeddable":true,"href":"https:\/\/blog.europapark.de\/fr\/wp-json\/wp\/v2\/media\/6179"}],"wp:attachment":[{"href":"https:\/\/blog.europapark.de\/fr\/wp-json\/wp\/v2\/media?parent=6176"}],"wp:term":[{"taxonomy":"category","embeddable":true,"href":"https:\/\/blog.europapark.de\/fr\/wp-json\/wp\/v2\/categories?post=6176"},{"taxonomy":"post_tag","embeddable":true,"href":"https:\/\/blog.europapark.de\/fr\/wp-json\/wp\/v2\/tags?post=6176"}],"curies":[{"name":"wp","href":"https:\/\/api.w.org\/{rel}","templated":true}]}}