{"id":5544,"date":"2020-08-12T15:00:35","date_gmt":"2020-08-12T13:00:35","guid":{"rendered":"https:\/\/blog.europapark.de\/die-besten-instagram-spots-im-europa-park\/"},"modified":"2021-11-10T16:44:49","modified_gmt":"2021-11-10T15:44:49","slug":"les-meilleurs-spots-instagram-a-europa-park","status":"publish","type":"post","link":"https:\/\/blog.europapark.de\/fr\/europa-park-fr\/les-meilleurs-spots-instagram-a-europa-park\/","title":{"rendered":"Les meilleurs spots Instagram \u00e0 Europa-Park"},"content":{"rendered":"<p><strong>Tout le monde le sait : on passe toujours une journ\u00e9e merveilleuse \u00e0 Europa-Park et on veut passer du temps dans chaque coin pour immortaliser les plus belles photos souvenirs. Pour que vous puissiez shooter la plus belle photo de profil ou le meilleur selfie, on a pr\u00e9par\u00e9 pour vous le guide parfait des meilleurs spots Instagram du parc.<br \/>\n<\/strong><\/p>\n<h3><strong>Spot #1 : Italie<\/strong><\/h3>\n<p>Ambiance m\u00e9diterran\u00e9enne et eau bleu azur : le lac italien donne une sensation de vacances \u00e0 vos photos.<\/p>\n<div class='wpmf-gallerys wpmf-gallerys-life'><div id=\"gallery-1\"\n data-gutter-width=\"5\"\n  data-wpmfcolumns=\"1\" class=\"wpmf-gallery gallery-link-file gallery-masonry gallery-columns-1 gallery-size-large wpmf-gallery-bottomspace-default wpmf-gallery-clear wpmf-has-border-radius-0 wpmf-gutterwidth-5\"><div class=\"wpmf-gallery-item\n     wpmf-gallery-item-position-1 wpmf-gallery-item-attachment-5308\"><div class=\"wpmf-gallery-icon\"><a class=\" not_video\" data-lightbox=\"1\" href=\"https:\/\/blog.europapark.de\/wp-content\/uploads\/2020\/07\/miss.everywhere-e1596121968531-1024x1024.jpg\" data-title=\"miss.everywhere\" target=\"_self\"><img loading=\"lazy\" decoding=\"async\" width=\"1024\" height=\"1024\" src=\"https:\/\/blog.europapark.de\/wp-content\/uploads\/2020\/07\/miss.everywhere-e1596121968531-1024x1024.jpg\" class=\"attachment-large size-large\" alt=\"\" data-type=\"wpmfgalleryimg\" data-lazy-src=\"0\" srcset=\"https:\/\/blog.europapark.de\/wp-content\/uploads\/2020\/07\/miss.everywhere-e1596121968531-1024x1024.jpg 1024w, https:\/\/blog.europapark.de\/wp-content\/uploads\/2020\/07\/miss.everywhere-e1596121968531-150x150.jpg 150w, https:\/\/blog.europapark.de\/wp-content\/uploads\/2020\/07\/miss.everywhere-e1596121968531-300x300.jpg 300w, https:\/\/blog.europapark.de\/wp-content\/uploads\/2020\/07\/miss.everywhere-e1596121968531-768x768.jpg 768w, https:\/\/blog.europapark.de\/wp-content\/uploads\/2020\/07\/miss.everywhere-e1596121968531.jpg 1080w\" sizes=\"auto, (max-width: 1024px) 100vw, 1024px\" \/><\/a><\/div><\/div><div class=\"wpmf-gallery-item\n     wpmf-gallery-item-position-2 wpmf-gallery-item-attachment-5154\"><div class=\"wpmf-gallery-icon\"><a class=\" not_video\" data-lightbox=\"1\" href=\"https:\/\/blog.europapark.de\/wp-content\/uploads\/2020\/07\/justin2flyyy-e1597386861848-1024x1024.jpg\" data-title=\"justin2flyyy\" target=\"_self\"><img loading=\"lazy\" decoding=\"async\" width=\"1024\" height=\"1024\" src=\"https:\/\/blog.europapark.de\/wp-content\/uploads\/2020\/07\/justin2flyyy-e1597386861848-1024x1024.jpg\" class=\"attachment-large size-large\" alt=\"\" data-type=\"wpmfgalleryimg\" data-lazy-src=\"0\" srcset=\"https:\/\/blog.europapark.de\/wp-content\/uploads\/2020\/07\/justin2flyyy-e1597386861848-1024x1024.jpg 1024w, https:\/\/blog.europapark.de\/wp-content\/uploads\/2020\/07\/justin2flyyy-e1597386861848-150x150.jpg 150w, https:\/\/blog.europapark.de\/wp-content\/uploads\/2020\/07\/justin2flyyy-e1597386861848-300x300.jpg 300w, https:\/\/blog.europapark.de\/wp-content\/uploads\/2020\/07\/justin2flyyy-e1597386861848-768x768.jpg 768w, https:\/\/blog.europapark.de\/wp-content\/uploads\/2020\/07\/justin2flyyy-e1597386861848.jpg 1080w\" sizes=\"auto, (max-width: 1024px) 100vw, 1024px\" \/><\/a><\/div><\/div><\/div><\/div>\n\n<h3><\/h3>\n<h3><strong>Spot #2 : France<\/strong><\/h3>\n<p>Le lac du quartier fran\u00e7ais est aussi un point d&#8217;orgue, notamment avec la boule scintillante d&#8217;Eurosat &#8211; CanCan Coaster et les fontaines en arri\u00e8re plan.<\/p>\n<div class='wpmf-gallerys wpmf-gallerys-life'><div id=\"gallery-2\"\n data-gutter-width=\"5\"\n  data-wpmfcolumns=\"1\" class=\"wpmf-gallery gallery-link-file gallery-masonry gallery-columns-1 gallery-size-large wpmf-gallery-bottomspace-default wpmf-gallery-clear wpmf-has-border-radius-0 wpmf-gutterwidth-5\"><div class=\"wpmf-gallery-item\n     wpmf-gallery-item-position-1 wpmf-gallery-item-attachment-5188\"><div class=\"wpmf-gallery-icon\"><a class=\" not_video\" data-lightbox=\"1\" href=\"https:\/\/blog.europapark.de\/wp-content\/uploads\/2020\/07\/myrollercoasterdream-e1596122117216-1024x1024.jpg\" data-title=\"myrollercoasterdream\" target=\"_self\"><img loading=\"lazy\" decoding=\"async\" width=\"1024\" height=\"1024\" src=\"https:\/\/blog.europapark.de\/wp-content\/uploads\/2020\/07\/myrollercoasterdream-e1596122117216-1024x1024.jpg\" class=\"attachment-large size-large\" alt=\"\" data-type=\"wpmfgalleryimg\" data-lazy-src=\"0\" srcset=\"https:\/\/blog.europapark.de\/wp-content\/uploads\/2020\/07\/myrollercoasterdream-e1596122117216-1024x1024.jpg 1024w, https:\/\/blog.europapark.de\/wp-content\/uploads\/2020\/07\/myrollercoasterdream-e1596122117216-150x150.jpg 150w, https:\/\/blog.europapark.de\/wp-content\/uploads\/2020\/07\/myrollercoasterdream-e1596122117216-300x300.jpg 300w, https:\/\/blog.europapark.de\/wp-content\/uploads\/2020\/07\/myrollercoasterdream-e1596122117216-768x768.jpg 768w, https:\/\/blog.europapark.de\/wp-content\/uploads\/2020\/07\/myrollercoasterdream-e1596122117216.jpg 1079w\" sizes=\"auto, (max-width: 1024px) 100vw, 1024px\" \/><\/a><\/div><\/div><div class=\"wpmf-gallery-item\n     wpmf-gallery-item-position-2 wpmf-gallery-item-attachment-5196\"><div class=\"wpmf-gallery-icon\"><a class=\" not_video\" data-lightbox=\"1\" href=\"https:\/\/blog.europapark.de\/wp-content\/uploads\/2020\/07\/r_jasi-e1596122069663-1024x1024.jpg\" data-title=\"r_jasi\" target=\"_self\"><img loading=\"lazy\" decoding=\"async\" width=\"1024\" height=\"1024\" src=\"https:\/\/blog.europapark.de\/wp-content\/uploads\/2020\/07\/r_jasi-e1596122069663-1024x1024.jpg\" class=\"attachment-large size-large\" alt=\"\" data-type=\"wpmfgalleryimg\" data-lazy-src=\"0\" srcset=\"https:\/\/blog.europapark.de\/wp-content\/uploads\/2020\/07\/r_jasi-e1596122069663-1024x1024.jpg 1024w, https:\/\/blog.europapark.de\/wp-content\/uploads\/2020\/07\/r_jasi-e1596122069663-150x150.jpg 150w, https:\/\/blog.europapark.de\/wp-content\/uploads\/2020\/07\/r_jasi-e1596122069663-300x300.jpg 300w, https:\/\/blog.europapark.de\/wp-content\/uploads\/2020\/07\/r_jasi-e1596122069663-768x768.jpg 768w, https:\/\/blog.europapark.de\/wp-content\/uploads\/2020\/07\/r_jasi-e1596122069663.jpg 1080w\" sizes=\"auto, (max-width: 1024px) 100vw, 1024px\" \/><\/a><\/div><\/div><div class=\"wpmf-gallery-item\n     wpmf-gallery-item-position-3 wpmf-gallery-item-attachment-5192\"><div class=\"wpmf-gallery-icon\"><a class=\" not_video\" data-lightbox=\"1\" href=\"https:\/\/blog.europapark.de\/wp-content\/uploads\/2020\/07\/verena.ix_-e1596122093806-1024x1024.jpg\" data-title=\"verena.ix\" target=\"_self\"><img loading=\"lazy\" decoding=\"async\" width=\"1024\" height=\"1024\" src=\"https:\/\/blog.europapark.de\/wp-content\/uploads\/2020\/07\/verena.ix_-e1596122093806-1024x1024.jpg\" class=\"attachment-large size-large\" alt=\"\" data-type=\"wpmfgalleryimg\" data-lazy-src=\"0\" srcset=\"https:\/\/blog.europapark.de\/wp-content\/uploads\/2020\/07\/verena.ix_-e1596122093806-1024x1024.jpg 1024w, https:\/\/blog.europapark.de\/wp-content\/uploads\/2020\/07\/verena.ix_-e1596122093806-150x150.jpg 150w, https:\/\/blog.europapark.de\/wp-content\/uploads\/2020\/07\/verena.ix_-e1596122093806-300x300.jpg 300w, https:\/\/blog.europapark.de\/wp-content\/uploads\/2020\/07\/verena.ix_-e1596122093806-768x768.jpg 768w, https:\/\/blog.europapark.de\/wp-content\/uploads\/2020\/07\/verena.ix_-e1596122093806.jpg 1080w\" sizes=\"auto, (max-width: 1024px) 100vw, 1024px\" \/><\/a><\/div><\/div><div class=\"wpmf-gallery-item\n     wpmf-gallery-item-position-4 wpmf-gallery-item-attachment-5194\"><div class=\"wpmf-gallery-icon\"><a class=\" not_video\" data-lightbox=\"1\" href=\"https:\/\/blog.europapark.de\/wp-content\/uploads\/2020\/07\/sebimair-1024x1024.jpg\" data-title=\"sebimair\" target=\"_self\"><img loading=\"lazy\" decoding=\"async\" width=\"1024\" height=\"1024\" src=\"https:\/\/blog.europapark.de\/wp-content\/uploads\/2020\/07\/sebimair-1024x1024.jpg\" class=\"attachment-large size-large\" alt=\"\" data-type=\"wpmfgalleryimg\" data-lazy-src=\"0\" srcset=\"https:\/\/blog.europapark.de\/wp-content\/uploads\/2020\/07\/sebimair-1024x1024.jpg 1024w, https:\/\/blog.europapark.de\/wp-content\/uploads\/2020\/07\/sebimair-150x150.jpg 150w, https:\/\/blog.europapark.de\/wp-content\/uploads\/2020\/07\/sebimair-300x300.jpg 300w, https:\/\/blog.europapark.de\/wp-content\/uploads\/2020\/07\/sebimair-768x768.jpg 768w, https:\/\/blog.europapark.de\/wp-content\/uploads\/2020\/07\/sebimair.jpg 1080w\" sizes=\"auto, (max-width: 1024px) 100vw, 1024px\" \/><\/a><\/div><\/div><div class=\"wpmf-gallery-item\n     wpmf-gallery-item-position-5 wpmf-gallery-item-attachment-5190\"><div class=\"wpmf-gallery-icon\"><a class=\" not_video\" data-lightbox=\"1\" href=\"https:\/\/blog.europapark.de\/wp-content\/uploads\/2020\/07\/melo_f13-1024x1024.jpg\" data-title=\"melo_f13\" target=\"_self\"><img loading=\"lazy\" decoding=\"async\" width=\"1024\" height=\"1024\" src=\"https:\/\/blog.europapark.de\/wp-content\/uploads\/2020\/07\/melo_f13-1024x1024.jpg\" class=\"attachment-large size-large\" alt=\"\" data-type=\"wpmfgalleryimg\" data-lazy-src=\"0\" srcset=\"https:\/\/blog.europapark.de\/wp-content\/uploads\/2020\/07\/melo_f13-1024x1024.jpg 1024w, https:\/\/blog.europapark.de\/wp-content\/uploads\/2020\/07\/melo_f13-150x150.jpg 150w, https:\/\/blog.europapark.de\/wp-content\/uploads\/2020\/07\/melo_f13-300x300.jpg 300w, https:\/\/blog.europapark.de\/wp-content\/uploads\/2020\/07\/melo_f13-768x768.jpg 768w, https:\/\/blog.europapark.de\/wp-content\/uploads\/2020\/07\/melo_f13.jpg 1080w\" sizes=\"auto, (max-width: 1024px) 100vw, 1024px\" \/><\/a><\/div><\/div><\/div><\/div>\n\n<h3><strong>Spot #3 : Gr\u00e8ce<\/strong><\/h3>\n<p>Des vacances en Gr\u00e8ce ou une sortie \u00e0 Europa-Park ? Les fa\u00e7ades blanches comme la neige et les toits bleus du quartier grec vous transporte directement en M\u00e9diterran\u00e9e. Vous trouverez \u00e0 chaque coin de nombreux d\u00e9tails qui donneront une touche grecque \u00e0 vos photos. \u00c0 ne pas manquer : les ailes #EPWings !<\/p>\n<div class='wpmf-gallerys wpmf-gallerys-life'><div id=\"gallery-3\"\n data-gutter-width=\"5\"\n  data-wpmfcolumns=\"1\" class=\"wpmf-gallery gallery-link-file gallery-masonry gallery-columns-1 gallery-size-full wpmf-gallery-bottomspace-default wpmf-gallery-clear wpmf-has-border-radius-0 wpmf-gutterwidth-5\"><div class=\"wpmf-gallery-item\n     wpmf-gallery-item-position-1 wpmf-gallery-item-attachment-5168\"><div class=\"wpmf-gallery-icon\"><a class=\" not_video\" data-lightbox=\"1\" href=\"https:\/\/blog.europapark.de\/wp-content\/uploads\/2020\/07\/selingga-e1596122249615.jpg\" data-title=\"selingga\" target=\"_self\"><img loading=\"lazy\" decoding=\"async\" width=\"1079\" height=\"1079\" src=\"https:\/\/blog.europapark.de\/wp-content\/uploads\/2020\/07\/selingga-e1596122249615.jpg\" class=\"attachment-full size-full\" alt=\"\" data-type=\"wpmfgalleryimg\" data-lazy-src=\"0\" srcset=\"https:\/\/blog.europapark.de\/wp-content\/uploads\/2020\/07\/selingga-e1596122249615.jpg 1079w, https:\/\/blog.europapark.de\/wp-content\/uploads\/2020\/07\/selingga-e1596122249615-150x150.jpg 150w, https:\/\/blog.europapark.de\/wp-content\/uploads\/2020\/07\/selingga-e1596122249615-300x300.jpg 300w, https:\/\/blog.europapark.de\/wp-content\/uploads\/2020\/07\/selingga-e1596122249615-768x768.jpg 768w, https:\/\/blog.europapark.de\/wp-content\/uploads\/2020\/07\/selingga-e1596122249615-1024x1024.jpg 1024w\" sizes=\"auto, (max-width: 1079px) 100vw, 1079px\" \/><\/a><\/div><\/div><div class=\"wpmf-gallery-item\n     wpmf-gallery-item-position-2 wpmf-gallery-item-attachment-5456\"><div class=\"wpmf-gallery-icon\"><a class=\" not_video\" data-lightbox=\"1\" href=\"https:\/\/blog.europapark.de\/wp-content\/uploads\/2020\/07\/melissadeines3-e1596121918961.jpg\" data-title=\"melissadeines3\" target=\"_self\"><img loading=\"lazy\" decoding=\"async\" width=\"1080\" height=\"1080\" src=\"https:\/\/blog.europapark.de\/wp-content\/uploads\/2020\/07\/melissadeines3-e1596121918961.jpg\" class=\"attachment-full size-full\" alt=\"\" data-type=\"wpmfgalleryimg\" data-lazy-src=\"0\" srcset=\"https:\/\/blog.europapark.de\/wp-content\/uploads\/2020\/07\/melissadeines3-e1596121918961.jpg 1080w, https:\/\/blog.europapark.de\/wp-content\/uploads\/2020\/07\/melissadeines3-e1596121918961-150x150.jpg 150w, https:\/\/blog.europapark.de\/wp-content\/uploads\/2020\/07\/melissadeines3-e1596121918961-300x300.jpg 300w, https:\/\/blog.europapark.de\/wp-content\/uploads\/2020\/07\/melissadeines3-e1596121918961-768x768.jpg 768w, https:\/\/blog.europapark.de\/wp-content\/uploads\/2020\/07\/melissadeines3-e1596121918961-1024x1024.jpg 1024w\" sizes=\"auto, (max-width: 1080px) 100vw, 1080px\" \/><\/a><\/div><\/div><div class=\"wpmf-gallery-item\n     wpmf-gallery-item-position-3 wpmf-gallery-item-attachment-5172\"><div class=\"wpmf-gallery-icon\"><a class=\" not_video\" data-lightbox=\"1\" href=\"https:\/\/blog.europapark.de\/wp-content\/uploads\/2020\/07\/roberto.abbadessa-e1596122228126.jpg\" data-title=\"roberto.abbadessa\" target=\"_self\"><img loading=\"lazy\" decoding=\"async\" width=\"1080\" height=\"1080\" src=\"https:\/\/blog.europapark.de\/wp-content\/uploads\/2020\/07\/roberto.abbadessa-e1596122228126.jpg\" class=\"attachment-full size-full\" alt=\"\" data-type=\"wpmfgalleryimg\" data-lazy-src=\"0\" srcset=\"https:\/\/blog.europapark.de\/wp-content\/uploads\/2020\/07\/roberto.abbadessa-e1596122228126.jpg 1080w, https:\/\/blog.europapark.de\/wp-content\/uploads\/2020\/07\/roberto.abbadessa-e1596122228126-150x150.jpg 150w, https:\/\/blog.europapark.de\/wp-content\/uploads\/2020\/07\/roberto.abbadessa-e1596122228126-300x300.jpg 300w, https:\/\/blog.europapark.de\/wp-content\/uploads\/2020\/07\/roberto.abbadessa-e1596122228126-768x768.jpg 768w, https:\/\/blog.europapark.de\/wp-content\/uploads\/2020\/07\/roberto.abbadessa-e1596122228126-1024x1024.jpg 1024w\" sizes=\"auto, (max-width: 1080px) 100vw, 1080px\" \/><\/a><\/div><\/div><div class=\"wpmf-gallery-item\n     wpmf-gallery-item-position-4 wpmf-gallery-item-attachment-5176\"><div class=\"wpmf-gallery-icon\"><a class=\" not_video\" data-lightbox=\"1\" href=\"https:\/\/blog.europapark.de\/wp-content\/uploads\/2020\/07\/jessicahoehne1105-e1596122188326.jpg\" data-title=\"jessicahoehne1105\" target=\"_self\"><img loading=\"lazy\" decoding=\"async\" width=\"1080\" height=\"1080\" src=\"https:\/\/blog.europapark.de\/wp-content\/uploads\/2020\/07\/jessicahoehne1105-e1596122188326.jpg\" class=\"attachment-full size-full\" alt=\"\" data-type=\"wpmfgalleryimg\" data-lazy-src=\"0\" srcset=\"https:\/\/blog.europapark.de\/wp-content\/uploads\/2020\/07\/jessicahoehne1105-e1596122188326.jpg 1080w, https:\/\/blog.europapark.de\/wp-content\/uploads\/2020\/07\/jessicahoehne1105-e1596122188326-150x150.jpg 150w, https:\/\/blog.europapark.de\/wp-content\/uploads\/2020\/07\/jessicahoehne1105-e1596122188326-300x300.jpg 300w, https:\/\/blog.europapark.de\/wp-content\/uploads\/2020\/07\/jessicahoehne1105-e1596122188326-768x768.jpg 768w, https:\/\/blog.europapark.de\/wp-content\/uploads\/2020\/07\/jessicahoehne1105-e1596122188326-1024x1024.jpg 1024w\" sizes=\"auto, (max-width: 1080px) 100vw, 1080px\" \/><\/a><\/div><\/div><div class=\"wpmf-gallery-item\n     wpmf-gallery-item-position-5 wpmf-gallery-item-attachment-5166\"><div class=\"wpmf-gallery-icon\"><a class=\" not_video\" data-lightbox=\"1\" href=\"https:\/\/blog.europapark.de\/wp-content\/uploads\/2020\/07\/beccaa_lau-e1596122287898.jpg\" data-title=\"beccaa_lau\" target=\"_self\"><img loading=\"lazy\" decoding=\"async\" width=\"988\" height=\"988\" src=\"https:\/\/blog.europapark.de\/wp-content\/uploads\/2020\/07\/beccaa_lau-e1596122287898.jpg\" class=\"attachment-full size-full\" alt=\"\" data-type=\"wpmfgalleryimg\" data-lazy-src=\"0\" srcset=\"https:\/\/blog.europapark.de\/wp-content\/uploads\/2020\/07\/beccaa_lau-e1596122287898.jpg 988w, https:\/\/blog.europapark.de\/wp-content\/uploads\/2020\/07\/beccaa_lau-e1596122287898-150x150.jpg 150w, https:\/\/blog.europapark.de\/wp-content\/uploads\/2020\/07\/beccaa_lau-e1596122287898-300x300.jpg 300w, https:\/\/blog.europapark.de\/wp-content\/uploads\/2020\/07\/beccaa_lau-e1596122287898-768x768.jpg 768w\" sizes=\"auto, (max-width: 988px) 100vw, 988px\" \/><\/a><\/div><\/div><div class=\"wpmf-gallery-item\n     wpmf-gallery-item-position-6 wpmf-gallery-item-attachment-5174\"><div class=\"wpmf-gallery-icon\"><a class=\" not_video\" data-lightbox=\"1\" href=\"https:\/\/blog.europapark.de\/wp-content\/uploads\/2020\/07\/foxi_sunshine-e1596122201643.jpg\" data-title=\"foxi_sunshine\" target=\"_self\"><img loading=\"lazy\" decoding=\"async\" width=\"1079\" height=\"1079\" src=\"https:\/\/blog.europapark.de\/wp-content\/uploads\/2020\/07\/foxi_sunshine-e1596122201643.jpg\" class=\"attachment-full size-full\" alt=\"\" data-type=\"wpmfgalleryimg\" data-lazy-src=\"0\" srcset=\"https:\/\/blog.europapark.de\/wp-content\/uploads\/2020\/07\/foxi_sunshine-e1596122201643.jpg 1079w, https:\/\/blog.europapark.de\/wp-content\/uploads\/2020\/07\/foxi_sunshine-e1596122201643-150x150.jpg 150w, https:\/\/blog.europapark.de\/wp-content\/uploads\/2020\/07\/foxi_sunshine-e1596122201643-300x300.jpg 300w, https:\/\/blog.europapark.de\/wp-content\/uploads\/2020\/07\/foxi_sunshine-e1596122201643-768x768.jpg 768w, https:\/\/blog.europapark.de\/wp-content\/uploads\/2020\/07\/foxi_sunshine-e1596122201643-1024x1024.jpg 1024w\" sizes=\"auto, (max-width: 1079px) 100vw, 1079px\" \/><\/a><\/div><\/div><div class=\"wpmf-gallery-item\n     wpmf-gallery-item-position-7 wpmf-gallery-item-attachment-5170\"><div class=\"wpmf-gallery-icon\"><a class=\" not_video\" data-lightbox=\"1\" href=\"https:\/\/blog.europapark.de\/wp-content\/uploads\/2020\/07\/stefan__koch.jpg\" data-title=\"stefan__koch\" target=\"_self\"><img loading=\"lazy\" decoding=\"async\" width=\"1080\" height=\"1080\" src=\"https:\/\/blog.europapark.de\/wp-content\/uploads\/2020\/07\/stefan__koch.jpg\" class=\"attachment-full size-full\" alt=\"\" data-type=\"wpmfgalleryimg\" data-lazy-src=\"0\" srcset=\"https:\/\/blog.europapark.de\/wp-content\/uploads\/2020\/07\/stefan__koch.jpg 1080w, https:\/\/blog.europapark.de\/wp-content\/uploads\/2020\/07\/stefan__koch-150x150.jpg 150w, https:\/\/blog.europapark.de\/wp-content\/uploads\/2020\/07\/stefan__koch-300x300.jpg 300w, https:\/\/blog.europapark.de\/wp-content\/uploads\/2020\/07\/stefan__koch-768x768.jpg 768w, https:\/\/blog.europapark.de\/wp-content\/uploads\/2020\/07\/stefan__koch-1024x1024.jpg 1024w\" sizes=\"auto, (max-width: 1080px) 100vw, 1080px\" \/><\/a><\/div><\/div><div class=\"wpmf-gallery-item\n     wpmf-gallery-item-position-8 wpmf-gallery-item-attachment-5178\"><div class=\"wpmf-gallery-icon\"><a class=\" not_video\" data-lightbox=\"1\" href=\"https:\/\/blog.europapark.de\/wp-content\/uploads\/2020\/07\/itssarah_s.jpg\" data-title=\"itssarah_s\" target=\"_self\"><img loading=\"lazy\" decoding=\"async\" width=\"1080\" height=\"1080\" src=\"https:\/\/blog.europapark.de\/wp-content\/uploads\/2020\/07\/itssarah_s.jpg\" class=\"attachment-full size-full\" alt=\"\" data-type=\"wpmfgalleryimg\" data-lazy-src=\"0\" srcset=\"https:\/\/blog.europapark.de\/wp-content\/uploads\/2020\/07\/itssarah_s.jpg 1080w, https:\/\/blog.europapark.de\/wp-content\/uploads\/2020\/07\/itssarah_s-150x150.jpg 150w, https:\/\/blog.europapark.de\/wp-content\/uploads\/2020\/07\/itssarah_s-300x300.jpg 300w, https:\/\/blog.europapark.de\/wp-content\/uploads\/2020\/07\/itssarah_s-768x768.jpg 768w, https:\/\/blog.europapark.de\/wp-content\/uploads\/2020\/07\/itssarah_s-1024x1024.jpg 1024w\" sizes=\"auto, (max-width: 1080px) 100vw, 1080px\" \/><\/a><\/div><\/div><\/div><\/div>\n\n<h3><strong>Spot #4 : Hollande<\/strong><\/h3>\n<p>Le nouveau quartier hollandais offre un super spot pour vos instantan\u00e9s devant les superbes fa\u00e7ades typiques. Et si vous voulez partir \u00e0 l&#8217;aventure, les Pirates de Batavia vous attendent !<\/p>\n<div class='wpmf-gallerys wpmf-gallerys-life'><div id=\"gallery-4\"\n data-gutter-width=\"5\"\n  data-wpmfcolumns=\"1\" class=\"wpmf-gallery gallery-link-file gallery-masonry gallery-columns-1 gallery-size-large wpmf-gallery-bottomspace-default wpmf-gallery-clear wpmf-has-border-radius-0 wpmf-gutterwidth-5\"><div class=\"wpmf-gallery-item\n     wpmf-gallery-item-position-1 wpmf-gallery-item-attachment-5184\"><div class=\"wpmf-gallery-icon\"><a class=\" not_video\" data-lightbox=\"1\" href=\"https:\/\/blog.europapark.de\/wp-content\/uploads\/2020\/07\/delanoootje_-e1596122154986-1024x1024.jpg\" data-title=\"delanoootje_\" target=\"_self\"><img loading=\"lazy\" decoding=\"async\" width=\"1024\" height=\"1024\" src=\"https:\/\/blog.europapark.de\/wp-content\/uploads\/2020\/07\/delanoootje_-e1596122154986-1024x1024.jpg\" class=\"attachment-large size-large\" alt=\"\" data-type=\"wpmfgalleryimg\" data-lazy-src=\"0\" srcset=\"https:\/\/blog.europapark.de\/wp-content\/uploads\/2020\/07\/delanoootje_-e1596122154986-1024x1024.jpg 1024w, https:\/\/blog.europapark.de\/wp-content\/uploads\/2020\/07\/delanoootje_-e1596122154986-150x150.jpg 150w, https:\/\/blog.europapark.de\/wp-content\/uploads\/2020\/07\/delanoootje_-e1596122154986-300x300.jpg 300w, https:\/\/blog.europapark.de\/wp-content\/uploads\/2020\/07\/delanoootje_-e1596122154986-768x768.jpg 768w, https:\/\/blog.europapark.de\/wp-content\/uploads\/2020\/07\/delanoootje_-e1596122154986.jpg 1080w\" sizes=\"auto, (max-width: 1024px) 100vw, 1024px\" \/><\/a><\/div><\/div><div class=\"wpmf-gallery-item\n     wpmf-gallery-item-position-2 wpmf-gallery-item-attachment-5499\"><div class=\"wpmf-gallery-icon\"><a class=\" not_video\" data-lightbox=\"1\" href=\"https:\/\/blog.europapark.de\/wp-content\/uploads\/2020\/07\/jessicayoutile-scaled-e1596121752516-1024x1024.jpg\" data-title=\"jessicayoutile\" target=\"_self\"><img loading=\"lazy\" decoding=\"async\" width=\"1024\" height=\"1024\" src=\"https:\/\/blog.europapark.de\/wp-content\/uploads\/2020\/07\/jessicayoutile-scaled-e1596121752516-1024x1024.jpg\" class=\"attachment-large size-large\" alt=\"\" data-type=\"wpmfgalleryimg\" data-lazy-src=\"0\" srcset=\"https:\/\/blog.europapark.de\/wp-content\/uploads\/2020\/07\/jessicayoutile-scaled-e1596121752516-1024x1024.jpg 1024w, https:\/\/blog.europapark.de\/wp-content\/uploads\/2020\/07\/jessicayoutile-scaled-e1596121752516-150x150.jpg 150w, https:\/\/blog.europapark.de\/wp-content\/uploads\/2020\/07\/jessicayoutile-scaled-e1596121752516-300x300.jpg 300w, https:\/\/blog.europapark.de\/wp-content\/uploads\/2020\/07\/jessicayoutile-scaled-e1596121752516-768x768.jpg 768w, https:\/\/blog.europapark.de\/wp-content\/uploads\/2020\/07\/jessicayoutile-scaled-e1596121752516-1536x1536.jpg 1536w, https:\/\/blog.europapark.de\/wp-content\/uploads\/2020\/07\/jessicayoutile-scaled-e1596121752516-1700x1700.jpg 1700w, https:\/\/blog.europapark.de\/wp-content\/uploads\/2020\/07\/jessicayoutile-scaled-e1596121752516.jpg 1920w\" sizes=\"auto, (max-width: 1024px) 100vw, 1024px\" \/><\/a><\/div><\/div><\/div><\/div>\n\n<h3><\/h3>\n<h3><strong>Spot #5 : For\u00eat Enchant\u00e9e<\/strong><\/h3>\n<p>Envie de donner une touche de magie \u00e0 vos photos ? Dame Hiver, Cendrillon, Raiponce et tous les habitants de la For\u00eat Enchant\u00e9e vous attendent !<\/p>\n<div class='wpmf-gallerys wpmf-gallerys-life'><div id=\"gallery-5\"\n data-gutter-width=\"5\"\n  data-wpmfcolumns=\"1\" class=\"wpmf-gallery gallery-link-file gallery-masonry gallery-columns-1 gallery-size-full wpmf-gallery-bottomspace-default wpmf-gallery-clear wpmf-has-border-radius-0 wpmf-gutterwidth-5\"><div class=\"wpmf-gallery-item\n     wpmf-gallery-item-position-1 wpmf-gallery-item-attachment-5182\"><div class=\"wpmf-gallery-icon\"><a class=\" not_video\" data-lightbox=\"1\" href=\"https:\/\/blog.europapark.de\/wp-content\/uploads\/2020\/07\/miss.jen__-e1596122171932.jpg\" data-title=\"miss.jen__\" target=\"_self\"><img loading=\"lazy\" decoding=\"async\" width=\"1078\" height=\"1078\" src=\"https:\/\/blog.europapark.de\/wp-content\/uploads\/2020\/07\/miss.jen__-e1596122171932.jpg\" class=\"attachment-full size-full\" alt=\"\" data-type=\"wpmfgalleryimg\" data-lazy-src=\"0\" srcset=\"https:\/\/blog.europapark.de\/wp-content\/uploads\/2020\/07\/miss.jen__-e1596122171932.jpg 1078w, https:\/\/blog.europapark.de\/wp-content\/uploads\/2020\/07\/miss.jen__-e1596122171932-150x150.jpg 150w, https:\/\/blog.europapark.de\/wp-content\/uploads\/2020\/07\/miss.jen__-e1596122171932-300x300.jpg 300w, https:\/\/blog.europapark.de\/wp-content\/uploads\/2020\/07\/miss.jen__-e1596122171932-768x768.jpg 768w, https:\/\/blog.europapark.de\/wp-content\/uploads\/2020\/07\/miss.jen__-e1596122171932-1024x1024.jpg 1024w\" sizes=\"auto, (max-width: 1078px) 100vw, 1078px\" \/><\/a><\/div><\/div><div class=\"wpmf-gallery-item\n     wpmf-gallery-item-position-2 wpmf-gallery-item-attachment-5180\"><div class=\"wpmf-gallery-icon\"><a class=\" not_video\" data-lightbox=\"1\" href=\"https:\/\/blog.europapark.de\/wp-content\/uploads\/2020\/07\/sorina_mocan.jpg\" data-title=\"sorina_mocan\" target=\"_self\"><img loading=\"lazy\" decoding=\"async\" width=\"1080\" height=\"1080\" src=\"https:\/\/blog.europapark.de\/wp-content\/uploads\/2020\/07\/sorina_mocan.jpg\" class=\"attachment-full size-full\" alt=\"\" data-type=\"wpmfgalleryimg\" data-lazy-src=\"0\" srcset=\"https:\/\/blog.europapark.de\/wp-content\/uploads\/2020\/07\/sorina_mocan.jpg 1080w, https:\/\/blog.europapark.de\/wp-content\/uploads\/2020\/07\/sorina_mocan-150x150.jpg 150w, https:\/\/blog.europapark.de\/wp-content\/uploads\/2020\/07\/sorina_mocan-300x300.jpg 300w, https:\/\/blog.europapark.de\/wp-content\/uploads\/2020\/07\/sorina_mocan-768x768.jpg 768w, https:\/\/blog.europapark.de\/wp-content\/uploads\/2020\/07\/sorina_mocan-1024x1024.jpg 1024w\" sizes=\"auto, (max-width: 1080px) 100vw, 1080px\" \/><\/a><\/div><\/div><\/div><\/div>\n\n<h3><strong>Spot #6 : Les douches d&#8217;Atlantica &amp; de Poseidon<\/strong><\/h3>\n<p>Pour ces deux lieux, du courage est demand\u00e9 ! Pour votre photo estivale parfaite, vous pourrez peut-\u00eatre \u00eatre mouill\u00e9&#8230;<\/p>\n<div class='wpmf-gallerys wpmf-gallerys-life'><div id=\"gallery-6\"\n data-gutter-width=\"5\"\n  data-wpmfcolumns=\"1\" class=\"wpmf-gallery gallery-link-file gallery-masonry gallery-columns-1 gallery-size-full wpmf-gallery-bottomspace-default wpmf-gallery-clear wpmf-has-border-radius-0 wpmf-gutterwidth-5\"><div class=\"wpmf-gallery-item\n     wpmf-gallery-item-position-1 wpmf-gallery-item-attachment-5198\"><div class=\"wpmf-gallery-icon\"><a class=\" not_video\" data-lightbox=\"1\" href=\"https:\/\/blog.europapark.de\/wp-content\/uploads\/2020\/07\/isabellawoern-e1596122054177.jpg\" data-title=\"isabellawoern\" target=\"_self\"><img loading=\"lazy\" decoding=\"async\" width=\"1080\" height=\"1080\" src=\"https:\/\/blog.europapark.de\/wp-content\/uploads\/2020\/07\/isabellawoern-e1596122054177.jpg\" class=\"attachment-full size-full\" alt=\"\" data-type=\"wpmfgalleryimg\" data-lazy-src=\"0\" srcset=\"https:\/\/blog.europapark.de\/wp-content\/uploads\/2020\/07\/isabellawoern-e1596122054177.jpg 1080w, https:\/\/blog.europapark.de\/wp-content\/uploads\/2020\/07\/isabellawoern-e1596122054177-150x150.jpg 150w, https:\/\/blog.europapark.de\/wp-content\/uploads\/2020\/07\/isabellawoern-e1596122054177-300x300.jpg 300w, https:\/\/blog.europapark.de\/wp-content\/uploads\/2020\/07\/isabellawoern-e1596122054177-768x768.jpg 768w, https:\/\/blog.europapark.de\/wp-content\/uploads\/2020\/07\/isabellawoern-e1596122054177-1024x1024.jpg 1024w\" sizes=\"auto, (max-width: 1080px) 100vw, 1080px\" \/><\/a><\/div><\/div><div class=\"wpmf-gallery-item\n     wpmf-gallery-item-position-2 wpmf-gallery-item-attachment-5452\"><div class=\"wpmf-gallery-icon\"><a class=\" not_video\" data-lightbox=\"1\" href=\"https:\/\/blog.europapark.de\/wp-content\/uploads\/2020\/07\/maxspanier_.jpg\" data-title=\"maxspanier_\" target=\"_self\"><img loading=\"lazy\" decoding=\"async\" width=\"640\" height=\"640\" src=\"https:\/\/blog.europapark.de\/wp-content\/uploads\/2020\/07\/maxspanier_.jpg\" class=\"attachment-full size-full\" alt=\"\" data-type=\"wpmfgalleryimg\" data-lazy-src=\"0\" srcset=\"https:\/\/blog.europapark.de\/wp-content\/uploads\/2020\/07\/maxspanier_.jpg 640w, https:\/\/blog.europapark.de\/wp-content\/uploads\/2020\/07\/maxspanier_-150x150.jpg 150w, https:\/\/blog.europapark.de\/wp-content\/uploads\/2020\/07\/maxspanier_-300x300.jpg 300w\" sizes=\"auto, (max-width: 640px) 100vw, 640px\" \/><\/a><\/div><\/div><div class=\"wpmf-gallery-item\n     wpmf-gallery-item-position-3 wpmf-gallery-item-attachment-5200\"><div class=\"wpmf-gallery-icon\"><a class=\" not_video\" data-lightbox=\"1\" href=\"https:\/\/blog.europapark.de\/wp-content\/uploads\/2020\/07\/na.dine_ontour-e1596122039232.jpg\" data-title=\"na.dine_ontour\" target=\"_self\"><img loading=\"lazy\" decoding=\"async\" width=\"1080\" height=\"1080\" src=\"https:\/\/blog.europapark.de\/wp-content\/uploads\/2020\/07\/na.dine_ontour-e1596122039232.jpg\" class=\"attachment-full size-full\" alt=\"\" data-type=\"wpmfgalleryimg\" data-lazy-src=\"0\" srcset=\"https:\/\/blog.europapark.de\/wp-content\/uploads\/2020\/07\/na.dine_ontour-e1596122039232.jpg 1080w, https:\/\/blog.europapark.de\/wp-content\/uploads\/2020\/07\/na.dine_ontour-e1596122039232-150x150.jpg 150w, https:\/\/blog.europapark.de\/wp-content\/uploads\/2020\/07\/na.dine_ontour-e1596122039232-300x300.jpg 300w, https:\/\/blog.europapark.de\/wp-content\/uploads\/2020\/07\/na.dine_ontour-e1596122039232-768x768.jpg 768w, https:\/\/blog.europapark.de\/wp-content\/uploads\/2020\/07\/na.dine_ontour-e1596122039232-1024x1024.jpg 1024w\" sizes=\"auto, (max-width: 1080px) 100vw, 1080px\" \/><\/a><\/div><\/div><\/div><\/div>\n\n<h3><strong>Spot #7 : Islande<\/strong><\/h3>\n<p>Le quartier islandais offre de nombreux spots pour des photos uniques. Depuis le phare avec vue sur Wodan, \u00e0 c\u00f4te de Whale Adventures ou bien au milieu du looping de blue fire : Island est un lieu incontournable pour vos photos !<\/p>\n<div class='wpmf-gallerys wpmf-gallerys-life'><div id=\"gallery-7\"\n data-gutter-width=\"5\"\n  data-wpmfcolumns=\"1\" class=\"wpmf-gallery gallery-link-file gallery-masonry gallery-columns-1 gallery-size-large wpmf-gallery-bottomspace-default wpmf-gallery-clear wpmf-has-border-radius-0 wpmf-gutterwidth-5\"><div class=\"wpmf-gallery-item\n     wpmf-gallery-item-position-1 wpmf-gallery-item-attachment-5520\"><div class=\"wpmf-gallery-icon\"><a class=\" not_video\" data-lightbox=\"1\" href=\"https:\/\/blog.europapark.de\/wp-content\/uploads\/2020\/07\/jessicayoutile-1-e1596123145568-1024x1024.jpg\" data-title=\"jessicayoutile\" target=\"_self\"><img loading=\"lazy\" decoding=\"async\" width=\"1024\" height=\"1024\" src=\"https:\/\/blog.europapark.de\/wp-content\/uploads\/2020\/07\/jessicayoutile-1-e1596123145568-1024x1024.jpg\" class=\"attachment-large size-large\" alt=\"\" data-type=\"wpmfgalleryimg\" data-lazy-src=\"0\" srcset=\"https:\/\/blog.europapark.de\/wp-content\/uploads\/2020\/07\/jessicayoutile-1-e1596123145568-1024x1024.jpg 1024w, https:\/\/blog.europapark.de\/wp-content\/uploads\/2020\/07\/jessicayoutile-1-e1596123145568-150x150.jpg 150w, https:\/\/blog.europapark.de\/wp-content\/uploads\/2020\/07\/jessicayoutile-1-e1596123145568-300x300.jpg 300w, https:\/\/blog.europapark.de\/wp-content\/uploads\/2020\/07\/jessicayoutile-1-e1596123145568-768x768.jpg 768w, https:\/\/blog.europapark.de\/wp-content\/uploads\/2020\/07\/jessicayoutile-1-e1596123145568.jpg 1078w\" sizes=\"auto, (max-width: 1024px) 100vw, 1024px\" \/><\/a><\/div><\/div><div class=\"wpmf-gallery-item\n     wpmf-gallery-item-position-2 wpmf-gallery-item-attachment-5204\"><div class=\"wpmf-gallery-icon\"><a class=\" not_video\" data-lightbox=\"1\" href=\"https:\/\/blog.europapark.de\/wp-content\/uploads\/2020\/07\/freizeitpark_traveller-e1596122009386-1024x1024.jpg\" data-title=\"freizeitpark_traveller\" target=\"_self\"><img loading=\"lazy\" decoding=\"async\" width=\"1024\" height=\"1024\" src=\"https:\/\/blog.europapark.de\/wp-content\/uploads\/2020\/07\/freizeitpark_traveller-e1596122009386-1024x1024.jpg\" class=\"attachment-large size-large\" alt=\"\" data-type=\"wpmfgalleryimg\" data-lazy-src=\"0\" srcset=\"https:\/\/blog.europapark.de\/wp-content\/uploads\/2020\/07\/freizeitpark_traveller-e1596122009386-1024x1024.jpg 1024w, https:\/\/blog.europapark.de\/wp-content\/uploads\/2020\/07\/freizeitpark_traveller-e1596122009386-150x150.jpg 150w, https:\/\/blog.europapark.de\/wp-content\/uploads\/2020\/07\/freizeitpark_traveller-e1596122009386-300x300.jpg 300w, https:\/\/blog.europapark.de\/wp-content\/uploads\/2020\/07\/freizeitpark_traveller-e1596122009386-768x768.jpg 768w, https:\/\/blog.europapark.de\/wp-content\/uploads\/2020\/07\/freizeitpark_traveller-e1596122009386.jpg 1080w\" sizes=\"auto, (max-width: 1024px) 100vw, 1024px\" \/><\/a><\/div><\/div><div class=\"wpmf-gallery-item\n     wpmf-gallery-item-position-3 wpmf-gallery-item-attachment-5202\"><div class=\"wpmf-gallery-icon\"><a class=\" not_video\" data-lightbox=\"1\" href=\"https:\/\/blog.europapark.de\/wp-content\/uploads\/2020\/07\/rubinia_skola-e1596122025143-1024x1024.jpg\" data-title=\"rubinia_skola\" target=\"_self\"><img loading=\"lazy\" decoding=\"async\" width=\"1024\" height=\"1024\" src=\"https:\/\/blog.europapark.de\/wp-content\/uploads\/2020\/07\/rubinia_skola-e1596122025143-1024x1024.jpg\" class=\"attachment-large size-large\" alt=\"\" data-type=\"wpmfgalleryimg\" data-lazy-src=\"0\" srcset=\"https:\/\/blog.europapark.de\/wp-content\/uploads\/2020\/07\/rubinia_skola-e1596122025143-1024x1024.jpg 1024w, https:\/\/blog.europapark.de\/wp-content\/uploads\/2020\/07\/rubinia_skola-e1596122025143-150x150.jpg 150w, https:\/\/blog.europapark.de\/wp-content\/uploads\/2020\/07\/rubinia_skola-e1596122025143-300x300.jpg 300w, https:\/\/blog.europapark.de\/wp-content\/uploads\/2020\/07\/rubinia_skola-e1596122025143-768x768.jpg 768w, https:\/\/blog.europapark.de\/wp-content\/uploads\/2020\/07\/rubinia_skola-e1596122025143.jpg 1080w\" sizes=\"auto, (max-width: 1024px) 100vw, 1024px\" \/><\/a><\/div><\/div><\/div><\/div>\n\n<h3><strong>Spot #8 : Ed &amp; ses amis<\/strong><\/h3>\n<p>Partout dans le parc, vous croiserez votre cher Ed Euromaus et tous ses amis, qui donneront un c\u00f4t\u00e9 encore plus moyen \u00e0 vos images !<\/p>\n<div class='wpmf-gallerys wpmf-gallerys-life'><div id=\"gallery-8\"\n data-gutter-width=\"5\"\n  data-wpmfcolumns=\"1\" class=\"wpmf-gallery gallery-link-file gallery-masonry gallery-columns-1 gallery-size-full wpmf-gallery-bottomspace-default wpmf-gallery-clear wpmf-has-border-radius-0 wpmf-gutterwidth-5\"><div class=\"wpmf-gallery-item\n     wpmf-gallery-item-position-1 wpmf-gallery-item-attachment-5460\"><div class=\"wpmf-gallery-icon\"><a class=\" not_video\" data-lightbox=\"1\" href=\"https:\/\/blog.europapark.de\/wp-content\/uploads\/2020\/07\/melissadeines1-e1596121861984-1024x1024.jpg\" data-title=\"melissadeines1\" target=\"_self\"><img loading=\"lazy\" decoding=\"async\" width=\"1080\" height=\"1080\" src=\"https:\/\/blog.europapark.de\/wp-content\/uploads\/2020\/07\/melissadeines1-e1596121861984.jpg\" class=\"attachment-full size-full\" alt=\"\" data-type=\"wpmfgalleryimg\" data-lazy-src=\"0\" srcset=\"https:\/\/blog.europapark.de\/wp-content\/uploads\/2020\/07\/melissadeines1-e1596121861984.jpg 1080w, https:\/\/blog.europapark.de\/wp-content\/uploads\/2020\/07\/melissadeines1-e1596121861984-150x150.jpg 150w, https:\/\/blog.europapark.de\/wp-content\/uploads\/2020\/07\/melissadeines1-e1596121861984-300x300.jpg 300w, https:\/\/blog.europapark.de\/wp-content\/uploads\/2020\/07\/melissadeines1-e1596121861984-768x768.jpg 768w, https:\/\/blog.europapark.de\/wp-content\/uploads\/2020\/07\/melissadeines1-e1596121861984-1024x1024.jpg 1024w\" sizes=\"auto, (max-width: 1080px) 100vw, 1080px\" \/><\/a><\/div><\/div><div class=\"wpmf-gallery-item\n     wpmf-gallery-item-position-2 wpmf-gallery-item-attachment-5450\"><div class=\"wpmf-gallery-icon\"><a class=\" not_video\" data-lightbox=\"1\" href=\"https:\/\/blog.europapark.de\/wp-content\/uploads\/2020\/07\/sxmxrx.666-1024x1024.jpg\" data-title=\"sxmxrx.666\" target=\"_self\"><img loading=\"lazy\" decoding=\"async\" width=\"1080\" height=\"1080\" src=\"https:\/\/blog.europapark.de\/wp-content\/uploads\/2020\/07\/sxmxrx.666.jpg\" class=\"attachment-full size-full\" alt=\"\" data-type=\"wpmfgalleryimg\" data-lazy-src=\"0\" srcset=\"https:\/\/blog.europapark.de\/wp-content\/uploads\/2020\/07\/sxmxrx.666.jpg 1080w, https:\/\/blog.europapark.de\/wp-content\/uploads\/2020\/07\/sxmxrx.666-150x150.jpg 150w, https:\/\/blog.europapark.de\/wp-content\/uploads\/2020\/07\/sxmxrx.666-300x300.jpg 300w, https:\/\/blog.europapark.de\/wp-content\/uploads\/2020\/07\/sxmxrx.666-768x768.jpg 768w, https:\/\/blog.europapark.de\/wp-content\/uploads\/2020\/07\/sxmxrx.666-1024x1024.jpg 1024w\" sizes=\"auto, (max-width: 1080px) 100vw, 1080px\" \/><\/a><\/div><\/div><div class=\"wpmf-gallery-item\n     wpmf-gallery-item-position-3 wpmf-gallery-item-attachment-5210\"><div class=\"wpmf-gallery-icon\"><a class=\" not_video\" data-lightbox=\"1\" href=\"https:\/\/blog.europapark.de\/wp-content\/uploads\/2020\/07\/oh.hey_.nina_-1024x1024.jpg\" data-title=\"oh.hey.nina\" target=\"_self\"><img loading=\"lazy\" decoding=\"async\" width=\"1080\" height=\"1080\" src=\"https:\/\/blog.europapark.de\/wp-content\/uploads\/2020\/07\/oh.hey_.nina_.jpg\" class=\"attachment-full size-full\" alt=\"\" data-type=\"wpmfgalleryimg\" data-lazy-src=\"0\" srcset=\"https:\/\/blog.europapark.de\/wp-content\/uploads\/2020\/07\/oh.hey_.nina_.jpg 1080w, https:\/\/blog.europapark.de\/wp-content\/uploads\/2020\/07\/oh.hey_.nina_-150x150.jpg 150w, https:\/\/blog.europapark.de\/wp-content\/uploads\/2020\/07\/oh.hey_.nina_-300x300.jpg 300w, https:\/\/blog.europapark.de\/wp-content\/uploads\/2020\/07\/oh.hey_.nina_-768x768.jpg 768w, https:\/\/blog.europapark.de\/wp-content\/uploads\/2020\/07\/oh.hey_.nina_-1024x1024.jpg 1024w\" sizes=\"auto, (max-width: 1080px) 100vw, 1080px\" \/><\/a><\/div><\/div><div class=\"wpmf-gallery-item\n     wpmf-gallery-item-position-4 wpmf-gallery-item-attachment-5208\"><div class=\"wpmf-gallery-icon\"><a class=\" not_video\" data-lightbox=\"1\" href=\"https:\/\/blog.europapark.de\/wp-content\/uploads\/2020\/07\/daveemeyer-1024x1024.jpg\" data-title=\"daveemeyer\" target=\"_self\"><img loading=\"lazy\" decoding=\"async\" width=\"1080\" height=\"1080\" src=\"https:\/\/blog.europapark.de\/wp-content\/uploads\/2020\/07\/daveemeyer.jpg\" class=\"attachment-full size-full\" alt=\"\" data-type=\"wpmfgalleryimg\" data-lazy-src=\"0\" srcset=\"https:\/\/blog.europapark.de\/wp-content\/uploads\/2020\/07\/daveemeyer.jpg 1080w, https:\/\/blog.europapark.de\/wp-content\/uploads\/2020\/07\/daveemeyer-150x150.jpg 150w, https:\/\/blog.europapark.de\/wp-content\/uploads\/2020\/07\/daveemeyer-300x300.jpg 300w, https:\/\/blog.europapark.de\/wp-content\/uploads\/2020\/07\/daveemeyer-768x768.jpg 768w, https:\/\/blog.europapark.de\/wp-content\/uploads\/2020\/07\/daveemeyer-1024x1024.jpg 1024w\" sizes=\"auto, (max-width: 1080px) 100vw, 1080px\" \/><\/a><\/div><\/div><\/div><\/div>\n\n<h3><strong>Spot #9 : Des sucreries<\/strong><\/h3>\n<p>Barbe \u00e0 papa ou sucette g\u00e9ante : nos sucreries donneront un c\u00f4t\u00e9 plus doux \u00e0 votre journ\u00e9e et \u00e0 votre photo Instagram. Miam !<\/p>\n<div class='wpmf-gallerys wpmf-gallerys-life'><div id=\"gallery-9\"\n data-gutter-width=\"5\"\n  data-wpmfcolumns=\"1\" class=\"wpmf-gallery gallery-link-file gallery-masonry gallery-columns-1 gallery-size-full wpmf-gallery-bottomspace-default wpmf-gallery-clear wpmf-has-border-radius-0 wpmf-gutterwidth-5\"><div class=\"wpmf-gallery-item\n     wpmf-gallery-item-position-1 wpmf-gallery-item-attachment-5462\"><div class=\"wpmf-gallery-icon\"><a class=\" not_video\" data-lightbox=\"1\" href=\"https:\/\/blog.europapark.de\/wp-content\/uploads\/2020\/07\/melissadeines-e1596121827489-1024x1024.jpg\" data-title=\"melissadeines\" target=\"_self\"><img loading=\"lazy\" decoding=\"async\" width=\"1080\" height=\"1080\" src=\"https:\/\/blog.europapark.de\/wp-content\/uploads\/2020\/07\/melissadeines-e1596121827489.jpg\" class=\"attachment-full size-full\" alt=\"\" data-type=\"wpmfgalleryimg\" data-lazy-src=\"0\" srcset=\"https:\/\/blog.europapark.de\/wp-content\/uploads\/2020\/07\/melissadeines-e1596121827489.jpg 1080w, https:\/\/blog.europapark.de\/wp-content\/uploads\/2020\/07\/melissadeines-e1596121827489-150x150.jpg 150w, https:\/\/blog.europapark.de\/wp-content\/uploads\/2020\/07\/melissadeines-e1596121827489-300x300.jpg 300w, https:\/\/blog.europapark.de\/wp-content\/uploads\/2020\/07\/melissadeines-e1596121827489-768x768.jpg 768w, https:\/\/blog.europapark.de\/wp-content\/uploads\/2020\/07\/melissadeines-e1596121827489-1024x1024.jpg 1024w\" sizes=\"auto, (max-width: 1080px) 100vw, 1080px\" \/><\/a><\/div><\/div><div class=\"wpmf-gallery-item\n     wpmf-gallery-item-position-2 wpmf-gallery-item-attachment-5186\"><div class=\"wpmf-gallery-icon\"><a class=\" not_video\" data-lightbox=\"1\" href=\"https:\/\/blog.europapark.de\/wp-content\/uploads\/2020\/07\/zweidiereisen-e1596122138838-1024x1024.jpg\" data-title=\"zweidiereisen\" target=\"_self\"><img loading=\"lazy\" decoding=\"async\" width=\"1080\" height=\"1080\" src=\"https:\/\/blog.europapark.de\/wp-content\/uploads\/2020\/07\/zweidiereisen-e1596122138838.jpg\" class=\"attachment-full size-full\" alt=\"\" data-type=\"wpmfgalleryimg\" data-lazy-src=\"0\" srcset=\"https:\/\/blog.europapark.de\/wp-content\/uploads\/2020\/07\/zweidiereisen-e1596122138838.jpg 1080w, https:\/\/blog.europapark.de\/wp-content\/uploads\/2020\/07\/zweidiereisen-e1596122138838-150x150.jpg 150w, https:\/\/blog.europapark.de\/wp-content\/uploads\/2020\/07\/zweidiereisen-e1596122138838-300x300.jpg 300w, https:\/\/blog.europapark.de\/wp-content\/uploads\/2020\/07\/zweidiereisen-e1596122138838-768x768.jpg 768w, https:\/\/blog.europapark.de\/wp-content\/uploads\/2020\/07\/zweidiereisen-e1596122138838-1024x1024.jpg 1024w\" sizes=\"auto, (max-width: 1080px) 100vw, 1080px\" \/><\/a><\/div><\/div><\/div><\/div>\n\n<h3><strong>Spot #10 : Nos h\u00f4tels<\/strong><\/h3>\n<p>Espagne, Portugal, Italie, Scandinavie, Nouvelle-Angleterre, Moyen-\u00c2ge ou far west : notre complexe h\u00f4telier \u00e9galement offre plein de coins diff\u00e9rents pour capturer le meilleur souvenir de votre s\u00e9jour !<\/p>\n<div class='wpmf-gallerys wpmf-gallerys-life'><div id=\"gallery-10\"\n data-gutter-width=\"5\"\n  data-wpmfcolumns=\"1\" class=\"wpmf-gallery gallery-link-file gallery-masonry gallery-columns-1 gallery-size-full wpmf-gallery-bottomspace-default wpmf-gallery-clear wpmf-has-border-radius-0 wpmf-gutterwidth-5\"><div class=\"wpmf-gallery-item\n     wpmf-gallery-item-position-1 wpmf-gallery-item-attachment-5443\"><div class=\"wpmf-gallery-icon\"><a class=\" not_video\" data-lightbox=\"1\" href=\"https:\/\/blog.europapark.de\/wp-content\/uploads\/2020\/07\/reginahixt-e1596121947617-1024x1024.jpg\" data-title=\"reginahixt\" target=\"_self\"><img loading=\"lazy\" decoding=\"async\" width=\"1080\" height=\"1080\" src=\"https:\/\/blog.europapark.de\/wp-content\/uploads\/2020\/07\/reginahixt-e1596121947617.jpg\" class=\"attachment-full size-full\" alt=\"\" data-type=\"wpmfgalleryimg\" data-lazy-src=\"0\" srcset=\"https:\/\/blog.europapark.de\/wp-content\/uploads\/2020\/07\/reginahixt-e1596121947617.jpg 1080w, https:\/\/blog.europapark.de\/wp-content\/uploads\/2020\/07\/reginahixt-e1596121947617-150x150.jpg 150w, https:\/\/blog.europapark.de\/wp-content\/uploads\/2020\/07\/reginahixt-e1596121947617-300x300.jpg 300w, https:\/\/blog.europapark.de\/wp-content\/uploads\/2020\/07\/reginahixt-e1596121947617-768x768.jpg 768w, https:\/\/blog.europapark.de\/wp-content\/uploads\/2020\/07\/reginahixt-e1596121947617-1024x1024.jpg 1024w\" sizes=\"auto, (max-width: 1080px) 100vw, 1080px\" \/><\/a><\/div><\/div><div class=\"wpmf-gallery-item\n     wpmf-gallery-item-position-2 wpmf-gallery-item-attachment-5156\"><div class=\"wpmf-gallery-icon\"><a class=\" not_video\" data-lightbox=\"1\" href=\"https:\/\/blog.europapark.de\/wp-content\/uploads\/2020\/07\/aswetravelthisworld-e1596122378490-1024x1024.jpg\" data-title=\"aswetravelthisworld\" target=\"_self\"><img loading=\"lazy\" decoding=\"async\" width=\"1080\" height=\"1080\" src=\"https:\/\/blog.europapark.de\/wp-content\/uploads\/2020\/07\/aswetravelthisworld-e1596122378490.jpg\" class=\"attachment-full size-full\" alt=\"\" data-type=\"wpmfgalleryimg\" data-lazy-src=\"0\" srcset=\"https:\/\/blog.europapark.de\/wp-content\/uploads\/2020\/07\/aswetravelthisworld-e1596122378490.jpg 1080w, https:\/\/blog.europapark.de\/wp-content\/uploads\/2020\/07\/aswetravelthisworld-e1596122378490-150x150.jpg 150w, https:\/\/blog.europapark.de\/wp-content\/uploads\/2020\/07\/aswetravelthisworld-e1596122378490-300x300.jpg 300w, https:\/\/blog.europapark.de\/wp-content\/uploads\/2020\/07\/aswetravelthisworld-e1596122378490-768x768.jpg 768w, https:\/\/blog.europapark.de\/wp-content\/uploads\/2020\/07\/aswetravelthisworld-e1596122378490-1024x1024.jpg 1024w\" sizes=\"auto, (max-width: 1080px) 100vw, 1080px\" \/><\/a><\/div><\/div><div class=\"wpmf-gallery-item\n     wpmf-gallery-item-position-3 wpmf-gallery-item-attachment-5458\"><div class=\"wpmf-gallery-icon\"><a class=\" not_video\" data-lightbox=\"1\" href=\"https:\/\/blog.europapark.de\/wp-content\/uploads\/2020\/07\/melissadeines2-e1596121897722-1024x1024.jpg\" data-title=\"melissadeines2\" target=\"_self\"><img loading=\"lazy\" decoding=\"async\" width=\"1079\" height=\"1079\" src=\"https:\/\/blog.europapark.de\/wp-content\/uploads\/2020\/07\/melissadeines2-e1596121897722.jpg\" class=\"attachment-full size-full\" alt=\"\" data-type=\"wpmfgalleryimg\" data-lazy-src=\"0\" srcset=\"https:\/\/blog.europapark.de\/wp-content\/uploads\/2020\/07\/melissadeines2-e1596121897722.jpg 1079w, https:\/\/blog.europapark.de\/wp-content\/uploads\/2020\/07\/melissadeines2-e1596121897722-150x150.jpg 150w, https:\/\/blog.europapark.de\/wp-content\/uploads\/2020\/07\/melissadeines2-e1596121897722-300x300.jpg 300w, https:\/\/blog.europapark.de\/wp-content\/uploads\/2020\/07\/melissadeines2-e1596121897722-768x768.jpg 768w, https:\/\/blog.europapark.de\/wp-content\/uploads\/2020\/07\/melissadeines2-e1596121897722-1024x1024.jpg 1024w\" sizes=\"auto, (max-width: 1079px) 100vw, 1079px\" \/><\/a><\/div><\/div><div class=\"wpmf-gallery-item\n     wpmf-gallery-item-position-4 wpmf-gallery-item-attachment-5160\"><div class=\"wpmf-gallery-icon\"><a class=\" not_video\" data-lightbox=\"1\" href=\"https:\/\/blog.europapark.de\/wp-content\/uploads\/2020\/07\/j.os_.i-e1596122357977-1024x1024.jpg\" data-title=\"j.os.i\" target=\"_self\"><img loading=\"lazy\" decoding=\"async\" width=\"1080\" height=\"1080\" src=\"https:\/\/blog.europapark.de\/wp-content\/uploads\/2020\/07\/j.os_.i-e1596122357977.jpg\" class=\"attachment-full size-full\" alt=\"\" data-type=\"wpmfgalleryimg\" data-lazy-src=\"0\" srcset=\"https:\/\/blog.europapark.de\/wp-content\/uploads\/2020\/07\/j.os_.i-e1596122357977.jpg 1080w, https:\/\/blog.europapark.de\/wp-content\/uploads\/2020\/07\/j.os_.i-e1596122357977-150x150.jpg 150w, https:\/\/blog.europapark.de\/wp-content\/uploads\/2020\/07\/j.os_.i-e1596122357977-300x300.jpg 300w, https:\/\/blog.europapark.de\/wp-content\/uploads\/2020\/07\/j.os_.i-e1596122357977-768x768.jpg 768w, https:\/\/blog.europapark.de\/wp-content\/uploads\/2020\/07\/j.os_.i-e1596122357977-1024x1024.jpg 1024w\" sizes=\"auto, (max-width: 1080px) 100vw, 1080px\" \/><\/a><\/div><\/div><div class=\"wpmf-gallery-item\n     wpmf-gallery-item-position-5 wpmf-gallery-item-attachment-5162\"><div class=\"wpmf-gallery-icon\"><a class=\" not_video\" data-lightbox=\"1\" href=\"https:\/\/blog.europapark.de\/wp-content\/uploads\/2020\/07\/karinmoments-e1596122343748-1024x1024.jpg\" data-title=\"karinmoments\" target=\"_self\"><img loading=\"lazy\" decoding=\"async\" width=\"1079\" height=\"1079\" src=\"https:\/\/blog.europapark.de\/wp-content\/uploads\/2020\/07\/karinmoments-e1596122343748.jpg\" class=\"attachment-full size-full\" alt=\"\" data-type=\"wpmfgalleryimg\" data-lazy-src=\"0\" srcset=\"https:\/\/blog.europapark.de\/wp-content\/uploads\/2020\/07\/karinmoments-e1596122343748.jpg 1079w, https:\/\/blog.europapark.de\/wp-content\/uploads\/2020\/07\/karinmoments-e1596122343748-150x150.jpg 150w, https:\/\/blog.europapark.de\/wp-content\/uploads\/2020\/07\/karinmoments-e1596122343748-300x300.jpg 300w, https:\/\/blog.europapark.de\/wp-content\/uploads\/2020\/07\/karinmoments-e1596122343748-768x768.jpg 768w, https:\/\/blog.europapark.de\/wp-content\/uploads\/2020\/07\/karinmoments-e1596122343748-1024x1024.jpg 1024w\" sizes=\"auto, (max-width: 1079px) 100vw, 1079px\" \/><\/a><\/div><\/div><\/div><\/div>\n\n<p>Quel spot Insta vous pla\u00eet le plus ? \ud83e\udd29 Nous avons h\u00e2te de voir vos images ! Partagez vos photos avec le hashtag #EuropaPark et suivez nos comptes <a href=\"https:\/\/www.instagram.com\/europapark\/\">@europapark<\/a> et <a href=\"https:\/\/www.instagram.com\/europapark_hotels\/\">@europapark_hotels<\/a> !<\/p>\n","protected":false},"excerpt":{"rendered":"<p>Tout le monde le sait : on passe toujours une journ\u00e9e merveilleuse \u00e0 Europa-Park et on veut passer du temps&#8230;<\/p>\n","protected":false},"author":18,"featured_media":5497,"comment_status":"open","ping_status":"open","sticky":false,"template":"","format":"standard","meta":{"_acf_changed":false,"footnotes":""},"categories":[207],"tags":[],"class_list":["post-5544","post","type-post","status-publish","format-standard","has-post-thumbnail","hentry","category-europa-park-fr"],"acf":[],"yoast_head":"<!-- This site is optimized with the Yoast SEO plugin v26.9 - https:\/\/yoast.com\/product\/yoast-seo-wordpress\/ -->\n<title>Les meilleurs spots Instagram \u00e0 Europa-Park - Le blog officiel d\u2019Europa-Park<\/title>\n<meta name=\"robots\" content=\"index, follow, max-snippet:-1, max-image-preview:large, max-video-preview:-1\" \/>\n<link rel=\"canonical\" href=\"https:\/\/blog.europapark.de\/fr\/europa-park-fr\/les-meilleurs-spots-instagram-a-europa-park\/\" \/>\n<meta property=\"og:locale\" content=\"fr_FR\" \/>\n<meta property=\"og:type\" content=\"article\" \/>\n<meta property=\"og:title\" content=\"Les meilleurs spots Instagram \u00e0 Europa-Park - Le blog officiel d\u2019Europa-Park\" \/>\n<meta property=\"og:description\" content=\"Tout le monde le sait : on passe toujours une journ\u00e9e merveilleuse \u00e0 Europa-Park et on veut passer du temps...\" \/>\n<meta property=\"og:url\" content=\"https:\/\/blog.europapark.de\/fr\/europa-park-fr\/les-meilleurs-spots-instagram-a-europa-park\/\" \/>\n<meta property=\"og:site_name\" content=\"Le blog officiel d\u2019Europa-Park\" \/>\n<meta property=\"article:published_time\" content=\"2020-08-12T13:00:35+00:00\" \/>\n<meta property=\"article:modified_time\" content=\"2021-11-10T15:44:49+00:00\" \/>\n<meta property=\"og:image\" content=\"https:\/\/blog.europapark.de\/wp-content\/uploads\/2020\/07\/EPWIngs.jpg\" \/>\n\t<meta property=\"og:image:width\" content=\"1830\" \/>\n\t<meta property=\"og:image:height\" content=\"915\" \/>\n\t<meta property=\"og:image:type\" content=\"image\/jpeg\" \/>\n<meta name=\"author\" content=\"Wiebke Fuchs\" \/>\n<meta name=\"twitter:card\" content=\"summary_large_image\" \/>\n<meta name=\"twitter:label1\" content=\"\u00c9crit par\" \/>\n\t<meta name=\"twitter:data1\" content=\"Wiebke Fuchs\" \/>\n\t<meta name=\"twitter:label2\" content=\"Dur\u00e9e de lecture estim\u00e9e\" \/>\n\t<meta name=\"twitter:data2\" content=\"3 minutes\" \/>\n<script type=\"application\/ld+json\" class=\"yoast-schema-graph\">{\"@context\":\"https:\/\/schema.org\",\"@graph\":[{\"@type\":\"Article\",\"@id\":\"https:\/\/blog.europapark.de\/fr\/europa-park-fr\/les-meilleurs-spots-instagram-a-europa-park\/#article\",\"isPartOf\":{\"@id\":\"https:\/\/blog.europapark.de\/fr\/europa-park-fr\/les-meilleurs-spots-instagram-a-europa-park\/\"},\"author\":{\"name\":\"Wiebke Fuchs\",\"@id\":\"https:\/\/blog.europapark.de\/fr\/#\/schema\/person\/c47b513ab9fed1280d4aab4069fda9b1\"},\"headline\":\"Les meilleurs spots Instagram \u00e0 Europa-Park\",\"datePublished\":\"2020-08-12T13:00:35+00:00\",\"dateModified\":\"2021-11-10T15:44:49+00:00\",\"mainEntityOfPage\":{\"@id\":\"https:\/\/blog.europapark.de\/fr\/europa-park-fr\/les-meilleurs-spots-instagram-a-europa-park\/\"},\"wordCount\":546,\"commentCount\":0,\"image\":{\"@id\":\"https:\/\/blog.europapark.de\/fr\/europa-park-fr\/les-meilleurs-spots-instagram-a-europa-park\/#primaryimage\"},\"thumbnailUrl\":\"https:\/\/blog.europapark.de\/wp-content\/uploads\/2020\/07\/EPWIngs.jpg\",\"articleSection\":[\"Europa-Park\"],\"inLanguage\":\"fr-FR\",\"potentialAction\":[{\"@type\":\"CommentAction\",\"name\":\"Comment\",\"target\":[\"https:\/\/blog.europapark.de\/fr\/europa-park-fr\/les-meilleurs-spots-instagram-a-europa-park\/#respond\"]}]},{\"@type\":\"WebPage\",\"@id\":\"https:\/\/blog.europapark.de\/fr\/europa-park-fr\/les-meilleurs-spots-instagram-a-europa-park\/\",\"url\":\"https:\/\/blog.europapark.de\/fr\/europa-park-fr\/les-meilleurs-spots-instagram-a-europa-park\/\",\"name\":\"Les meilleurs spots Instagram \u00e0 Europa-Park - Le blog officiel d\u2019Europa-Park\",\"isPartOf\":{\"@id\":\"https:\/\/blog.europapark.de\/fr\/#website\"},\"primaryImageOfPage\":{\"@id\":\"https:\/\/blog.europapark.de\/fr\/europa-park-fr\/les-meilleurs-spots-instagram-a-europa-park\/#primaryimage\"},\"image\":{\"@id\":\"https:\/\/blog.europapark.de\/fr\/europa-park-fr\/les-meilleurs-spots-instagram-a-europa-park\/#primaryimage\"},\"thumbnailUrl\":\"https:\/\/blog.europapark.de\/wp-content\/uploads\/2020\/07\/EPWIngs.jpg\",\"datePublished\":\"2020-08-12T13:00:35+00:00\",\"dateModified\":\"2021-11-10T15:44:49+00:00\",\"author\":{\"@id\":\"https:\/\/blog.europapark.de\/fr\/#\/schema\/person\/c47b513ab9fed1280d4aab4069fda9b1\"},\"breadcrumb\":{\"@id\":\"https:\/\/blog.europapark.de\/fr\/europa-park-fr\/les-meilleurs-spots-instagram-a-europa-park\/#breadcrumb\"},\"inLanguage\":\"fr-FR\",\"potentialAction\":[{\"@type\":\"ReadAction\",\"target\":[\"https:\/\/blog.europapark.de\/fr\/europa-park-fr\/les-meilleurs-spots-instagram-a-europa-park\/\"]}]},{\"@type\":\"ImageObject\",\"inLanguage\":\"fr-FR\",\"@id\":\"https:\/\/blog.europapark.de\/fr\/europa-park-fr\/les-meilleurs-spots-instagram-a-europa-park\/#primaryimage\",\"url\":\"https:\/\/blog.europapark.de\/wp-content\/uploads\/2020\/07\/EPWIngs.jpg\",\"contentUrl\":\"https:\/\/blog.europapark.de\/wp-content\/uploads\/2020\/07\/EPWIngs.jpg\",\"width\":1830,\"height\":915},{\"@type\":\"BreadcrumbList\",\"@id\":\"https:\/\/blog.europapark.de\/fr\/europa-park-fr\/les-meilleurs-spots-instagram-a-europa-park\/#breadcrumb\",\"itemListElement\":[{\"@type\":\"ListItem\",\"position\":1,\"name\":\"Accueil\",\"item\":\"https:\/\/blog.europapark.de\/fr\/\"},{\"@type\":\"ListItem\",\"position\":2,\"name\":\"Les meilleurs spots Instagram \u00e0 Europa-Park\"}]},{\"@type\":\"WebSite\",\"@id\":\"https:\/\/blog.europapark.de\/fr\/#website\",\"url\":\"https:\/\/blog.europapark.de\/fr\/\",\"name\":\"Le blog officiel d\u2019Europa-Park\",\"description\":\"\",\"potentialAction\":[{\"@type\":\"SearchAction\",\"target\":{\"@type\":\"EntryPoint\",\"urlTemplate\":\"https:\/\/blog.europapark.de\/fr\/?s={search_term_string}\"},\"query-input\":{\"@type\":\"PropertyValueSpecification\",\"valueRequired\":true,\"valueName\":\"search_term_string\"}}],\"inLanguage\":\"fr-FR\"},{\"@type\":\"Person\",\"@id\":\"https:\/\/blog.europapark.de\/fr\/#\/schema\/person\/c47b513ab9fed1280d4aab4069fda9b1\",\"name\":\"Wiebke Fuchs\",\"image\":{\"@type\":\"ImageObject\",\"inLanguage\":\"fr-FR\",\"@id\":\"https:\/\/blog.europapark.de\/fr\/#\/schema\/person\/image\/\",\"url\":\"https:\/\/blog.europapark.de\/wp-content\/uploads\/2019\/09\/wiebke_fuchs-1.jpg\",\"contentUrl\":\"https:\/\/blog.europapark.de\/wp-content\/uploads\/2019\/09\/wiebke_fuchs-1.jpg\",\"caption\":\"Wiebke Fuchs\"},\"url\":\"https:\/\/blog.europapark.de\/fr\/author\/wiebke-fuchs\/\"}]}<\/script>\n<!-- \/ Yoast SEO plugin. -->","yoast_head_json":{"title":"Les meilleurs spots Instagram \u00e0 Europa-Park - Le blog officiel d\u2019Europa-Park","robots":{"index":"index","follow":"follow","max-snippet":"max-snippet:-1","max-image-preview":"max-image-preview:large","max-video-preview":"max-video-preview:-1"},"canonical":"https:\/\/blog.europapark.de\/fr\/europa-park-fr\/les-meilleurs-spots-instagram-a-europa-park\/","og_locale":"fr_FR","og_type":"article","og_title":"Les meilleurs spots Instagram \u00e0 Europa-Park - Le blog officiel d\u2019Europa-Park","og_description":"Tout le monde le sait : on passe toujours une journ\u00e9e merveilleuse \u00e0 Europa-Park et on veut passer du temps...","og_url":"https:\/\/blog.europapark.de\/fr\/europa-park-fr\/les-meilleurs-spots-instagram-a-europa-park\/","og_site_name":"Le blog officiel d\u2019Europa-Park","article_published_time":"2020-08-12T13:00:35+00:00","article_modified_time":"2021-11-10T15:44:49+00:00","og_image":[{"width":1830,"height":915,"url":"https:\/\/blog.europapark.de\/wp-content\/uploads\/2020\/07\/EPWIngs.jpg","type":"image\/jpeg"}],"author":"Wiebke Fuchs","twitter_card":"summary_large_image","twitter_misc":{"\u00c9crit par":"Wiebke Fuchs","Dur\u00e9e de lecture estim\u00e9e":"3 minutes"},"schema":{"@context":"https:\/\/schema.org","@graph":[{"@type":"Article","@id":"https:\/\/blog.europapark.de\/fr\/europa-park-fr\/les-meilleurs-spots-instagram-a-europa-park\/#article","isPartOf":{"@id":"https:\/\/blog.europapark.de\/fr\/europa-park-fr\/les-meilleurs-spots-instagram-a-europa-park\/"},"author":{"name":"Wiebke Fuchs","@id":"https:\/\/blog.europapark.de\/fr\/#\/schema\/person\/c47b513ab9fed1280d4aab4069fda9b1"},"headline":"Les meilleurs spots Instagram \u00e0 Europa-Park","datePublished":"2020-08-12T13:00:35+00:00","dateModified":"2021-11-10T15:44:49+00:00","mainEntityOfPage":{"@id":"https:\/\/blog.europapark.de\/fr\/europa-park-fr\/les-meilleurs-spots-instagram-a-europa-park\/"},"wordCount":546,"commentCount":0,"image":{"@id":"https:\/\/blog.europapark.de\/fr\/europa-park-fr\/les-meilleurs-spots-instagram-a-europa-park\/#primaryimage"},"thumbnailUrl":"https:\/\/blog.europapark.de\/wp-content\/uploads\/2020\/07\/EPWIngs.jpg","articleSection":["Europa-Park"],"inLanguage":"fr-FR","potentialAction":[{"@type":"CommentAction","name":"Comment","target":["https:\/\/blog.europapark.de\/fr\/europa-park-fr\/les-meilleurs-spots-instagram-a-europa-park\/#respond"]}]},{"@type":"WebPage","@id":"https:\/\/blog.europapark.de\/fr\/europa-park-fr\/les-meilleurs-spots-instagram-a-europa-park\/","url":"https:\/\/blog.europapark.de\/fr\/europa-park-fr\/les-meilleurs-spots-instagram-a-europa-park\/","name":"Les meilleurs spots Instagram \u00e0 Europa-Park - Le blog officiel d\u2019Europa-Park","isPartOf":{"@id":"https:\/\/blog.europapark.de\/fr\/#website"},"primaryImageOfPage":{"@id":"https:\/\/blog.europapark.de\/fr\/europa-park-fr\/les-meilleurs-spots-instagram-a-europa-park\/#primaryimage"},"image":{"@id":"https:\/\/blog.europapark.de\/fr\/europa-park-fr\/les-meilleurs-spots-instagram-a-europa-park\/#primaryimage"},"thumbnailUrl":"https:\/\/blog.europapark.de\/wp-content\/uploads\/2020\/07\/EPWIngs.jpg","datePublished":"2020-08-12T13:00:35+00:00","dateModified":"2021-11-10T15:44:49+00:00","author":{"@id":"https:\/\/blog.europapark.de\/fr\/#\/schema\/person\/c47b513ab9fed1280d4aab4069fda9b1"},"breadcrumb":{"@id":"https:\/\/blog.europapark.de\/fr\/europa-park-fr\/les-meilleurs-spots-instagram-a-europa-park\/#breadcrumb"},"inLanguage":"fr-FR","potentialAction":[{"@type":"ReadAction","target":["https:\/\/blog.europapark.de\/fr\/europa-park-fr\/les-meilleurs-spots-instagram-a-europa-park\/"]}]},{"@type":"ImageObject","inLanguage":"fr-FR","@id":"https:\/\/blog.europapark.de\/fr\/europa-park-fr\/les-meilleurs-spots-instagram-a-europa-park\/#primaryimage","url":"https:\/\/blog.europapark.de\/wp-content\/uploads\/2020\/07\/EPWIngs.jpg","contentUrl":"https:\/\/blog.europapark.de\/wp-content\/uploads\/2020\/07\/EPWIngs.jpg","width":1830,"height":915},{"@type":"BreadcrumbList","@id":"https:\/\/blog.europapark.de\/fr\/europa-park-fr\/les-meilleurs-spots-instagram-a-europa-park\/#breadcrumb","itemListElement":[{"@type":"ListItem","position":1,"name":"Accueil","item":"https:\/\/blog.europapark.de\/fr\/"},{"@type":"ListItem","position":2,"name":"Les meilleurs spots Instagram \u00e0 Europa-Park"}]},{"@type":"WebSite","@id":"https:\/\/blog.europapark.de\/fr\/#website","url":"https:\/\/blog.europapark.de\/fr\/","name":"Le blog officiel d\u2019Europa-Park","description":"","potentialAction":[{"@type":"SearchAction","target":{"@type":"EntryPoint","urlTemplate":"https:\/\/blog.europapark.de\/fr\/?s={search_term_string}"},"query-input":{"@type":"PropertyValueSpecification","valueRequired":true,"valueName":"search_term_string"}}],"inLanguage":"fr-FR"},{"@type":"Person","@id":"https:\/\/blog.europapark.de\/fr\/#\/schema\/person\/c47b513ab9fed1280d4aab4069fda9b1","name":"Wiebke Fuchs","image":{"@type":"ImageObject","inLanguage":"fr-FR","@id":"https:\/\/blog.europapark.de\/fr\/#\/schema\/person\/image\/","url":"https:\/\/blog.europapark.de\/wp-content\/uploads\/2019\/09\/wiebke_fuchs-1.jpg","contentUrl":"https:\/\/blog.europapark.de\/wp-content\/uploads\/2019\/09\/wiebke_fuchs-1.jpg","caption":"Wiebke Fuchs"},"url":"https:\/\/blog.europapark.de\/fr\/author\/wiebke-fuchs\/"}]}},"_links":{"self":[{"href":"https:\/\/blog.europapark.de\/fr\/wp-json\/wp\/v2\/posts\/5544","targetHints":{"allow":["GET"]}}],"collection":[{"href":"https:\/\/blog.europapark.de\/fr\/wp-json\/wp\/v2\/posts"}],"about":[{"href":"https:\/\/blog.europapark.de\/fr\/wp-json\/wp\/v2\/types\/post"}],"author":[{"embeddable":true,"href":"https:\/\/blog.europapark.de\/fr\/wp-json\/wp\/v2\/users\/18"}],"replies":[{"embeddable":true,"href":"https:\/\/blog.europapark.de\/fr\/wp-json\/wp\/v2\/comments?post=5544"}],"version-history":[{"count":6,"href":"https:\/\/blog.europapark.de\/fr\/wp-json\/wp\/v2\/posts\/5544\/revisions"}],"predecessor-version":[{"id":7207,"href":"https:\/\/blog.europapark.de\/fr\/wp-json\/wp\/v2\/posts\/5544\/revisions\/7207"}],"wp:featuredmedia":[{"embeddable":true,"href":"https:\/\/blog.europapark.de\/fr\/wp-json\/wp\/v2\/media\/5497"}],"wp:attachment":[{"href":"https:\/\/blog.europapark.de\/fr\/wp-json\/wp\/v2\/media?parent=5544"}],"wp:term":[{"taxonomy":"category","embeddable":true,"href":"https:\/\/blog.europapark.de\/fr\/wp-json\/wp\/v2\/categories?post=5544"},{"taxonomy":"post_tag","embeddable":true,"href":"https:\/\/blog.europapark.de\/fr\/wp-json\/wp\/v2\/tags?post=5544"}],"curies":[{"name":"wp","href":"https:\/\/api.w.org\/{rel}","templated":true}]}}