{"id":5426,"date":"2020-07-26T17:08:54","date_gmt":"2020-07-26T15:08:54","guid":{"rendered":"https:\/\/blog.europapark.de\/?p=5426"},"modified":"2020-07-26T17:08:54","modified_gmt":"2020-07-26T15:08:54","slug":"michael-mack-repond-a-vos-questions-sur-pirates-de-batavia","status":"publish","type":"post","link":"https:\/\/blog.europapark.de\/fr\/europa-park-fr\/michael-mack-repond-a-vos-questions-sur-pirates-de-batavia\/","title":{"rendered":"Michael Mack r\u00e9pond \u00e0 vos questions sur Pirates de Batavia !"},"content":{"rendered":"<p><strong>Le 28 juillet approche \u00e0 grands pas : les Pirates de Batavia reviennent ! Nous avons remarqu\u00e9 que vous aviez beaucoup de questions sur cette nouvelle version de l\u2019attraction. Nous les avons rassembl\u00e9es et sommes all\u00e9s les poser \u00e0 Michael Mack, associ\u00e9-g\u00e9rant d\u2019Europa-Park. Il s\u2019est non seulement pr\u00eat\u00e9 au jeu de l\u2019interview mais a \u00e9galement r\u00e9pondu, en vid\u00e9o, \u00e0 3 des questions qui ont le plus suscit\u00e9 votre curiosit\u00e9.<\/strong><\/p>\n<p>C\u2019est devant l\u2019attraction que Michael Mack vous a personnellement r\u00e9pondu en vid\u00e9o\u00a0:<\/p>\n<div class=\"iframe-placeholder-wrapper\">\n<div class=\"iframe-placeholder\">\n<div class=\"iframe-placeholder-title\">Contenu externe<\/div>\n<div>\n<p><strong>Vous pouvez regarder une vid\u00e9o YouTube via le contenu externe. Pour que la vid\u00e9o soit charg\u00e9e, nous avons besoin de votre consentement.<\/strong><\/p>\n<p><button class=\"button\" onclick=\"acceptExternalMedia();\">AFFICHER LE CONTENU EXTERNE<\/button><\/p>\n<p class=\"iframe-placeholder-disclaimer\">En cliquant sur \u00ab Acc\u00e9der au contenu externe \u00bb, vous acceptez que le contenu de tiers soit affich\u00e9. En appelant le contenu externe, des donn\u00e9es personnelles peuvent \u00eatre transmises \u00e0 des fournisseurs tiers avec, si n\u00e9cessaire, le stockage automatique de cookies sur votre appareil. Vous trouverez de plus amples informations sur la collecte et l\u2019utilisation de vos donn\u00e9es par YouTube dans les informations sur la protection des donn\u00e9es sous <a href=\"https:\/\/www.youtube.com\" target=\"_blank\" rel=\"noopener\">www.youtube.com<\/a>. <\/p>\n<\/p><\/div>\n<\/p><\/div>\n<div class=\"video-container iframe-placeholder-youtube\"><iframe title=\"Michael Mack r\u00e9pond \u00e0 vos questions sur Pirates de Batavia !\" width=\"500\" height=\"375\" class=\"optanon-category-C0005\" data-src=\"https:\/\/www.youtube-nocookie.com\/embed\/goOi9WSeIYA?feature=oembed\" frameborder=\"0\" allow=\"accelerometer; autoplay; clipboard-write; encrypted-media; gyroscope; picture-in-picture; web-share\" referrerpolicy=\"strict-origin-when-cross-origin\" allowfullscreen><\/iframe><\/div>\n<\/p><\/div>\n<p><em><strong>Question : Quelles animatroniques de l\u2019attraction originale allons-nous revoir\u00a0? (Notamment le tigre, le singe avec la cl\u00e9, le perroquet \u00e0 l\u2019entr\u00e9e, le gorille)<\/strong><\/em><\/p>\n<p>Michael Mack : Ce que je peux d\u00e9j\u00e0 vous dire, c\u2019est que 8 animatroniques de l\u2019attraction originale ont surv\u00e9cu et vont \u00eatre int\u00e9gr\u00e9es \u00e0 la nouvelle ainsi que quelques automates d\u2019animaux. \u00c0 vous de retrouver tous les personnages anim\u00e9s mentionn\u00e9s dans la question d\u00e8s le 28 juillet. Petite exclusivit\u00e9 : un seul des animaux mentionn\u00e9s ci-dessus ne sera pas pr\u00e9sent dans l&#8217;attraction.<\/p>\n<p><strong><em>Question : Combien y a-t-il d&#8217;animatroniques dans la nouvelle attraction ? Qu&#8217;est-ce qui rend les nouvelles si uniques et qui les a fabriqu\u00e9es ?<\/em><\/strong><\/p>\n<p>Michael Mack : Dans la nouvelle attraction, nous pourrons voir plus de 100 animatroniques dont 8 de la version originale. Nous avons travaill\u00e9 avec 3 des meilleurs fabricants : une entreprise allemande et deux des \u00c9tats-Unis.<\/p>\n<p><strong><em>Question : \u00c0 propos du parcours : est-ce qu\u2019il y aura \u00e0 nouveau la descente avec le d\u00e9mon au d\u00e9but ? Est-ce que le trajet sera identique ou plus long ?<\/em><\/strong><\/p>\n<p>Michael Mack : Le parcours est presque identique y compris la descente du d\u00e9but qui vous ravira. Seul le d\u00e9mon n\u2019a pas \u00e9t\u00e9 repris.<\/p>\n<figure id=\"attachment_5409\" aria-labelledby=\"figcaption_attachment_5409\" class=\"wp-caption aligncenter\"><img loading=\"lazy\" decoding=\"async\" class=\"wp-image-5409 size-large\" src=\"https:\/\/blog.europapark.de\/wp-content\/uploads\/2020\/07\/04_canyon_format_f__r_pp_silvia1-1024x578.jpg\" alt=\"Concept art de l'attraction\" width=\"1024\" height=\"578\" \/><figcaption id=\"figcaption_attachment_5409\" class=\"wp-caption-text\">Concept art de l&#8217;attraction<\/figcaption><\/figure>\n<p><strong><em>Question : Quels seront les nouveaux effets sp\u00e9ciaux et les anciens qui ont \u00e9t\u00e9 repris ? (Notamment : la cascade avec la projection lumineuse, le ciel \u00e9toil\u00e9, l\u2019odeur)<\/em><\/strong><\/p>\n<p>Michael Mack : Les nouveaux bateaux sont techniquement d\u2019un tout autre niveau. La technologie utilis\u00e9e dans l&#8217;attraction est des plus modernes et vous pouvez vous attendre \u00e0 de nombreux effets sp\u00e9ciaux. Pendant le trajet, vous serez \u00e0 nouveau enchant\u00e9s par un ciel \u00e9toil\u00e9 \u00e9tincelant, une projection sur \u00e9cran d&#8217;eau et des animations vid\u00e9o magiques de Mack Animation.<\/p>\n<p><strong><em>Question : Est-ce que la bande-son et le making of seront disponibles en Blu Ray en magasin\u00a0? Y-aura-t-il aussi un film\u00a0?<\/em><\/strong><\/p>\n<p>Michael Mack : Oui, vous pourrez acheter le CD de la nouvelle bande-son. Le court-m\u00e9trage \u00ab\u00a0Cap sur Batavia\u00a0\u00bb, diffus\u00e9 au Magic Cinema 4D, et la s\u00e9rie des making of seront \u00e9galement disponibles \u00e0 partir de l&#8217;ann\u00e9e prochaine.<\/p>\n<figure id=\"attachment_5407\" aria-labelledby=\"figcaption_attachment_5407\" class=\"wp-caption aligncenter\"><img loading=\"lazy\" decoding=\"async\" class=\"wp-image-5407 size-large\" src=\"https:\/\/blog.europapark.de\/wp-content\/uploads\/2020\/07\/04_Batavia-1024x576.jpg\" alt=\"\" width=\"1024\" height=\"576\" srcset=\"https:\/\/blog.europapark.de\/wp-content\/uploads\/2020\/07\/04_Batavia-1024x576.jpg 1024w, https:\/\/blog.europapark.de\/wp-content\/uploads\/2020\/07\/04_Batavia-400x225.jpg 400w, https:\/\/blog.europapark.de\/wp-content\/uploads\/2020\/07\/04_Batavia-768x432.jpg 768w, https:\/\/blog.europapark.de\/wp-content\/uploads\/2020\/07\/04_Batavia-1536x864.jpg 1536w, https:\/\/blog.europapark.de\/wp-content\/uploads\/2020\/07\/04_Batavia-1700x956.jpg 1700w, https:\/\/blog.europapark.de\/wp-content\/uploads\/2020\/07\/04_Batavia.jpg 1920w\" sizes=\"auto, (max-width: 1024px) 100vw, 1024px\" \/><figcaption id=\"figcaption_attachment_5407\" class=\"wp-caption-text\">Bartholomeus van Robbemond<\/figcaption><\/figure>\n<p><em><strong>Question : Est-ce que cela a \u00e9t\u00e9\u00a0 psychologiquement difficile de \u00ab remplacer \u00bb l\u2019attraction originale des Pirates de Batavia ? Ou cela a \u00e9t\u00e9 une joie de la reconstruire ?<\/strong><\/em><\/p>\n<p>Michael Mack : Pour les \u00e9quipes qui ont travaill\u00e9 sur cette attraction les mois pass\u00e9s, cela a \u00e9t\u00e9 une v\u00e9ritable joie de prendre part \u00e0 cette reconstruction. Mais bien s\u00fbr, le travail a aussi \u00e9t\u00e9 tr\u00e8s stimulant car l&#8217;ancienne attraction \u00e9tait remplie d\u2019\u00e9motions et de souvenirs d&#8217;enfance. Mais nous sommes convaincus que l&#8217;\u00e9quilibre entre modernit\u00e9 et nostalgie a \u00e9t\u00e9 bien r\u00e9alis\u00e9&#8230;<\/p>\n<p><strong><em>Question : Combien de litres d\u2019eau et d\u2019\u00e9lectricit\u00e9 consomme cette attraction\u00a0?<\/em><\/strong><\/p>\n<p>Michael Mack : Le bassin contient 2,5 millions de litres d\u2019eau. \u00c0 ce stade, nous ne pouvons pas encore dire combien d&#8217;\u00e9lectricit\u00e9 l&#8217;attraction consommera.<\/p>\n<p><strong><em>Question : Combien et qui ont \u00e9t\u00e9 les acteurs internes et externes \u00e0 Europa-Park impliqu\u00e9s dans la construction d\u2019une telle attraction\u00a0?<\/em><\/strong><\/p>\n<p>Michael Mack : C\u2019est une question difficile\u00a0! 20 personnes environ de l&#8217;\u00e9quipe d&#8217;Europa-Park ont \u00e9t\u00e9 activement impliqu\u00e9es dans la reconstruction. Sur le chantier, avec l&#8217;aide de prestataires ext\u00e9rieurs, il y avait jusqu&#8217;\u00e0 80 personnes.<\/p>\n<p><em><strong>Question : Quelle a \u00e9t\u00e9 l\u2019\u00e9tape la plus difficile dans la reconstruction des Pirates de Batavia\u00a0?<\/strong><\/em><\/p>\n<p>Michael Mack : Cela a \u00e9t\u00e9 un grand d\u00e9fi d&#8217;emporter les anciennes \u00e9motions avec nous et de replacer l\u2019attraction en 2020. Cela a \u00e9t\u00e9 une marche difficile sur une corde raide.<\/p>\n<p>Les derniers mois avec la Covid-19 ont \u00e9galement \u00e9t\u00e9 un d\u00e9fi tr\u00e8s sp\u00e9cial pour le chantier car nous avons travaill\u00e9 en partie avec des soci\u00e9t\u00e9s internationales. Les restrictions et les directives soudaines ont constitu\u00e9 un r\u00e9el challenge. En raison des restrictions d&#8217;entr\u00e9e, certains travailleurs ont manqu\u00e9 ou des mat\u00e9riaux ont \u00e9t\u00e9 bloqu\u00e9s aux postes fronti\u00e8res. Heureusement, nous avons pu r\u00e9agir rapidement et avec pr\u00e9voyance, tout en terminant l&#8217;attraction \u00e0 temps.<\/p>\n<p><strong><em>Question : Est-ce que la nouvelle version des Pirates de Batavia a une plus grande capacit\u00e9 d\u2019accueil horaire par rapport \u00e0 la pr\u00e9c\u00e9dente\u00a0?<\/em><\/strong><\/p>\n<p>Michael Mack : Non, la capacit\u00e9 est la m\u00eame puisque les bateaux ont la m\u00eame taille.<\/p>\n<p>Vous en savez d\u00e9sormais sur la nouvelle version des Pirates de Batavia. Vous n\u2019avez plus que quelques jours \u00e0 patienter avant de la d\u00e9couvrir ! Pour plus de contenu exclusif, nous vous conseillons de suivre Michael Mack qui est tr\u00e8s actif sur <a href=\"https:\/\/twitter.com\/MichaelMack\" target=\"_blank\" rel=\"noopener noreferrer\">Twitter<\/a> !<\/p>\n","protected":false},"excerpt":{"rendered":"<p>Le 28 juillet approche \u00e0 grands pas : les Pirates de Batavia reviennent ! Nous avons remarqu\u00e9 que vous aviez&#8230;<\/p>\n","protected":false},"author":22,"featured_media":5412,"comment_status":"open","ping_status":"open","sticky":false,"template":"","format":"standard","meta":{"_acf_changed":false,"footnotes":""},"categories":[207],"tags":[501,317,458,559,220,558,263,260,459,262],"class_list":["post-5426","post","type-post","status-publish","format-standard","has-post-thumbnail","hentry","category-europa-park-fr","tag-animatroniques","tag-attraction","tag-bartholomeus-van-robbemond","tag-batavia-2020","tag-europa-park-fr","tag-mack-animation","tag-mack-rides-fr","tag-nouveaute","tag-pirates","tag-pirates-de-batavia"],"acf":[],"yoast_head":"<!-- This site is optimized with the Yoast SEO plugin v26.9 - https:\/\/yoast.com\/product\/yoast-seo-wordpress\/ -->\n<title>Michael Mack r\u00e9pond \u00e0 vos questions sur Pirates de Batavia ! - Le blog officiel d\u2019Europa-Park<\/title>\n<meta name=\"robots\" content=\"index, follow, max-snippet:-1, max-image-preview:large, max-video-preview:-1\" \/>\n<link rel=\"canonical\" href=\"https:\/\/blog.europapark.de\/fr\/europa-park-fr\/michael-mack-repond-a-vos-questions-sur-pirates-de-batavia\/\" \/>\n<meta property=\"og:locale\" content=\"fr_FR\" \/>\n<meta property=\"og:type\" content=\"article\" \/>\n<meta property=\"og:title\" content=\"Michael Mack r\u00e9pond \u00e0 vos questions sur Pirates de Batavia ! - Le blog officiel d\u2019Europa-Park\" \/>\n<meta property=\"og:description\" content=\"Le 28 juillet approche \u00e0 grands pas : les Pirates de Batavia reviennent ! Nous avons remarqu\u00e9 que vous aviez...\" \/>\n<meta property=\"og:url\" content=\"https:\/\/blog.europapark.de\/fr\/europa-park-fr\/michael-mack-repond-a-vos-questions-sur-pirates-de-batavia\/\" \/>\n<meta property=\"og:site_name\" content=\"Le blog officiel d\u2019Europa-Park\" \/>\n<meta property=\"article:published_time\" content=\"2020-07-26T15:08:54+00:00\" \/>\n<meta property=\"og:image\" content=\"https:\/\/blog.europapark.de\/wp-content\/uploads\/2020\/07\/Piraten_in_Batavia-scaled.jpg\" \/>\n\t<meta property=\"og:image:width\" content=\"2560\" \/>\n\t<meta property=\"og:image:height\" content=\"1298\" \/>\n\t<meta property=\"og:image:type\" content=\"image\/jpeg\" \/>\n<meta name=\"author\" content=\"Marine Bostetter\" \/>\n<meta name=\"twitter:card\" content=\"summary_large_image\" \/>\n<meta name=\"twitter:label1\" content=\"\u00c9crit par\" \/>\n\t<meta name=\"twitter:data1\" content=\"Marine Bostetter\" \/>\n\t<meta name=\"twitter:label2\" content=\"Dur\u00e9e de lecture estim\u00e9e\" \/>\n\t<meta name=\"twitter:data2\" content=\"4 minutes\" \/>\n<script type=\"application\/ld+json\" class=\"yoast-schema-graph\">{\"@context\":\"https:\/\/schema.org\",\"@graph\":[{\"@type\":\"Article\",\"@id\":\"https:\/\/blog.europapark.de\/fr\/europa-park-fr\/michael-mack-repond-a-vos-questions-sur-pirates-de-batavia\/#article\",\"isPartOf\":{\"@id\":\"https:\/\/blog.europapark.de\/fr\/europa-park-fr\/michael-mack-repond-a-vos-questions-sur-pirates-de-batavia\/\"},\"author\":{\"name\":\"Marine Bostetter\",\"@id\":\"https:\/\/blog.europapark.de\/fr\/#\/schema\/person\/33a8e6425d00a5338b0f3b919774c892\"},\"headline\":\"Michael Mack r\u00e9pond \u00e0 vos questions sur Pirates de Batavia !\",\"datePublished\":\"2020-07-26T15:08:54+00:00\",\"mainEntityOfPage\":{\"@id\":\"https:\/\/blog.europapark.de\/fr\/europa-park-fr\/michael-mack-repond-a-vos-questions-sur-pirates-de-batavia\/\"},\"wordCount\":882,\"commentCount\":0,\"image\":{\"@id\":\"https:\/\/blog.europapark.de\/fr\/europa-park-fr\/michael-mack-repond-a-vos-questions-sur-pirates-de-batavia\/#primaryimage\"},\"thumbnailUrl\":\"https:\/\/blog.europapark.de\/wp-content\/uploads\/2020\/07\/Piraten_in_Batavia-scaled.jpg\",\"keywords\":[\"Animatroniques\",\"Attraction\",\"Bartholomeus van Robbemond\",\"Batavia 2020\",\"Europa-Park\",\"Mack Animation\",\"Mack Rides\",\"Nouveaut\u00e9\",\"Pirates\",\"Pirates de Batavia\"],\"articleSection\":[\"Europa-Park\"],\"inLanguage\":\"fr-FR\",\"potentialAction\":[{\"@type\":\"CommentAction\",\"name\":\"Comment\",\"target\":[\"https:\/\/blog.europapark.de\/fr\/europa-park-fr\/michael-mack-repond-a-vos-questions-sur-pirates-de-batavia\/#respond\"]}]},{\"@type\":\"WebPage\",\"@id\":\"https:\/\/blog.europapark.de\/fr\/europa-park-fr\/michael-mack-repond-a-vos-questions-sur-pirates-de-batavia\/\",\"url\":\"https:\/\/blog.europapark.de\/fr\/europa-park-fr\/michael-mack-repond-a-vos-questions-sur-pirates-de-batavia\/\",\"name\":\"Michael Mack r\u00e9pond \u00e0 vos questions sur Pirates de Batavia ! - Le blog officiel d\u2019Europa-Park\",\"isPartOf\":{\"@id\":\"https:\/\/blog.europapark.de\/fr\/#website\"},\"primaryImageOfPage\":{\"@id\":\"https:\/\/blog.europapark.de\/fr\/europa-park-fr\/michael-mack-repond-a-vos-questions-sur-pirates-de-batavia\/#primaryimage\"},\"image\":{\"@id\":\"https:\/\/blog.europapark.de\/fr\/europa-park-fr\/michael-mack-repond-a-vos-questions-sur-pirates-de-batavia\/#primaryimage\"},\"thumbnailUrl\":\"https:\/\/blog.europapark.de\/wp-content\/uploads\/2020\/07\/Piraten_in_Batavia-scaled.jpg\",\"datePublished\":\"2020-07-26T15:08:54+00:00\",\"author\":{\"@id\":\"https:\/\/blog.europapark.de\/fr\/#\/schema\/person\/33a8e6425d00a5338b0f3b919774c892\"},\"breadcrumb\":{\"@id\":\"https:\/\/blog.europapark.de\/fr\/europa-park-fr\/michael-mack-repond-a-vos-questions-sur-pirates-de-batavia\/#breadcrumb\"},\"inLanguage\":\"fr-FR\",\"potentialAction\":[{\"@type\":\"ReadAction\",\"target\":[\"https:\/\/blog.europapark.de\/fr\/europa-park-fr\/michael-mack-repond-a-vos-questions-sur-pirates-de-batavia\/\"]}]},{\"@type\":\"ImageObject\",\"inLanguage\":\"fr-FR\",\"@id\":\"https:\/\/blog.europapark.de\/fr\/europa-park-fr\/michael-mack-repond-a-vos-questions-sur-pirates-de-batavia\/#primaryimage\",\"url\":\"https:\/\/blog.europapark.de\/wp-content\/uploads\/2020\/07\/Piraten_in_Batavia-scaled.jpg\",\"contentUrl\":\"https:\/\/blog.europapark.de\/wp-content\/uploads\/2020\/07\/Piraten_in_Batavia-scaled.jpg\",\"width\":2560,\"height\":1298},{\"@type\":\"BreadcrumbList\",\"@id\":\"https:\/\/blog.europapark.de\/fr\/europa-park-fr\/michael-mack-repond-a-vos-questions-sur-pirates-de-batavia\/#breadcrumb\",\"itemListElement\":[{\"@type\":\"ListItem\",\"position\":1,\"name\":\"Accueil\",\"item\":\"https:\/\/blog.europapark.de\/fr\/\"},{\"@type\":\"ListItem\",\"position\":2,\"name\":\"Michael Mack r\u00e9pond \u00e0 vos questions sur Pirates de Batavia !\"}]},{\"@type\":\"WebSite\",\"@id\":\"https:\/\/blog.europapark.de\/fr\/#website\",\"url\":\"https:\/\/blog.europapark.de\/fr\/\",\"name\":\"Le blog officiel d\u2019Europa-Park\",\"description\":\"\",\"potentialAction\":[{\"@type\":\"SearchAction\",\"target\":{\"@type\":\"EntryPoint\",\"urlTemplate\":\"https:\/\/blog.europapark.de\/fr\/?s={search_term_string}\"},\"query-input\":{\"@type\":\"PropertyValueSpecification\",\"valueRequired\":true,\"valueName\":\"search_term_string\"}}],\"inLanguage\":\"fr-FR\"},{\"@type\":\"Person\",\"@id\":\"https:\/\/blog.europapark.de\/fr\/#\/schema\/person\/33a8e6425d00a5338b0f3b919774c892\",\"name\":\"Marine Bostetter\",\"image\":{\"@type\":\"ImageObject\",\"inLanguage\":\"fr-FR\",\"@id\":\"https:\/\/blog.europapark.de\/fr\/#\/schema\/person\/image\/\",\"url\":\"https:\/\/blog.europapark.de\/wp-content\/uploads\/2024\/01\/IMG_2126-150x150.jpg\",\"contentUrl\":\"https:\/\/blog.europapark.de\/wp-content\/uploads\/2024\/01\/IMG_2126-150x150.jpg\",\"caption\":\"Marine Bostetter\"},\"url\":\"https:\/\/blog.europapark.de\/fr\/author\/marine-bostetter\/\"}]}<\/script>\n<!-- \/ Yoast SEO plugin. -->","yoast_head_json":{"title":"Michael Mack r\u00e9pond \u00e0 vos questions sur Pirates de Batavia ! - Le blog officiel d\u2019Europa-Park","robots":{"index":"index","follow":"follow","max-snippet":"max-snippet:-1","max-image-preview":"max-image-preview:large","max-video-preview":"max-video-preview:-1"},"canonical":"https:\/\/blog.europapark.de\/fr\/europa-park-fr\/michael-mack-repond-a-vos-questions-sur-pirates-de-batavia\/","og_locale":"fr_FR","og_type":"article","og_title":"Michael Mack r\u00e9pond \u00e0 vos questions sur Pirates de Batavia ! - Le blog officiel d\u2019Europa-Park","og_description":"Le 28 juillet approche \u00e0 grands pas : les Pirates de Batavia reviennent ! Nous avons remarqu\u00e9 que vous aviez...","og_url":"https:\/\/blog.europapark.de\/fr\/europa-park-fr\/michael-mack-repond-a-vos-questions-sur-pirates-de-batavia\/","og_site_name":"Le blog officiel d\u2019Europa-Park","article_published_time":"2020-07-26T15:08:54+00:00","og_image":[{"width":2560,"height":1298,"url":"https:\/\/blog.europapark.de\/wp-content\/uploads\/2020\/07\/Piraten_in_Batavia-scaled.jpg","type":"image\/jpeg"}],"author":"Marine Bostetter","twitter_card":"summary_large_image","twitter_misc":{"\u00c9crit par":"Marine Bostetter","Dur\u00e9e de lecture estim\u00e9e":"4 minutes"},"schema":{"@context":"https:\/\/schema.org","@graph":[{"@type":"Article","@id":"https:\/\/blog.europapark.de\/fr\/europa-park-fr\/michael-mack-repond-a-vos-questions-sur-pirates-de-batavia\/#article","isPartOf":{"@id":"https:\/\/blog.europapark.de\/fr\/europa-park-fr\/michael-mack-repond-a-vos-questions-sur-pirates-de-batavia\/"},"author":{"name":"Marine Bostetter","@id":"https:\/\/blog.europapark.de\/fr\/#\/schema\/person\/33a8e6425d00a5338b0f3b919774c892"},"headline":"Michael Mack r\u00e9pond \u00e0 vos questions sur Pirates de Batavia !","datePublished":"2020-07-26T15:08:54+00:00","mainEntityOfPage":{"@id":"https:\/\/blog.europapark.de\/fr\/europa-park-fr\/michael-mack-repond-a-vos-questions-sur-pirates-de-batavia\/"},"wordCount":882,"commentCount":0,"image":{"@id":"https:\/\/blog.europapark.de\/fr\/europa-park-fr\/michael-mack-repond-a-vos-questions-sur-pirates-de-batavia\/#primaryimage"},"thumbnailUrl":"https:\/\/blog.europapark.de\/wp-content\/uploads\/2020\/07\/Piraten_in_Batavia-scaled.jpg","keywords":["Animatroniques","Attraction","Bartholomeus van Robbemond","Batavia 2020","Europa-Park","Mack Animation","Mack Rides","Nouveaut\u00e9","Pirates","Pirates de Batavia"],"articleSection":["Europa-Park"],"inLanguage":"fr-FR","potentialAction":[{"@type":"CommentAction","name":"Comment","target":["https:\/\/blog.europapark.de\/fr\/europa-park-fr\/michael-mack-repond-a-vos-questions-sur-pirates-de-batavia\/#respond"]}]},{"@type":"WebPage","@id":"https:\/\/blog.europapark.de\/fr\/europa-park-fr\/michael-mack-repond-a-vos-questions-sur-pirates-de-batavia\/","url":"https:\/\/blog.europapark.de\/fr\/europa-park-fr\/michael-mack-repond-a-vos-questions-sur-pirates-de-batavia\/","name":"Michael Mack r\u00e9pond \u00e0 vos questions sur Pirates de Batavia ! - Le blog officiel d\u2019Europa-Park","isPartOf":{"@id":"https:\/\/blog.europapark.de\/fr\/#website"},"primaryImageOfPage":{"@id":"https:\/\/blog.europapark.de\/fr\/europa-park-fr\/michael-mack-repond-a-vos-questions-sur-pirates-de-batavia\/#primaryimage"},"image":{"@id":"https:\/\/blog.europapark.de\/fr\/europa-park-fr\/michael-mack-repond-a-vos-questions-sur-pirates-de-batavia\/#primaryimage"},"thumbnailUrl":"https:\/\/blog.europapark.de\/wp-content\/uploads\/2020\/07\/Piraten_in_Batavia-scaled.jpg","datePublished":"2020-07-26T15:08:54+00:00","author":{"@id":"https:\/\/blog.europapark.de\/fr\/#\/schema\/person\/33a8e6425d00a5338b0f3b919774c892"},"breadcrumb":{"@id":"https:\/\/blog.europapark.de\/fr\/europa-park-fr\/michael-mack-repond-a-vos-questions-sur-pirates-de-batavia\/#breadcrumb"},"inLanguage":"fr-FR","potentialAction":[{"@type":"ReadAction","target":["https:\/\/blog.europapark.de\/fr\/europa-park-fr\/michael-mack-repond-a-vos-questions-sur-pirates-de-batavia\/"]}]},{"@type":"ImageObject","inLanguage":"fr-FR","@id":"https:\/\/blog.europapark.de\/fr\/europa-park-fr\/michael-mack-repond-a-vos-questions-sur-pirates-de-batavia\/#primaryimage","url":"https:\/\/blog.europapark.de\/wp-content\/uploads\/2020\/07\/Piraten_in_Batavia-scaled.jpg","contentUrl":"https:\/\/blog.europapark.de\/wp-content\/uploads\/2020\/07\/Piraten_in_Batavia-scaled.jpg","width":2560,"height":1298},{"@type":"BreadcrumbList","@id":"https:\/\/blog.europapark.de\/fr\/europa-park-fr\/michael-mack-repond-a-vos-questions-sur-pirates-de-batavia\/#breadcrumb","itemListElement":[{"@type":"ListItem","position":1,"name":"Accueil","item":"https:\/\/blog.europapark.de\/fr\/"},{"@type":"ListItem","position":2,"name":"Michael Mack r\u00e9pond \u00e0 vos questions sur Pirates de Batavia !"}]},{"@type":"WebSite","@id":"https:\/\/blog.europapark.de\/fr\/#website","url":"https:\/\/blog.europapark.de\/fr\/","name":"Le blog officiel d\u2019Europa-Park","description":"","potentialAction":[{"@type":"SearchAction","target":{"@type":"EntryPoint","urlTemplate":"https:\/\/blog.europapark.de\/fr\/?s={search_term_string}"},"query-input":{"@type":"PropertyValueSpecification","valueRequired":true,"valueName":"search_term_string"}}],"inLanguage":"fr-FR"},{"@type":"Person","@id":"https:\/\/blog.europapark.de\/fr\/#\/schema\/person\/33a8e6425d00a5338b0f3b919774c892","name":"Marine Bostetter","image":{"@type":"ImageObject","inLanguage":"fr-FR","@id":"https:\/\/blog.europapark.de\/fr\/#\/schema\/person\/image\/","url":"https:\/\/blog.europapark.de\/wp-content\/uploads\/2024\/01\/IMG_2126-150x150.jpg","contentUrl":"https:\/\/blog.europapark.de\/wp-content\/uploads\/2024\/01\/IMG_2126-150x150.jpg","caption":"Marine Bostetter"},"url":"https:\/\/blog.europapark.de\/fr\/author\/marine-bostetter\/"}]}},"_links":{"self":[{"href":"https:\/\/blog.europapark.de\/fr\/wp-json\/wp\/v2\/posts\/5426","targetHints":{"allow":["GET"]}}],"collection":[{"href":"https:\/\/blog.europapark.de\/fr\/wp-json\/wp\/v2\/posts"}],"about":[{"href":"https:\/\/blog.europapark.de\/fr\/wp-json\/wp\/v2\/types\/post"}],"author":[{"embeddable":true,"href":"https:\/\/blog.europapark.de\/fr\/wp-json\/wp\/v2\/users\/22"}],"replies":[{"embeddable":true,"href":"https:\/\/blog.europapark.de\/fr\/wp-json\/wp\/v2\/comments?post=5426"}],"version-history":[{"count":9,"href":"https:\/\/blog.europapark.de\/fr\/wp-json\/wp\/v2\/posts\/5426\/revisions"}],"predecessor-version":[{"id":5441,"href":"https:\/\/blog.europapark.de\/fr\/wp-json\/wp\/v2\/posts\/5426\/revisions\/5441"}],"wp:featuredmedia":[{"embeddable":true,"href":"https:\/\/blog.europapark.de\/fr\/wp-json\/wp\/v2\/media\/5412"}],"wp:attachment":[{"href":"https:\/\/blog.europapark.de\/fr\/wp-json\/wp\/v2\/media?parent=5426"}],"wp:term":[{"taxonomy":"category","embeddable":true,"href":"https:\/\/blog.europapark.de\/fr\/wp-json\/wp\/v2\/categories?post=5426"},{"taxonomy":"post_tag","embeddable":true,"href":"https:\/\/blog.europapark.de\/fr\/wp-json\/wp\/v2\/tags?post=5426"}],"curies":[{"name":"wp","href":"https:\/\/api.w.org\/{rel}","templated":true}]}}