{"id":4949,"date":"2020-06-12T12:00:57","date_gmt":"2020-06-12T10:00:57","guid":{"rendered":"https:\/\/blog.europapark.de\/?p=4949"},"modified":"2021-11-10T16:07:58","modified_gmt":"2021-11-10T15:07:58","slug":"thomas-mack-le-sentiment-de-liberte-qui-nous-anime-tous","status":"publish","type":"post","link":"https:\/\/blog.europapark.de\/fr\/europa-park-fr\/thomas-mack-le-sentiment-de-liberte-qui-nous-anime-tous\/","title":{"rendered":"Thomas Mack : \u00ab Le sentiment de libert\u00e9 qui nous anime tous. \u00bb"},"content":{"rendered":"<p><strong>\u00c0 l\u2019occasion du 45e anniversaire du parc, les fans ont pu assister \u00e0 un coup d\u2019envoi exceptionnel : les artistes sont apparus ensemble devant la cam\u00e9ra et sont les acteurs d&#8217;un clip musical entra\u00eenant ! Thomas Mack, associ\u00e9-g\u00e9rant d\u2019Europa-Park nous raconte comment il a v\u00e9cu ces pr\u00e9paratifs. Il nous explique \u00e9galement pourquoi la chanson de cette ann\u00e9e pour l&#8217;ouverture est plus \u00e9mouvante que jamais.<\/strong><\/p>\n<figure id=\"attachment_4842\" aria-labelledby=\"figcaption_attachment_4842\" class=\"wp-caption aligncenter\"><img loading=\"lazy\" decoding=\"async\" class=\"wp-image-4842 size-large\" src=\"https:\/\/blog.europapark.de\/wp-content\/uploads\/2020\/05\/Thomas_Mack-1024x683.jpg\" alt=\"Thomas Mack attendait avec impatience la r\u00e9ouverture. \" width=\"1024\" height=\"683\" \/><figcaption id=\"figcaption_attachment_4842\" class=\"wp-caption-text\">Thomas Mack attendait avec impatience la r\u00e9ouverture.<\/figcaption><\/figure>\n<p><strong>Thomas Mack, le vendredi 29 mai a \u00e9t\u00e9 marqu\u00e9 par le d\u00e9but de la saison estivale. Comment se sont pass\u00e9es les derni\u00e8res semaines de votre c\u00f4t\u00e9\u00a0?<\/strong><\/p>\n<p>Cette situation, comme pour tout le monde je suppose, a \u00e9t\u00e9 tr\u00e8s stressante pour notre famille. Nous ne pouvions pas nous appuyer sur notre exp\u00e9rience pass\u00e9e car cette pand\u00e9mie nous a frapp\u00e9s de mani\u00e8re aussi inattendue que le monde entier. Mais heureusement, nous avons tr\u00e8s vite r\u00e9agi et avons imm\u00e9diatement mis en \u0153uvre des mesures. Nous avions non seulement nos visiteurs \u00e0 l\u2019esprit mais surtout nos nombreux collaborateurs \u00e0 qui, en tant qu\u2019entreprise familiale, nous nous devons d\u2019offrir un emploi s\u00fbr. Prendre toujours en compte l&#8217;ensemble de la situation, les demandes des visiteurs, celles des employ\u00e9s et bien s\u00fbr en priorit\u00e9 la s\u00e9curit\u00e9 de chacun \u00e9tait un v\u00e9ritable d\u00e9fi.<\/p>\n<p><strong>Comment vous \u00eates-vous pr\u00e9par\u00e9 pour le d\u00e9but de la saison ?<\/strong><\/p>\n<p>Ma famille ainsi que nos collaborateurs ont v\u00e9cu des moments difficiles. Nous avons pass\u00e9 d&#8217;innombrables heures \u00e0 \u00e9changer des id\u00e9es, conseiller et planifier par vid\u00e9oconf\u00e9rence. Il en r\u00e9sulte une s\u00e9rie de mesures sanitaires bien pens\u00e9es qui ont \u00e9t\u00e9 convenues avec les autorit\u00e9s. Elles vont des r\u00e8gles de distanciation aux panneaux d&#8217;information, en passant par les possibilit\u00e9s de d\u00e9sinfection dans plusieurs endroits des h\u00f4tels, des restaurants et du parc, des formations pour nos collaborateurs, une nouvelle application et des vid\u00e9os explicatives qui toucheront m\u00eame les visiteurs plus jeunes.<\/p>\n<p><strong>Cette ann\u00e9e, un accueil sp\u00e9cial des artistes et du personnel d\u2019Europa-Park attend les visiteurs. \u00c0 quoi cela ressemble-t-il ?<\/strong><\/p>\n<p>Pendant l\u2019hiver, nous avions d\u00e9j\u00e0 d\u00e9velopp\u00e9 la super chanson <a href=\"https:\/\/www.europapark.de\/fr\/feel-free-par-europa-united\" target=\"_blank\" rel=\"noopener noreferrer\">\u00ab Feel Free \u00bb<\/a>, qui est interpr\u00e9t\u00e9e par le groupe \u00ab Europa United \u00bb compos\u00e9 d&#8217;artistes d&#8217;Europa-Park. Un clip a \u00e9t\u00e9 r\u00e9alis\u00e9 par MackMedia.<\/p>\n<div class=\"iframe-placeholder-wrapper\">\n<div class=\"iframe-placeholder\">\n<div class=\"iframe-placeholder-title\">Contenu externe<\/div>\n<div>\n<p><strong>Vous pouvez regarder une vid\u00e9o YouTube via le contenu externe. Pour que la vid\u00e9o soit charg\u00e9e, nous avons besoin de votre consentement.<\/strong><\/p>\n<p><button class=\"button\" onclick=\"acceptExternalMedia();\">AFFICHER LE CONTENU EXTERNE<\/button><\/p>\n<p class=\"iframe-placeholder-disclaimer\">En cliquant sur \u00ab Acc\u00e9der au contenu externe \u00bb, vous acceptez que le contenu de tiers soit affich\u00e9. En appelant le contenu externe, des donn\u00e9es personnelles peuvent \u00eatre transmises \u00e0 des fournisseurs tiers avec, si n\u00e9cessaire, le stockage automatique de cookies sur votre appareil. Vous trouverez de plus amples informations sur la collecte et l\u2019utilisation de vos donn\u00e9es par YouTube dans les informations sur la protection des donn\u00e9es sous <a href=\"https:\/\/www.youtube.com\" target=\"_blank\" rel=\"noopener\">www.youtube.com<\/a>. <\/p>\n<\/p><\/div>\n<\/p><\/div>\n<div class=\"video-container iframe-placeholder-youtube\"><iframe title=\"Offizielles Musikvideo Europa-Park Song 2020: \u201eFeel Free\u201c von EUROPA UNITED\" width=\"500\" height=\"375\" class=\"optanon-category-C0005\" data-src=\"https:\/\/www.youtube-nocookie.com\/embed\/iOchT1UK0Vo?feature=oembed\" frameborder=\"0\" allow=\"accelerometer; autoplay; clipboard-write; encrypted-media; gyroscope; picture-in-picture; web-share\" referrerpolicy=\"strict-origin-when-cross-origin\" allowfullscreen><\/iframe><\/div>\n<\/p><\/div>\n<p>Ce ne sont pas seulement nos musiciens et danseurs qui ont contribu\u00e9 \u00e0 ce clip, mais aussi des collaborateurs de tous les secteurs du parc tels que l&#8217;administration, le service de construction, les ateliers ou la jardinerie. C\u2019est ce qui rend ce clip si unique. Vous pouvez ressentir l&#8217;immense joie que nous procure le fait de pouvoir enfin accueillir \u00e0 nouveau nos visiteurs dans notre Resort. Il s&#8217;agit aussi du sentiment de libert\u00e9 que nous ressentons tous en ce moment et que nous commen\u00e7ons tout juste \u00e0 appr\u00e9cier \u00e0 nouveau. La chanson correspond donc parfaitement \u00e0 la situation actuelle et nous sommes ravis que le groupe en fasse une si belle performance !<\/p>\n<div class=\"wpmf-gallerys wpmf-gallerys-life\"><div id=\"gallery-1\" class=\"gallery wpmf_gallery_default gallery_default gallery-columns-1 gallery-size-large gallery-link-file wpmf-has-border-radius-0 wpmf-gutterwidth-5\"><figure class=\"wpmf-gallery-item\"><div class=\"wpmf-gallery-icon\"><a class=\" not_video\" data-lightbox=\"1\" href=\"https:\/\/blog.europapark.de\/wp-content\/uploads\/2020\/06\/song_feel_free_europa-park_02-1024x576.jpg\" data-title=\"De nombreux collaborateurs ont particip\u00e9 au clip : de la jardinerie...\" target=\"_self\"><img loading=\"lazy\" decoding=\"async\" width=\"1024\" height=\"576\" src=\"https:\/\/blog.europapark.de\/wp-content\/uploads\/2020\/06\/song_feel_free_europa-park_02-1024x576.jpg\" class=\"attachment-large size-large\" alt=\"De nombreux collaborateurs ont particip\u00e9 au clip : de la jardinerie...\" data-type=\"wpmfgalleryimg\" data-lazy-src=\"0\" srcset=\"https:\/\/blog.europapark.de\/wp-content\/uploads\/2020\/06\/song_feel_free_europa-park_02-1024x576.jpg 1024w, https:\/\/blog.europapark.de\/wp-content\/uploads\/2020\/06\/song_feel_free_europa-park_02-400x225.jpg 400w, https:\/\/blog.europapark.de\/wp-content\/uploads\/2020\/06\/song_feel_free_europa-park_02-768x432.jpg 768w, https:\/\/blog.europapark.de\/wp-content\/uploads\/2020\/06\/song_feel_free_europa-park_02-1536x864.jpg 1536w, https:\/\/blog.europapark.de\/wp-content\/uploads\/2020\/06\/song_feel_free_europa-park_02-1700x956.jpg 1700w, https:\/\/blog.europapark.de\/wp-content\/uploads\/2020\/06\/song_feel_free_europa-park_02.jpg 1920w\" sizes=\"auto, (max-width: 1024px) 100vw, 1024px\" \/><\/a><\/div><figcaption class=\"wp-caption-text gallery-caption\">De nombreux collaborateurs ont particip\u00e9 au clip : de la jardinerie&#8230;<\/figcaption><\/figure><figure class=\"wpmf-gallery-item\"><div class=\"wpmf-gallery-icon\"><a class=\" not_video\" data-lightbox=\"1\" href=\"https:\/\/blog.europapark.de\/wp-content\/uploads\/2020\/06\/song_feel_free_europa-park_06-1024x576.jpg\" data-title=\"...aux h\u00f4tels...\" target=\"_self\"><img loading=\"lazy\" decoding=\"async\" width=\"1024\" height=\"576\" src=\"https:\/\/blog.europapark.de\/wp-content\/uploads\/2020\/06\/song_feel_free_europa-park_06-1024x576.jpg\" class=\"attachment-large size-large\" alt=\"...aux h\u00f4tels...\" data-type=\"wpmfgalleryimg\" data-lazy-src=\"0\" srcset=\"https:\/\/blog.europapark.de\/wp-content\/uploads\/2020\/06\/song_feel_free_europa-park_06-1024x576.jpg 1024w, https:\/\/blog.europapark.de\/wp-content\/uploads\/2020\/06\/song_feel_free_europa-park_06-400x225.jpg 400w, https:\/\/blog.europapark.de\/wp-content\/uploads\/2020\/06\/song_feel_free_europa-park_06-768x432.jpg 768w, https:\/\/blog.europapark.de\/wp-content\/uploads\/2020\/06\/song_feel_free_europa-park_06-1536x864.jpg 1536w, https:\/\/blog.europapark.de\/wp-content\/uploads\/2020\/06\/song_feel_free_europa-park_06-1700x956.jpg 1700w, https:\/\/blog.europapark.de\/wp-content\/uploads\/2020\/06\/song_feel_free_europa-park_06.jpg 1920w\" sizes=\"auto, (max-width: 1024px) 100vw, 1024px\" \/><\/a><\/div><figcaption class=\"wp-caption-text gallery-caption\">&#8230;aux h\u00f4tels&#8230;<\/figcaption><\/figure><figure class=\"wpmf-gallery-item\"><div class=\"wpmf-gallery-icon\"><a class=\" not_video\" data-lightbox=\"1\" href=\"https:\/\/blog.europapark.de\/wp-content\/uploads\/2020\/05\/Feel_Free3-1024x805.jpg\" data-title=\"...en passant par l\u2019Entertainment.\" target=\"_self\"><img loading=\"lazy\" decoding=\"async\" width=\"1024\" height=\"805\" src=\"https:\/\/blog.europapark.de\/wp-content\/uploads\/2020\/05\/Feel_Free3-1024x805.jpg\" class=\"attachment-large size-large\" alt=\"...en passant par l\u2019Entertainment.\" data-type=\"wpmfgalleryimg\" data-lazy-src=\"0\" srcset=\"https:\/\/blog.europapark.de\/wp-content\/uploads\/2020\/05\/Feel_Free3-1024x805.jpg 1024w, https:\/\/blog.europapark.de\/wp-content\/uploads\/2020\/05\/Feel_Free3-382x300.jpg 382w, https:\/\/blog.europapark.de\/wp-content\/uploads\/2020\/05\/Feel_Free3-768x604.jpg 768w, https:\/\/blog.europapark.de\/wp-content\/uploads\/2020\/05\/Feel_Free3-1536x1207.jpg 1536w, https:\/\/blog.europapark.de\/wp-content\/uploads\/2020\/05\/Feel_Free3-2048x1610.jpg 2048w, https:\/\/blog.europapark.de\/wp-content\/uploads\/2020\/05\/Feel_Free3-1700x1336.jpg 1700w\" sizes=\"auto, (max-width: 1024px) 100vw, 1024px\" \/><\/a><\/div><figcaption class=\"wp-caption-text gallery-caption\">&#8230;en passant par l\u2019Entertainment.<\/figcaption><\/figure><\/div><\/div>\n<p><strong>Pourquoi ce projet vous tient-il personnellement \u00e0 c\u0153ur ?<\/strong><\/p>\n<p>Je suis moi-m\u00eame un musicien passionn\u00e9. Cela repr\u00e9sente un \u00e9quilibre id\u00e9al avec mon travail d\u2019associ\u00e9-g\u00e9rant. C&#8217;est pourquoi j&#8217;ai toujours \u00e9t\u00e9 tr\u00e8s attach\u00e9 \u00e0 nos artistes. J&#8217;ai \u00e9galement rencontr\u00e9 ma femme Katja, qui performait auparavant \u00e0 Europa-Park en tant que danseuse de ballet et qui dirige aujourd\u2019hui la Talent Academy, o\u00f9 des jeunes talents sont form\u00e9s et accompagn\u00e9s en chant, en danse et autres disciplines artistiques. Je trouve \u00e7a g\u00e9nial de voir comment les artistes se rassemblent et apportent de la joie aux visiteurs avec leur musique, surtout maintenant. La chanson refl\u00e8te l&#8217;atmosph\u00e8re enchanteresse du parc qui nous distingue et que nos visiteurs adorent.<\/p>\n<figure id=\"attachment_4838\" aria-labelledby=\"figcaption_attachment_4838\" class=\"wp-caption aligncenter\"><img loading=\"lazy\" decoding=\"async\" class=\"wp-image-4838 size-large\" src=\"https:\/\/blog.europapark.de\/wp-content\/uploads\/2020\/05\/Feel_Free2-1024x540.jpg\" alt=\"Le tube de l'\u00e9t\u00e9 \u00ab Feel Free \u00bb repr\u00e9sente l'atmosph\u00e8re d\u2019Europa-Park. \" width=\"1024\" height=\"540\" \/><figcaption id=\"figcaption_attachment_4838\" class=\"wp-caption-text\">Le tube de l&#8217;\u00e9t\u00e9 \u00ab Feel Free \u00bb repr\u00e9sente l&#8217;atmosph\u00e8re d\u2019Europa-Park.<\/figcaption><\/figure>\n<p><strong>Pouvez-vous nous dire quels sont les spectacles dont pourront bient\u00f4t profiter les visiteurs d&#8217;Europa-Park ?<\/strong><\/p>\n<p>Nous sommes vraiment heureux de pouvoir d\u00e9j\u00e0 donner le sourire \u00e0 nos visiteurs avec <a href=\"https:\/\/www.europapark.de\/fr\/spectacles-evenements\" target=\"_blank\" rel=\"noopener noreferrer\">quelques-uns de nos spectacles<\/a>. Malheureusement, nous devons encore \u00eatre un peu patients pour les autres. Mais nous sommes convaincus que nous obtiendrons bient\u00f4t l\u2019autorisation du gouvernement afin que les fans puissent \u00e0 nouveau vivre ces \u00e9v\u00e9nements uniques. Les spectacles sont indissociablement li\u00e9s \u00e0 Europa-Park et nous savons que pour de nombreux visiteurs, ils sont des incontournables d\u2019un s\u00e9jour dans notre parc. Cette ann\u00e9e, nous f\u00eatons notre 45e anniversaire et le spectacle fait partie int\u00e9grante de notre entreprise familiale depuis le tout d\u00e9but. Il est important pour nous de toucher toute la famille avec notre programme artistique vari\u00e9. L\u2019accueil que lui r\u00e9serve nos visiteurs nous encourage \u00e0 recommencer ann\u00e9e apr\u00e8s ann\u00e9e.<\/p>\n<p><strong>Qu\u2019avez-vous ressenti lors du lancement de la saison ?<\/strong><br \/>\nToute notre famille \u00e9tait heureuse de voir la saison reprendre et la vie revenir \u00e0 Europa-Park ! C\u2019est fantastique de voir que tout fonctionne et que nos visiteurs ont su s\u2019adapter \u00e0 la situation.<\/p>\n","protected":false},"excerpt":{"rendered":"<p>\u00c0 l\u2019occasion du 45e anniversaire du parc, les fans ont pu assister \u00e0 un coup d\u2019envoi exceptionnel : les artistes&#8230;<\/p>\n","protected":false},"author":22,"featured_media":4837,"comment_status":"open","ping_status":"open","sticky":false,"template":"","format":"standard","meta":{"_acf_changed":false,"footnotes":""},"categories":[207],"tags":[511,513,514,516,266,220,517,241,331,512,352,515,181,518],"class_list":["post-4949","post","type-post","status-publish","format-standard","has-post-thumbnail","hentry","category-europa-park-fr","tag-chanson","tag-clip","tag-collaborateurs","tag-ete","tag-europa-park-fr-2","tag-europa-park-fr","tag-feel-free-fr","tag-mackmedia-fr","tag-mitarbeiter-fr","tag-musique","tag-neuheit-fr","tag-performance","tag-rulantica-fr","tag-thomas-mack-fr"],"acf":[],"yoast_head":"<!-- This site is optimized with the Yoast SEO plugin v26.9 - https:\/\/yoast.com\/product\/yoast-seo-wordpress\/ -->\n<title>Thomas Mack : \u00ab Le sentiment de libert\u00e9 qui nous anime tous. \u00bb - Le blog officiel d\u2019Europa-Park<\/title>\n<meta name=\"robots\" content=\"index, follow, max-snippet:-1, max-image-preview:large, max-video-preview:-1\" \/>\n<link rel=\"canonical\" href=\"https:\/\/blog.europapark.de\/fr\/europa-park-fr\/thomas-mack-le-sentiment-de-liberte-qui-nous-anime-tous\/\" \/>\n<meta property=\"og:locale\" content=\"fr_FR\" \/>\n<meta property=\"og:type\" content=\"article\" \/>\n<meta property=\"og:title\" content=\"Thomas Mack : \u00ab Le sentiment de libert\u00e9 qui nous anime tous. \u00bb - Le blog officiel d\u2019Europa-Park\" \/>\n<meta property=\"og:description\" content=\"\u00c0 l\u2019occasion du 45e anniversaire du parc, les fans ont pu assister \u00e0 un coup d\u2019envoi exceptionnel : les artistes...\" \/>\n<meta property=\"og:url\" content=\"https:\/\/blog.europapark.de\/fr\/europa-park-fr\/thomas-mack-le-sentiment-de-liberte-qui-nous-anime-tous\/\" \/>\n<meta property=\"og:site_name\" content=\"Le blog officiel d\u2019Europa-Park\" \/>\n<meta property=\"article:published_time\" content=\"2020-06-12T10:00:57+00:00\" \/>\n<meta property=\"article:modified_time\" content=\"2021-11-10T15:07:58+00:00\" \/>\n<meta property=\"og:image\" content=\"https:\/\/blog.europapark.de\/wp-content\/uploads\/2020\/05\/Feel_Free1-1024x540.jpg\" \/>\n\t<meta property=\"og:image:width\" content=\"1024\" \/>\n\t<meta property=\"og:image:height\" content=\"540\" \/>\n\t<meta property=\"og:image:type\" content=\"image\/jpeg\" \/>\n<meta name=\"author\" content=\"Marine Bostetter\" \/>\n<meta name=\"twitter:card\" content=\"summary_large_image\" \/>\n<meta name=\"twitter:label1\" content=\"\u00c9crit par\" \/>\n\t<meta name=\"twitter:data1\" content=\"Marine Bostetter\" \/>\n\t<meta name=\"twitter:label2\" content=\"Dur\u00e9e de lecture estim\u00e9e\" \/>\n\t<meta name=\"twitter:data2\" content=\"4 minutes\" \/>\n<script type=\"application\/ld+json\" class=\"yoast-schema-graph\">{\"@context\":\"https:\/\/schema.org\",\"@graph\":[{\"@type\":\"Article\",\"@id\":\"https:\/\/blog.europapark.de\/fr\/europa-park-fr\/thomas-mack-le-sentiment-de-liberte-qui-nous-anime-tous\/#article\",\"isPartOf\":{\"@id\":\"https:\/\/blog.europapark.de\/fr\/europa-park-fr\/thomas-mack-le-sentiment-de-liberte-qui-nous-anime-tous\/\"},\"author\":{\"name\":\"Marine Bostetter\",\"@id\":\"https:\/\/blog.europapark.de\/fr\/#\/schema\/person\/33a8e6425d00a5338b0f3b919774c892\"},\"headline\":\"Thomas Mack : \u00ab Le sentiment de libert\u00e9 qui nous anime tous. \u00bb\",\"datePublished\":\"2020-06-12T10:00:57+00:00\",\"dateModified\":\"2021-11-10T15:07:58+00:00\",\"mainEntityOfPage\":{\"@id\":\"https:\/\/blog.europapark.de\/fr\/europa-park-fr\/thomas-mack-le-sentiment-de-liberte-qui-nous-anime-tous\/\"},\"wordCount\":898,\"commentCount\":0,\"image\":{\"@id\":\"https:\/\/blog.europapark.de\/fr\/europa-park-fr\/thomas-mack-le-sentiment-de-liberte-qui-nous-anime-tous\/#primaryimage\"},\"thumbnailUrl\":\"https:\/\/blog.europapark.de\/wp-content\/uploads\/2020\/05\/Feel_Free1.jpg\",\"keywords\":[\"Chanson\",\"Clip\",\"Collaborateurs\",\"Et\u00e9\",\"Europa-Park\",\"Europa-Park\",\"Feel Free\",\"MackMedia\",\"Mitarbeiter\",\"Musique\",\"Neuheit\",\"Performance\",\"Rulantica\",\"Thomas Mack\"],\"articleSection\":[\"Europa-Park\"],\"inLanguage\":\"fr-FR\",\"potentialAction\":[{\"@type\":\"CommentAction\",\"name\":\"Comment\",\"target\":[\"https:\/\/blog.europapark.de\/fr\/europa-park-fr\/thomas-mack-le-sentiment-de-liberte-qui-nous-anime-tous\/#respond\"]}]},{\"@type\":\"WebPage\",\"@id\":\"https:\/\/blog.europapark.de\/fr\/europa-park-fr\/thomas-mack-le-sentiment-de-liberte-qui-nous-anime-tous\/\",\"url\":\"https:\/\/blog.europapark.de\/fr\/europa-park-fr\/thomas-mack-le-sentiment-de-liberte-qui-nous-anime-tous\/\",\"name\":\"Thomas Mack : \u00ab Le sentiment de libert\u00e9 qui nous anime tous. \u00bb - Le blog officiel d\u2019Europa-Park\",\"isPartOf\":{\"@id\":\"https:\/\/blog.europapark.de\/fr\/#website\"},\"primaryImageOfPage\":{\"@id\":\"https:\/\/blog.europapark.de\/fr\/europa-park-fr\/thomas-mack-le-sentiment-de-liberte-qui-nous-anime-tous\/#primaryimage\"},\"image\":{\"@id\":\"https:\/\/blog.europapark.de\/fr\/europa-park-fr\/thomas-mack-le-sentiment-de-liberte-qui-nous-anime-tous\/#primaryimage\"},\"thumbnailUrl\":\"https:\/\/blog.europapark.de\/wp-content\/uploads\/2020\/05\/Feel_Free1.jpg\",\"datePublished\":\"2020-06-12T10:00:57+00:00\",\"dateModified\":\"2021-11-10T15:07:58+00:00\",\"author\":{\"@id\":\"https:\/\/blog.europapark.de\/fr\/#\/schema\/person\/33a8e6425d00a5338b0f3b919774c892\"},\"breadcrumb\":{\"@id\":\"https:\/\/blog.europapark.de\/fr\/europa-park-fr\/thomas-mack-le-sentiment-de-liberte-qui-nous-anime-tous\/#breadcrumb\"},\"inLanguage\":\"fr-FR\",\"potentialAction\":[{\"@type\":\"ReadAction\",\"target\":[\"https:\/\/blog.europapark.de\/fr\/europa-park-fr\/thomas-mack-le-sentiment-de-liberte-qui-nous-anime-tous\/\"]}]},{\"@type\":\"ImageObject\",\"inLanguage\":\"fr-FR\",\"@id\":\"https:\/\/blog.europapark.de\/fr\/europa-park-fr\/thomas-mack-le-sentiment-de-liberte-qui-nous-anime-tous\/#primaryimage\",\"url\":\"https:\/\/blog.europapark.de\/wp-content\/uploads\/2020\/05\/Feel_Free1.jpg\",\"contentUrl\":\"https:\/\/blog.europapark.de\/wp-content\/uploads\/2020\/05\/Feel_Free1.jpg\",\"width\":5120,\"height\":2700},{\"@type\":\"BreadcrumbList\",\"@id\":\"https:\/\/blog.europapark.de\/fr\/europa-park-fr\/thomas-mack-le-sentiment-de-liberte-qui-nous-anime-tous\/#breadcrumb\",\"itemListElement\":[{\"@type\":\"ListItem\",\"position\":1,\"name\":\"Accueil\",\"item\":\"https:\/\/blog.europapark.de\/fr\/\"},{\"@type\":\"ListItem\",\"position\":2,\"name\":\"Thomas Mack : \u00ab Le sentiment de libert\u00e9 qui nous anime tous. \u00bb\"}]},{\"@type\":\"WebSite\",\"@id\":\"https:\/\/blog.europapark.de\/fr\/#website\",\"url\":\"https:\/\/blog.europapark.de\/fr\/\",\"name\":\"Le blog officiel d\u2019Europa-Park\",\"description\":\"\",\"potentialAction\":[{\"@type\":\"SearchAction\",\"target\":{\"@type\":\"EntryPoint\",\"urlTemplate\":\"https:\/\/blog.europapark.de\/fr\/?s={search_term_string}\"},\"query-input\":{\"@type\":\"PropertyValueSpecification\",\"valueRequired\":true,\"valueName\":\"search_term_string\"}}],\"inLanguage\":\"fr-FR\"},{\"@type\":\"Person\",\"@id\":\"https:\/\/blog.europapark.de\/fr\/#\/schema\/person\/33a8e6425d00a5338b0f3b919774c892\",\"name\":\"Marine Bostetter\",\"image\":{\"@type\":\"ImageObject\",\"inLanguage\":\"fr-FR\",\"@id\":\"https:\/\/blog.europapark.de\/fr\/#\/schema\/person\/image\/\",\"url\":\"https:\/\/blog.europapark.de\/wp-content\/uploads\/2024\/01\/IMG_2126-150x150.jpg\",\"contentUrl\":\"https:\/\/blog.europapark.de\/wp-content\/uploads\/2024\/01\/IMG_2126-150x150.jpg\",\"caption\":\"Marine Bostetter\"},\"url\":\"https:\/\/blog.europapark.de\/fr\/author\/marine-bostetter\/\"}]}<\/script>\n<!-- \/ Yoast SEO plugin. -->","yoast_head_json":{"title":"Thomas Mack : \u00ab Le sentiment de libert\u00e9 qui nous anime tous. \u00bb - Le blog officiel d\u2019Europa-Park","robots":{"index":"index","follow":"follow","max-snippet":"max-snippet:-1","max-image-preview":"max-image-preview:large","max-video-preview":"max-video-preview:-1"},"canonical":"https:\/\/blog.europapark.de\/fr\/europa-park-fr\/thomas-mack-le-sentiment-de-liberte-qui-nous-anime-tous\/","og_locale":"fr_FR","og_type":"article","og_title":"Thomas Mack : \u00ab Le sentiment de libert\u00e9 qui nous anime tous. \u00bb - Le blog officiel d\u2019Europa-Park","og_description":"\u00c0 l\u2019occasion du 45e anniversaire du parc, les fans ont pu assister \u00e0 un coup d\u2019envoi exceptionnel : les artistes...","og_url":"https:\/\/blog.europapark.de\/fr\/europa-park-fr\/thomas-mack-le-sentiment-de-liberte-qui-nous-anime-tous\/","og_site_name":"Le blog officiel d\u2019Europa-Park","article_published_time":"2020-06-12T10:00:57+00:00","article_modified_time":"2021-11-10T15:07:58+00:00","og_image":[{"width":1024,"height":540,"url":"https:\/\/blog.europapark.de\/wp-content\/uploads\/2020\/05\/Feel_Free1-1024x540.jpg","type":"image\/jpeg"}],"author":"Marine Bostetter","twitter_card":"summary_large_image","twitter_misc":{"\u00c9crit par":"Marine Bostetter","Dur\u00e9e de lecture estim\u00e9e":"4 minutes"},"schema":{"@context":"https:\/\/schema.org","@graph":[{"@type":"Article","@id":"https:\/\/blog.europapark.de\/fr\/europa-park-fr\/thomas-mack-le-sentiment-de-liberte-qui-nous-anime-tous\/#article","isPartOf":{"@id":"https:\/\/blog.europapark.de\/fr\/europa-park-fr\/thomas-mack-le-sentiment-de-liberte-qui-nous-anime-tous\/"},"author":{"name":"Marine Bostetter","@id":"https:\/\/blog.europapark.de\/fr\/#\/schema\/person\/33a8e6425d00a5338b0f3b919774c892"},"headline":"Thomas Mack : \u00ab Le sentiment de libert\u00e9 qui nous anime tous. \u00bb","datePublished":"2020-06-12T10:00:57+00:00","dateModified":"2021-11-10T15:07:58+00:00","mainEntityOfPage":{"@id":"https:\/\/blog.europapark.de\/fr\/europa-park-fr\/thomas-mack-le-sentiment-de-liberte-qui-nous-anime-tous\/"},"wordCount":898,"commentCount":0,"image":{"@id":"https:\/\/blog.europapark.de\/fr\/europa-park-fr\/thomas-mack-le-sentiment-de-liberte-qui-nous-anime-tous\/#primaryimage"},"thumbnailUrl":"https:\/\/blog.europapark.de\/wp-content\/uploads\/2020\/05\/Feel_Free1.jpg","keywords":["Chanson","Clip","Collaborateurs","Et\u00e9","Europa-Park","Europa-Park","Feel Free","MackMedia","Mitarbeiter","Musique","Neuheit","Performance","Rulantica","Thomas Mack"],"articleSection":["Europa-Park"],"inLanguage":"fr-FR","potentialAction":[{"@type":"CommentAction","name":"Comment","target":["https:\/\/blog.europapark.de\/fr\/europa-park-fr\/thomas-mack-le-sentiment-de-liberte-qui-nous-anime-tous\/#respond"]}]},{"@type":"WebPage","@id":"https:\/\/blog.europapark.de\/fr\/europa-park-fr\/thomas-mack-le-sentiment-de-liberte-qui-nous-anime-tous\/","url":"https:\/\/blog.europapark.de\/fr\/europa-park-fr\/thomas-mack-le-sentiment-de-liberte-qui-nous-anime-tous\/","name":"Thomas Mack : \u00ab Le sentiment de libert\u00e9 qui nous anime tous. \u00bb - Le blog officiel d\u2019Europa-Park","isPartOf":{"@id":"https:\/\/blog.europapark.de\/fr\/#website"},"primaryImageOfPage":{"@id":"https:\/\/blog.europapark.de\/fr\/europa-park-fr\/thomas-mack-le-sentiment-de-liberte-qui-nous-anime-tous\/#primaryimage"},"image":{"@id":"https:\/\/blog.europapark.de\/fr\/europa-park-fr\/thomas-mack-le-sentiment-de-liberte-qui-nous-anime-tous\/#primaryimage"},"thumbnailUrl":"https:\/\/blog.europapark.de\/wp-content\/uploads\/2020\/05\/Feel_Free1.jpg","datePublished":"2020-06-12T10:00:57+00:00","dateModified":"2021-11-10T15:07:58+00:00","author":{"@id":"https:\/\/blog.europapark.de\/fr\/#\/schema\/person\/33a8e6425d00a5338b0f3b919774c892"},"breadcrumb":{"@id":"https:\/\/blog.europapark.de\/fr\/europa-park-fr\/thomas-mack-le-sentiment-de-liberte-qui-nous-anime-tous\/#breadcrumb"},"inLanguage":"fr-FR","potentialAction":[{"@type":"ReadAction","target":["https:\/\/blog.europapark.de\/fr\/europa-park-fr\/thomas-mack-le-sentiment-de-liberte-qui-nous-anime-tous\/"]}]},{"@type":"ImageObject","inLanguage":"fr-FR","@id":"https:\/\/blog.europapark.de\/fr\/europa-park-fr\/thomas-mack-le-sentiment-de-liberte-qui-nous-anime-tous\/#primaryimage","url":"https:\/\/blog.europapark.de\/wp-content\/uploads\/2020\/05\/Feel_Free1.jpg","contentUrl":"https:\/\/blog.europapark.de\/wp-content\/uploads\/2020\/05\/Feel_Free1.jpg","width":5120,"height":2700},{"@type":"BreadcrumbList","@id":"https:\/\/blog.europapark.de\/fr\/europa-park-fr\/thomas-mack-le-sentiment-de-liberte-qui-nous-anime-tous\/#breadcrumb","itemListElement":[{"@type":"ListItem","position":1,"name":"Accueil","item":"https:\/\/blog.europapark.de\/fr\/"},{"@type":"ListItem","position":2,"name":"Thomas Mack : \u00ab Le sentiment de libert\u00e9 qui nous anime tous. \u00bb"}]},{"@type":"WebSite","@id":"https:\/\/blog.europapark.de\/fr\/#website","url":"https:\/\/blog.europapark.de\/fr\/","name":"Le blog officiel d\u2019Europa-Park","description":"","potentialAction":[{"@type":"SearchAction","target":{"@type":"EntryPoint","urlTemplate":"https:\/\/blog.europapark.de\/fr\/?s={search_term_string}"},"query-input":{"@type":"PropertyValueSpecification","valueRequired":true,"valueName":"search_term_string"}}],"inLanguage":"fr-FR"},{"@type":"Person","@id":"https:\/\/blog.europapark.de\/fr\/#\/schema\/person\/33a8e6425d00a5338b0f3b919774c892","name":"Marine Bostetter","image":{"@type":"ImageObject","inLanguage":"fr-FR","@id":"https:\/\/blog.europapark.de\/fr\/#\/schema\/person\/image\/","url":"https:\/\/blog.europapark.de\/wp-content\/uploads\/2024\/01\/IMG_2126-150x150.jpg","contentUrl":"https:\/\/blog.europapark.de\/wp-content\/uploads\/2024\/01\/IMG_2126-150x150.jpg","caption":"Marine Bostetter"},"url":"https:\/\/blog.europapark.de\/fr\/author\/marine-bostetter\/"}]}},"_links":{"self":[{"href":"https:\/\/blog.europapark.de\/fr\/wp-json\/wp\/v2\/posts\/4949","targetHints":{"allow":["GET"]}}],"collection":[{"href":"https:\/\/blog.europapark.de\/fr\/wp-json\/wp\/v2\/posts"}],"about":[{"href":"https:\/\/blog.europapark.de\/fr\/wp-json\/wp\/v2\/types\/post"}],"author":[{"embeddable":true,"href":"https:\/\/blog.europapark.de\/fr\/wp-json\/wp\/v2\/users\/22"}],"replies":[{"embeddable":true,"href":"https:\/\/blog.europapark.de\/fr\/wp-json\/wp\/v2\/comments?post=4949"}],"version-history":[{"count":9,"href":"https:\/\/blog.europapark.de\/fr\/wp-json\/wp\/v2\/posts\/4949\/revisions"}],"predecessor-version":[{"id":7199,"href":"https:\/\/blog.europapark.de\/fr\/wp-json\/wp\/v2\/posts\/4949\/revisions\/7199"}],"wp:featuredmedia":[{"embeddable":true,"href":"https:\/\/blog.europapark.de\/fr\/wp-json\/wp\/v2\/media\/4837"}],"wp:attachment":[{"href":"https:\/\/blog.europapark.de\/fr\/wp-json\/wp\/v2\/media?parent=4949"}],"wp:term":[{"taxonomy":"category","embeddable":true,"href":"https:\/\/blog.europapark.de\/fr\/wp-json\/wp\/v2\/categories?post=4949"},{"taxonomy":"post_tag","embeddable":true,"href":"https:\/\/blog.europapark.de\/fr\/wp-json\/wp\/v2\/tags?post=4949"}],"curies":[{"name":"wp","href":"https:\/\/api.w.org\/{rel}","templated":true}]}}