{"id":4394,"date":"2020-05-18T16:06:26","date_gmt":"2020-05-18T14:06:26","guid":{"rendered":"https:\/\/blog.europapark.de\/?p=4394"},"modified":"2020-05-19T11:42:59","modified_gmt":"2020-05-19T09:42:59","slug":"dans-limaginaire-de-notre-createur-dhistoires","status":"publish","type":"post","link":"https:\/\/blog.europapark.de\/fr\/innovations-et-medias\/dans-limaginaire-de-notre-createur-dhistoires\/","title":{"rendered":"Dans l\u2019imaginaire de notre cr\u00e9ateur d\u2019histoires"},"content":{"rendered":"<p><strong>Tobias Mundinger, expert en Storytelling chez MackNeXT, contribue \u00e0 la cr\u00e9ation d\u2019histoires fascinantes autour des personnages les plus appr\u00e9ci\u00e9s d&#8217;Europa-Park, de Rulantica et bien plus encore. <\/strong><\/p>\n<figure id=\"attachment_4319\" aria-labelledby=\"figcaption_attachment_4319\" class=\"wp-caption aligncenter\"><img loading=\"lazy\" decoding=\"async\" class=\"wp-image-4319 size-large\" src=\"https:\/\/blog.europapark.de\/wp-content\/uploads\/2020\/03\/Mundinger-683x1024.jpg\" alt=\"Tobias Mundinger, expert en Storytelling chez MackNeXT.\" width=\"683\" height=\"1024\" srcset=\"https:\/\/blog.europapark.de\/wp-content\/uploads\/2020\/03\/Mundinger-683x1024.jpg 683w, https:\/\/blog.europapark.de\/wp-content\/uploads\/2020\/03\/Mundinger-200x300.jpg 200w, https:\/\/blog.europapark.de\/wp-content\/uploads\/2020\/03\/Mundinger-768x1152.jpg 768w, https:\/\/blog.europapark.de\/wp-content\/uploads\/2020\/03\/Mundinger-1024x1536.jpg 1024w, https:\/\/blog.europapark.de\/wp-content\/uploads\/2020\/03\/Mundinger-1365x2048.jpg 1365w, https:\/\/blog.europapark.de\/wp-content\/uploads\/2020\/03\/Mundinger-1700x2550.jpg 1700w, https:\/\/blog.europapark.de\/wp-content\/uploads\/2020\/03\/Mundinger-scaled.jpg 1707w\" sizes=\"auto, (max-width: 683px) 100vw, 683px\" \/><figcaption id=\"figcaption_attachment_4319\" class=\"wp-caption-text\">Tobias Mundinger, expert en Storytelling chez MackNeXT.<\/figcaption><\/figure>\n<p><strong>Vous faites partie de l\u2019entreprise depuis 2014 en tant que collaborateur d\u2019abord chez MackMedia, maintenant chez MackNeXT. Qu\u2019est-ce qui a chang\u00e9 au cours de ces derni\u00e8res ann\u00e9es\u00a0?<\/strong><\/p>\n<p>Le premier grand pas a \u00e9t\u00e9 fait peu avant mon arriv\u00e9e, lorsque Michael Mack a fond\u00e9 MackMedia en 2012 en tant que soci\u00e9t\u00e9 ind\u00e9pendante avec son propre contenu sur le march\u00e9. Le premier produit a \u00e9t\u00e9 une coproduction entre Michael Mack et Holger Tappe, l\u2019actuel dirigeant de Mack Animation. Il s\u2019agissait du premier film d\u2019animation avec Ed Euromaus &amp; Edda Euromausi \u00ab Le secret du Ch\u00e2teau Balthasar \u00bb diffus\u00e9 au Magic Cinema 4D d\u2019Europa-Park, mais aussi dans les parcs d\u2019attractions du monde entier en raison de son grand succ\u00e8s. Un an apr\u00e8s mon arriv\u00e9e, en 2014, j\u2019ai pu travailler sur le deuxi\u00e8me court-m\u00e9trage \u00ab Le Carrousel du Temps 4D \u00bb. C\u2019est \u00e0 partir de l\u00e0 que s\u2019est d\u00e9velopp\u00e9 l\u2019univers narratif autour d\u2019Ed &amp; Edda contre un m\u00e9chant ennemi, le corbeau noir. Ensuite est venu le court-m\u00e9trage \u00ab Happy Family 4D \u00bb et en 2017, la premi\u00e8re production cin\u00e9matographique de 90 minutes au cin\u00e9ma \u00ab Happy Family \u00bb. Vous pouvez aussi regarder notre dernier film \u00ab Une Nuit au Parc 4D \u00bb depuis l&#8217;ann\u00e9e derni\u00e8re au Magic Cinema 4D. Il vous plaira \u00e0 coup s\u00fbr ! Si vous regardez les diff\u00e9rentes \u00e9tapes de ces derni\u00e8res ann\u00e9es, il est \u00e9vident que nous travaillons d\u00e9sormais avec tous les m\u00e9dias. Notre domaine de pr\u00e9dilection reste les parcs d\u2019attractions, c\u2019est ainsi que \u00ab Fly over Europe \u00bb, le film de Voletarium a \u00e9t\u00e9 produit en 2014. Pour un client du Mexique, j\u2019ai particip\u00e9 \u00e0 la production \u00ab Fly over Mexico \u00bb et d\u2019autres productions pour d\u2019autres parcs sont actuellement en perspective. Avec la devise de l\u2019entreprise qui est \u00ab Die weite Welt ist mein Feld \u00bb (litt\u00e9ralement : le monde entier est mon champ), nous nous appuyons sur les m\u00eames valeurs avec lesquelles l&#8217;entreprise familiale Mack \u00e9volue depuis plus de 235 ans. Avec nos marques, nous d\u00e9veloppons des contenus dans tous les m\u00e9dias, des livres aux CD en passant par les jouets sous licence dans le commerce. MackMedia et maintenant MackNeXT ont d\u00e9sormais un portefeuille tr\u00e8s diversifi\u00e9. Nous sommes \u00e9galement tr\u00e8s fiers de nos partenariats strat\u00e9giques avec Majorette et la maison d\u2019\u00e9dition Coppenrath, avec lesquels nous avons encore un long chemin \u00e0 parcourir.<\/p>\n<figure id=\"attachment_4323\" aria-labelledby=\"figcaption_attachment_4323\" class=\"wp-caption aligncenter\"><img loading=\"lazy\" decoding=\"async\" class=\"wp-image-4323 size-large\" src=\"https:\/\/blog.europapark.de\/wp-content\/uploads\/2020\/03\/105298-1-1024x683.jpg\" alt=\"Le film \u00ab Fly over Europe \u00bb a \u00e9t\u00e9 produit sp\u00e9cialement pour Voletarium.\" width=\"1024\" height=\"683\" srcset=\"https:\/\/blog.europapark.de\/wp-content\/uploads\/2020\/03\/105298-1-1024x683.jpg 1024w, https:\/\/blog.europapark.de\/wp-content\/uploads\/2020\/03\/105298-1-400x267.jpg 400w, https:\/\/blog.europapark.de\/wp-content\/uploads\/2020\/03\/105298-1-768x512.jpg 768w, https:\/\/blog.europapark.de\/wp-content\/uploads\/2020\/03\/105298-1-1536x1024.jpg 1536w, https:\/\/blog.europapark.de\/wp-content\/uploads\/2020\/03\/105298-1-2048x1365.jpg 2048w, https:\/\/blog.europapark.de\/wp-content\/uploads\/2020\/03\/105298-1-1700x1133.jpg 1700w\" sizes=\"auto, (max-width: 1024px) 100vw, 1024px\" \/><figcaption id=\"figcaption_attachment_4323\" class=\"wp-caption-text\">Le film \u00ab Fly over Europe \u00bb a \u00e9t\u00e9 produit sp\u00e9cialement pour Voletarium.<\/figcaption><\/figure>\n<p><strong>Depuis le film d\u2019animation \u00ab\u00a0Le secret du Ch\u00e2teau Balthasar\u00a0\u00bb, MackMedia et MackNeXT se consacrent au d\u00e9veloppement des marques et des histoires. Qu\u2019est-ce que cela signifie concr\u00e8tement\u00a0? <\/strong><\/p>\n<p>Comme dirait Michel Mack : \u00ab Cela signifie que l\u2019on doit penser transm\u00e9dia ! \u00bb. Les histoires des diff\u00e9rentes attractions doivent \u00eatre racont\u00e9es dans des films et des livres, m\u00eame au-del\u00e0 des fronti\u00e8res du parc. Le v\u00e9ritable point de d\u00e9part a \u00e9t\u00e9 l\u2019\u00ab Adventure Club of Europe \u00bb en 2017, qui a \u00e9t\u00e9 cr\u00e9\u00e9 en m\u00eame temps que Voletarium. L&#8217;objectif est de permettre aux visiteurs d&#8217;emporter chez eux leurs histoires pr\u00e9f\u00e9r\u00e9es de notre parc.<\/p>\n<p>Un autre exemple majeur et tr\u00e8s int\u00e9ressant est celui du nouvel univers aquatique Rulantica. Le parc aquatique est fond\u00e9 sur une histoire que nous avons planifi\u00e9e et r\u00e9alis\u00e9e ind\u00e9pendamment et avant de savoir que nous utiliserions le th\u00e8me de l\u2019univers aquatique, comme une s\u00e9rie de romans avec la maison d&#8217;\u00e9dition Coppenrath. Le fait que la conception des neuf espaces th\u00e9matiques de Rulantica et de l&#8217;h\u00f4tel \u00ab Kr\u00f8nas\u00e5r \u00bb soit fond\u00e9e sur l\u2019univers fictif du livre est un grand succ\u00e8s et nous encourage \u00e0 continuer \u00e0 \u00e9tablir nos propres histoires et univers. Ce projet transm\u00e9dia permet \u00e0 nos invit\u00e9s et lecteurs du monde entier (le livre sera \u00e9galement disponible en fran\u00e7ais, anglais, italien et russe \u00e0 partir de cette ann\u00e9e) de s&#8217;immerger dans l\u2019univers de Rulantica de diff\u00e9rentes mani\u00e8res. L\u2019approche transm\u00e9dia et la transformation d\u2019un monde fictif en une marque r\u00e9elle ont tr\u00e8s bien fonctionn\u00e9 avec cet exemple et j&#8217;esp\u00e8re que nous cr\u00e9erons beaucoup d&#8217;autres univers fictifs de ce type \u00e0 l&#8217;avenir&#8230;<\/p>\n<figure id=\"attachment_4321\" aria-labelledby=\"figcaption_attachment_4321\" class=\"wp-caption aligncenter\"><img loading=\"lazy\" decoding=\"async\" class=\"wp-image-4321 size-large\" src=\"https:\/\/blog.europapark.de\/wp-content\/uploads\/2020\/03\/108089-1024x724.jpg\" alt=\"La pieuvre \u00e0 6 tentacules Snorri a d\u00e9j\u00e0 de nombreux fans.\" width=\"1024\" height=\"724\" srcset=\"https:\/\/blog.europapark.de\/wp-content\/uploads\/2020\/03\/108089-1024x724.jpg 1024w, https:\/\/blog.europapark.de\/wp-content\/uploads\/2020\/03\/108089-400x283.jpg 400w, https:\/\/blog.europapark.de\/wp-content\/uploads\/2020\/03\/108089-768x543.jpg 768w, https:\/\/blog.europapark.de\/wp-content\/uploads\/2020\/03\/108089-1536x1086.jpg 1536w, https:\/\/blog.europapark.de\/wp-content\/uploads\/2020\/03\/108089-2048x1448.jpg 2048w, https:\/\/blog.europapark.de\/wp-content\/uploads\/2020\/03\/108089-1700x1202.jpg 1700w\" sizes=\"auto, (max-width: 1024px) 100vw, 1024px\" \/><figcaption id=\"figcaption_attachment_4321\" class=\"wp-caption-text\">La pieuvre \u00e0 6 tentacules Snorri a d\u00e9j\u00e0 de nombreux fans.<\/figcaption><\/figure>\n<p><strong>Quel est votre personnage pr\u00e9f\u00e9r\u00e9 et pourquoi\u00a0?<\/strong><\/p>\n<p>En coop\u00e9ration avec Michael Mack, j\u2019ai pu d\u00e9velopper beaucoup d\u2019histoires et de personnages\u00a0: de \u00ab\u00a0Alpha Mods\u00a0\u00bb \u00e0 \u00ab\u00a0Madame Freundenreich\u00a0\u00bb et ses dinosaures. Je suis reconnaissant de la confiance que m\u2019accorde l\u2019ensemble de la famille Mack et je crois que nous n\u2019avons pas \u00e0 rougir des r\u00e9sultats de ces cr\u00e9ations \u00e9galement \u00e0 l\u2019ext\u00e9rieur du parc. Nos histoires sont de plus en plus souvent cr\u00e9\u00e9es bien avant les attractions r\u00e9elles. Ainsi, le concept de Pirates de Batavia avec Bartholomeus van Robbemond et Jopie, son compagnon, \u00e9tait d\u00e9j\u00e0 dans le tiroir avant l\u2019attraction.<\/p>\n<p>Mon personnage pr\u00e9f\u00e9r\u00e9 est d\u00e9finitivement Snorri. Pour ce personnage, imagin\u00e9 par Michael Mack, j&#8217;ai particip\u00e9 au d\u00e9veloppement complet du monde du design et de l&#8217;histoire avec J\u00f6rg Ihle, notre sc\u00e9nariste. Cela n\u2019a pas \u00e9t\u00e9 simple, la pression \u00e9tait grande et c\u2019\u00e9tait un travail au long cours. Mais je pense que la patience est m\u00e8re de toutes les vertus et le r\u00e9sultat est impressionnant. Je suis donc particuli\u00e8rement fier que Snorri ne soit pas seulement devenu la principale mascotte de Rulantica, mais que son univers ait aussi pris vie \u00e0 Europa-Park avec Snorri Touren. Une s\u00e9rie de livre pour enfants raconte, qui raconte l\u2019histoire de notre pieuvre f\u00e9tiche, vient de sortir aux \u00e9ditions Coppenrath, tandis que le roman \u00ab Rulantica \u2013 L\u2019\u00eele secr\u00e8te \u00bb sortira en fran\u00e7ais au mois de septembre aux \u00e9ditions Michel Lafon. Snorri continuera \u00e9galement son chemin hors d\u2019Europa-Park gr\u00e2ce \u00e0 sa popularit\u00e9.<\/p>\n","protected":false},"excerpt":{"rendered":"<p>Tobias Mundinger, expert en Storytelling chez MackNeXT, contribue \u00e0 la cr\u00e9ation d\u2019histoires fascinantes autour des personnages les plus appr\u00e9ci\u00e9s d&#8217;Europa-Park,&#8230;<\/p>\n","protected":false},"author":22,"featured_media":4341,"comment_status":"open","ping_status":"open","sticky":false,"template":"","format":"standard","meta":{"_acf_changed":false,"footnotes":""},"categories":[396,206],"tags":[239,240,436,439,434,220,431,435,432,438,269,437,241,402,433,228,181,318,238],"class_list":["post-4394","post","type-post","status-publish","format-standard","has-post-thumbnail","hentry","category-innovations-et-medias","category-portrait","tag-ace-fr","tag-adventure-club-of-europe-fr","tag-animation","tag-collaborateur","tag-court-metrage","tag-europa-park-fr","tag-expert","tag-film","tag-histoire","tag-jopie","tag-kroenasaar-fr","tag-livre","tag-mackmedia-fr","tag-macknext-fr","tag-personnage","tag-portrait","tag-rulantica-fr","tag-snorri-fr","tag-storytelling"],"acf":[],"yoast_head":"<!-- This site is optimized with the Yoast SEO plugin v26.9 - https:\/\/yoast.com\/product\/yoast-seo-wordpress\/ -->\n<title>Dans l\u2019imaginaire de notre cr\u00e9ateur d\u2019histoires - Le blog officiel d\u2019Europa-Park<\/title>\n<meta name=\"robots\" content=\"index, follow, max-snippet:-1, max-image-preview:large, max-video-preview:-1\" \/>\n<link rel=\"canonical\" href=\"https:\/\/blog.europapark.de\/fr\/innovations-et-medias\/dans-limaginaire-de-notre-createur-dhistoires\/\" \/>\n<meta property=\"og:locale\" content=\"fr_FR\" \/>\n<meta property=\"og:type\" content=\"article\" \/>\n<meta property=\"og:title\" content=\"Dans l\u2019imaginaire de notre cr\u00e9ateur d\u2019histoires - Le blog officiel d\u2019Europa-Park\" \/>\n<meta property=\"og:description\" content=\"Tobias Mundinger, expert en Storytelling chez MackNeXT, contribue \u00e0 la cr\u00e9ation d\u2019histoires fascinantes autour des personnages les plus appr\u00e9ci\u00e9s d&#8217;Europa-Park,...\" \/>\n<meta property=\"og:url\" content=\"https:\/\/blog.europapark.de\/fr\/innovations-et-medias\/dans-limaginaire-de-notre-createur-dhistoires\/\" \/>\n<meta property=\"og:site_name\" content=\"Le blog officiel d\u2019Europa-Park\" \/>\n<meta property=\"article:published_time\" content=\"2020-05-18T14:06:26+00:00\" \/>\n<meta property=\"article:modified_time\" content=\"2020-05-19T09:42:59+00:00\" \/>\n<meta property=\"og:image\" content=\"https:\/\/blog.europapark.de\/wp-content\/uploads\/2020\/03\/105273.jpg\" \/>\n\t<meta property=\"og:image:width\" content=\"2559\" \/>\n\t<meta property=\"og:image:height\" content=\"1706\" \/>\n\t<meta property=\"og:image:type\" content=\"image\/jpeg\" \/>\n<meta name=\"author\" content=\"Marine Bostetter\" \/>\n<meta name=\"twitter:card\" content=\"summary_large_image\" \/>\n<meta name=\"twitter:label1\" content=\"\u00c9crit par\" \/>\n\t<meta name=\"twitter:data1\" content=\"Marine Bostetter\" \/>\n\t<meta name=\"twitter:label2\" content=\"Dur\u00e9e de lecture estim\u00e9e\" \/>\n\t<meta name=\"twitter:data2\" content=\"5 minutes\" \/>\n<script type=\"application\/ld+json\" class=\"yoast-schema-graph\">{\"@context\":\"https:\/\/schema.org\",\"@graph\":[{\"@type\":\"Article\",\"@id\":\"https:\/\/blog.europapark.de\/fr\/innovations-et-medias\/dans-limaginaire-de-notre-createur-dhistoires\/#article\",\"isPartOf\":{\"@id\":\"https:\/\/blog.europapark.de\/fr\/innovations-et-medias\/dans-limaginaire-de-notre-createur-dhistoires\/\"},\"author\":{\"name\":\"Marine Bostetter\",\"@id\":\"https:\/\/blog.europapark.de\/fr\/#\/schema\/person\/33a8e6425d00a5338b0f3b919774c892\"},\"headline\":\"Dans l\u2019imaginaire de notre cr\u00e9ateur d\u2019histoires\",\"datePublished\":\"2020-05-18T14:06:26+00:00\",\"dateModified\":\"2020-05-19T09:42:59+00:00\",\"mainEntityOfPage\":{\"@id\":\"https:\/\/blog.europapark.de\/fr\/innovations-et-medias\/dans-limaginaire-de-notre-createur-dhistoires\/\"},\"wordCount\":1076,\"commentCount\":0,\"image\":{\"@id\":\"https:\/\/blog.europapark.de\/fr\/innovations-et-medias\/dans-limaginaire-de-notre-createur-dhistoires\/#primaryimage\"},\"thumbnailUrl\":\"https:\/\/blog.europapark.de\/wp-content\/uploads\/2020\/03\/105273.jpg\",\"keywords\":[\"ACE\",\"Adventure Club of Europe\",\"Animation\",\"Collaborateur\",\"Court-m\u00e9trage\",\"Europa-Park\",\"Expert\",\"Film\",\"Histoire\",\"Jopie\",\"Kr\u00f8nas\u00e5r\",\"Livre\",\"MackMedia\",\"MackNext\",\"Personnage\",\"Portrait\",\"Rulantica\",\"Snorri\",\"Storytelling\"],\"articleSection\":[\"Innovations et m\u00e9dias\",\"Portrait\"],\"inLanguage\":\"fr-FR\",\"potentialAction\":[{\"@type\":\"CommentAction\",\"name\":\"Comment\",\"target\":[\"https:\/\/blog.europapark.de\/fr\/innovations-et-medias\/dans-limaginaire-de-notre-createur-dhistoires\/#respond\"]}]},{\"@type\":\"WebPage\",\"@id\":\"https:\/\/blog.europapark.de\/fr\/innovations-et-medias\/dans-limaginaire-de-notre-createur-dhistoires\/\",\"url\":\"https:\/\/blog.europapark.de\/fr\/innovations-et-medias\/dans-limaginaire-de-notre-createur-dhistoires\/\",\"name\":\"Dans l\u2019imaginaire de notre cr\u00e9ateur d\u2019histoires - Le blog officiel d\u2019Europa-Park\",\"isPartOf\":{\"@id\":\"https:\/\/blog.europapark.de\/fr\/#website\"},\"primaryImageOfPage\":{\"@id\":\"https:\/\/blog.europapark.de\/fr\/innovations-et-medias\/dans-limaginaire-de-notre-createur-dhistoires\/#primaryimage\"},\"image\":{\"@id\":\"https:\/\/blog.europapark.de\/fr\/innovations-et-medias\/dans-limaginaire-de-notre-createur-dhistoires\/#primaryimage\"},\"thumbnailUrl\":\"https:\/\/blog.europapark.de\/wp-content\/uploads\/2020\/03\/105273.jpg\",\"datePublished\":\"2020-05-18T14:06:26+00:00\",\"dateModified\":\"2020-05-19T09:42:59+00:00\",\"author\":{\"@id\":\"https:\/\/blog.europapark.de\/fr\/#\/schema\/person\/33a8e6425d00a5338b0f3b919774c892\"},\"breadcrumb\":{\"@id\":\"https:\/\/blog.europapark.de\/fr\/innovations-et-medias\/dans-limaginaire-de-notre-createur-dhistoires\/#breadcrumb\"},\"inLanguage\":\"fr-FR\",\"potentialAction\":[{\"@type\":\"ReadAction\",\"target\":[\"https:\/\/blog.europapark.de\/fr\/innovations-et-medias\/dans-limaginaire-de-notre-createur-dhistoires\/\"]}]},{\"@type\":\"ImageObject\",\"inLanguage\":\"fr-FR\",\"@id\":\"https:\/\/blog.europapark.de\/fr\/innovations-et-medias\/dans-limaginaire-de-notre-createur-dhistoires\/#primaryimage\",\"url\":\"https:\/\/blog.europapark.de\/wp-content\/uploads\/2020\/03\/105273.jpg\",\"contentUrl\":\"https:\/\/blog.europapark.de\/wp-content\/uploads\/2020\/03\/105273.jpg\",\"width\":2559,\"height\":1706},{\"@type\":\"BreadcrumbList\",\"@id\":\"https:\/\/blog.europapark.de\/fr\/innovations-et-medias\/dans-limaginaire-de-notre-createur-dhistoires\/#breadcrumb\",\"itemListElement\":[{\"@type\":\"ListItem\",\"position\":1,\"name\":\"Accueil\",\"item\":\"https:\/\/blog.europapark.de\/fr\/\"},{\"@type\":\"ListItem\",\"position\":2,\"name\":\"Dans l\u2019imaginaire de notre cr\u00e9ateur d\u2019histoires\"}]},{\"@type\":\"WebSite\",\"@id\":\"https:\/\/blog.europapark.de\/fr\/#website\",\"url\":\"https:\/\/blog.europapark.de\/fr\/\",\"name\":\"Le blog officiel d\u2019Europa-Park\",\"description\":\"\",\"potentialAction\":[{\"@type\":\"SearchAction\",\"target\":{\"@type\":\"EntryPoint\",\"urlTemplate\":\"https:\/\/blog.europapark.de\/fr\/?s={search_term_string}\"},\"query-input\":{\"@type\":\"PropertyValueSpecification\",\"valueRequired\":true,\"valueName\":\"search_term_string\"}}],\"inLanguage\":\"fr-FR\"},{\"@type\":\"Person\",\"@id\":\"https:\/\/blog.europapark.de\/fr\/#\/schema\/person\/33a8e6425d00a5338b0f3b919774c892\",\"name\":\"Marine Bostetter\",\"image\":{\"@type\":\"ImageObject\",\"inLanguage\":\"fr-FR\",\"@id\":\"https:\/\/blog.europapark.de\/fr\/#\/schema\/person\/image\/\",\"url\":\"https:\/\/blog.europapark.de\/wp-content\/uploads\/2024\/01\/IMG_2126-150x150.jpg\",\"contentUrl\":\"https:\/\/blog.europapark.de\/wp-content\/uploads\/2024\/01\/IMG_2126-150x150.jpg\",\"caption\":\"Marine Bostetter\"},\"url\":\"https:\/\/blog.europapark.de\/fr\/author\/marine-bostetter\/\"}]}<\/script>\n<!-- \/ Yoast SEO plugin. -->","yoast_head_json":{"title":"Dans l\u2019imaginaire de notre cr\u00e9ateur d\u2019histoires - Le blog officiel d\u2019Europa-Park","robots":{"index":"index","follow":"follow","max-snippet":"max-snippet:-1","max-image-preview":"max-image-preview:large","max-video-preview":"max-video-preview:-1"},"canonical":"https:\/\/blog.europapark.de\/fr\/innovations-et-medias\/dans-limaginaire-de-notre-createur-dhistoires\/","og_locale":"fr_FR","og_type":"article","og_title":"Dans l\u2019imaginaire de notre cr\u00e9ateur d\u2019histoires - Le blog officiel d\u2019Europa-Park","og_description":"Tobias Mundinger, expert en Storytelling chez MackNeXT, contribue \u00e0 la cr\u00e9ation d\u2019histoires fascinantes autour des personnages les plus appr\u00e9ci\u00e9s d&#8217;Europa-Park,...","og_url":"https:\/\/blog.europapark.de\/fr\/innovations-et-medias\/dans-limaginaire-de-notre-createur-dhistoires\/","og_site_name":"Le blog officiel d\u2019Europa-Park","article_published_time":"2020-05-18T14:06:26+00:00","article_modified_time":"2020-05-19T09:42:59+00:00","og_image":[{"width":2559,"height":1706,"url":"https:\/\/blog.europapark.de\/wp-content\/uploads\/2020\/03\/105273.jpg","type":"image\/jpeg"}],"author":"Marine Bostetter","twitter_card":"summary_large_image","twitter_misc":{"\u00c9crit par":"Marine Bostetter","Dur\u00e9e de lecture estim\u00e9e":"5 minutes"},"schema":{"@context":"https:\/\/schema.org","@graph":[{"@type":"Article","@id":"https:\/\/blog.europapark.de\/fr\/innovations-et-medias\/dans-limaginaire-de-notre-createur-dhistoires\/#article","isPartOf":{"@id":"https:\/\/blog.europapark.de\/fr\/innovations-et-medias\/dans-limaginaire-de-notre-createur-dhistoires\/"},"author":{"name":"Marine Bostetter","@id":"https:\/\/blog.europapark.de\/fr\/#\/schema\/person\/33a8e6425d00a5338b0f3b919774c892"},"headline":"Dans l\u2019imaginaire de notre cr\u00e9ateur d\u2019histoires","datePublished":"2020-05-18T14:06:26+00:00","dateModified":"2020-05-19T09:42:59+00:00","mainEntityOfPage":{"@id":"https:\/\/blog.europapark.de\/fr\/innovations-et-medias\/dans-limaginaire-de-notre-createur-dhistoires\/"},"wordCount":1076,"commentCount":0,"image":{"@id":"https:\/\/blog.europapark.de\/fr\/innovations-et-medias\/dans-limaginaire-de-notre-createur-dhistoires\/#primaryimage"},"thumbnailUrl":"https:\/\/blog.europapark.de\/wp-content\/uploads\/2020\/03\/105273.jpg","keywords":["ACE","Adventure Club of Europe","Animation","Collaborateur","Court-m\u00e9trage","Europa-Park","Expert","Film","Histoire","Jopie","Kr\u00f8nas\u00e5r","Livre","MackMedia","MackNext","Personnage","Portrait","Rulantica","Snorri","Storytelling"],"articleSection":["Innovations et m\u00e9dias","Portrait"],"inLanguage":"fr-FR","potentialAction":[{"@type":"CommentAction","name":"Comment","target":["https:\/\/blog.europapark.de\/fr\/innovations-et-medias\/dans-limaginaire-de-notre-createur-dhistoires\/#respond"]}]},{"@type":"WebPage","@id":"https:\/\/blog.europapark.de\/fr\/innovations-et-medias\/dans-limaginaire-de-notre-createur-dhistoires\/","url":"https:\/\/blog.europapark.de\/fr\/innovations-et-medias\/dans-limaginaire-de-notre-createur-dhistoires\/","name":"Dans l\u2019imaginaire de notre cr\u00e9ateur d\u2019histoires - Le blog officiel d\u2019Europa-Park","isPartOf":{"@id":"https:\/\/blog.europapark.de\/fr\/#website"},"primaryImageOfPage":{"@id":"https:\/\/blog.europapark.de\/fr\/innovations-et-medias\/dans-limaginaire-de-notre-createur-dhistoires\/#primaryimage"},"image":{"@id":"https:\/\/blog.europapark.de\/fr\/innovations-et-medias\/dans-limaginaire-de-notre-createur-dhistoires\/#primaryimage"},"thumbnailUrl":"https:\/\/blog.europapark.de\/wp-content\/uploads\/2020\/03\/105273.jpg","datePublished":"2020-05-18T14:06:26+00:00","dateModified":"2020-05-19T09:42:59+00:00","author":{"@id":"https:\/\/blog.europapark.de\/fr\/#\/schema\/person\/33a8e6425d00a5338b0f3b919774c892"},"breadcrumb":{"@id":"https:\/\/blog.europapark.de\/fr\/innovations-et-medias\/dans-limaginaire-de-notre-createur-dhistoires\/#breadcrumb"},"inLanguage":"fr-FR","potentialAction":[{"@type":"ReadAction","target":["https:\/\/blog.europapark.de\/fr\/innovations-et-medias\/dans-limaginaire-de-notre-createur-dhistoires\/"]}]},{"@type":"ImageObject","inLanguage":"fr-FR","@id":"https:\/\/blog.europapark.de\/fr\/innovations-et-medias\/dans-limaginaire-de-notre-createur-dhistoires\/#primaryimage","url":"https:\/\/blog.europapark.de\/wp-content\/uploads\/2020\/03\/105273.jpg","contentUrl":"https:\/\/blog.europapark.de\/wp-content\/uploads\/2020\/03\/105273.jpg","width":2559,"height":1706},{"@type":"BreadcrumbList","@id":"https:\/\/blog.europapark.de\/fr\/innovations-et-medias\/dans-limaginaire-de-notre-createur-dhistoires\/#breadcrumb","itemListElement":[{"@type":"ListItem","position":1,"name":"Accueil","item":"https:\/\/blog.europapark.de\/fr\/"},{"@type":"ListItem","position":2,"name":"Dans l\u2019imaginaire de notre cr\u00e9ateur d\u2019histoires"}]},{"@type":"WebSite","@id":"https:\/\/blog.europapark.de\/fr\/#website","url":"https:\/\/blog.europapark.de\/fr\/","name":"Le blog officiel d\u2019Europa-Park","description":"","potentialAction":[{"@type":"SearchAction","target":{"@type":"EntryPoint","urlTemplate":"https:\/\/blog.europapark.de\/fr\/?s={search_term_string}"},"query-input":{"@type":"PropertyValueSpecification","valueRequired":true,"valueName":"search_term_string"}}],"inLanguage":"fr-FR"},{"@type":"Person","@id":"https:\/\/blog.europapark.de\/fr\/#\/schema\/person\/33a8e6425d00a5338b0f3b919774c892","name":"Marine Bostetter","image":{"@type":"ImageObject","inLanguage":"fr-FR","@id":"https:\/\/blog.europapark.de\/fr\/#\/schema\/person\/image\/","url":"https:\/\/blog.europapark.de\/wp-content\/uploads\/2024\/01\/IMG_2126-150x150.jpg","contentUrl":"https:\/\/blog.europapark.de\/wp-content\/uploads\/2024\/01\/IMG_2126-150x150.jpg","caption":"Marine Bostetter"},"url":"https:\/\/blog.europapark.de\/fr\/author\/marine-bostetter\/"}]}},"_links":{"self":[{"href":"https:\/\/blog.europapark.de\/fr\/wp-json\/wp\/v2\/posts\/4394","targetHints":{"allow":["GET"]}}],"collection":[{"href":"https:\/\/blog.europapark.de\/fr\/wp-json\/wp\/v2\/posts"}],"about":[{"href":"https:\/\/blog.europapark.de\/fr\/wp-json\/wp\/v2\/types\/post"}],"author":[{"embeddable":true,"href":"https:\/\/blog.europapark.de\/fr\/wp-json\/wp\/v2\/users\/22"}],"replies":[{"embeddable":true,"href":"https:\/\/blog.europapark.de\/fr\/wp-json\/wp\/v2\/comments?post=4394"}],"version-history":[{"count":14,"href":"https:\/\/blog.europapark.de\/fr\/wp-json\/wp\/v2\/posts\/4394\/revisions"}],"predecessor-version":[{"id":4804,"href":"https:\/\/blog.europapark.de\/fr\/wp-json\/wp\/v2\/posts\/4394\/revisions\/4804"}],"wp:featuredmedia":[{"embeddable":true,"href":"https:\/\/blog.europapark.de\/fr\/wp-json\/wp\/v2\/media\/4341"}],"wp:attachment":[{"href":"https:\/\/blog.europapark.de\/fr\/wp-json\/wp\/v2\/media?parent=4394"}],"wp:term":[{"taxonomy":"category","embeddable":true,"href":"https:\/\/blog.europapark.de\/fr\/wp-json\/wp\/v2\/categories?post=4394"},{"taxonomy":"post_tag","embeddable":true,"href":"https:\/\/blog.europapark.de\/fr\/wp-json\/wp\/v2\/tags?post=4394"}],"curies":[{"name":"wp","href":"https:\/\/api.w.org\/{rel}","templated":true}]}}