{"id":4273,"date":"2020-02-24T15:35:56","date_gmt":"2020-02-24T14:35:56","guid":{"rendered":"https:\/\/blog.europapark.de\/?p=4273"},"modified":"2021-11-10T15:26:44","modified_gmt":"2021-11-10T14:26:44","slug":"65-tonnes-dacier-flottent-dans-les-airs","status":"publish","type":"post","link":"https:\/\/blog.europapark.de\/fr\/europa-park-fr\/65-tonnes-dacier-flottent-dans-les-airs\/","title":{"rendered":"6,5 tonnes d\u2019acier flottent dans les airs"},"content":{"rendered":"<p><strong>Bien qu\u2019Europa-Park ait pris une pause hivernale bien m\u00e9rit\u00e9e, il y a encore beaucoup d&#8217;activit\u00e9 au sein du parc. Pendant la basse saison, les attractions sont v\u00e9rifi\u00e9es sous toutes les coutures afin d\u2019\u00eatre pr\u00eates, pour vous, d\u00e8s le d\u00e9but de la saison estivale le 28 mars. Les vis sont resserr\u00e9es, les rails repeints, des sections enti\u00e8res de rail sont d\u00e9mont\u00e9es et entretenues comme par exemple pour Atlantica SuperSplash. Sur cette attraction, l&#8217;une des deux plateformes tournantes du grand huit aquatique de Mack Rides a \u00e9t\u00e9 temporairement enlev\u00e9e. Nous avons demand\u00e9 au chef d\u2019\u00e9quipe Kevin Gufert comment l&#8217;op\u00e9ration s&#8217;est d\u00e9roul\u00e9e \u00e0 une hauteur \u00e9lev\u00e9e.<\/strong><\/p>\n<figure id=\"attachment_4082\" aria-labelledby=\"figcaption_attachment_4082\" class=\"wp-caption aligncenter\"><img loading=\"lazy\" decoding=\"async\" class=\"wp-image-4082 size-large\" src=\"https:\/\/blog.europapark.de\/wp-content\/uploads\/2020\/01\/20200114_091857-e1579706859253-768x1024.jpg\" alt=\"Der 100-Tonnen-Autokran man\u00f6vriert die Drehplattform langsam nach unten.\" width=\"768\" height=\"1024\" srcset=\"https:\/\/blog.europapark.de\/wp-content\/uploads\/2020\/01\/20200114_091857-e1579706859253-768x1024.jpg 768w, https:\/\/blog.europapark.de\/wp-content\/uploads\/2020\/01\/20200114_091857-e1579706859253-225x300.jpg 225w, https:\/\/blog.europapark.de\/wp-content\/uploads\/2020\/01\/20200114_091857-e1579706859253-1700x2267.jpg 1700w\" sizes=\"auto, (max-width: 768px) 100vw, 768px\" \/><figcaption id=\"figcaption_attachment_4082\" class=\"wp-caption-text\">Une grue mont\u00e9e sur camion ram\u00e8ne la plateforme tournante lentement vers le bas.<\/figcaption><\/figure>\n<blockquote><p>\u00ab La s\u00e9curit\u00e9 et la qualit\u00e9 sont nos exigences les plus \u00e9lev\u00e9es. Ce leitmotiv demande un travail quotidien. \u00bb explique Kevin Gufert.<\/p><\/blockquote>\n<p>C\u2019est pour cette raison que la r\u00e9vision de la plateforme tournante de notre grand huit aquatique ador\u00e9 Atlantica SuperSplash a commenc\u00e9 depuis mi-janvier. \u00ab La limite d&#8217;usure n&#8217;\u00e9tait pas encore atteinte mais le changement anticip\u00e9 permet d\u2019assurer la s\u00e9curit\u00e9 de nos visiteurs et la garantie d\u2019un d\u00e9roulement sans encombre pendant la saison \u00bb. Pour d\u00e9monter l\u2019imposante structure de 6,5 tonnes juch\u00e9e \u00e0 de plus de 30 m\u00e8tres de haut, cela a \u00e9t\u00e9 une semaine intensive de planification de tous les m\u00e9caniciens n\u00e9cessaires.<\/p>\n<p>En un jour seulement, une grue mont\u00e9e sur camion a retir\u00e9 la plateforme des rails et l\u2019a transport\u00e9 dans l&#8217;atelier d&#8217;Europa-Park o\u00f9 cinq m\u00e9caniciens et deux \u00e9lectriciens effectuent la r\u00e9vision.<\/p>\n<figure id=\"attachment_4138\" aria-labelledby=\"figcaption_attachment_4138\" class=\"wp-caption aligncenter\"><img loading=\"lazy\" decoding=\"async\" class=\"wp-image-4138 size-large\" src=\"https:\/\/blog.europapark.de\/wp-content\/uploads\/2020\/02\/Kevin_Gufert-1024x683.jpg\" alt=\"Industriemeister Kevin Gufert pr\u00fcft die ausgebauten Getriebe der \u201eAtlantica SuperSplash\u201c.\" width=\"1024\" height=\"683\" srcset=\"https:\/\/blog.europapark.de\/wp-content\/uploads\/2020\/02\/Kevin_Gufert-1024x683.jpg 1024w, https:\/\/blog.europapark.de\/wp-content\/uploads\/2020\/02\/Kevin_Gufert-400x267.jpg 400w, https:\/\/blog.europapark.de\/wp-content\/uploads\/2020\/02\/Kevin_Gufert-768x512.jpg 768w, https:\/\/blog.europapark.de\/wp-content\/uploads\/2020\/02\/Kevin_Gufert-1536x1024.jpg 1536w, https:\/\/blog.europapark.de\/wp-content\/uploads\/2020\/02\/Kevin_Gufert-2048x1365.jpg 2048w, https:\/\/blog.europapark.de\/wp-content\/uploads\/2020\/02\/Kevin_Gufert-1700x1133.jpg 1700w\" sizes=\"auto, (max-width: 1024px) 100vw, 1024px\" \/><figcaption id=\"figcaption_attachment_4138\" class=\"wp-caption-text\">Le contrema\u00eetre industriel Kevin Gufert teste les moteurs d\u00e9mont\u00e9s de l&#8217;Atlantica SuperSplash.<\/figcaption><\/figure>\n<blockquote><p>\u00ab Beaucoup de travail nous attend dans les prochaines semaines \u00bb, explique Kevin Gufert. \u00ab Les quelques 2000 pi\u00e8ces sont v\u00e9rifi\u00e9es de mani\u00e8re intensive puis partiellement renouvel\u00e9es ou renforc\u00e9es. Puis, les poutres et les rails sont \u00e9galement repeints \u00bb.<\/p><\/blockquote>\n<p>\u00ab Lors de l&#8217;op\u00e9ration en hauteur au-dessus d&#8217;Europa-Park, tous les participants sont bien \u00e9videmment dans les meilleures conditions de s\u00e9curit\u00e9 \u00bb, rapporte le contrema\u00eetre industriel. Les collaborateurs portent des \u00e9quipements de protection en cas de chute et sont \u00e9quip\u00e9s d\u2019un harnais avec des amortisseurs de chute fix\u00e9s sur les rails.<\/p>\n<blockquote><p>\u00ab Nous avons tous une formation annuelle pour travailler en hauteur, car nous montons r\u00e9guli\u00e8rement sur les rails pour effectuer les op\u00e9rations de maintenance en hauteur. Nous travaillons en \u00e9troite collaboration avec les pompiers d\u2019Europa-Park, qui comptent m\u00eame des sauveteurs hautement qualifi\u00e9s dans leurs rangs. \u00bb<\/p><\/blockquote>\n<div class=\"wpmf-gallerys wpmf-gallerys-life\"><div id=\"gallery-1\" class=\"gallery wpmf_gallery_default gallery_default gallery-columns-1 gallery-size-large gallery-link-file wpmf-has-border-radius-0 wpmf-gutterwidth-5\"><figure class=\"wpmf-gallery-item\"><div class=\"wpmf-gallery-icon\"><a class=\" not_video\" data-lightbox=\"1\" href=\"https:\/\/blog.europapark.de\/wp-content\/uploads\/2020\/01\/20200114_091626-1024x768.jpg\" data-title=\"La plateforme est retir\u00e9e des rails...\" target=\"_self\"><img loading=\"lazy\" decoding=\"async\" width=\"1024\" height=\"768\" src=\"https:\/\/blog.europapark.de\/wp-content\/uploads\/2020\/01\/20200114_091626-1024x768.jpg\" class=\"attachment-large size-large\" alt=\"\" data-type=\"wpmfgalleryimg\" data-lazy-src=\"0\" srcset=\"https:\/\/blog.europapark.de\/wp-content\/uploads\/2020\/01\/20200114_091626-1024x768.jpg 1024w, https:\/\/blog.europapark.de\/wp-content\/uploads\/2020\/01\/20200114_091626-400x300.jpg 400w, https:\/\/blog.europapark.de\/wp-content\/uploads\/2020\/01\/20200114_091626-768x576.jpg 768w, https:\/\/blog.europapark.de\/wp-content\/uploads\/2020\/01\/20200114_091626-1700x1275.jpg 1700w\" sizes=\"auto, (max-width: 1024px) 100vw, 1024px\" \/><\/a><\/div><figcaption class=\"wp-caption-text gallery-caption\">La plateforme est retir\u00e9e des rails&#8230;<\/figcaption><\/figure><figure class=\"wpmf-gallery-item\"><div class=\"wpmf-gallery-icon\"><a class=\" not_video\" data-lightbox=\"1\" href=\"https:\/\/blog.europapark.de\/wp-content\/uploads\/2020\/01\/20200114_091706-e1582554559994-768x1024.jpg\" data-title=\"...puis descendue.\" target=\"_self\"><img loading=\"lazy\" decoding=\"async\" width=\"768\" height=\"1024\" src=\"https:\/\/blog.europapark.de\/wp-content\/uploads\/2020\/01\/20200114_091706-e1582554559994-768x1024.jpg\" class=\"attachment-large size-large\" alt=\"\" data-type=\"wpmfgalleryimg\" data-lazy-src=\"0\" srcset=\"https:\/\/blog.europapark.de\/wp-content\/uploads\/2020\/01\/20200114_091706-e1582554559994-768x1024.jpg 768w, https:\/\/blog.europapark.de\/wp-content\/uploads\/2020\/01\/20200114_091706-e1582554559994-225x300.jpg 225w, https:\/\/blog.europapark.de\/wp-content\/uploads\/2020\/01\/20200114_091706-e1582554559994-1700x2267.jpg 1700w, https:\/\/blog.europapark.de\/wp-content\/uploads\/2020\/01\/20200114_091706-e1582554559994-1152x1536.jpg 1152w, https:\/\/blog.europapark.de\/wp-content\/uploads\/2020\/01\/20200114_091706-e1582554559994-1536x2048.jpg 1536w\" sizes=\"auto, (max-width: 768px) 100vw, 768px\" \/><\/a><\/div><figcaption class=\"wp-caption-text gallery-caption\">&#8230;puis descendue.<\/figcaption><\/figure><\/div><\/div>\n<p>Si le temps joue en notre faveur, la plateforme d&#8217;un diam\u00e8tre de pr\u00e8s de 7 m\u00e8tres pourra reprendre sa place initiale dans Atlantica SuperSplash mi-mars, afin d&#8217;\u00eatre pr\u00eate \u00e0 temps pour les visiteurs au lancement de la saison. Lors une journ\u00e9e d&#8217;\u00e9t\u00e9 \u00e0 forte affluence, elle fera \u00e0 nouveau tourner plus de 50 bateaux en une heure, qui d\u00e9valeront ensuite le quatri\u00e8me plus haut grand huit d&#8217;Europa-Park \u00e0 environ 80 km\/h. Les contr\u00f4les quotidiens de Kevin Gufert et de ses coll\u00e8gues sur Atlantica SuperSplash vous garantissent donc beaucoup de fun aquatique dans les ann\u00e9es \u00e0 venir !<\/p>\n<figure id=\"attachment_4088\" aria-labelledby=\"figcaption_attachment_4088\" class=\"wp-caption aligncenter\"><img loading=\"lazy\" decoding=\"async\" class=\"wp-image-4088 size-large\" src=\"https:\/\/blog.europapark.de\/wp-content\/uploads\/2020\/01\/EP19_Portugal_Atlantica_01_112218-1024x646.jpg\" alt=\"Les visiteurs appr\u00e9cient grandement cette attraction. \" width=\"1024\" height=\"646\" srcset=\"https:\/\/blog.europapark.de\/wp-content\/uploads\/2020\/01\/EP19_Portugal_Atlantica_01_112218-1024x646.jpg 1024w, https:\/\/blog.europapark.de\/wp-content\/uploads\/2020\/01\/EP19_Portugal_Atlantica_01_112218-400x252.jpg 400w, https:\/\/blog.europapark.de\/wp-content\/uploads\/2020\/01\/EP19_Portugal_Atlantica_01_112218-768x484.jpg 768w, https:\/\/blog.europapark.de\/wp-content\/uploads\/2020\/01\/EP19_Portugal_Atlantica_01_112218-1700x1072.jpg 1700w\" sizes=\"auto, (max-width: 1024px) 100vw, 1024px\" \/><figcaption id=\"figcaption_attachment_4088\" class=\"wp-caption-text\">Les visiteurs appr\u00e9cient grandement cette attraction.<\/figcaption><\/figure>\n","protected":false},"excerpt":{"rendered":"<p>Bien qu\u2019Europa-Park ait pris une pause hivernale bien m\u00e9rit\u00e9e, il y a encore beaucoup d&#8217;activit\u00e9 au sein du parc. Pendant&#8230;<\/p>\n","protected":false},"author":22,"featured_media":4143,"comment_status":"open","ping_status":"open","sticky":false,"template":"","format":"standard","meta":{"_acf_changed":false,"footnotes":""},"categories":[207],"tags":[405,410,408,407,406,220,404,263,350,409,411,354,358],"class_list":["post-4273","post","type-post","status-publish","format-standard","has-post-thumbnail","hentry","category-europa-park-fr","tag-aquatique","tag-atlantica-fr","tag-backstages","tag-basse-saison","tag-coulisses","tag-europa-park-fr","tag-grand-huit-aquatique","tag-mack-rides-fr","tag-mack-rides-fr-2","tag-plateforme","tag-revision-fr","tag-technik-fr","tag-technique"],"acf":[],"yoast_head":"<!-- This site is optimized with the Yoast SEO plugin v26.9 - https:\/\/yoast.com\/product\/yoast-seo-wordpress\/ -->\n<title>6,5 tonnes d\u2019acier flottent dans les airs - Le blog officiel d\u2019Europa-Park<\/title>\n<meta name=\"robots\" content=\"index, follow, max-snippet:-1, max-image-preview:large, max-video-preview:-1\" \/>\n<link rel=\"canonical\" href=\"https:\/\/blog.europapark.de\/fr\/europa-park-fr\/65-tonnes-dacier-flottent-dans-les-airs\/\" \/>\n<meta property=\"og:locale\" content=\"fr_FR\" \/>\n<meta property=\"og:type\" content=\"article\" \/>\n<meta property=\"og:title\" content=\"6,5 tonnes d\u2019acier flottent dans les airs - Le blog officiel d\u2019Europa-Park\" \/>\n<meta property=\"og:description\" content=\"Bien qu\u2019Europa-Park ait pris une pause hivernale bien m\u00e9rit\u00e9e, il y a encore beaucoup d&#8217;activit\u00e9 au sein du parc. Pendant...\" \/>\n<meta property=\"og:url\" content=\"https:\/\/blog.europapark.de\/fr\/europa-park-fr\/65-tonnes-dacier-flottent-dans-les-airs\/\" \/>\n<meta property=\"og:site_name\" content=\"Le blog officiel d\u2019Europa-Park\" \/>\n<meta property=\"article:published_time\" content=\"2020-02-24T14:35:56+00:00\" \/>\n<meta property=\"article:modified_time\" content=\"2021-11-10T14:26:44+00:00\" \/>\n<meta property=\"og:image\" content=\"https:\/\/blog.europapark.de\/wp-content\/uploads\/2020\/02\/20200114_083614-Kopie-1024x628.jpg\" \/>\n\t<meta property=\"og:image:width\" content=\"1024\" \/>\n\t<meta property=\"og:image:height\" content=\"628\" \/>\n\t<meta property=\"og:image:type\" content=\"image\/jpeg\" \/>\n<meta name=\"author\" content=\"Marine Bostetter\" \/>\n<meta name=\"twitter:card\" content=\"summary_large_image\" \/>\n<meta name=\"twitter:label1\" content=\"\u00c9crit par\" \/>\n\t<meta name=\"twitter:data1\" content=\"Marine Bostetter\" \/>\n\t<meta name=\"twitter:label2\" content=\"Dur\u00e9e de lecture estim\u00e9e\" \/>\n\t<meta name=\"twitter:data2\" content=\"3 minutes\" \/>\n<script type=\"application\/ld+json\" class=\"yoast-schema-graph\">{\"@context\":\"https:\/\/schema.org\",\"@graph\":[{\"@type\":\"Article\",\"@id\":\"https:\/\/blog.europapark.de\/fr\/europa-park-fr\/65-tonnes-dacier-flottent-dans-les-airs\/#article\",\"isPartOf\":{\"@id\":\"https:\/\/blog.europapark.de\/fr\/europa-park-fr\/65-tonnes-dacier-flottent-dans-les-airs\/\"},\"author\":{\"name\":\"Marine Bostetter\",\"@id\":\"https:\/\/blog.europapark.de\/fr\/#\/schema\/person\/33a8e6425d00a5338b0f3b919774c892\"},\"headline\":\"6,5 tonnes d\u2019acier flottent dans les airs\",\"datePublished\":\"2020-02-24T14:35:56+00:00\",\"dateModified\":\"2021-11-10T14:26:44+00:00\",\"mainEntityOfPage\":{\"@id\":\"https:\/\/blog.europapark.de\/fr\/europa-park-fr\/65-tonnes-dacier-flottent-dans-les-airs\/\"},\"wordCount\":598,\"commentCount\":0,\"image\":{\"@id\":\"https:\/\/blog.europapark.de\/fr\/europa-park-fr\/65-tonnes-dacier-flottent-dans-les-airs\/#primaryimage\"},\"thumbnailUrl\":\"https:\/\/blog.europapark.de\/wp-content\/uploads\/2020\/02\/20200114_083614-Kopie.jpg\",\"keywords\":[\"Aquatique\",\"Atlantica\",\"Backstages\",\"Basse saison\",\"Coulisses\",\"Europa-Park\",\"Grand huit aquatique\",\"Mack Rides\",\"Mack Rides\",\"Plateforme\",\"Revision\",\"Technik\",\"Technique\"],\"articleSection\":[\"Europa-Park\"],\"inLanguage\":\"fr-FR\",\"potentialAction\":[{\"@type\":\"CommentAction\",\"name\":\"Comment\",\"target\":[\"https:\/\/blog.europapark.de\/fr\/europa-park-fr\/65-tonnes-dacier-flottent-dans-les-airs\/#respond\"]}]},{\"@type\":\"WebPage\",\"@id\":\"https:\/\/blog.europapark.de\/fr\/europa-park-fr\/65-tonnes-dacier-flottent-dans-les-airs\/\",\"url\":\"https:\/\/blog.europapark.de\/fr\/europa-park-fr\/65-tonnes-dacier-flottent-dans-les-airs\/\",\"name\":\"6,5 tonnes d\u2019acier flottent dans les airs - Le blog officiel d\u2019Europa-Park\",\"isPartOf\":{\"@id\":\"https:\/\/blog.europapark.de\/fr\/#website\"},\"primaryImageOfPage\":{\"@id\":\"https:\/\/blog.europapark.de\/fr\/europa-park-fr\/65-tonnes-dacier-flottent-dans-les-airs\/#primaryimage\"},\"image\":{\"@id\":\"https:\/\/blog.europapark.de\/fr\/europa-park-fr\/65-tonnes-dacier-flottent-dans-les-airs\/#primaryimage\"},\"thumbnailUrl\":\"https:\/\/blog.europapark.de\/wp-content\/uploads\/2020\/02\/20200114_083614-Kopie.jpg\",\"datePublished\":\"2020-02-24T14:35:56+00:00\",\"dateModified\":\"2021-11-10T14:26:44+00:00\",\"author\":{\"@id\":\"https:\/\/blog.europapark.de\/fr\/#\/schema\/person\/33a8e6425d00a5338b0f3b919774c892\"},\"breadcrumb\":{\"@id\":\"https:\/\/blog.europapark.de\/fr\/europa-park-fr\/65-tonnes-dacier-flottent-dans-les-airs\/#breadcrumb\"},\"inLanguage\":\"fr-FR\",\"potentialAction\":[{\"@type\":\"ReadAction\",\"target\":[\"https:\/\/blog.europapark.de\/fr\/europa-park-fr\/65-tonnes-dacier-flottent-dans-les-airs\/\"]}]},{\"@type\":\"ImageObject\",\"inLanguage\":\"fr-FR\",\"@id\":\"https:\/\/blog.europapark.de\/fr\/europa-park-fr\/65-tonnes-dacier-flottent-dans-les-airs\/#primaryimage\",\"url\":\"https:\/\/blog.europapark.de\/wp-content\/uploads\/2020\/02\/20200114_083614-Kopie.jpg\",\"contentUrl\":\"https:\/\/blog.europapark.de\/wp-content\/uploads\/2020\/02\/20200114_083614-Kopie.jpg\",\"width\":2560,\"height\":1569},{\"@type\":\"BreadcrumbList\",\"@id\":\"https:\/\/blog.europapark.de\/fr\/europa-park-fr\/65-tonnes-dacier-flottent-dans-les-airs\/#breadcrumb\",\"itemListElement\":[{\"@type\":\"ListItem\",\"position\":1,\"name\":\"Accueil\",\"item\":\"https:\/\/blog.europapark.de\/fr\/\"},{\"@type\":\"ListItem\",\"position\":2,\"name\":\"6,5 tonnes d\u2019acier flottent dans les airs\"}]},{\"@type\":\"WebSite\",\"@id\":\"https:\/\/blog.europapark.de\/fr\/#website\",\"url\":\"https:\/\/blog.europapark.de\/fr\/\",\"name\":\"Le blog officiel d\u2019Europa-Park\",\"description\":\"\",\"potentialAction\":[{\"@type\":\"SearchAction\",\"target\":{\"@type\":\"EntryPoint\",\"urlTemplate\":\"https:\/\/blog.europapark.de\/fr\/?s={search_term_string}\"},\"query-input\":{\"@type\":\"PropertyValueSpecification\",\"valueRequired\":true,\"valueName\":\"search_term_string\"}}],\"inLanguage\":\"fr-FR\"},{\"@type\":\"Person\",\"@id\":\"https:\/\/blog.europapark.de\/fr\/#\/schema\/person\/33a8e6425d00a5338b0f3b919774c892\",\"name\":\"Marine Bostetter\",\"image\":{\"@type\":\"ImageObject\",\"inLanguage\":\"fr-FR\",\"@id\":\"https:\/\/blog.europapark.de\/fr\/#\/schema\/person\/image\/\",\"url\":\"https:\/\/blog.europapark.de\/wp-content\/uploads\/2024\/01\/IMG_2126-150x150.jpg\",\"contentUrl\":\"https:\/\/blog.europapark.de\/wp-content\/uploads\/2024\/01\/IMG_2126-150x150.jpg\",\"caption\":\"Marine Bostetter\"},\"url\":\"https:\/\/blog.europapark.de\/fr\/author\/marine-bostetter\/\"}]}<\/script>\n<!-- \/ Yoast SEO plugin. -->","yoast_head_json":{"title":"6,5 tonnes d\u2019acier flottent dans les airs - Le blog officiel d\u2019Europa-Park","robots":{"index":"index","follow":"follow","max-snippet":"max-snippet:-1","max-image-preview":"max-image-preview:large","max-video-preview":"max-video-preview:-1"},"canonical":"https:\/\/blog.europapark.de\/fr\/europa-park-fr\/65-tonnes-dacier-flottent-dans-les-airs\/","og_locale":"fr_FR","og_type":"article","og_title":"6,5 tonnes d\u2019acier flottent dans les airs - Le blog officiel d\u2019Europa-Park","og_description":"Bien qu\u2019Europa-Park ait pris une pause hivernale bien m\u00e9rit\u00e9e, il y a encore beaucoup d&#8217;activit\u00e9 au sein du parc. Pendant...","og_url":"https:\/\/blog.europapark.de\/fr\/europa-park-fr\/65-tonnes-dacier-flottent-dans-les-airs\/","og_site_name":"Le blog officiel d\u2019Europa-Park","article_published_time":"2020-02-24T14:35:56+00:00","article_modified_time":"2021-11-10T14:26:44+00:00","og_image":[{"width":1024,"height":628,"url":"https:\/\/blog.europapark.de\/wp-content\/uploads\/2020\/02\/20200114_083614-Kopie-1024x628.jpg","type":"image\/jpeg"}],"author":"Marine Bostetter","twitter_card":"summary_large_image","twitter_misc":{"\u00c9crit par":"Marine Bostetter","Dur\u00e9e de lecture estim\u00e9e":"3 minutes"},"schema":{"@context":"https:\/\/schema.org","@graph":[{"@type":"Article","@id":"https:\/\/blog.europapark.de\/fr\/europa-park-fr\/65-tonnes-dacier-flottent-dans-les-airs\/#article","isPartOf":{"@id":"https:\/\/blog.europapark.de\/fr\/europa-park-fr\/65-tonnes-dacier-flottent-dans-les-airs\/"},"author":{"name":"Marine Bostetter","@id":"https:\/\/blog.europapark.de\/fr\/#\/schema\/person\/33a8e6425d00a5338b0f3b919774c892"},"headline":"6,5 tonnes d\u2019acier flottent dans les airs","datePublished":"2020-02-24T14:35:56+00:00","dateModified":"2021-11-10T14:26:44+00:00","mainEntityOfPage":{"@id":"https:\/\/blog.europapark.de\/fr\/europa-park-fr\/65-tonnes-dacier-flottent-dans-les-airs\/"},"wordCount":598,"commentCount":0,"image":{"@id":"https:\/\/blog.europapark.de\/fr\/europa-park-fr\/65-tonnes-dacier-flottent-dans-les-airs\/#primaryimage"},"thumbnailUrl":"https:\/\/blog.europapark.de\/wp-content\/uploads\/2020\/02\/20200114_083614-Kopie.jpg","keywords":["Aquatique","Atlantica","Backstages","Basse saison","Coulisses","Europa-Park","Grand huit aquatique","Mack Rides","Mack Rides","Plateforme","Revision","Technik","Technique"],"articleSection":["Europa-Park"],"inLanguage":"fr-FR","potentialAction":[{"@type":"CommentAction","name":"Comment","target":["https:\/\/blog.europapark.de\/fr\/europa-park-fr\/65-tonnes-dacier-flottent-dans-les-airs\/#respond"]}]},{"@type":"WebPage","@id":"https:\/\/blog.europapark.de\/fr\/europa-park-fr\/65-tonnes-dacier-flottent-dans-les-airs\/","url":"https:\/\/blog.europapark.de\/fr\/europa-park-fr\/65-tonnes-dacier-flottent-dans-les-airs\/","name":"6,5 tonnes d\u2019acier flottent dans les airs - Le blog officiel d\u2019Europa-Park","isPartOf":{"@id":"https:\/\/blog.europapark.de\/fr\/#website"},"primaryImageOfPage":{"@id":"https:\/\/blog.europapark.de\/fr\/europa-park-fr\/65-tonnes-dacier-flottent-dans-les-airs\/#primaryimage"},"image":{"@id":"https:\/\/blog.europapark.de\/fr\/europa-park-fr\/65-tonnes-dacier-flottent-dans-les-airs\/#primaryimage"},"thumbnailUrl":"https:\/\/blog.europapark.de\/wp-content\/uploads\/2020\/02\/20200114_083614-Kopie.jpg","datePublished":"2020-02-24T14:35:56+00:00","dateModified":"2021-11-10T14:26:44+00:00","author":{"@id":"https:\/\/blog.europapark.de\/fr\/#\/schema\/person\/33a8e6425d00a5338b0f3b919774c892"},"breadcrumb":{"@id":"https:\/\/blog.europapark.de\/fr\/europa-park-fr\/65-tonnes-dacier-flottent-dans-les-airs\/#breadcrumb"},"inLanguage":"fr-FR","potentialAction":[{"@type":"ReadAction","target":["https:\/\/blog.europapark.de\/fr\/europa-park-fr\/65-tonnes-dacier-flottent-dans-les-airs\/"]}]},{"@type":"ImageObject","inLanguage":"fr-FR","@id":"https:\/\/blog.europapark.de\/fr\/europa-park-fr\/65-tonnes-dacier-flottent-dans-les-airs\/#primaryimage","url":"https:\/\/blog.europapark.de\/wp-content\/uploads\/2020\/02\/20200114_083614-Kopie.jpg","contentUrl":"https:\/\/blog.europapark.de\/wp-content\/uploads\/2020\/02\/20200114_083614-Kopie.jpg","width":2560,"height":1569},{"@type":"BreadcrumbList","@id":"https:\/\/blog.europapark.de\/fr\/europa-park-fr\/65-tonnes-dacier-flottent-dans-les-airs\/#breadcrumb","itemListElement":[{"@type":"ListItem","position":1,"name":"Accueil","item":"https:\/\/blog.europapark.de\/fr\/"},{"@type":"ListItem","position":2,"name":"6,5 tonnes d\u2019acier flottent dans les airs"}]},{"@type":"WebSite","@id":"https:\/\/blog.europapark.de\/fr\/#website","url":"https:\/\/blog.europapark.de\/fr\/","name":"Le blog officiel d\u2019Europa-Park","description":"","potentialAction":[{"@type":"SearchAction","target":{"@type":"EntryPoint","urlTemplate":"https:\/\/blog.europapark.de\/fr\/?s={search_term_string}"},"query-input":{"@type":"PropertyValueSpecification","valueRequired":true,"valueName":"search_term_string"}}],"inLanguage":"fr-FR"},{"@type":"Person","@id":"https:\/\/blog.europapark.de\/fr\/#\/schema\/person\/33a8e6425d00a5338b0f3b919774c892","name":"Marine Bostetter","image":{"@type":"ImageObject","inLanguage":"fr-FR","@id":"https:\/\/blog.europapark.de\/fr\/#\/schema\/person\/image\/","url":"https:\/\/blog.europapark.de\/wp-content\/uploads\/2024\/01\/IMG_2126-150x150.jpg","contentUrl":"https:\/\/blog.europapark.de\/wp-content\/uploads\/2024\/01\/IMG_2126-150x150.jpg","caption":"Marine Bostetter"},"url":"https:\/\/blog.europapark.de\/fr\/author\/marine-bostetter\/"}]}},"_links":{"self":[{"href":"https:\/\/blog.europapark.de\/fr\/wp-json\/wp\/v2\/posts\/4273","targetHints":{"allow":["GET"]}}],"collection":[{"href":"https:\/\/blog.europapark.de\/fr\/wp-json\/wp\/v2\/posts"}],"about":[{"href":"https:\/\/blog.europapark.de\/fr\/wp-json\/wp\/v2\/types\/post"}],"author":[{"embeddable":true,"href":"https:\/\/blog.europapark.de\/fr\/wp-json\/wp\/v2\/users\/22"}],"replies":[{"embeddable":true,"href":"https:\/\/blog.europapark.de\/fr\/wp-json\/wp\/v2\/comments?post=4273"}],"version-history":[{"count":7,"href":"https:\/\/blog.europapark.de\/fr\/wp-json\/wp\/v2\/posts\/4273\/revisions"}],"predecessor-version":[{"id":7185,"href":"https:\/\/blog.europapark.de\/fr\/wp-json\/wp\/v2\/posts\/4273\/revisions\/7185"}],"wp:featuredmedia":[{"embeddable":true,"href":"https:\/\/blog.europapark.de\/fr\/wp-json\/wp\/v2\/media\/4143"}],"wp:attachment":[{"href":"https:\/\/blog.europapark.de\/fr\/wp-json\/wp\/v2\/media?parent=4273"}],"wp:term":[{"taxonomy":"category","embeddable":true,"href":"https:\/\/blog.europapark.de\/fr\/wp-json\/wp\/v2\/categories?post=4273"},{"taxonomy":"post_tag","embeddable":true,"href":"https:\/\/blog.europapark.de\/fr\/wp-json\/wp\/v2\/tags?post=4273"}],"curies":[{"name":"wp","href":"https:\/\/api.w.org\/{rel}","templated":true}]}}