{"id":4243,"date":"2020-02-19T19:07:36","date_gmt":"2020-02-19T18:07:36","guid":{"rendered":"https:\/\/blog.europapark.de\/?p=4243"},"modified":"2020-02-19T19:15:43","modified_gmt":"2020-02-19T18:15:43","slug":"la-famille-mack-annonce-sa-premiere-implantation-en-france","status":"publish","type":"post","link":"https:\/\/blog.europapark.de\/fr\/innovations-et-medias\/la-famille-mack-annonce-sa-premiere-implantation-en-france\/","title":{"rendered":"La famille Mack annonce sa premi\u00e8re implantation en France"},"content":{"rendered":"<p><strong>Le groupe Mack International, propri\u00e9taire d\u2019Europa-Park, annonce son premier investissement en France. Sa filiale d\u00e9di\u00e9e \u00e0 la cr\u00e9ation multim\u00e9dia et \u00e0 l\u2019innovation, MackNeXT , a pour projet d\u2019\u00e9tablir un centre de d\u00e9veloppement et de cr\u00e9ation d\u00e9di\u00e9 au divertissement immersif en Alsace, dans la commune de Plobsheim, \u00e0 quelques kilom\u00e8tres au sud de Strasbourg.<\/strong><\/p>\n<p>&nbsp;<\/p>\n<p><strong>MackNeXT, c\u2019est quoi\u00a0?<\/strong><\/p>\n<p>Vous connaissez \u00e9videmment Europa-Park et Rulantica, les deux parcs de loisirs situ\u00e9s \u00e0 Rust en Allemagne. Ils sont g\u00e9r\u00e9s par la soci\u00e9t\u00e9 Mack International, d\u00e9tenue par la famille Mack depuis 8 g\u00e9n\u00e9rations. L\u2019\u00e9cosyst\u00e8me du groupe Mack International couvre tous les domaines du divertissement, des parcs d\u2019attractions \u00e0 la fabrication de man\u00e8ges en passant par les nouvelles technologies. Parmi les diff\u00e9rentes soci\u00e9t\u00e9s qui composent le groupe, on retrouve par exemple Mack Rides, l\u2019entreprise historique qui est aujourd\u2019hui l&#8217;un des leaders mondiaux de la production de grands huit et autres attractions.<\/p>\n<p>La derni\u00e8re filiale n\u00e9e dans le groupe se nomme MackNeXT et a pour but l\u2019utilisation des nouvelles technologies num\u00e9riques innovantes pour les transformer en offres de divertissement immersif.<\/p>\n<figure id=\"attachment_4246\" aria-labelledby=\"figcaption_attachment_4246\" class=\"wp-caption aligncenter\"><img loading=\"lazy\" decoding=\"async\" class=\"wp-image-4246 size-large\" src=\"https:\/\/blog.europapark.de\/wp-content\/uploads\/2020\/02\/Grafik_Mackinternational-1024x651.jpg\" alt=\"\" width=\"1024\" height=\"651\" srcset=\"https:\/\/blog.europapark.de\/wp-content\/uploads\/2020\/02\/Grafik_Mackinternational-1024x651.jpg 1024w, https:\/\/blog.europapark.de\/wp-content\/uploads\/2020\/02\/Grafik_Mackinternational-400x254.jpg 400w, https:\/\/blog.europapark.de\/wp-content\/uploads\/2020\/02\/Grafik_Mackinternational-768x488.jpg 768w, https:\/\/blog.europapark.de\/wp-content\/uploads\/2020\/02\/Grafik_Mackinternational-1536x976.jpg 1536w, https:\/\/blog.europapark.de\/wp-content\/uploads\/2020\/02\/Grafik_Mackinternational-2048x1301.jpg 2048w, https:\/\/blog.europapark.de\/wp-content\/uploads\/2020\/02\/Grafik_Mackinternational-1700x1080.jpg 1700w\" sizes=\"auto, (max-width: 1024px) 100vw, 1024px\" \/><figcaption id=\"figcaption_attachment_4246\" class=\"wp-caption-text\">Le groupe Mack International<\/figcaption><\/figure>\n<p>Ainsi, MackNeXT est sp\u00e9cialis\u00e9e dans la production audiovisuelle (du clip promotionnel au long m\u00e9trage en passant par les films 3D ou 4D pour les parcs de loisirs), le d\u00e9veloppement d\u2019attractions immersives (tels que les flying theaters ou les attractions en r\u00e9alit\u00e9 virtuelle) ainsi que le d\u00e9veloppement de licences et marques (comme Alpha Mods P.D. ou Rulantica qui vivent par les attractions, l\u2019\u00e9dition ou le num\u00e9rique). Les exp\u00e9riences que d\u00e9veloppe MackNeXT sont destin\u00e9es \u00e0 \u00eatre v\u00e9cues \u00e0 Europa-Park et Rulantica mais aussi en dehors des deux parcs de Rust.<\/p>\n<div class=\"iframe-placeholder-wrapper\">\n<div class=\"iframe-placeholder\">\n<div class=\"iframe-placeholder-title\">Contenu externe<\/div>\n<div>\n<p><strong>Vous pouvez regarder une vid\u00e9o YouTube via le contenu externe. Pour que la vid\u00e9o soit charg\u00e9e, nous avons besoin de votre consentement.<\/strong><\/p>\n<p><button class=\"button\" onclick=\"acceptExternalMedia();\">AFFICHER LE CONTENU EXTERNE<\/button><\/p>\n<p class=\"iframe-placeholder-disclaimer\">En cliquant sur \u00ab Acc\u00e9der au contenu externe \u00bb, vous acceptez que le contenu de tiers soit affich\u00e9. En appelant le contenu externe, des donn\u00e9es personnelles peuvent \u00eatre transmises \u00e0 des fournisseurs tiers avec, si n\u00e9cessaire, le stockage automatique de cookies sur votre appareil. Vous trouverez de plus amples informations sur la collecte et l\u2019utilisation de vos donn\u00e9es par YouTube dans les informations sur la protection des donn\u00e9es sous <a href=\"https:\/\/www.youtube.com\" target=\"_blank\" rel=\"noopener\">www.youtube.com<\/a>. <\/p>\n<\/p><\/div>\n<\/p><\/div>\n<div class=\"video-container iframe-placeholder-youtube\"><iframe title=\"MackNeXT - Trailer 2020 (fran\u00e7ais)\" width=\"500\" height=\"281\" class=\"optanon-category-C0005\" data-src=\"https:\/\/www.youtube-nocookie.com\/embed\/zy3asVp3uFU?feature=oembed\" frameborder=\"0\" allow=\"accelerometer; autoplay; clipboard-write; encrypted-media; gyroscope; picture-in-picture; web-share\" referrerpolicy=\"strict-origin-when-cross-origin\" allowfullscreen><\/iframe><\/div>\n<\/p><\/div>\n<p>Ces exp\u00e9riences immersives ont pour but d\u2019int\u00e9grer le public dans un v\u00e9ritable univers sensoriel, le spectateur est plong\u00e9 au sein m\u00eame de l\u2019histoire que l\u2019on souhaite lui raconter.<\/p>\n<p>Le groupe Mack International, qui \u00e9tait d\u00e9j\u00e0 op\u00e9rateur de parcs et fournisseur de man\u00e8ges, \u00e9largit son champ de comp\u00e9tences en devenant \u00e9galement fournisseur d\u2019exp\u00e9riences immersives. M\u00ealer ces 3 m\u00e9tiers en une seule entit\u00e9, c\u2019est un cas unique au monde, chacun des diff\u00e9rents p\u00f4les peut ainsi s\u2019appuyer sur l\u2019exp\u00e9rience des autres.<\/p>\n<p><strong>En quoi consiste le projet\u00a0?<\/strong><\/p>\n<p>Mack International souhaite implanter sur la commune de Plobsheim un centre de d\u00e9veloppement et cr\u00e9ation m\u00e9dia MackNeXT. Il s\u2019agit d\u2019un \u00e9quipement innovant, unique en son genre, destin\u00e9 \u00e0 favoriser la cr\u00e9ativit\u00e9. Le centre serait constitu\u00e9 de trois entit\u00e9s, r\u00e9alis\u00e9es en plusieurs phases. Tout d\u2019abord, des bureaux destin\u00e9s \u00e0 accueillir des talents et des cr\u00e9atifs dans les domaines de la production, la post-production, l\u2019animation 3D et la r\u00e9alit\u00e9 virtuelle. Puis un studio multi-usage, espace modulable et polyvalent, qui permettrait d\u2019accueillir des tournages ou photo-shootings. Enfin, une r\u00e9sidence cr\u00e9ative o\u00f9 les professionnels internationaux du multim\u00e9dia et les porteurs de projets dans le domaine du divertissement immersif, du tourisme et des loisirs pourraient se rencontrer. Cette r\u00e9sidence serait un lieu pour favoriser les \u00e9changes cr\u00e9atifs, imaginer, conceptualiser et d\u00e9velopper de nouvelles exp\u00e9riences m\u00e9dias.<\/p>\n<p><img loading=\"lazy\" decoding=\"async\" class=\"aligncenter wp-image-4266 size-large\" src=\"https:\/\/blog.europapark.de\/wp-content\/uploads\/2020\/02\/studio-photo-shooting-1024x521.jpg\" alt=\"\" width=\"1024\" height=\"521\" srcset=\"https:\/\/blog.europapark.de\/wp-content\/uploads\/2020\/02\/studio-photo-shooting-1024x521.jpg 1024w, https:\/\/blog.europapark.de\/wp-content\/uploads\/2020\/02\/studio-photo-shooting-400x203.jpg 400w, https:\/\/blog.europapark.de\/wp-content\/uploads\/2020\/02\/studio-photo-shooting-768x391.jpg 768w, https:\/\/blog.europapark.de\/wp-content\/uploads\/2020\/02\/studio-photo-shooting-1536x781.jpg 1536w, https:\/\/blog.europapark.de\/wp-content\/uploads\/2020\/02\/studio-photo-shooting-2048x1041.jpg 2048w, https:\/\/blog.europapark.de\/wp-content\/uploads\/2020\/02\/studio-photo-shooting-1700x864.jpg 1700w\" sizes=\"auto, (max-width: 1024px) 100vw, 1024px\" \/><\/p>\n<p>Le si\u00e8ge social France de Mack International y serait \u00e9galement install\u00e9 et a pour vocation d\u2019accueillir des \u00e9quipes d\u00e9di\u00e9es au march\u00e9 fran\u00e7ais, notamment dans les domaines de la communication, du marketing, de la vente ou des ressources humaines. Le site est destin\u00e9 \u00e0 un usage professionnel et n\u2019a pas vocation \u00e0 accueillir le grand public.<\/p>\n<p><strong>Pourquoi s\u2019installer \u00e0 Plobsheim ?<\/strong><\/p>\n<p>Plusieurs sites ont \u00e9t\u00e9 \u00e9tudi\u00e9s sur les deux rives du Rhin et c\u2019est la rive fran\u00e7aise et la commune de Plobsheim qui r\u00e9unissent tous les crit\u00e8res et pr\u00e9sentent le plus d\u2019avantages. L\u2019environnement naturel et bucolique du site, en proximit\u00e9 directe avec le Golf du Kempferhof, offre le calme et la s\u00e9r\u00e9nit\u00e9 n\u00e9cessaires aux d\u00e9veloppements cr\u00e9atifs. Mack International souhaite pr\u00e9server les qualit\u00e9s de l\u2019environnement naturel et paysager du site.<\/p>\n<p><img loading=\"lazy\" decoding=\"async\" class=\"aligncenter size-large wp-image-4248\" src=\"https:\/\/blog.europapark.de\/wp-content\/uploads\/2020\/02\/EP20_SM_005_Anfahrtsskizze_Plobsheim_1200x1200px_V2-1024x1024.png\" alt=\"\" width=\"1024\" height=\"1024\" srcset=\"https:\/\/blog.europapark.de\/wp-content\/uploads\/2020\/02\/EP20_SM_005_Anfahrtsskizze_Plobsheim_1200x1200px_V2-1024x1024.png 1024w, https:\/\/blog.europapark.de\/wp-content\/uploads\/2020\/02\/EP20_SM_005_Anfahrtsskizze_Plobsheim_1200x1200px_V2-300x300.png 300w, https:\/\/blog.europapark.de\/wp-content\/uploads\/2020\/02\/EP20_SM_005_Anfahrtsskizze_Plobsheim_1200x1200px_V2-150x150.png 150w, https:\/\/blog.europapark.de\/wp-content\/uploads\/2020\/02\/EP20_SM_005_Anfahrtsskizze_Plobsheim_1200x1200px_V2-768x768.png 768w, https:\/\/blog.europapark.de\/wp-content\/uploads\/2020\/02\/EP20_SM_005_Anfahrtsskizze_Plobsheim_1200x1200px_V2.png 1200w\" sizes=\"auto, (max-width: 1024px) 100vw, 1024px\" \/><\/p>\n<p>La France a \u00e9t\u00e9 rapidement privil\u00e9gi\u00e9e car elle pr\u00e9sente de nombreux atouts : une fili\u00e8re image structur\u00e9e parmi les leaders mondiaux, une offre de formation forte et un vivier de talents disponibles, qui permettront de d\u00e9velopper les activit\u00e9s de MackNeXT sur ce nouveau march\u00e9.<\/p>\n<p>Plobsheim est situ\u00e9 dans l\u2019Eurom\u00e9tropole de Strasbourg, une m\u00e9tropole \u00e0 vocation d\u00e9finitivement europ\u00e9enne, \u00e9conomiquement dynamique, facilement accessible via les r\u00e9seaux de transports fran\u00e7ais et allemand et situ\u00e9e \u00e0 seulement 30 kilom\u00e8tres d\u2019Europa-Park et du si\u00e8ge du groupe. Le projet est suivi depuis ses d\u00e9buts par l&#8217;ADIRA (Agence de d\u00e9veloppement d&#8217;Alsace) et est d\u00e9velopp\u00e9 en collaboration avec les collectivit\u00e9s locales concern\u00e9es : la commune de Plobsheim, l&#8217;Eurom\u00e9tropole de Strasbourg, le d\u00e9partement du Bas-Rhin et la r\u00e9gion Grand Est.<\/p>\n<p>C\u2019est la toute premi\u00e8re fois que l\u2019entreprise familiale investit en dehors de l\u2019Allemagne en 240 ans d\u2019histoire. En choisissant la France, la famille Mack t\u00e9moigne de son engagement en faveur de l\u2019amiti\u00e9 franco-allemande et de sa volont\u00e9 de favoriser les \u00e9changes et les partenariats entre les deux pays. C\u2019est aussi l\u2019occasion de faire profiter de nouvelles opportunit\u00e9s d\u2019emploi et de projets aux jeunes talents fran\u00e7ais dans le monde l\u2019image et de la cr\u00e9ation.<\/p>\n<p>Et pour la petite anecdote, dans l\u2019attraction Voletarium \u00e0 Europa-Park, apr\u00e8s avoir plan\u00e9 au-dessus du Rhin, vous survolez le Golf du Kempferhof o\u00f9 Ed Euromaus et ses amis font une partie de golf.<\/p>\n<figure id=\"attachment_4252\" aria-labelledby=\"figcaption_attachment_4252\" class=\"wp-caption aligncenter\"><img loading=\"lazy\" decoding=\"async\" class=\"wp-image-4252 size-large\" src=\"https:\/\/blog.europapark.de\/wp-content\/uploads\/2020\/02\/voletarium-scene-plobsheim-1024x688.png\" alt=\"\" width=\"1024\" height=\"688\" srcset=\"https:\/\/blog.europapark.de\/wp-content\/uploads\/2020\/02\/voletarium-scene-plobsheim-1024x688.png 1024w, https:\/\/blog.europapark.de\/wp-content\/uploads\/2020\/02\/voletarium-scene-plobsheim-400x269.png 400w, https:\/\/blog.europapark.de\/wp-content\/uploads\/2020\/02\/voletarium-scene-plobsheim-768x516.png 768w, https:\/\/blog.europapark.de\/wp-content\/uploads\/2020\/02\/voletarium-scene-plobsheim-1536x1032.png 1536w, https:\/\/blog.europapark.de\/wp-content\/uploads\/2020\/02\/voletarium-scene-plobsheim-1700x1142.png 1700w, https:\/\/blog.europapark.de\/wp-content\/uploads\/2020\/02\/voletarium-scene-plobsheim.png 2000w\" sizes=\"auto, (max-width: 1024px) 100vw, 1024px\" \/><figcaption id=\"figcaption_attachment_4252\" class=\"wp-caption-text\">La sc\u00e8ne de Voletarium survolant le Golf du Kempferhof \u00e0 Plobsheim<\/figcaption><\/figure>\n<p>L\u2019implantation de ce projet \u00e0 Plobsheim permettrait \u00e0 terme la cr\u00e9ation de jusqu\u2019\u00e0 50 emplois directs et 100 emplois indirects. Il repr\u00e9sente un investissement estim\u00e9 compris entre 2,5 et 4 millions d\u2019euros pour l\u2019\u00e9conomie locale. Ce sera \u00e9galement de nouveaux d\u00e9bouch\u00e9s sur le march\u00e9 du divertissement pour les acteurs locaux de la fili\u00e8re image.<br \/>\nLe projet prend maintenant la voie des diff\u00e9rentes autorisations administratives avant un d\u00e9but des travaux pr\u00e9vus pour 2021.<\/p>\n<p>&nbsp;<\/p>\n","protected":false},"excerpt":{"rendered":"<p>Le groupe Mack International, propri\u00e9taire d\u2019Europa-Park, annonce son premier investissement en France. Sa filiale d\u00e9di\u00e9e \u00e0 la cr\u00e9ation multim\u00e9dia et&#8230;<\/p>\n","protected":false},"author":12,"featured_media":4257,"comment_status":"open","ping_status":"open","sticky":false,"template":"","format":"standard","meta":{"_acf_changed":false,"footnotes":""},"categories":[396],"tags":[399,398,403,401,402,400],"class_list":["post-4243","post","type-post","status-publish","format-standard","has-post-thumbnail","hentry","category-innovations-et-medias","tag-creation","tag-france","tag-innovation-fr","tag-mack-international","tag-macknext-fr","tag-plobsheim"],"acf":[],"yoast_head":"<!-- This site is optimized with the Yoast SEO plugin v26.9 - https:\/\/yoast.com\/product\/yoast-seo-wordpress\/ -->\n<title>La famille Mack annonce sa premi\u00e8re implantation en France - Le blog officiel d\u2019Europa-Park<\/title>\n<meta name=\"robots\" content=\"index, follow, max-snippet:-1, max-image-preview:large, max-video-preview:-1\" \/>\n<link rel=\"canonical\" href=\"https:\/\/blog.europapark.de\/fr\/innovations-et-medias\/la-famille-mack-annonce-sa-premiere-implantation-en-france\/\" \/>\n<meta property=\"og:locale\" content=\"fr_FR\" \/>\n<meta property=\"og:type\" content=\"article\" \/>\n<meta property=\"og:title\" content=\"La famille Mack annonce sa premi\u00e8re implantation en France - Le blog officiel d\u2019Europa-Park\" \/>\n<meta property=\"og:description\" content=\"Le groupe Mack International, propri\u00e9taire d\u2019Europa-Park, annonce son premier investissement en France. Sa filiale d\u00e9di\u00e9e \u00e0 la cr\u00e9ation multim\u00e9dia et...\" \/>\n<meta property=\"og:url\" content=\"https:\/\/blog.europapark.de\/fr\/innovations-et-medias\/la-famille-mack-annonce-sa-premiere-implantation-en-france\/\" \/>\n<meta property=\"og:site_name\" content=\"Le blog officiel d\u2019Europa-Park\" \/>\n<meta property=\"article:published_time\" content=\"2020-02-19T18:07:36+00:00\" \/>\n<meta property=\"article:modified_time\" content=\"2020-02-19T18:15:43+00:00\" \/>\n<meta property=\"og:image\" content=\"https:\/\/blog.europapark.de\/wp-content\/uploads\/2020\/02\/EP19_CanCan_Coastiality_Valerian_Anstehbereich_022_Motiv_111120-2-1024x554.png\" \/>\n\t<meta property=\"og:image:width\" content=\"1024\" \/>\n\t<meta property=\"og:image:height\" content=\"554\" \/>\n\t<meta property=\"og:image:type\" content=\"image\/png\" \/>\n<meta name=\"author\" content=\"S\u00e9bastien Ganzer\" \/>\n<meta name=\"twitter:card\" content=\"summary_large_image\" \/>\n<meta name=\"twitter:label1\" content=\"\u00c9crit par\" \/>\n\t<meta name=\"twitter:data1\" content=\"S\u00e9bastien Ganzer\" \/>\n\t<meta name=\"twitter:label2\" content=\"Dur\u00e9e de lecture estim\u00e9e\" \/>\n\t<meta name=\"twitter:data2\" content=\"5 minutes\" \/>\n<script type=\"application\/ld+json\" class=\"yoast-schema-graph\">{\"@context\":\"https:\/\/schema.org\",\"@graph\":[{\"@type\":\"Article\",\"@id\":\"https:\/\/blog.europapark.de\/fr\/innovations-et-medias\/la-famille-mack-annonce-sa-premiere-implantation-en-france\/#article\",\"isPartOf\":{\"@id\":\"https:\/\/blog.europapark.de\/fr\/innovations-et-medias\/la-famille-mack-annonce-sa-premiere-implantation-en-france\/\"},\"author\":{\"name\":\"S\u00e9bastien Ganzer\",\"@id\":\"https:\/\/blog.europapark.de\/fr\/#\/schema\/person\/c1a968379e4c123902ffe3d939b0ca3b\"},\"headline\":\"La famille Mack annonce sa premi\u00e8re implantation en France\",\"datePublished\":\"2020-02-19T18:07:36+00:00\",\"dateModified\":\"2020-02-19T18:15:43+00:00\",\"mainEntityOfPage\":{\"@id\":\"https:\/\/blog.europapark.de\/fr\/innovations-et-medias\/la-famille-mack-annonce-sa-premiere-implantation-en-france\/\"},\"wordCount\":1094,\"commentCount\":1,\"image\":{\"@id\":\"https:\/\/blog.europapark.de\/fr\/innovations-et-medias\/la-famille-mack-annonce-sa-premiere-implantation-en-france\/#primaryimage\"},\"thumbnailUrl\":\"https:\/\/blog.europapark.de\/wp-content\/uploads\/2020\/02\/EP19_CanCan_Coastiality_Valerian_Anstehbereich_022_Motiv_111120-2.png\",\"keywords\":[\"cr\u00e9ation\",\"France\",\"Innovation\",\"Mack International\",\"MackNext\",\"Plobsheim\"],\"articleSection\":[\"Innovations et m\u00e9dias\"],\"inLanguage\":\"fr-FR\",\"potentialAction\":[{\"@type\":\"CommentAction\",\"name\":\"Comment\",\"target\":[\"https:\/\/blog.europapark.de\/fr\/innovations-et-medias\/la-famille-mack-annonce-sa-premiere-implantation-en-france\/#respond\"]}]},{\"@type\":\"WebPage\",\"@id\":\"https:\/\/blog.europapark.de\/fr\/innovations-et-medias\/la-famille-mack-annonce-sa-premiere-implantation-en-france\/\",\"url\":\"https:\/\/blog.europapark.de\/fr\/innovations-et-medias\/la-famille-mack-annonce-sa-premiere-implantation-en-france\/\",\"name\":\"La famille Mack annonce sa premi\u00e8re implantation en France - Le blog officiel d\u2019Europa-Park\",\"isPartOf\":{\"@id\":\"https:\/\/blog.europapark.de\/fr\/#website\"},\"primaryImageOfPage\":{\"@id\":\"https:\/\/blog.europapark.de\/fr\/innovations-et-medias\/la-famille-mack-annonce-sa-premiere-implantation-en-france\/#primaryimage\"},\"image\":{\"@id\":\"https:\/\/blog.europapark.de\/fr\/innovations-et-medias\/la-famille-mack-annonce-sa-premiere-implantation-en-france\/#primaryimage\"},\"thumbnailUrl\":\"https:\/\/blog.europapark.de\/wp-content\/uploads\/2020\/02\/EP19_CanCan_Coastiality_Valerian_Anstehbereich_022_Motiv_111120-2.png\",\"datePublished\":\"2020-02-19T18:07:36+00:00\",\"dateModified\":\"2020-02-19T18:15:43+00:00\",\"author\":{\"@id\":\"https:\/\/blog.europapark.de\/fr\/#\/schema\/person\/c1a968379e4c123902ffe3d939b0ca3b\"},\"breadcrumb\":{\"@id\":\"https:\/\/blog.europapark.de\/fr\/innovations-et-medias\/la-famille-mack-annonce-sa-premiere-implantation-en-france\/#breadcrumb\"},\"inLanguage\":\"fr-FR\",\"potentialAction\":[{\"@type\":\"ReadAction\",\"target\":[\"https:\/\/blog.europapark.de\/fr\/innovations-et-medias\/la-famille-mack-annonce-sa-premiere-implantation-en-france\/\"]}]},{\"@type\":\"ImageObject\",\"inLanguage\":\"fr-FR\",\"@id\":\"https:\/\/blog.europapark.de\/fr\/innovations-et-medias\/la-famille-mack-annonce-sa-premiere-implantation-en-france\/#primaryimage\",\"url\":\"https:\/\/blog.europapark.de\/wp-content\/uploads\/2020\/02\/EP19_CanCan_Coastiality_Valerian_Anstehbereich_022_Motiv_111120-2.png\",\"contentUrl\":\"https:\/\/blog.europapark.de\/wp-content\/uploads\/2020\/02\/EP19_CanCan_Coastiality_Valerian_Anstehbereich_022_Motiv_111120-2.png\",\"width\":1772,\"height\":958},{\"@type\":\"BreadcrumbList\",\"@id\":\"https:\/\/blog.europapark.de\/fr\/innovations-et-medias\/la-famille-mack-annonce-sa-premiere-implantation-en-france\/#breadcrumb\",\"itemListElement\":[{\"@type\":\"ListItem\",\"position\":1,\"name\":\"Accueil\",\"item\":\"https:\/\/blog.europapark.de\/fr\/\"},{\"@type\":\"ListItem\",\"position\":2,\"name\":\"La famille Mack annonce sa premi\u00e8re implantation en France\"}]},{\"@type\":\"WebSite\",\"@id\":\"https:\/\/blog.europapark.de\/fr\/#website\",\"url\":\"https:\/\/blog.europapark.de\/fr\/\",\"name\":\"Le blog officiel d\u2019Europa-Park\",\"description\":\"\",\"potentialAction\":[{\"@type\":\"SearchAction\",\"target\":{\"@type\":\"EntryPoint\",\"urlTemplate\":\"https:\/\/blog.europapark.de\/fr\/?s={search_term_string}\"},\"query-input\":{\"@type\":\"PropertyValueSpecification\",\"valueRequired\":true,\"valueName\":\"search_term_string\"}}],\"inLanguage\":\"fr-FR\"},{\"@type\":\"Person\",\"@id\":\"https:\/\/blog.europapark.de\/fr\/#\/schema\/person\/c1a968379e4c123902ffe3d939b0ca3b\",\"name\":\"S\u00e9bastien Ganzer\",\"image\":{\"@type\":\"ImageObject\",\"inLanguage\":\"fr-FR\",\"@id\":\"https:\/\/blog.europapark.de\/fr\/#\/schema\/person\/image\/\",\"url\":\"https:\/\/blog.europapark.de\/wp-content\/uploads\/2019\/05\/sebastien_ganzer.jpg\",\"contentUrl\":\"https:\/\/blog.europapark.de\/wp-content\/uploads\/2019\/05\/sebastien_ganzer.jpg\",\"caption\":\"S\u00e9bastien Ganzer\"},\"url\":\"https:\/\/blog.europapark.de\/fr\/author\/sebastien-ganzer\/\"}]}<\/script>\n<!-- \/ Yoast SEO plugin. -->","yoast_head_json":{"title":"La famille Mack annonce sa premi\u00e8re implantation en France - Le blog officiel d\u2019Europa-Park","robots":{"index":"index","follow":"follow","max-snippet":"max-snippet:-1","max-image-preview":"max-image-preview:large","max-video-preview":"max-video-preview:-1"},"canonical":"https:\/\/blog.europapark.de\/fr\/innovations-et-medias\/la-famille-mack-annonce-sa-premiere-implantation-en-france\/","og_locale":"fr_FR","og_type":"article","og_title":"La famille Mack annonce sa premi\u00e8re implantation en France - Le blog officiel d\u2019Europa-Park","og_description":"Le groupe Mack International, propri\u00e9taire d\u2019Europa-Park, annonce son premier investissement en France. Sa filiale d\u00e9di\u00e9e \u00e0 la cr\u00e9ation multim\u00e9dia et...","og_url":"https:\/\/blog.europapark.de\/fr\/innovations-et-medias\/la-famille-mack-annonce-sa-premiere-implantation-en-france\/","og_site_name":"Le blog officiel d\u2019Europa-Park","article_published_time":"2020-02-19T18:07:36+00:00","article_modified_time":"2020-02-19T18:15:43+00:00","og_image":[{"width":1024,"height":554,"url":"https:\/\/blog.europapark.de\/wp-content\/uploads\/2020\/02\/EP19_CanCan_Coastiality_Valerian_Anstehbereich_022_Motiv_111120-2-1024x554.png","type":"image\/png"}],"author":"S\u00e9bastien Ganzer","twitter_card":"summary_large_image","twitter_misc":{"\u00c9crit par":"S\u00e9bastien Ganzer","Dur\u00e9e de lecture estim\u00e9e":"5 minutes"},"schema":{"@context":"https:\/\/schema.org","@graph":[{"@type":"Article","@id":"https:\/\/blog.europapark.de\/fr\/innovations-et-medias\/la-famille-mack-annonce-sa-premiere-implantation-en-france\/#article","isPartOf":{"@id":"https:\/\/blog.europapark.de\/fr\/innovations-et-medias\/la-famille-mack-annonce-sa-premiere-implantation-en-france\/"},"author":{"name":"S\u00e9bastien Ganzer","@id":"https:\/\/blog.europapark.de\/fr\/#\/schema\/person\/c1a968379e4c123902ffe3d939b0ca3b"},"headline":"La famille Mack annonce sa premi\u00e8re implantation en France","datePublished":"2020-02-19T18:07:36+00:00","dateModified":"2020-02-19T18:15:43+00:00","mainEntityOfPage":{"@id":"https:\/\/blog.europapark.de\/fr\/innovations-et-medias\/la-famille-mack-annonce-sa-premiere-implantation-en-france\/"},"wordCount":1094,"commentCount":1,"image":{"@id":"https:\/\/blog.europapark.de\/fr\/innovations-et-medias\/la-famille-mack-annonce-sa-premiere-implantation-en-france\/#primaryimage"},"thumbnailUrl":"https:\/\/blog.europapark.de\/wp-content\/uploads\/2020\/02\/EP19_CanCan_Coastiality_Valerian_Anstehbereich_022_Motiv_111120-2.png","keywords":["cr\u00e9ation","France","Innovation","Mack International","MackNext","Plobsheim"],"articleSection":["Innovations et m\u00e9dias"],"inLanguage":"fr-FR","potentialAction":[{"@type":"CommentAction","name":"Comment","target":["https:\/\/blog.europapark.de\/fr\/innovations-et-medias\/la-famille-mack-annonce-sa-premiere-implantation-en-france\/#respond"]}]},{"@type":"WebPage","@id":"https:\/\/blog.europapark.de\/fr\/innovations-et-medias\/la-famille-mack-annonce-sa-premiere-implantation-en-france\/","url":"https:\/\/blog.europapark.de\/fr\/innovations-et-medias\/la-famille-mack-annonce-sa-premiere-implantation-en-france\/","name":"La famille Mack annonce sa premi\u00e8re implantation en France - Le blog officiel d\u2019Europa-Park","isPartOf":{"@id":"https:\/\/blog.europapark.de\/fr\/#website"},"primaryImageOfPage":{"@id":"https:\/\/blog.europapark.de\/fr\/innovations-et-medias\/la-famille-mack-annonce-sa-premiere-implantation-en-france\/#primaryimage"},"image":{"@id":"https:\/\/blog.europapark.de\/fr\/innovations-et-medias\/la-famille-mack-annonce-sa-premiere-implantation-en-france\/#primaryimage"},"thumbnailUrl":"https:\/\/blog.europapark.de\/wp-content\/uploads\/2020\/02\/EP19_CanCan_Coastiality_Valerian_Anstehbereich_022_Motiv_111120-2.png","datePublished":"2020-02-19T18:07:36+00:00","dateModified":"2020-02-19T18:15:43+00:00","author":{"@id":"https:\/\/blog.europapark.de\/fr\/#\/schema\/person\/c1a968379e4c123902ffe3d939b0ca3b"},"breadcrumb":{"@id":"https:\/\/blog.europapark.de\/fr\/innovations-et-medias\/la-famille-mack-annonce-sa-premiere-implantation-en-france\/#breadcrumb"},"inLanguage":"fr-FR","potentialAction":[{"@type":"ReadAction","target":["https:\/\/blog.europapark.de\/fr\/innovations-et-medias\/la-famille-mack-annonce-sa-premiere-implantation-en-france\/"]}]},{"@type":"ImageObject","inLanguage":"fr-FR","@id":"https:\/\/blog.europapark.de\/fr\/innovations-et-medias\/la-famille-mack-annonce-sa-premiere-implantation-en-france\/#primaryimage","url":"https:\/\/blog.europapark.de\/wp-content\/uploads\/2020\/02\/EP19_CanCan_Coastiality_Valerian_Anstehbereich_022_Motiv_111120-2.png","contentUrl":"https:\/\/blog.europapark.de\/wp-content\/uploads\/2020\/02\/EP19_CanCan_Coastiality_Valerian_Anstehbereich_022_Motiv_111120-2.png","width":1772,"height":958},{"@type":"BreadcrumbList","@id":"https:\/\/blog.europapark.de\/fr\/innovations-et-medias\/la-famille-mack-annonce-sa-premiere-implantation-en-france\/#breadcrumb","itemListElement":[{"@type":"ListItem","position":1,"name":"Accueil","item":"https:\/\/blog.europapark.de\/fr\/"},{"@type":"ListItem","position":2,"name":"La famille Mack annonce sa premi\u00e8re implantation en France"}]},{"@type":"WebSite","@id":"https:\/\/blog.europapark.de\/fr\/#website","url":"https:\/\/blog.europapark.de\/fr\/","name":"Le blog officiel d\u2019Europa-Park","description":"","potentialAction":[{"@type":"SearchAction","target":{"@type":"EntryPoint","urlTemplate":"https:\/\/blog.europapark.de\/fr\/?s={search_term_string}"},"query-input":{"@type":"PropertyValueSpecification","valueRequired":true,"valueName":"search_term_string"}}],"inLanguage":"fr-FR"},{"@type":"Person","@id":"https:\/\/blog.europapark.de\/fr\/#\/schema\/person\/c1a968379e4c123902ffe3d939b0ca3b","name":"S\u00e9bastien Ganzer","image":{"@type":"ImageObject","inLanguage":"fr-FR","@id":"https:\/\/blog.europapark.de\/fr\/#\/schema\/person\/image\/","url":"https:\/\/blog.europapark.de\/wp-content\/uploads\/2019\/05\/sebastien_ganzer.jpg","contentUrl":"https:\/\/blog.europapark.de\/wp-content\/uploads\/2019\/05\/sebastien_ganzer.jpg","caption":"S\u00e9bastien Ganzer"},"url":"https:\/\/blog.europapark.de\/fr\/author\/sebastien-ganzer\/"}]}},"_links":{"self":[{"href":"https:\/\/blog.europapark.de\/fr\/wp-json\/wp\/v2\/posts\/4243","targetHints":{"allow":["GET"]}}],"collection":[{"href":"https:\/\/blog.europapark.de\/fr\/wp-json\/wp\/v2\/posts"}],"about":[{"href":"https:\/\/blog.europapark.de\/fr\/wp-json\/wp\/v2\/types\/post"}],"author":[{"embeddable":true,"href":"https:\/\/blog.europapark.de\/fr\/wp-json\/wp\/v2\/users\/12"}],"replies":[{"embeddable":true,"href":"https:\/\/blog.europapark.de\/fr\/wp-json\/wp\/v2\/comments?post=4243"}],"version-history":[{"count":9,"href":"https:\/\/blog.europapark.de\/fr\/wp-json\/wp\/v2\/posts\/4243\/revisions"}],"predecessor-version":[{"id":4272,"href":"https:\/\/blog.europapark.de\/fr\/wp-json\/wp\/v2\/posts\/4243\/revisions\/4272"}],"wp:featuredmedia":[{"embeddable":true,"href":"https:\/\/blog.europapark.de\/fr\/wp-json\/wp\/v2\/media\/4257"}],"wp:attachment":[{"href":"https:\/\/blog.europapark.de\/fr\/wp-json\/wp\/v2\/media?parent=4243"}],"wp:term":[{"taxonomy":"category","embeddable":true,"href":"https:\/\/blog.europapark.de\/fr\/wp-json\/wp\/v2\/categories?post=4243"},{"taxonomy":"post_tag","embeddable":true,"href":"https:\/\/blog.europapark.de\/fr\/wp-json\/wp\/v2\/tags?post=4243"}],"curies":[{"name":"wp","href":"https:\/\/api.w.org\/{rel}","templated":true}]}}