{"id":3886,"date":"2019-12-18T14:57:50","date_gmt":"2019-12-18T13:57:50","guid":{"rendered":"https:\/\/blog.europapark.de\/?p=3886"},"modified":"2021-11-10T15:23:39","modified_gmt":"2021-11-10T14:23:39","slug":"rencontre-avec-pierre-marchand-virtuose-mondial-du-diabolo","status":"publish","type":"post","link":"https:\/\/blog.europapark.de\/fr\/portrait\/rencontre-avec-pierre-marchand-virtuose-mondial-du-diabolo\/","title":{"rendered":"Rencontre avec Pierre Marchand, virtuose mondial du diabolo"},"content":{"rendered":"<p><strong>Il est \u00e9nergique, d\u00e9bordant de talent et c\u2019est surtout un virtuose du diabolo. Connu des fran\u00e7ais car il a notamment fait partie des finalistes de la France a un Incroyable Talent en 2012, Pierre Marchand est en ce moment en spectacle \u00e0 Europa-Park dans le Cirque d&#8217;Hiver et le D\u00eener-spectacle.<\/strong><\/p>\n<p><img loading=\"lazy\" decoding=\"async\" class=\"alignnone size-large wp-image-3956\" src=\"https:\/\/blog.europapark.de\/wp-content\/uploads\/2019\/12\/HJH09368-1024x576.jpg\" alt=\"\" width=\"1024\" height=\"576\" srcset=\"https:\/\/blog.europapark.de\/wp-content\/uploads\/2019\/12\/HJH09368-1024x576.jpg 1024w, https:\/\/blog.europapark.de\/wp-content\/uploads\/2019\/12\/HJH09368-400x225.jpg 400w, https:\/\/blog.europapark.de\/wp-content\/uploads\/2019\/12\/HJH09368-768x432.jpg 768w, https:\/\/blog.europapark.de\/wp-content\/uploads\/2019\/12\/HJH09368-1700x956.jpg 1700w, https:\/\/blog.europapark.de\/wp-content\/uploads\/2019\/12\/HJH09368.jpg 1920w\" sizes=\"auto, (max-width: 1024px) 100vw, 1024px\" \/><\/p>\n<p>N\u00e9 en Corse, Pierre Marchand a grandi en Afrique jusqu\u2019\u00e0 l\u2019\u00e2ge de 7 ans. Ses parents, professeurs, ont ensuite \u00e9t\u00e9 mut\u00e9s \u00e0 Paris et ont profit\u00e9 de ce retour pour inscrire Pierre \u00e0 l\u2019\u00e9cole de cirque d\u2019Annie Fratellini et Pierre \u00c9taix. Sa passion de la sc\u00e8ne est venue de l\u00e0 et ses facilit\u00e9s pour le diabolo l\u2019ont dirig\u00e9 vers cette discipline. Il a ensuite int\u00e9gr\u00e9 l\u2019\u00e9cole des enfants du spectacle et en est ressorti avec son bac scientifique en poche a 17 ans et un num\u00e9ro presque d\u00e9j\u00e0 abouti. Il a ensuite vite \u00e9t\u00e9 reconnu dans sa profession et a d\u00e9croch\u00e9 des contrats pour l&#8217;\u00e9mission Le Plus Grand Cabaret du Monde ou le Lido o\u00f9 il est rest\u00e9 pendant 10 ans. Il a \u00e9galement fait des apparitions aux c\u00f4t\u00e9s de Vincent Lagaf\u2019 dans le Bigdil o\u00f9 les candidats avaient pour mission de s\u2019essayer au diabolo avec lui.<\/p>\n<div class='wpmf-gallerys wpmf-gallerys-life'><div id=\"gallery-1\"\n data-gutter-width=\"5\"\n  data-wpmfcolumns=\"1\" class=\"wpmf-gallery gallery-link-file gallery-masonry gallery-columns-1 gallery-size-large wpmf-gallery-bottomspace-default wpmf-gallery-clear wpmf-has-border-radius-0 wpmf-gutterwidth-5\"><div class=\"wpmf-gallery-item\n     wpmf-gallery-item-position-1 wpmf-gallery-item-attachment-3952\"><div class=\"wpmf-gallery-icon\"><a class=\" not_video\" data-lightbox=\"1\" href=\"https:\/\/blog.europapark.de\/wp-content\/uploads\/2019\/12\/HJH09364-683x1024.jpg\" data-title=\"HJH09364\" target=\"_self\"><img loading=\"lazy\" decoding=\"async\" width=\"683\" height=\"1024\" src=\"https:\/\/blog.europapark.de\/wp-content\/uploads\/2019\/12\/HJH09364-683x1024.jpg\" class=\"attachment-large size-large\" alt=\"\" data-type=\"wpmfgalleryimg\" data-lazy-src=\"0\" srcset=\"https:\/\/blog.europapark.de\/wp-content\/uploads\/2019\/12\/HJH09364-683x1024.jpg 683w, https:\/\/blog.europapark.de\/wp-content\/uploads\/2019\/12\/HJH09364-200x300.jpg 200w, https:\/\/blog.europapark.de\/wp-content\/uploads\/2019\/12\/HJH09364-768x1151.jpg 768w, https:\/\/blog.europapark.de\/wp-content\/uploads\/2019\/12\/HJH09364.jpg 1281w\" sizes=\"auto, (max-width: 683px) 100vw, 683px\" \/><\/a><\/div><\/div><div class=\"wpmf-gallery-item\n     wpmf-gallery-item-position-2 wpmf-gallery-item-attachment-3948\"><div class=\"wpmf-gallery-icon\"><a class=\" not_video\" data-lightbox=\"1\" href=\"https:\/\/blog.europapark.de\/wp-content\/uploads\/2019\/12\/HJH09354-683x1024.jpg\" data-title=\"HJH09354\" target=\"_self\"><img loading=\"lazy\" decoding=\"async\" width=\"683\" height=\"1024\" src=\"https:\/\/blog.europapark.de\/wp-content\/uploads\/2019\/12\/HJH09354-683x1024.jpg\" class=\"attachment-large size-large\" alt=\"\" data-type=\"wpmfgalleryimg\" data-lazy-src=\"0\" srcset=\"https:\/\/blog.europapark.de\/wp-content\/uploads\/2019\/12\/HJH09354-683x1024.jpg 683w, https:\/\/blog.europapark.de\/wp-content\/uploads\/2019\/12\/HJH09354-200x300.jpg 200w, https:\/\/blog.europapark.de\/wp-content\/uploads\/2019\/12\/HJH09354-768x1151.jpg 768w, https:\/\/blog.europapark.de\/wp-content\/uploads\/2019\/12\/HJH09354.jpg 1281w\" sizes=\"auto, (max-width: 683px) 100vw, 683px\" \/><\/a><\/div><\/div><div class=\"wpmf-gallery-item\n     wpmf-gallery-item-position-3 wpmf-gallery-item-attachment-3950\"><div class=\"wpmf-gallery-icon\"><a class=\" not_video\" data-lightbox=\"1\" href=\"https:\/\/blog.europapark.de\/wp-content\/uploads\/2019\/12\/HJH09356-683x1024.jpg\" data-title=\"HJH09356\" target=\"_self\"><img loading=\"lazy\" decoding=\"async\" width=\"683\" height=\"1024\" src=\"https:\/\/blog.europapark.de\/wp-content\/uploads\/2019\/12\/HJH09356-683x1024.jpg\" class=\"attachment-large size-large\" alt=\"\" data-type=\"wpmfgalleryimg\" data-lazy-src=\"0\" srcset=\"https:\/\/blog.europapark.de\/wp-content\/uploads\/2019\/12\/HJH09356-683x1024.jpg 683w, https:\/\/blog.europapark.de\/wp-content\/uploads\/2019\/12\/HJH09356-200x300.jpg 200w, https:\/\/blog.europapark.de\/wp-content\/uploads\/2019\/12\/HJH09356-768x1151.jpg 768w, https:\/\/blog.europapark.de\/wp-content\/uploads\/2019\/12\/HJH09356.jpg 1281w\" sizes=\"auto, (max-width: 683px) 100vw, 683px\" \/><\/a><\/div><\/div><div class=\"wpmf-gallery-item\n     wpmf-gallery-item-position-4 wpmf-gallery-item-attachment-3946\"><div class=\"wpmf-gallery-icon\"><a class=\" not_video\" data-lightbox=\"1\" href=\"https:\/\/blog.europapark.de\/wp-content\/uploads\/2019\/12\/HJH09352-683x1024.jpg\" data-title=\"HJH09352\" target=\"_self\"><img loading=\"lazy\" decoding=\"async\" width=\"683\" height=\"1024\" src=\"https:\/\/blog.europapark.de\/wp-content\/uploads\/2019\/12\/HJH09352-683x1024.jpg\" class=\"attachment-large size-large\" alt=\"\" data-type=\"wpmfgalleryimg\" data-lazy-src=\"0\" srcset=\"https:\/\/blog.europapark.de\/wp-content\/uploads\/2019\/12\/HJH09352-683x1024.jpg 683w, https:\/\/blog.europapark.de\/wp-content\/uploads\/2019\/12\/HJH09352-200x300.jpg 200w, https:\/\/blog.europapark.de\/wp-content\/uploads\/2019\/12\/HJH09352-768x1151.jpg 768w, https:\/\/blog.europapark.de\/wp-content\/uploads\/2019\/12\/HJH09352.jpg 1281w\" sizes=\"auto, (max-width: 683px) 100vw, 683px\" \/><\/a><\/div><\/div><\/div><\/div>\n\n<p>Mais le vrai tremplin, c&#8217;\u00e9tait l\u2019\u00e9mission La France a un Incroyable Talent en 2012. Avec de nombreuses apparitions dans l&#8217;\u00e9mission et une reconnaissance accrue au sein de sa profession, cette exp\u00e9rience a d\u00e9cupl\u00e9 sa notori\u00e9t\u00e9 et sa popularit\u00e9. Elle l\u2019a propuls\u00e9 dans le c\u0153ur des fran\u00e7ais qui ont pu le suivre et s\u2019attacher \u00e0 lui jusqu\u2019en finale de la septi\u00e8me saison.<\/p>\n<blockquote><p>\u00a0\u00ab\u00a0La finale est en direct, c\u2019\u00e9tait compliqu\u00e9 mais ce fut une tr\u00e8s belle exp\u00e9rience et cela m\u2019a impact\u00e9 pendant plusieurs ann\u00e9es, on me reconnaissait dans la rue et on m\u2019en parle encore maintenant d\u2019ailleurs.\u00a0\u00bb<\/p><\/blockquote>\n<figure id=\"attachment_3960\" aria-labelledby=\"figcaption_attachment_3960\" class=\"wp-caption alignnone\"><img loading=\"lazy\" decoding=\"async\" class=\"size-large wp-image-3960\" src=\"https:\/\/blog.europapark.de\/wp-content\/uploads\/2019\/12\/HJH09418-1024x576.jpg\" alt=\"\" width=\"1024\" height=\"576\" srcset=\"https:\/\/blog.europapark.de\/wp-content\/uploads\/2019\/12\/HJH09418-1024x576.jpg 1024w, https:\/\/blog.europapark.de\/wp-content\/uploads\/2019\/12\/HJH09418-400x225.jpg 400w, https:\/\/blog.europapark.de\/wp-content\/uploads\/2019\/12\/HJH09418-768x432.jpg 768w, https:\/\/blog.europapark.de\/wp-content\/uploads\/2019\/12\/HJH09418-1700x956.jpg 1700w, https:\/\/blog.europapark.de\/wp-content\/uploads\/2019\/12\/HJH09418.jpg 1920w\" sizes=\"auto, (max-width: 1024px) 100vw, 1024px\" \/><figcaption id=\"figcaption_attachment_3960\" class=\"wp-caption-text\">Une partie de son num\u00e9ro se d\u00e9roule dans l&#8217;obscurit\u00e9<\/figcaption><\/figure>\n<h4>Et Europa-Park\u00a0?<\/h4>\n<p>Michael Mack l\u2019a d\u00e9couvert au Lido de Paris il y a une dizaine d\u2019ann\u00e9es et l\u2019a embauch\u00e9 pour son mariage. Tous les deux ont ensuite souhait\u00e9 travailler \u00e0 nouveau ensemble mais cela n\u2019a pas pu se faire jusqu\u2019\u00e0 cette ann\u00e9e puisque Pierre Marchand signe ses contrats tr\u00e8s en avance depuis une quinzaine d\u2019ann\u00e9es. \u00a0Son contrat avec Europa-Park a donc \u00e9t\u00e9 sign\u00e9 il y a 4 ans\u00a0d\u00e9j\u00e0\u00a0!<\/p>\n<blockquote><p>\u00ab J\u2019avais vraiment h\u00e2te de revenir travailler ici, je sais que les conditions de travail sont tr\u00e8s bonnes. En plus, le cadre est tr\u00e8s agr\u00e9able et le public toujours enthousiaste, que demander de plus ! \u00bb<\/p><\/blockquote>\n<p>Pour venir le voir, deux options s&#8217;offrent \u00e0 vous : le cirque en journ\u00e9e ou le d\u00eener-spectacle en soir\u00e9e. Tout au long de sa carri\u00e8re, Pierre Marchand a autant travaill\u00e9 dans des cirques que dans des cabarets. \u00c0 Europa-Park, il fait les deux ! Ses journ\u00e9es s\u2019articulent autour de ces deux shows entre lesquels il doit se pr\u00e9parer pour les diff\u00e9rentes repr\u00e9sentations, entretenir ses diabolos, s&#8217;entra\u00eener, transporter le mat\u00e9riel d\u2019un endroit \u00e0 un autre\u2026 Son rythme est intense puisqu\u2019il travaille 7 jours sur 7 et ex\u00e9cute son num\u00e9ro plusieurs fois par jour. Le cirque et le d\u00eener-spectacle sont deux univers tr\u00e8s diff\u00e9rents qui imposent leurs propres contraintes.<\/p>\n<blockquote><p>\u00ab La structure du num\u00e9ro reste la m\u00eame mais \u00e7a n\u2019a rien \u00e0 voir, l\u2019\u00e9l\u00e9ment de hauteur par exemple, tr\u00e8s pr\u00e9sent au cirque, n\u2019est pas pr\u00e9sent au d\u00eener-spectacle \u00bb<\/p><\/blockquote>\n<div class=\"wpmf-gallerys wpmf-gallerys-life\"><div id=\"gallery-2\" class=\"gallery wpmf_gallery_default gallery_default gallery-columns-1 gallery-size-large gallery-link-file wpmf-has-border-radius-0 wpmf-gutterwidth-5\"><figure class=\"wpmf-gallery-item\"><div class=\"wpmf-gallery-icon\"><a class=\" not_video\" data-lightbox=\"1\" href=\"https:\/\/blog.europapark.de\/wp-content\/uploads\/2019\/12\/EP19_Dinner_Show_125_116542-1024x683.jpg\" data-title=\"EP19_Dinner_Show_125_116542\" target=\"_self\"><img loading=\"lazy\" decoding=\"async\" width=\"1024\" height=\"683\" src=\"https:\/\/blog.europapark.de\/wp-content\/uploads\/2019\/12\/EP19_Dinner_Show_125_116542-1024x683.jpg\" class=\"attachment-large size-large\" alt=\"\" data-type=\"wpmfgalleryimg\" data-lazy-src=\"0\" srcset=\"https:\/\/blog.europapark.de\/wp-content\/uploads\/2019\/12\/EP19_Dinner_Show_125_116542-1024x683.jpg 1024w, https:\/\/blog.europapark.de\/wp-content\/uploads\/2019\/12\/EP19_Dinner_Show_125_116542-400x267.jpg 400w, https:\/\/blog.europapark.de\/wp-content\/uploads\/2019\/12\/EP19_Dinner_Show_125_116542-768x512.jpg 768w, https:\/\/blog.europapark.de\/wp-content\/uploads\/2019\/12\/EP19_Dinner_Show_125_116542-1700x1133.jpg 1700w\" sizes=\"auto, (max-width: 1024px) 100vw, 1024px\" \/><\/a><\/div><figcaption class=\"wp-caption-text gallery-caption\">Pierre Marchand pendant son num\u00e9ro au Dinner-Show d&#8217;Europa-Park<\/figcaption><\/figure><figure class=\"wpmf-gallery-item\"><div class=\"wpmf-gallery-icon\"><a class=\" not_video\" data-lightbox=\"1\" href=\"https:\/\/blog.europapark.de\/wp-content\/uploads\/2019\/12\/cirque-889x1024.png\" data-title=\"cirque\" target=\"_self\"><img loading=\"lazy\" decoding=\"async\" width=\"889\" height=\"1024\" src=\"https:\/\/blog.europapark.de\/wp-content\/uploads\/2019\/12\/cirque-889x1024.png\" class=\"attachment-large size-large\" alt=\"\" data-type=\"wpmfgalleryimg\" data-lazy-src=\"0\" srcset=\"https:\/\/blog.europapark.de\/wp-content\/uploads\/2019\/12\/cirque-889x1024.png 889w, https:\/\/blog.europapark.de\/wp-content\/uploads\/2019\/12\/cirque-260x300.png 260w, https:\/\/blog.europapark.de\/wp-content\/uploads\/2019\/12\/cirque-768x885.png 768w, https:\/\/blog.europapark.de\/wp-content\/uploads\/2019\/12\/cirque.png 1281w\" sizes=\"auto, (max-width: 889px) 100vw, 889px\" \/><\/a><\/div><figcaption class=\"wp-caption-text gallery-caption\">Pierre Marchand fait partie des artistes du cirque<\/figcaption><\/figure><\/div><\/div>\n<p>Son num\u00e9ro, tr\u00e8s \u00e9nergique (il perd environ 1,4 kg par repr\u00e9sentation), et qui dure 7 minutes 30, a \u00e9t\u00e9 pens\u00e9 avec son professeur, qui s&#8217;est occup\u00e9 des encha\u00eenements techniques par exemple, tandis que Pierre Marchand a imagin\u00e9 la partie artistique. Chaque fraction de seconde et chaque gestes sont millim\u00e9tr\u00e9s pour que l\u2019ensemble soit parfait. Malheureusement, m\u00eame si Pierre Marchand connait son num\u00e9ro par c\u0153ur, des rat\u00e9s surviennent parfois :<\/p>\n<blockquote><p>\u00ab Le jonglage est une des disciplines du cirque les plus ingrates : en une fraction de seconde, tout peut tomber par terre et tout le public le voit. \u00bb<\/p><\/blockquote>\n<div class='wpmf-gallerys wpmf-gallerys-life'><div id=\"gallery-3\"\n data-gutter-width=\"5\"\n  data-wpmfcolumns=\"1\" class=\"wpmf-gallery gallery-link-file gallery-masonry gallery-columns-1 gallery-size-large wpmf-gallery-bottomspace-default wpmf-gallery-clear wpmf-has-border-radius-0 wpmf-gutterwidth-5\"><div class=\"wpmf-gallery-item\n     wpmf-gallery-item-position-1 wpmf-gallery-item-attachment-3926\"><div class=\"wpmf-gallery-icon\"><a class=\" not_video\" data-lightbox=\"1\" href=\"https:\/\/blog.europapark.de\/wp-content\/uploads\/2019\/12\/IMG_2950-1024x683.jpg\" data-title=\"Pierre Marchand change les cordes apr\u00e8s chaque repr\u00e9sentation\" target=\"_self\"><img loading=\"lazy\" decoding=\"async\" width=\"1024\" height=\"683\" src=\"https:\/\/blog.europapark.de\/wp-content\/uploads\/2019\/12\/IMG_2950-1024x683.jpg\" class=\"attachment-large size-large\" alt=\"\" data-type=\"wpmfgalleryimg\" data-lazy-src=\"0\" srcset=\"https:\/\/blog.europapark.de\/wp-content\/uploads\/2019\/12\/IMG_2950-1024x683.jpg 1024w, https:\/\/blog.europapark.de\/wp-content\/uploads\/2019\/12\/IMG_2950-400x267.jpg 400w, https:\/\/blog.europapark.de\/wp-content\/uploads\/2019\/12\/IMG_2950-768x512.jpg 768w, https:\/\/blog.europapark.de\/wp-content\/uploads\/2019\/12\/IMG_2950-1700x1133.jpg 1700w\" sizes=\"auto, (max-width: 1024px) 100vw, 1024px\" \/><\/a><\/div><\/div><div class=\"wpmf-gallery-item\n     wpmf-gallery-item-position-2 wpmf-gallery-item-attachment-3924\"><div class=\"wpmf-gallery-icon\"><a class=\" not_video\" data-lightbox=\"1\" href=\"https:\/\/blog.europapark.de\/wp-content\/uploads\/2019\/12\/IMG_2949-1024x683.jpg\" data-title=\"Pierre Marchand change les cordes apr\u00e8s chaque repr\u00e9sentation\" target=\"_self\"><img loading=\"lazy\" decoding=\"async\" width=\"1024\" height=\"683\" src=\"https:\/\/blog.europapark.de\/wp-content\/uploads\/2019\/12\/IMG_2949-1024x683.jpg\" class=\"attachment-large size-large\" alt=\"\" data-type=\"wpmfgalleryimg\" data-lazy-src=\"0\" srcset=\"https:\/\/blog.europapark.de\/wp-content\/uploads\/2019\/12\/IMG_2949-1024x683.jpg 1024w, https:\/\/blog.europapark.de\/wp-content\/uploads\/2019\/12\/IMG_2949-400x267.jpg 400w, https:\/\/blog.europapark.de\/wp-content\/uploads\/2019\/12\/IMG_2949-768x512.jpg 768w, https:\/\/blog.europapark.de\/wp-content\/uploads\/2019\/12\/IMG_2949-1700x1133.jpg 1700w\" sizes=\"auto, (max-width: 1024px) 100vw, 1024px\" \/><\/a><\/div><\/div><div class=\"wpmf-gallery-item\n     wpmf-gallery-item-position-3 wpmf-gallery-item-attachment-3981\"><div class=\"wpmf-gallery-icon\"><a class=\" not_video\" data-lightbox=\"1\" href=\"https:\/\/blog.europapark.de\/wp-content\/uploads\/2019\/12\/PMm1-1024x837.jpg\" data-title=\"Le maquillage fait \u00e9galement partie des pr\u00e9paratifs\" target=\"_self\"><img loading=\"lazy\" decoding=\"async\" width=\"1024\" height=\"837\" src=\"https:\/\/blog.europapark.de\/wp-content\/uploads\/2019\/12\/PMm1-1024x837.jpg\" class=\"attachment-large size-large\" alt=\"\" data-type=\"wpmfgalleryimg\" data-lazy-src=\"0\" srcset=\"https:\/\/blog.europapark.de\/wp-content\/uploads\/2019\/12\/PMm1-1024x837.jpg 1024w, https:\/\/blog.europapark.de\/wp-content\/uploads\/2019\/12\/PMm1-367x300.jpg 367w, https:\/\/blog.europapark.de\/wp-content\/uploads\/2019\/12\/PMm1-768x628.jpg 768w, https:\/\/blog.europapark.de\/wp-content\/uploads\/2019\/12\/PMm1-1700x1389.jpg 1700w\" sizes=\"auto, (max-width: 1024px) 100vw, 1024px\" \/><\/a><\/div><\/div><\/div><\/div>\n\n<h4>Et apr\u00e8s Europa-Park ?<\/h4>\n<p>Signant ses contrats en avance, il sait d\u00e9j\u00e0 o\u00f9 il sera les 4 prochaines ann\u00e9es : Br\u00e9sil, Suisse, Londres, Kirwiller. Pour avoir une vie priv\u00e9e en revanche, c\u2019est plus compliqu\u00e9 en voyageant et s\u2019entra\u00eenant beaucoup, et surtout, comme lorsqu\u2019il est ici, en travaillant 7 jours sur 7.<\/p>\n<p>\u00ab Je me suis donn\u00e9 jusqu\u2019\u00e0 mes 45 ans, puis j\u2019arr\u00eaterai le diabolo et je commencerai une deuxi\u00e8me vie avec un tout autre rythme. \u00bb<\/p>\n<p>En tout cas, on lui souhaite de continuer \u00e0 d\u00e9border d\u2019\u00e9nergie et de talent pendant encore longtemps et on vous conseille d\u2019aller le voir \u00e0 Europa-Park avant la fin de la saison hivernale !<\/p>\n<p><img loading=\"lazy\" decoding=\"async\" class=\"alignnone size-large wp-image-3894\" src=\"https:\/\/blog.europapark.de\/wp-content\/uploads\/2019\/12\/EP19_Dinner_Show_127_116547-1024x683.jpg\" alt=\"\" width=\"1024\" height=\"683\" srcset=\"https:\/\/blog.europapark.de\/wp-content\/uploads\/2019\/12\/EP19_Dinner_Show_127_116547-1024x683.jpg 1024w, https:\/\/blog.europapark.de\/wp-content\/uploads\/2019\/12\/EP19_Dinner_Show_127_116547-400x267.jpg 400w, https:\/\/blog.europapark.de\/wp-content\/uploads\/2019\/12\/EP19_Dinner_Show_127_116547-768x512.jpg 768w, https:\/\/blog.europapark.de\/wp-content\/uploads\/2019\/12\/EP19_Dinner_Show_127_116547-1700x1133.jpg 1700w\" sizes=\"auto, (max-width: 1024px) 100vw, 1024px\" \/><\/p>\n","protected":false},"excerpt":{"rendered":"<p>Il est \u00e9nergique, d\u00e9bordant de talent et c\u2019est surtout un virtuose du diabolo. Connu des fran\u00e7ais car il a notamment&#8230;<\/p>\n","protected":false},"author":17,"featured_media":3972,"comment_status":"open","ping_status":"open","sticky":false,"template":"","format":"standard","meta":{"_acf_changed":false,"footnotes":""},"categories":[207,206],"tags":[230,362,363,364,361],"class_list":["post-3886","post","type-post","status-publish","format-standard","has-post-thumbnail","hentry","category-europa-park-fr","category-portrait","tag-artiste","tag-cirque","tag-diabolo","tag-dinner-show","tag-pierre-marchand"],"acf":[],"yoast_head":"<!-- This site is optimized with the Yoast SEO plugin v26.9 - https:\/\/yoast.com\/product\/yoast-seo-wordpress\/ -->\n<title>Rencontre avec Pierre Marchand, virtuose mondial du diabolo - Le blog officiel d\u2019Europa-Park<\/title>\n<meta name=\"robots\" content=\"index, follow, max-snippet:-1, max-image-preview:large, max-video-preview:-1\" \/>\n<link rel=\"canonical\" href=\"https:\/\/blog.europapark.de\/fr\/portrait\/rencontre-avec-pierre-marchand-virtuose-mondial-du-diabolo\/\" \/>\n<meta property=\"og:locale\" content=\"fr_FR\" \/>\n<meta property=\"og:type\" content=\"article\" \/>\n<meta property=\"og:title\" content=\"Rencontre avec Pierre Marchand, virtuose mondial du diabolo - Le blog officiel d\u2019Europa-Park\" \/>\n<meta property=\"og:description\" content=\"Il est \u00e9nergique, d\u00e9bordant de talent et c\u2019est surtout un virtuose du diabolo. Connu des fran\u00e7ais car il a notamment...\" \/>\n<meta property=\"og:url\" content=\"https:\/\/blog.europapark.de\/fr\/portrait\/rencontre-avec-pierre-marchand-virtuose-mondial-du-diabolo\/\" \/>\n<meta property=\"og:site_name\" content=\"Le blog officiel d\u2019Europa-Park\" \/>\n<meta property=\"article:published_time\" content=\"2019-12-18T13:57:50+00:00\" \/>\n<meta property=\"article:modified_time\" content=\"2021-11-10T14:23:39+00:00\" \/>\n<meta property=\"og:image\" content=\"https:\/\/blog.europapark.de\/wp-content\/uploads\/2019\/12\/HJH09317-1-1024x492.jpg\" \/>\n\t<meta property=\"og:image:width\" content=\"1024\" \/>\n\t<meta property=\"og:image:height\" content=\"492\" \/>\n\t<meta property=\"og:image:type\" content=\"image\/jpeg\" \/>\n<meta name=\"author\" content=\"Ludivine Iltis\" \/>\n<meta name=\"twitter:card\" content=\"summary_large_image\" \/>\n<meta name=\"twitter:label1\" content=\"\u00c9crit par\" \/>\n\t<meta name=\"twitter:data1\" content=\"Ludivine Iltis\" \/>\n\t<meta name=\"twitter:label2\" content=\"Dur\u00e9e de lecture estim\u00e9e\" \/>\n\t<meta name=\"twitter:data2\" content=\"4 minutes\" \/>\n<script type=\"application\/ld+json\" class=\"yoast-schema-graph\">{\"@context\":\"https:\/\/schema.org\",\"@graph\":[{\"@type\":\"Article\",\"@id\":\"https:\/\/blog.europapark.de\/fr\/portrait\/rencontre-avec-pierre-marchand-virtuose-mondial-du-diabolo\/#article\",\"isPartOf\":{\"@id\":\"https:\/\/blog.europapark.de\/fr\/portrait\/rencontre-avec-pierre-marchand-virtuose-mondial-du-diabolo\/\"},\"author\":{\"name\":\"Ludivine Iltis\",\"@id\":\"https:\/\/blog.europapark.de\/fr\/#\/schema\/person\/afb6d05941d526655e9ba5dcc302a853\"},\"headline\":\"Rencontre avec Pierre Marchand, virtuose mondial du diabolo\",\"datePublished\":\"2019-12-18T13:57:50+00:00\",\"dateModified\":\"2021-11-10T14:23:39+00:00\",\"mainEntityOfPage\":{\"@id\":\"https:\/\/blog.europapark.de\/fr\/portrait\/rencontre-avec-pierre-marchand-virtuose-mondial-du-diabolo\/\"},\"wordCount\":874,\"commentCount\":0,\"image\":{\"@id\":\"https:\/\/blog.europapark.de\/fr\/portrait\/rencontre-avec-pierre-marchand-virtuose-mondial-du-diabolo\/#primaryimage\"},\"thumbnailUrl\":\"https:\/\/blog.europapark.de\/wp-content\/uploads\/2019\/12\/HJH09317-1.jpg\",\"keywords\":[\"Artiste\",\"cirque\",\"diabolo\",\"Dinner-Show\",\"Pierre Marchand\"],\"articleSection\":[\"Europa-Park\",\"Portrait\"],\"inLanguage\":\"fr-FR\",\"potentialAction\":[{\"@type\":\"CommentAction\",\"name\":\"Comment\",\"target\":[\"https:\/\/blog.europapark.de\/fr\/portrait\/rencontre-avec-pierre-marchand-virtuose-mondial-du-diabolo\/#respond\"]}]},{\"@type\":\"WebPage\",\"@id\":\"https:\/\/blog.europapark.de\/fr\/portrait\/rencontre-avec-pierre-marchand-virtuose-mondial-du-diabolo\/\",\"url\":\"https:\/\/blog.europapark.de\/fr\/portrait\/rencontre-avec-pierre-marchand-virtuose-mondial-du-diabolo\/\",\"name\":\"Rencontre avec Pierre Marchand, virtuose mondial du diabolo - Le blog officiel d\u2019Europa-Park\",\"isPartOf\":{\"@id\":\"https:\/\/blog.europapark.de\/fr\/#website\"},\"primaryImageOfPage\":{\"@id\":\"https:\/\/blog.europapark.de\/fr\/portrait\/rencontre-avec-pierre-marchand-virtuose-mondial-du-diabolo\/#primaryimage\"},\"image\":{\"@id\":\"https:\/\/blog.europapark.de\/fr\/portrait\/rencontre-avec-pierre-marchand-virtuose-mondial-du-diabolo\/#primaryimage\"},\"thumbnailUrl\":\"https:\/\/blog.europapark.de\/wp-content\/uploads\/2019\/12\/HJH09317-1.jpg\",\"datePublished\":\"2019-12-18T13:57:50+00:00\",\"dateModified\":\"2021-11-10T14:23:39+00:00\",\"author\":{\"@id\":\"https:\/\/blog.europapark.de\/fr\/#\/schema\/person\/afb6d05941d526655e9ba5dcc302a853\"},\"breadcrumb\":{\"@id\":\"https:\/\/blog.europapark.de\/fr\/portrait\/rencontre-avec-pierre-marchand-virtuose-mondial-du-diabolo\/#breadcrumb\"},\"inLanguage\":\"fr-FR\",\"potentialAction\":[{\"@type\":\"ReadAction\",\"target\":[\"https:\/\/blog.europapark.de\/fr\/portrait\/rencontre-avec-pierre-marchand-virtuose-mondial-du-diabolo\/\"]}]},{\"@type\":\"ImageObject\",\"inLanguage\":\"fr-FR\",\"@id\":\"https:\/\/blog.europapark.de\/fr\/portrait\/rencontre-avec-pierre-marchand-virtuose-mondial-du-diabolo\/#primaryimage\",\"url\":\"https:\/\/blog.europapark.de\/wp-content\/uploads\/2019\/12\/HJH09317-1.jpg\",\"contentUrl\":\"https:\/\/blog.europapark.de\/wp-content\/uploads\/2019\/12\/HJH09317-1.jpg\",\"width\":4622,\"height\":2219},{\"@type\":\"BreadcrumbList\",\"@id\":\"https:\/\/blog.europapark.de\/fr\/portrait\/rencontre-avec-pierre-marchand-virtuose-mondial-du-diabolo\/#breadcrumb\",\"itemListElement\":[{\"@type\":\"ListItem\",\"position\":1,\"name\":\"Accueil\",\"item\":\"https:\/\/blog.europapark.de\/fr\/\"},{\"@type\":\"ListItem\",\"position\":2,\"name\":\"Rencontre avec Pierre Marchand, virtuose mondial du diabolo\"}]},{\"@type\":\"WebSite\",\"@id\":\"https:\/\/blog.europapark.de\/fr\/#website\",\"url\":\"https:\/\/blog.europapark.de\/fr\/\",\"name\":\"Le blog officiel d\u2019Europa-Park\",\"description\":\"\",\"potentialAction\":[{\"@type\":\"SearchAction\",\"target\":{\"@type\":\"EntryPoint\",\"urlTemplate\":\"https:\/\/blog.europapark.de\/fr\/?s={search_term_string}\"},\"query-input\":{\"@type\":\"PropertyValueSpecification\",\"valueRequired\":true,\"valueName\":\"search_term_string\"}}],\"inLanguage\":\"fr-FR\"},{\"@type\":\"Person\",\"@id\":\"https:\/\/blog.europapark.de\/fr\/#\/schema\/person\/afb6d05941d526655e9ba5dcc302a853\",\"name\":\"Ludivine Iltis\",\"image\":{\"@type\":\"ImageObject\",\"inLanguage\":\"fr-FR\",\"@id\":\"https:\/\/blog.europapark.de\/fr\/#\/schema\/person\/image\/\",\"url\":\"https:\/\/blog.europapark.de\/wp-content\/uploads\/2020\/01\/ludivine_iltis.jpg\",\"contentUrl\":\"https:\/\/blog.europapark.de\/wp-content\/uploads\/2020\/01\/ludivine_iltis.jpg\",\"caption\":\"Ludivine Iltis\"},\"url\":\"https:\/\/blog.europapark.de\/fr\/author\/ludivine-iltis\/\"}]}<\/script>\n<!-- \/ Yoast SEO plugin. -->","yoast_head_json":{"title":"Rencontre avec Pierre Marchand, virtuose mondial du diabolo - Le blog officiel d\u2019Europa-Park","robots":{"index":"index","follow":"follow","max-snippet":"max-snippet:-1","max-image-preview":"max-image-preview:large","max-video-preview":"max-video-preview:-1"},"canonical":"https:\/\/blog.europapark.de\/fr\/portrait\/rencontre-avec-pierre-marchand-virtuose-mondial-du-diabolo\/","og_locale":"fr_FR","og_type":"article","og_title":"Rencontre avec Pierre Marchand, virtuose mondial du diabolo - Le blog officiel d\u2019Europa-Park","og_description":"Il est \u00e9nergique, d\u00e9bordant de talent et c\u2019est surtout un virtuose du diabolo. Connu des fran\u00e7ais car il a notamment...","og_url":"https:\/\/blog.europapark.de\/fr\/portrait\/rencontre-avec-pierre-marchand-virtuose-mondial-du-diabolo\/","og_site_name":"Le blog officiel d\u2019Europa-Park","article_published_time":"2019-12-18T13:57:50+00:00","article_modified_time":"2021-11-10T14:23:39+00:00","og_image":[{"width":1024,"height":492,"url":"https:\/\/blog.europapark.de\/wp-content\/uploads\/2019\/12\/HJH09317-1-1024x492.jpg","type":"image\/jpeg"}],"author":"Ludivine Iltis","twitter_card":"summary_large_image","twitter_misc":{"\u00c9crit par":"Ludivine Iltis","Dur\u00e9e de lecture estim\u00e9e":"4 minutes"},"schema":{"@context":"https:\/\/schema.org","@graph":[{"@type":"Article","@id":"https:\/\/blog.europapark.de\/fr\/portrait\/rencontre-avec-pierre-marchand-virtuose-mondial-du-diabolo\/#article","isPartOf":{"@id":"https:\/\/blog.europapark.de\/fr\/portrait\/rencontre-avec-pierre-marchand-virtuose-mondial-du-diabolo\/"},"author":{"name":"Ludivine Iltis","@id":"https:\/\/blog.europapark.de\/fr\/#\/schema\/person\/afb6d05941d526655e9ba5dcc302a853"},"headline":"Rencontre avec Pierre Marchand, virtuose mondial du diabolo","datePublished":"2019-12-18T13:57:50+00:00","dateModified":"2021-11-10T14:23:39+00:00","mainEntityOfPage":{"@id":"https:\/\/blog.europapark.de\/fr\/portrait\/rencontre-avec-pierre-marchand-virtuose-mondial-du-diabolo\/"},"wordCount":874,"commentCount":0,"image":{"@id":"https:\/\/blog.europapark.de\/fr\/portrait\/rencontre-avec-pierre-marchand-virtuose-mondial-du-diabolo\/#primaryimage"},"thumbnailUrl":"https:\/\/blog.europapark.de\/wp-content\/uploads\/2019\/12\/HJH09317-1.jpg","keywords":["Artiste","cirque","diabolo","Dinner-Show","Pierre Marchand"],"articleSection":["Europa-Park","Portrait"],"inLanguage":"fr-FR","potentialAction":[{"@type":"CommentAction","name":"Comment","target":["https:\/\/blog.europapark.de\/fr\/portrait\/rencontre-avec-pierre-marchand-virtuose-mondial-du-diabolo\/#respond"]}]},{"@type":"WebPage","@id":"https:\/\/blog.europapark.de\/fr\/portrait\/rencontre-avec-pierre-marchand-virtuose-mondial-du-diabolo\/","url":"https:\/\/blog.europapark.de\/fr\/portrait\/rencontre-avec-pierre-marchand-virtuose-mondial-du-diabolo\/","name":"Rencontre avec Pierre Marchand, virtuose mondial du diabolo - Le blog officiel d\u2019Europa-Park","isPartOf":{"@id":"https:\/\/blog.europapark.de\/fr\/#website"},"primaryImageOfPage":{"@id":"https:\/\/blog.europapark.de\/fr\/portrait\/rencontre-avec-pierre-marchand-virtuose-mondial-du-diabolo\/#primaryimage"},"image":{"@id":"https:\/\/blog.europapark.de\/fr\/portrait\/rencontre-avec-pierre-marchand-virtuose-mondial-du-diabolo\/#primaryimage"},"thumbnailUrl":"https:\/\/blog.europapark.de\/wp-content\/uploads\/2019\/12\/HJH09317-1.jpg","datePublished":"2019-12-18T13:57:50+00:00","dateModified":"2021-11-10T14:23:39+00:00","author":{"@id":"https:\/\/blog.europapark.de\/fr\/#\/schema\/person\/afb6d05941d526655e9ba5dcc302a853"},"breadcrumb":{"@id":"https:\/\/blog.europapark.de\/fr\/portrait\/rencontre-avec-pierre-marchand-virtuose-mondial-du-diabolo\/#breadcrumb"},"inLanguage":"fr-FR","potentialAction":[{"@type":"ReadAction","target":["https:\/\/blog.europapark.de\/fr\/portrait\/rencontre-avec-pierre-marchand-virtuose-mondial-du-diabolo\/"]}]},{"@type":"ImageObject","inLanguage":"fr-FR","@id":"https:\/\/blog.europapark.de\/fr\/portrait\/rencontre-avec-pierre-marchand-virtuose-mondial-du-diabolo\/#primaryimage","url":"https:\/\/blog.europapark.de\/wp-content\/uploads\/2019\/12\/HJH09317-1.jpg","contentUrl":"https:\/\/blog.europapark.de\/wp-content\/uploads\/2019\/12\/HJH09317-1.jpg","width":4622,"height":2219},{"@type":"BreadcrumbList","@id":"https:\/\/blog.europapark.de\/fr\/portrait\/rencontre-avec-pierre-marchand-virtuose-mondial-du-diabolo\/#breadcrumb","itemListElement":[{"@type":"ListItem","position":1,"name":"Accueil","item":"https:\/\/blog.europapark.de\/fr\/"},{"@type":"ListItem","position":2,"name":"Rencontre avec Pierre Marchand, virtuose mondial du diabolo"}]},{"@type":"WebSite","@id":"https:\/\/blog.europapark.de\/fr\/#website","url":"https:\/\/blog.europapark.de\/fr\/","name":"Le blog officiel d\u2019Europa-Park","description":"","potentialAction":[{"@type":"SearchAction","target":{"@type":"EntryPoint","urlTemplate":"https:\/\/blog.europapark.de\/fr\/?s={search_term_string}"},"query-input":{"@type":"PropertyValueSpecification","valueRequired":true,"valueName":"search_term_string"}}],"inLanguage":"fr-FR"},{"@type":"Person","@id":"https:\/\/blog.europapark.de\/fr\/#\/schema\/person\/afb6d05941d526655e9ba5dcc302a853","name":"Ludivine Iltis","image":{"@type":"ImageObject","inLanguage":"fr-FR","@id":"https:\/\/blog.europapark.de\/fr\/#\/schema\/person\/image\/","url":"https:\/\/blog.europapark.de\/wp-content\/uploads\/2020\/01\/ludivine_iltis.jpg","contentUrl":"https:\/\/blog.europapark.de\/wp-content\/uploads\/2020\/01\/ludivine_iltis.jpg","caption":"Ludivine Iltis"},"url":"https:\/\/blog.europapark.de\/fr\/author\/ludivine-iltis\/"}]}},"_links":{"self":[{"href":"https:\/\/blog.europapark.de\/fr\/wp-json\/wp\/v2\/posts\/3886","targetHints":{"allow":["GET"]}}],"collection":[{"href":"https:\/\/blog.europapark.de\/fr\/wp-json\/wp\/v2\/posts"}],"about":[{"href":"https:\/\/blog.europapark.de\/fr\/wp-json\/wp\/v2\/types\/post"}],"author":[{"embeddable":true,"href":"https:\/\/blog.europapark.de\/fr\/wp-json\/wp\/v2\/users\/17"}],"replies":[{"embeddable":true,"href":"https:\/\/blog.europapark.de\/fr\/wp-json\/wp\/v2\/comments?post=3886"}],"version-history":[{"count":27,"href":"https:\/\/blog.europapark.de\/fr\/wp-json\/wp\/v2\/posts\/3886\/revisions"}],"predecessor-version":[{"id":7182,"href":"https:\/\/blog.europapark.de\/fr\/wp-json\/wp\/v2\/posts\/3886\/revisions\/7182"}],"wp:featuredmedia":[{"embeddable":true,"href":"https:\/\/blog.europapark.de\/fr\/wp-json\/wp\/v2\/media\/3972"}],"wp:attachment":[{"href":"https:\/\/blog.europapark.de\/fr\/wp-json\/wp\/v2\/media?parent=3886"}],"wp:term":[{"taxonomy":"category","embeddable":true,"href":"https:\/\/blog.europapark.de\/fr\/wp-json\/wp\/v2\/categories?post=3886"},{"taxonomy":"post_tag","embeddable":true,"href":"https:\/\/blog.europapark.de\/fr\/wp-json\/wp\/v2\/tags?post=3886"}],"curies":[{"name":"wp","href":"https:\/\/api.w.org\/{rel}","templated":true}]}}