{"id":3431,"date":"2019-10-12T11:39:53","date_gmt":"2019-10-12T09:39:53","guid":{"rendered":"https:\/\/blog.europapark.de\/?p=3431"},"modified":"2019-10-12T11:39:53","modified_gmt":"2019-10-12T09:39:53","slug":"linterview-anniversaire-de-roland-mack","status":"publish","type":"post","link":"https:\/\/blog.europapark.de\/fr\/portrait\/linterview-anniversaire-de-roland-mack\/","title":{"rendered":"L&#8217;interview anniversaire de Roland Mack"},"content":{"rendered":"<p><em><strong>Roland Mack, propri\u00e9taire et fondateur d\u2019Europa-Park, c\u00e9l\u00e8bre son 70e anniversaire en ce samedi 12 octobre. Dans cette interview, il nous parle de la cr\u00e9ation du parc en 1975 aux c\u00f4t\u00e9s de son p\u00e8re Franz Mack, du r\u00f4le de l\u2019usine de construction de grands huit Mack Rides et des projets futurs. <\/strong><\/em><\/p>\n<figure id=\"attachment_3417\" aria-labelledby=\"figcaption_attachment_3417\" class=\"wp-caption aligncenter\"><img loading=\"lazy\" decoding=\"async\" class=\"wp-image-3417 size-full\" src=\"https:\/\/blog.europapark.de\/wp-content\/uploads\/2019\/10\/Unbenannt-2.jpg.jpg\" alt=\"Schon als kleiner Junge liebte Roland Mack alles, was schnell f\u00e4hrt. \" width=\"950\" height=\"735\" srcset=\"https:\/\/blog.europapark.de\/wp-content\/uploads\/2019\/10\/Unbenannt-2.jpg.jpg 950w, https:\/\/blog.europapark.de\/wp-content\/uploads\/2019\/10\/Unbenannt-2.jpg-388x300.jpg 388w, https:\/\/blog.europapark.de\/wp-content\/uploads\/2019\/10\/Unbenannt-2.jpg-768x594.jpg 768w\" sizes=\"auto, (max-width: 950px) 100vw, 950px\" \/><figcaption id=\"figcaption_attachment_3417\" class=\"wp-caption-text\">D\u00e8s son plus jeune \u00e2ge, Roland Mack \u00e9tait f\u00e9ru de vitesse.<\/figcaption><\/figure>\n<p><strong>Monsieur Mack, il y a 44 ans de cela, vous fondiez Europa-Park avec votre p\u00e8re Franz. Ce projet \u00e9tait un investissement tr\u00e8s risqu\u00e9. Comment vous sentiez-vous \u00e0 l\u2019\u00e9poque?<\/strong><br \/>\nDans les ann\u00e9es 70, les grands parcs de loisirs n\u2019\u00e9taient pas l\u00e9gion, que ce soit en Allemagne ou en Europe. Mon p\u00e8re et moi avons eu le courage de nous lancer dans une aventure extraordinaire, que personne n\u2019avait tent\u00e9e auparavant. Les banques \u00e9taient sceptiques. Mais j\u2019avais une confiance sans faille en mon p\u00e8re : il finissait toujours par achever avec brio ce qu\u2019il prenait en main. Et nous avions le nez dans le guidon d\u00e8s le d\u00e9part : pas le temps de tergiverser ou de se chamailler, nous devions co\u00fbte que co\u00fbte attirer un demi-million de visiteurs. C\u2019\u00e9tait le chiffre \u00e0 atteindre pour amortir l\u2019investissement. Tout le monde a mis la main \u00e0 la p\u00e2te. Mon \u00e9pouse Marianne \u00e9tait par exemple \u00e0 la caisse. Nous avons souvent travaill\u00e9 jusque tard dans la nuit.<\/p>\n<figure id=\"attachment_3413\" aria-labelledby=\"figcaption_attachment_3413\" class=\"wp-caption aligncenter\"><img loading=\"lazy\" decoding=\"async\" class=\"wp-image-3413 size-large\" src=\"https:\/\/blog.europapark.de\/wp-content\/uploads\/2019\/10\/Roland-Mack-Franz-Mack-Marianne-Mack-v.links_.jpg-1024x681.jpg\" alt=\"Roland Mack (links) mit Ehefrau Marianne und seinem Vater Franz: Er war sein gro\u00dfes Vorbild. \" width=\"1024\" height=\"681\" srcset=\"https:\/\/blog.europapark.de\/wp-content\/uploads\/2019\/10\/Roland-Mack-Franz-Mack-Marianne-Mack-v.links_.jpg-1024x681.jpg 1024w, https:\/\/blog.europapark.de\/wp-content\/uploads\/2019\/10\/Roland-Mack-Franz-Mack-Marianne-Mack-v.links_.jpg-400x266.jpg 400w, https:\/\/blog.europapark.de\/wp-content\/uploads\/2019\/10\/Roland-Mack-Franz-Mack-Marianne-Mack-v.links_.jpg-768x511.jpg 768w, https:\/\/blog.europapark.de\/wp-content\/uploads\/2019\/10\/Roland-Mack-Franz-Mack-Marianne-Mack-v.links_.jpg-1700x1131.jpg 1700w\" sizes=\"auto, (max-width: 1024px) 100vw, 1024px\" \/><figcaption id=\"figcaption_attachment_3413\" class=\"wp-caption-text\">Roland Mack (\u00e0 gauche) avec son \u00e9pouse Marianne et son p\u00e8re Franz\u00a0: il \u00e9tait son mod\u00e8le.<\/figcaption><\/figure>\n<p><strong>Quelle est la recette du succ\u00e8s d\u2019Europa-Park\u00a0?<\/strong><br \/>\nMon p\u00e8re disait \u00e0 l\u2019\u00e9poque : \u00ab Nous devons construire un parc pour toute la famille \u00bb. C\u2019\u00e9tait la meilleure d\u00e9cision \u00e0 prendre. Il ne s\u2019est pas laiss\u00e9 entra\u00eener par la tendance des superlatifs, qui voulait qu\u2019on propose des grands huit toujours plus rapides. Le parc \u00e9tait prosp\u00e8re sans avoir besoin de \u00e7a. Nous avons construit le premier grand man\u00e8ge au bout de dix ans, Silver Star, Blue Fire et Wodan sont venus bien apr\u00e8s. Depuis son ouverture en juillet 1975, Europa-Park a accueilli plus de 120 millions de visiteurs, nous avons investi plus de 900 millions d\u2019Euros sans avoir jamais touch\u00e9 la moindre subvention publique. La qualit\u00e9 et l\u2019innovation constante sont des ingr\u00e9dients essentiels de la recette de notre succ\u00e8s. Nous ne nous sommes jamais repos\u00e9s sur nos lauriers, bien au contraire. Nous avons construit des h\u00f4tels et \u00e9labor\u00e9 des prototypes comme le grand huit th\u00e9matique Arthur.<\/p>\n<figure id=\"attachment_3411\" aria-labelledby=\"figcaption_attachment_3411\" class=\"wp-caption aligncenter\"><img loading=\"lazy\" decoding=\"async\" class=\"wp-image-3411 size-large\" src=\"https:\/\/blog.europapark.de\/wp-content\/uploads\/2019\/10\/CTH3324.JPG.jpg-1024x681.jpg\" alt=\"L\u00e4uft alles? Der studierte Ingenieur Roland Mack \u00fcberpr\u00fcft die Technik einer modernen Hochgeschwindigkeitsachterbahn von Mack Rides. \" width=\"1024\" height=\"681\" srcset=\"https:\/\/blog.europapark.de\/wp-content\/uploads\/2019\/10\/CTH3324.JPG.jpg-1024x681.jpg 1024w, https:\/\/blog.europapark.de\/wp-content\/uploads\/2019\/10\/CTH3324.JPG.jpg-400x266.jpg 400w, https:\/\/blog.europapark.de\/wp-content\/uploads\/2019\/10\/CTH3324.JPG.jpg-768x511.jpg 768w, https:\/\/blog.europapark.de\/wp-content\/uploads\/2019\/10\/CTH3324.JPG.jpg-1700x1131.jpg 1700w\" sizes=\"auto, (max-width: 1024px) 100vw, 1024px\" \/><figcaption id=\"figcaption_attachment_3411\" class=\"wp-caption-text\">Est-ce que tout est en ordre\u00a0? En tant qu\u2019ing\u00e9nieur dipl\u00f4m\u00e9 en g\u00e9nie m\u00e9canique, Roland Mack contr\u00f4le les dispositifs techniques d\u2019un grand huit de Mack Rides.<\/figcaption><\/figure>\n<p><strong>Quel est le r\u00f4le de Mack Rides ?<\/strong><br \/>\n\u00catre \u00e0 la t\u00eate de Mack Rides, fabricant de man\u00e8ges et d\u2019attractions, tout en exploitant dans le m\u00eame temps un parc de loisirs, est une combinaison unique au monde. En tant qu&#8217;associ\u00e9 et ancien directeur, j\u2019ai \u00e9t\u00e9 le moteur du d\u00e9veloppement de l\u2019usine Mack Rides \u00e0 Waldkirch, et j\u2019ai r\u00e9ussi \u00e0 redresser la barre dans une phase critique de l\u2019entreprise. Nous avons int\u00e9gralement restructur\u00e9 l\u2019entreprise, qui exporte d\u00e9sormais 95 % de sa production dans le monde entier. Il y a 30 ans de cela, c\u2019\u00e9tait exactement l\u2019inverse : plus de 90 % des produits \u00e9taient vendu sur le march\u00e9 int\u00e9rieur en Allemagne. Ces ann\u00e9es ont \u00e9t\u00e9 intenses et \u00e9prouvantes, car nous d\u00e9veloppions Europa-Park en parall\u00e8le. Mais nous avons tenu bon, gr\u00e2ce \u00e0 notre technologie, nos m\u00e9thodes de production et nos id\u00e9es novatrices. Mack Rides compte aujourd\u2019hui parmi les leaders de la construction de grands huit et attractions dans le monde.<\/p>\n<figure id=\"attachment_3415\" aria-labelledby=\"figcaption_attachment_3415\" class=\"wp-caption aligncenter\"><img loading=\"lazy\" decoding=\"async\" class=\"wp-image-3415 size-large\" src=\"https:\/\/blog.europapark.de\/wp-content\/uploads\/2019\/10\/DeutscherGruenderpreis_RolandMack.JPG.jpg-1024x683.jpg\" alt=\"Roland Mack mit Ehefrau Marianne und den Kindern Michael, Thomas und Ann-Kathrin bei der Verleihung des Deutschen Gr\u00fcnderpreises 2016. \" width=\"1024\" height=\"683\" srcset=\"https:\/\/blog.europapark.de\/wp-content\/uploads\/2019\/10\/DeutscherGruenderpreis_RolandMack.JPG.jpg-1024x683.jpg 1024w, https:\/\/blog.europapark.de\/wp-content\/uploads\/2019\/10\/DeutscherGruenderpreis_RolandMack.JPG.jpg-400x267.jpg 400w, https:\/\/blog.europapark.de\/wp-content\/uploads\/2019\/10\/DeutscherGruenderpreis_RolandMack.JPG.jpg-768x512.jpg 768w, https:\/\/blog.europapark.de\/wp-content\/uploads\/2019\/10\/DeutscherGruenderpreis_RolandMack.JPG.jpg-1700x1133.jpg 1700w\" sizes=\"auto, (max-width: 1024px) 100vw, 1024px\" \/><figcaption id=\"figcaption_attachment_3415\" class=\"wp-caption-text\">Roland Mack aux c\u00f4t\u00e9s de son \u00e9pouse Marianne et de ses enfants Michael, Thomas et Ann-Kathrin lors de la remise du Deutsche Gr\u00fcnderpreis 2016 (Prix des Cr\u00e9ateurs d\u2019Entreprise).<\/figcaption><\/figure>\n<p><strong>Comment \u00eates-vous parvenu \u00e0 convaincre vos enfants de s\u2019investir dans l\u2019entreprise familiale\u00a0?<\/strong><br \/>\nUne entreprise, on doit l\u2019avoir dans le sang d\u00e8s le plus jeune \u00e2ge, c\u2019est h\u00e9r\u00e9ditaire. Les Mack ont toujours v\u00e9cu au c\u0153ur m\u00eame des sites de l\u2019entreprise. Pendant mon enfance, j\u2019invitais mes amis \u00e0 venir tester les attractions dans la cour de l&#8217;usine : vous imaginez \u00e0 quel point j\u2019\u00e9tais populaire ! Je suis reconnaissant et fier de voir que mes enfants Michael, Thomas et Ann-Kathrin ont trouv\u00e9 leur voie. Ce sont de belles personnes, qui ont un bon m\u00e9tier, et ils d\u00e9bordent de sensibilit\u00e9 et de convivialit\u00e9. Ce sont l\u00e0 les qualit\u00e9s id\u00e9ales pour p\u00e9renniser le succ\u00e8s de notre entreprise. Cela me rend tr\u00e8s heureux, m\u00eame si je ne l\u2019exprime pas souvent.<\/p>\n<figure id=\"attachment_3407\" aria-labelledby=\"figcaption_attachment_3407\" class=\"wp-caption aligncenter\"><img loading=\"lazy\" decoding=\"async\" class=\"wp-image-3407 size-large\" src=\"https:\/\/blog.europapark.de\/wp-content\/uploads\/2019\/10\/0B310E26474E4CDB3A650FA7000C441A.jpg-1024x683.jpg\" alt=\"Vor den Toren des Europa-Park entsteht die neue Wasserwelt Rulantica. Er\u00f6ffnung ist am 28. November 2019. \" width=\"1024\" height=\"683\" srcset=\"https:\/\/blog.europapark.de\/wp-content\/uploads\/2019\/10\/0B310E26474E4CDB3A650FA7000C441A.jpg-1024x683.jpg 1024w, https:\/\/blog.europapark.de\/wp-content\/uploads\/2019\/10\/0B310E26474E4CDB3A650FA7000C441A.jpg-400x267.jpg 400w, https:\/\/blog.europapark.de\/wp-content\/uploads\/2019\/10\/0B310E26474E4CDB3A650FA7000C441A.jpg-768x512.jpg 768w, https:\/\/blog.europapark.de\/wp-content\/uploads\/2019\/10\/0B310E26474E4CDB3A650FA7000C441A.jpg-1700x1133.jpg 1700w\" sizes=\"auto, (max-width: 1024px) 100vw, 1024px\" \/><figcaption id=\"figcaption_attachment_3407\" class=\"wp-caption-text\">Le nouvel univers aquatique Rulantica est en cours d\u2019ach\u00e8vement aux portes d\u2019Europa-Park. L\u2019ouverture aura lieu le 28 novembre 2019.<\/figcaption><\/figure>\n<p><strong>Rulantica est le plus grand investissement de l\u2019histoire de l\u2019entreprise. Qu\u2019en attendez-vous\u00a0?<\/strong><br \/>\nAvec Rulantica, nous souhaitons \u00e9largir l\u2019attractivit\u00e9 de notre destination sur toute l\u2019ann\u00e9e et continuer \u00e0 assurer le succ\u00e8s d\u2019Europa-Park. Le fait d&#8217;avoir d\u00e9sormais une offre ouverte toute l\u2019ann\u00e9e nous permet de garder des collaborateurs qualifi\u00e9s dans nos rangs. Rulantica nous offre aussi la chance d\u2019optimiser encore le taux de remplissage de nos h\u00f4tels. Pour l\u2019instant, nos h\u00f4tes restent en moyenne 1,5 nuit chez nous. Ce ratio augmentera certainement avec Rulantica. Mais le plus important pour l\u2019instant, c\u2019est que nos visiteurs passent un agr\u00e9able moment dans notre nouvel univers aquatique.<\/p>\n<p><strong>Quelles sont les nouvelles attractions pr\u00e9vues \u00e0 l\u2019avenir\u00a0?<\/strong><br \/>\nCeux qui nous connaissent savent que nous avons toujours de tr\u00e8s nombreuses id\u00e9es. Mais ils savent aussi que nous avan\u00e7ons en mettant un pied devant l\u2019autre. Si le nombre de nuit\u00e9es augmente, et que les lits viennent \u00e0 manquer, nous ferons le n\u00e9cessaire pour proposer de nouvelles solutions d\u2019h\u00e9bergement. Si le parc aquatique est prosp\u00e8re, nous l\u2019agrandirons. Europa-Park dispose aussi de terrains vierges. Nous avons tout ce qu\u2019il nous faut : notre d\u00e9partement cr\u00e9atif novateur Mack Solutions, des terrains en r\u00e9serve, les autorisations n\u00e9cessaires, du personnel hautement qualifi\u00e9. Lorsque le temps sera propice et opportun, nous serons en mesure de mettre en \u0153uvre de nombreux nouveaux projets.<\/p>\n<p>&nbsp;<\/p>\n<p>Toute l&#8217;\u00e9quipe du blog d&#8217;Europa-Park souhaite \u00e0 Roland Mack le plus beau des anniversaires et lui souhaite encore de belles ann\u00e9es de prosp\u00e9rit\u00e9 !<\/p>\n","protected":false},"excerpt":{"rendered":"<p>Roland Mack, propri\u00e9taire et fondateur d\u2019Europa-Park, c\u00e9l\u00e8bre son 70e anniversaire en ce samedi 12 octobre. Dans cette interview, il nous&#8230;<\/p>\n","protected":false},"author":12,"featured_media":3425,"comment_status":"open","ping_status":"open","sticky":false,"template":"","format":"standard","meta":{"_acf_changed":false,"footnotes":""},"categories":[207,206],"tags":[220,263,323],"class_list":["post-3431","post","type-post","status-publish","format-standard","has-post-thumbnail","hentry","category-europa-park-fr","category-portrait","tag-europa-park-fr","tag-mack-rides-fr","tag-roland-mack-fr"],"acf":[],"yoast_head":"<!-- This site is optimized with the Yoast SEO plugin v26.9 - https:\/\/yoast.com\/product\/yoast-seo-wordpress\/ -->\n<title>L&#039;interview anniversaire de Roland Mack - Le blog officiel d\u2019Europa-Park<\/title>\n<meta name=\"robots\" content=\"index, follow, max-snippet:-1, max-image-preview:large, max-video-preview:-1\" \/>\n<link rel=\"canonical\" href=\"https:\/\/blog.europapark.de\/fr\/portrait\/linterview-anniversaire-de-roland-mack\/\" \/>\n<meta property=\"og:locale\" content=\"fr_FR\" \/>\n<meta property=\"og:type\" content=\"article\" \/>\n<meta property=\"og:title\" content=\"L&#039;interview anniversaire de Roland Mack - Le blog officiel d\u2019Europa-Park\" \/>\n<meta property=\"og:description\" content=\"Roland Mack, propri\u00e9taire et fondateur d\u2019Europa-Park, c\u00e9l\u00e8bre son 70e anniversaire en ce samedi 12 octobre. Dans cette interview, il nous...\" \/>\n<meta property=\"og:url\" content=\"https:\/\/blog.europapark.de\/fr\/portrait\/linterview-anniversaire-de-roland-mack\/\" \/>\n<meta property=\"og:site_name\" content=\"Le blog officiel d\u2019Europa-Park\" \/>\n<meta property=\"article:published_time\" content=\"2019-10-12T09:39:53+00:00\" \/>\n<meta property=\"og:image\" content=\"https:\/\/blog.europapark.de\/wp-content\/uploads\/2019\/10\/RolandMack_bluefire-2.jpg-Kopie-2.jpg\" \/>\n\t<meta property=\"og:image:width\" content=\"2712\" \/>\n\t<meta property=\"og:image:height\" content=\"1087\" \/>\n\t<meta property=\"og:image:type\" content=\"image\/jpeg\" \/>\n<meta name=\"author\" content=\"S\u00e9bastien Ganzer\" \/>\n<meta name=\"twitter:card\" content=\"summary_large_image\" \/>\n<meta name=\"twitter:label1\" content=\"\u00c9crit par\" \/>\n\t<meta name=\"twitter:data1\" content=\"S\u00e9bastien Ganzer\" \/>\n\t<meta name=\"twitter:label2\" content=\"Dur\u00e9e de lecture estim\u00e9e\" \/>\n\t<meta name=\"twitter:data2\" content=\"6 minutes\" \/>\n<script type=\"application\/ld+json\" class=\"yoast-schema-graph\">{\"@context\":\"https:\/\/schema.org\",\"@graph\":[{\"@type\":\"Article\",\"@id\":\"https:\/\/blog.europapark.de\/fr\/portrait\/linterview-anniversaire-de-roland-mack\/#article\",\"isPartOf\":{\"@id\":\"https:\/\/blog.europapark.de\/fr\/portrait\/linterview-anniversaire-de-roland-mack\/\"},\"author\":{\"name\":\"S\u00e9bastien Ganzer\",\"@id\":\"https:\/\/blog.europapark.de\/fr\/#\/schema\/person\/c1a968379e4c123902ffe3d939b0ca3b\"},\"headline\":\"L&#8217;interview anniversaire de Roland Mack\",\"datePublished\":\"2019-10-12T09:39:53+00:00\",\"mainEntityOfPage\":{\"@id\":\"https:\/\/blog.europapark.de\/fr\/portrait\/linterview-anniversaire-de-roland-mack\/\"},\"wordCount\":1142,\"commentCount\":0,\"image\":{\"@id\":\"https:\/\/blog.europapark.de\/fr\/portrait\/linterview-anniversaire-de-roland-mack\/#primaryimage\"},\"thumbnailUrl\":\"https:\/\/blog.europapark.de\/wp-content\/uploads\/2019\/10\/RolandMack_bluefire-2.jpg-Kopie-2.jpg\",\"keywords\":[\"Europa-Park\",\"Mack Rides\",\"Roland Mack\"],\"articleSection\":[\"Europa-Park\",\"Portrait\"],\"inLanguage\":\"fr-FR\",\"potentialAction\":[{\"@type\":\"CommentAction\",\"name\":\"Comment\",\"target\":[\"https:\/\/blog.europapark.de\/fr\/portrait\/linterview-anniversaire-de-roland-mack\/#respond\"]}]},{\"@type\":\"WebPage\",\"@id\":\"https:\/\/blog.europapark.de\/fr\/portrait\/linterview-anniversaire-de-roland-mack\/\",\"url\":\"https:\/\/blog.europapark.de\/fr\/portrait\/linterview-anniversaire-de-roland-mack\/\",\"name\":\"L'interview anniversaire de Roland Mack - Le blog officiel d\u2019Europa-Park\",\"isPartOf\":{\"@id\":\"https:\/\/blog.europapark.de\/fr\/#website\"},\"primaryImageOfPage\":{\"@id\":\"https:\/\/blog.europapark.de\/fr\/portrait\/linterview-anniversaire-de-roland-mack\/#primaryimage\"},\"image\":{\"@id\":\"https:\/\/blog.europapark.de\/fr\/portrait\/linterview-anniversaire-de-roland-mack\/#primaryimage\"},\"thumbnailUrl\":\"https:\/\/blog.europapark.de\/wp-content\/uploads\/2019\/10\/RolandMack_bluefire-2.jpg-Kopie-2.jpg\",\"datePublished\":\"2019-10-12T09:39:53+00:00\",\"author\":{\"@id\":\"https:\/\/blog.europapark.de\/fr\/#\/schema\/person\/c1a968379e4c123902ffe3d939b0ca3b\"},\"breadcrumb\":{\"@id\":\"https:\/\/blog.europapark.de\/fr\/portrait\/linterview-anniversaire-de-roland-mack\/#breadcrumb\"},\"inLanguage\":\"fr-FR\",\"potentialAction\":[{\"@type\":\"ReadAction\",\"target\":[\"https:\/\/blog.europapark.de\/fr\/portrait\/linterview-anniversaire-de-roland-mack\/\"]}]},{\"@type\":\"ImageObject\",\"inLanguage\":\"fr-FR\",\"@id\":\"https:\/\/blog.europapark.de\/fr\/portrait\/linterview-anniversaire-de-roland-mack\/#primaryimage\",\"url\":\"https:\/\/blog.europapark.de\/wp-content\/uploads\/2019\/10\/RolandMack_bluefire-2.jpg-Kopie-2.jpg\",\"contentUrl\":\"https:\/\/blog.europapark.de\/wp-content\/uploads\/2019\/10\/RolandMack_bluefire-2.jpg-Kopie-2.jpg\",\"width\":2712,\"height\":1087},{\"@type\":\"BreadcrumbList\",\"@id\":\"https:\/\/blog.europapark.de\/fr\/portrait\/linterview-anniversaire-de-roland-mack\/#breadcrumb\",\"itemListElement\":[{\"@type\":\"ListItem\",\"position\":1,\"name\":\"Accueil\",\"item\":\"https:\/\/blog.europapark.de\/fr\/\"},{\"@type\":\"ListItem\",\"position\":2,\"name\":\"L&#8217;interview anniversaire de Roland Mack\"}]},{\"@type\":\"WebSite\",\"@id\":\"https:\/\/blog.europapark.de\/fr\/#website\",\"url\":\"https:\/\/blog.europapark.de\/fr\/\",\"name\":\"Le blog officiel d\u2019Europa-Park\",\"description\":\"\",\"potentialAction\":[{\"@type\":\"SearchAction\",\"target\":{\"@type\":\"EntryPoint\",\"urlTemplate\":\"https:\/\/blog.europapark.de\/fr\/?s={search_term_string}\"},\"query-input\":{\"@type\":\"PropertyValueSpecification\",\"valueRequired\":true,\"valueName\":\"search_term_string\"}}],\"inLanguage\":\"fr-FR\"},{\"@type\":\"Person\",\"@id\":\"https:\/\/blog.europapark.de\/fr\/#\/schema\/person\/c1a968379e4c123902ffe3d939b0ca3b\",\"name\":\"S\u00e9bastien Ganzer\",\"image\":{\"@type\":\"ImageObject\",\"inLanguage\":\"fr-FR\",\"@id\":\"https:\/\/blog.europapark.de\/fr\/#\/schema\/person\/image\/\",\"url\":\"https:\/\/blog.europapark.de\/wp-content\/uploads\/2019\/05\/sebastien_ganzer.jpg\",\"contentUrl\":\"https:\/\/blog.europapark.de\/wp-content\/uploads\/2019\/05\/sebastien_ganzer.jpg\",\"caption\":\"S\u00e9bastien Ganzer\"},\"url\":\"https:\/\/blog.europapark.de\/fr\/author\/sebastien-ganzer\/\"}]}<\/script>\n<!-- \/ Yoast SEO plugin. -->","yoast_head_json":{"title":"L'interview anniversaire de Roland Mack - Le blog officiel d\u2019Europa-Park","robots":{"index":"index","follow":"follow","max-snippet":"max-snippet:-1","max-image-preview":"max-image-preview:large","max-video-preview":"max-video-preview:-1"},"canonical":"https:\/\/blog.europapark.de\/fr\/portrait\/linterview-anniversaire-de-roland-mack\/","og_locale":"fr_FR","og_type":"article","og_title":"L'interview anniversaire de Roland Mack - Le blog officiel d\u2019Europa-Park","og_description":"Roland Mack, propri\u00e9taire et fondateur d\u2019Europa-Park, c\u00e9l\u00e8bre son 70e anniversaire en ce samedi 12 octobre. Dans cette interview, il nous...","og_url":"https:\/\/blog.europapark.de\/fr\/portrait\/linterview-anniversaire-de-roland-mack\/","og_site_name":"Le blog officiel d\u2019Europa-Park","article_published_time":"2019-10-12T09:39:53+00:00","og_image":[{"width":2712,"height":1087,"url":"https:\/\/blog.europapark.de\/wp-content\/uploads\/2019\/10\/RolandMack_bluefire-2.jpg-Kopie-2.jpg","type":"image\/jpeg"}],"author":"S\u00e9bastien Ganzer","twitter_card":"summary_large_image","twitter_misc":{"\u00c9crit par":"S\u00e9bastien Ganzer","Dur\u00e9e de lecture estim\u00e9e":"6 minutes"},"schema":{"@context":"https:\/\/schema.org","@graph":[{"@type":"Article","@id":"https:\/\/blog.europapark.de\/fr\/portrait\/linterview-anniversaire-de-roland-mack\/#article","isPartOf":{"@id":"https:\/\/blog.europapark.de\/fr\/portrait\/linterview-anniversaire-de-roland-mack\/"},"author":{"name":"S\u00e9bastien Ganzer","@id":"https:\/\/blog.europapark.de\/fr\/#\/schema\/person\/c1a968379e4c123902ffe3d939b0ca3b"},"headline":"L&#8217;interview anniversaire de Roland Mack","datePublished":"2019-10-12T09:39:53+00:00","mainEntityOfPage":{"@id":"https:\/\/blog.europapark.de\/fr\/portrait\/linterview-anniversaire-de-roland-mack\/"},"wordCount":1142,"commentCount":0,"image":{"@id":"https:\/\/blog.europapark.de\/fr\/portrait\/linterview-anniversaire-de-roland-mack\/#primaryimage"},"thumbnailUrl":"https:\/\/blog.europapark.de\/wp-content\/uploads\/2019\/10\/RolandMack_bluefire-2.jpg-Kopie-2.jpg","keywords":["Europa-Park","Mack Rides","Roland Mack"],"articleSection":["Europa-Park","Portrait"],"inLanguage":"fr-FR","potentialAction":[{"@type":"CommentAction","name":"Comment","target":["https:\/\/blog.europapark.de\/fr\/portrait\/linterview-anniversaire-de-roland-mack\/#respond"]}]},{"@type":"WebPage","@id":"https:\/\/blog.europapark.de\/fr\/portrait\/linterview-anniversaire-de-roland-mack\/","url":"https:\/\/blog.europapark.de\/fr\/portrait\/linterview-anniversaire-de-roland-mack\/","name":"L'interview anniversaire de Roland Mack - Le blog officiel d\u2019Europa-Park","isPartOf":{"@id":"https:\/\/blog.europapark.de\/fr\/#website"},"primaryImageOfPage":{"@id":"https:\/\/blog.europapark.de\/fr\/portrait\/linterview-anniversaire-de-roland-mack\/#primaryimage"},"image":{"@id":"https:\/\/blog.europapark.de\/fr\/portrait\/linterview-anniversaire-de-roland-mack\/#primaryimage"},"thumbnailUrl":"https:\/\/blog.europapark.de\/wp-content\/uploads\/2019\/10\/RolandMack_bluefire-2.jpg-Kopie-2.jpg","datePublished":"2019-10-12T09:39:53+00:00","author":{"@id":"https:\/\/blog.europapark.de\/fr\/#\/schema\/person\/c1a968379e4c123902ffe3d939b0ca3b"},"breadcrumb":{"@id":"https:\/\/blog.europapark.de\/fr\/portrait\/linterview-anniversaire-de-roland-mack\/#breadcrumb"},"inLanguage":"fr-FR","potentialAction":[{"@type":"ReadAction","target":["https:\/\/blog.europapark.de\/fr\/portrait\/linterview-anniversaire-de-roland-mack\/"]}]},{"@type":"ImageObject","inLanguage":"fr-FR","@id":"https:\/\/blog.europapark.de\/fr\/portrait\/linterview-anniversaire-de-roland-mack\/#primaryimage","url":"https:\/\/blog.europapark.de\/wp-content\/uploads\/2019\/10\/RolandMack_bluefire-2.jpg-Kopie-2.jpg","contentUrl":"https:\/\/blog.europapark.de\/wp-content\/uploads\/2019\/10\/RolandMack_bluefire-2.jpg-Kopie-2.jpg","width":2712,"height":1087},{"@type":"BreadcrumbList","@id":"https:\/\/blog.europapark.de\/fr\/portrait\/linterview-anniversaire-de-roland-mack\/#breadcrumb","itemListElement":[{"@type":"ListItem","position":1,"name":"Accueil","item":"https:\/\/blog.europapark.de\/fr\/"},{"@type":"ListItem","position":2,"name":"L&#8217;interview anniversaire de Roland Mack"}]},{"@type":"WebSite","@id":"https:\/\/blog.europapark.de\/fr\/#website","url":"https:\/\/blog.europapark.de\/fr\/","name":"Le blog officiel d\u2019Europa-Park","description":"","potentialAction":[{"@type":"SearchAction","target":{"@type":"EntryPoint","urlTemplate":"https:\/\/blog.europapark.de\/fr\/?s={search_term_string}"},"query-input":{"@type":"PropertyValueSpecification","valueRequired":true,"valueName":"search_term_string"}}],"inLanguage":"fr-FR"},{"@type":"Person","@id":"https:\/\/blog.europapark.de\/fr\/#\/schema\/person\/c1a968379e4c123902ffe3d939b0ca3b","name":"S\u00e9bastien Ganzer","image":{"@type":"ImageObject","inLanguage":"fr-FR","@id":"https:\/\/blog.europapark.de\/fr\/#\/schema\/person\/image\/","url":"https:\/\/blog.europapark.de\/wp-content\/uploads\/2019\/05\/sebastien_ganzer.jpg","contentUrl":"https:\/\/blog.europapark.de\/wp-content\/uploads\/2019\/05\/sebastien_ganzer.jpg","caption":"S\u00e9bastien Ganzer"},"url":"https:\/\/blog.europapark.de\/fr\/author\/sebastien-ganzer\/"}]}},"_links":{"self":[{"href":"https:\/\/blog.europapark.de\/fr\/wp-json\/wp\/v2\/posts\/3431","targetHints":{"allow":["GET"]}}],"collection":[{"href":"https:\/\/blog.europapark.de\/fr\/wp-json\/wp\/v2\/posts"}],"about":[{"href":"https:\/\/blog.europapark.de\/fr\/wp-json\/wp\/v2\/types\/post"}],"author":[{"embeddable":true,"href":"https:\/\/blog.europapark.de\/fr\/wp-json\/wp\/v2\/users\/12"}],"replies":[{"embeddable":true,"href":"https:\/\/blog.europapark.de\/fr\/wp-json\/wp\/v2\/comments?post=3431"}],"version-history":[{"count":3,"href":"https:\/\/blog.europapark.de\/fr\/wp-json\/wp\/v2\/posts\/3431\/revisions"}],"predecessor-version":[{"id":3456,"href":"https:\/\/blog.europapark.de\/fr\/wp-json\/wp\/v2\/posts\/3431\/revisions\/3456"}],"wp:featuredmedia":[{"embeddable":true,"href":"https:\/\/blog.europapark.de\/fr\/wp-json\/wp\/v2\/media\/3425"}],"wp:attachment":[{"href":"https:\/\/blog.europapark.de\/fr\/wp-json\/wp\/v2\/media?parent=3431"}],"wp:term":[{"taxonomy":"category","embeddable":true,"href":"https:\/\/blog.europapark.de\/fr\/wp-json\/wp\/v2\/categories?post=3431"},{"taxonomy":"post_tag","embeddable":true,"href":"https:\/\/blog.europapark.de\/fr\/wp-json\/wp\/v2\/tags?post=3431"}],"curies":[{"name":"wp","href":"https:\/\/api.w.org\/{rel}","templated":true}]}}