{"id":2980,"date":"2019-09-04T16:44:14","date_gmt":"2019-09-04T14:44:14","guid":{"rendered":"https:\/\/blog.europapark.de\/?p=2980"},"modified":"2021-11-10T15:12:28","modified_gmt":"2021-11-10T14:12:28","slug":"remy-bricka-lhomme-orchestre-qui-vous-fait-voir-la-vie-en-couleurs","status":"publish","type":"post","link":"https:\/\/blog.europapark.de\/fr\/europa-park-fr\/remy-bricka-lhomme-orchestre-qui-vous-fait-voir-la-vie-en-couleurs\/","title":{"rendered":"R\u00e9my Bricka : l&#8217;homme-orchestre qui vous fait voir la vie en couleurs"},"content":{"rendered":"<p><em><strong>Derri\u00e8re chaque Homme se cache un talent particulier, et <a href=\"http:\/\/www.remybricka.com\/\">R\u00e9my Bricka<\/a> en a plusieurs, surtout celui de la musique. C&#8217;est un artiste hors pair : il r\u00e9unit \u00e0 lui seul tout un orchestre et reste grav\u00e9 dans l\u2019esprit de plusieurs g\u00e9n\u00e9rations, soit comme homme-orchestre soit en tant que premier homme \u00e0 avoir travers\u00e9 l\u2019Atlantique \u00e0 skis flotteurs. Il apporte sa joie de vivre depuis plus de 40 ans dans les all\u00e9es d\u2019Europa-Park et est encore r\u00e9guli\u00e8rement pr\u00e9sent aujourd\u2019hui dans le parc et dans la parade.<\/strong><\/em><\/p>\n<figure id=\"attachment_3003\" aria-labelledby=\"figcaption_attachment_3003\" class=\"wp-caption alignnone\"><img loading=\"lazy\" decoding=\"async\" class=\"wp-image-3003 size-full\" src=\"https:\/\/blog.europapark.de\/wp-content\/uploads\/2019\/08\/R\u00e9my-Bricka-071.jpg\" alt=\"\" width=\"5184\" height=\"3456\" srcset=\"https:\/\/blog.europapark.de\/wp-content\/uploads\/2019\/08\/R\u00e9my-Bricka-071.jpg 5184w, https:\/\/blog.europapark.de\/wp-content\/uploads\/2019\/08\/R\u00e9my-Bricka-071-400x267.jpg 400w, https:\/\/blog.europapark.de\/wp-content\/uploads\/2019\/08\/R\u00e9my-Bricka-071-768x512.jpg 768w, https:\/\/blog.europapark.de\/wp-content\/uploads\/2019\/08\/R\u00e9my-Bricka-071-1024x683.jpg 1024w, https:\/\/blog.europapark.de\/wp-content\/uploads\/2019\/08\/R\u00e9my-Bricka-071-1700x1133.jpg 1700w\" sizes=\"auto, (max-width: 5184px) 100vw, 5184px\" \/><figcaption id=\"figcaption_attachment_3003\" class=\"wp-caption-text\">R\u00e9my Bricka, tout de blanc v\u00eatu et le sourire aux l\u00e8vres dans le quartier fran\u00e7ais<\/figcaption><\/figure>\n<p>Apparu plusieurs fois \u00e0 la t\u00e9l\u00e9vision dans les ann\u00e9es 70, il a \u00e9t\u00e9 r\u00e9v\u00e9l\u00e9 gr\u00e2ce \u00e0 son tube \u00ab La vie en couleurs \u00bb en 1976 et a ensuite encha\u00een\u00e9 les disques et les apparitions, aussi bien en France qu\u2019\u00e0 l\u2019\u00e9tranger.<\/p>\n<blockquote><p>\u00ab L\u2019id\u00e9e et le personnage de l\u2019homme-orchestre sont venus petit \u00e0 petit. J\u2019avais, comme beaucoup, le r\u00eave de chanter, ce que j\u2019ai commenc\u00e9 \u00e0 faire dans les rues de Paris. J\u2019ai ensuite senti qu\u2019il me manquait un environnement musical donc j\u2019ai utilis\u00e9 la fl\u00fbte et c\u2019est comme cela que tout a commenc\u00e9 !\u00a0 Puis quand je passais de la fl\u00fbte \u00e0 la guitare, il y avait un temps mort que j&#8217;ai combl\u00e9 en ajoutant un tambourin puis des grelots, des cymbales aux chevilles&#8230; Ensuite pourquoi s\u2019arr\u00eater l\u00e0 ? Des petits instruments se sont donc au fur et \u00e0 mesure greff\u00e9s sur mon corps. Par contre, c\u2019est l\u2019ajout de la grosse caisse dans le dos qui a finalis\u00e9 l\u2019homme-orchestre ! Bien \u00e9videmment, en plus des instruments (presque une vingtaine tout de m\u00eame !), c\u2019est un tout qui a contribu\u00e9 \u00e0 sa cr\u00e9ation : la colombe, le lapin, les feux d\u2019artifice\u2026 \u00bb<\/p><\/blockquote>\n<p>Si son personnage a tr\u00e8s vite connu le succ\u00e8s, il a \u00e9galement suivi un autre r\u00eave un peu plus tard, plus universel, celui de marcher sur l\u2019eau ! R\u00e9my Bricka a en effet travers\u00e9 l\u2019Atlantique en 1988 et tent\u00e9 la travers\u00e9e du Pacifique un peu plus tard. Lors de cette exp\u00e9rience de survie, il est parti sans eau ni vivres et a v\u00e9cu deux mois sur l\u2019eau. Mais avant de s\u2019\u00e9lancer dans cette aventure folle, il s\u2019est beaucoup entra\u00een\u00e9, notamment \u00e0 Europa-Park ! En 1985, les visiteurs ont pu l\u2019apercevoir en tant qu\u2019homme-orchestre dans les all\u00e9es du parc mais aussi \u00e0 skis sur le lac d\u2019Europa-Park.<\/p>\n<figure id=\"attachment_2985\" aria-labelledby=\"figcaption_attachment_2985\" class=\"wp-caption alignnone\"><img loading=\"lazy\" decoding=\"async\" class=\"wp-image-2985 size-full\" src=\"https:\/\/blog.europapark.de\/wp-content\/uploads\/2019\/08\/RB-skis-e1567601935604.jpeg\" alt=\"\" width=\"2912\" height=\"4064\" srcset=\"https:\/\/blog.europapark.de\/wp-content\/uploads\/2019\/08\/RB-skis-e1567601935604.jpeg 2912w, https:\/\/blog.europapark.de\/wp-content\/uploads\/2019\/08\/RB-skis-e1567601935604-215x300.jpeg 215w, https:\/\/blog.europapark.de\/wp-content\/uploads\/2019\/08\/RB-skis-e1567601935604-768x1072.jpeg 768w, https:\/\/blog.europapark.de\/wp-content\/uploads\/2019\/08\/RB-skis-e1567601935604-734x1024.jpeg 734w, https:\/\/blog.europapark.de\/wp-content\/uploads\/2019\/08\/RB-skis-e1567601935604-1700x2373.jpeg 1700w\" sizes=\"auto, (max-width: 2912px) 100vw, 2912px\" \/><figcaption id=\"figcaption_attachment_2985\" class=\"wp-caption-text\">R\u00e9my Bricka en pleine d\u00e9monstration de skis flotteurs sur le lac d&#8217;Europa-Park en 1985<\/figcaption><\/figure>\n<p>Sa premi\u00e8re fois en tant qu\u2019artiste \u00e0 Europa-Park remonte \u00e0 1977 lorsqu\u2019il a \u00e9t\u00e9 invit\u00e9 \u00e0 se produire lors d\u2019un gala. Il a alors fait la connaissance de la famille Mack. Les visites \u00e0 Europa-Park se sont ensuite multipli\u00e9es et depuis, il revient tous les ans.<\/p>\n<blockquote><p>\u00ab Je suis ensuite revenu ann\u00e9e apr\u00e8s ann\u00e9e et je fais aujourd\u2019hui partie des artistes les plus anciens ! D&#8217;ailleurs, au tout d\u00e9but, je me suis pr\u00e9par\u00e9 dans le bureau de Roland Mack ! Nous sommes ensuite rest\u00e9s en contact au fur et \u00e0 mesure que les ann\u00e9es passaient et une vraie amiti\u00e9 s&#8217;est d\u00e9velopp\u00e9e ! \u00bb<\/p><\/blockquote>\n<figure id=\"attachment_3017\" aria-labelledby=\"figcaption_attachment_3017\" class=\"wp-caption alignnone\"><img loading=\"lazy\" decoding=\"async\" class=\"wp-image-3017 size-full\" src=\"https:\/\/blog.europapark.de\/wp-content\/uploads\/2019\/08\/Scan-19-e1567602471623.jpeg\" alt=\"\" width=\"2073\" height=\"1475\" srcset=\"https:\/\/blog.europapark.de\/wp-content\/uploads\/2019\/08\/Scan-19-e1567602471623.jpeg 2073w, https:\/\/blog.europapark.de\/wp-content\/uploads\/2019\/08\/Scan-19-e1567602471623-400x285.jpeg 400w, https:\/\/blog.europapark.de\/wp-content\/uploads\/2019\/08\/Scan-19-e1567602471623-768x546.jpeg 768w, https:\/\/blog.europapark.de\/wp-content\/uploads\/2019\/08\/Scan-19-e1567602471623-1024x729.jpeg 1024w, https:\/\/blog.europapark.de\/wp-content\/uploads\/2019\/08\/Scan-19-e1567602471623-1700x1210.jpeg 1700w\" sizes=\"auto, (max-width: 2073px) 100vw, 2073px\" \/><figcaption id=\"figcaption_attachment_3017\" class=\"wp-caption-text\">R\u00e9my Bricka et Roland Mack<\/figcaption><\/figure>\n<p>Les jours o\u00f9 il est pr\u00e9sent, notre joyeux homme-orchestre se produit dans le parc puis participe \u00e0 la parade, de laquelle il est en t\u00eate et qu\u2019il ach\u00e8ve par un feu d\u2019artifice qui sort de son chapeau et de sa guitare. Ensuite il se produit \u00e0 nouveau dans le parc avant de se poster \u00e0 la sortie pour \u00ab faire de la visite de nos visiteurs une journ\u00e9e sp\u00e9ciale jusqu\u2019\u00e0 la derni\u00e8re minute \u00bb. Pour lui, c\u2019est toujours un plaisir de venir et il compare le parc \u00e0 une immense fourmili\u00e8re o\u00f9 chaque fourmi a un r\u00f4le en particulier et apporte sa pierre \u00e0 l\u2019\u00e9difice. Le sien est d\u2019apporter de la joie et de la bonne humeur aux visiteurs, petits et grands.<\/p>\n<blockquote><p>\u00ab J\u2019estime que les artistes doivent transmettre de la gentillesse et de la bienveillance tout autant que de la magie et du r\u00eave. \u00bb<\/p><\/blockquote>\n<figure id=\"attachment_3047\" aria-labelledby=\"figcaption_attachment_3047\" class=\"wp-caption alignnone\"><img loading=\"lazy\" decoding=\"async\" class=\"wp-image-3047 size-full\" src=\"https:\/\/blog.europapark.de\/wp-content\/uploads\/2019\/08\/R\u00e9my-Brickaf.jpg\" alt=\"\" width=\"5184\" height=\"3456\" srcset=\"https:\/\/blog.europapark.de\/wp-content\/uploads\/2019\/08\/R\u00e9my-Brickaf.jpg 5184w, https:\/\/blog.europapark.de\/wp-content\/uploads\/2019\/08\/R\u00e9my-Brickaf-400x267.jpg 400w, https:\/\/blog.europapark.de\/wp-content\/uploads\/2019\/08\/R\u00e9my-Brickaf-768x512.jpg 768w, https:\/\/blog.europapark.de\/wp-content\/uploads\/2019\/08\/R\u00e9my-Brickaf-1024x683.jpg 1024w, https:\/\/blog.europapark.de\/wp-content\/uploads\/2019\/08\/R\u00e9my-Brickaf-1700x1133.jpg 1700w\" sizes=\"auto, (max-width: 5184px) 100vw, 5184px\" \/><figcaption id=\"figcaption_attachment_3047\" class=\"wp-caption-text\">R\u00e9my Bricka en t\u00eate de la parade<\/figcaption><\/figure>\n<p>Pour lui, Europa-Park est avant tout une entreprise familiale \u00e0 laquelle il se sent privil\u00e9gi\u00e9 d\u2019appartenir, o\u00f9 tout s\u2019est construit petit \u00e0 petit. C\u2019est un lieu authentique, original et surtout festif o\u00f9 il se sent bien depuis plus de 40 ans. Une place \u00e0 son nom a \u00e9t\u00e9 inaugur\u00e9e dans le quartier fran\u00e7ais le 12 juillet 2010 \u00e0 l\u2019occasion des 35 ans du parc.<\/p>\n<blockquote><p>\u00ab Je pense que le fait d\u2019avoir une place \u00e0 son nom dans un parc tel que celui-ci, pour un artiste, \u00e7a veut dire beaucoup ! Lorsque j\u2019ai d\u00e9couvert la plaque j\u2019ai \u00e9t\u00e9 tr\u00e8s \u00e9mu et j\u2019essaye de rester digne de ce cadeau et de cette reconnaissance qui m\u2019ont \u00e9t\u00e9 offert.\u00a0 Mon aventure \u00e0 Europa-Park est et restera une tr\u00e8s grande et belle histoire dans ma vie, c\u2019est une histoire d\u2019amour\u00a0qui dure depuis plus de 40 ans !\u00a0\u00bb<\/p><\/blockquote>\n<div class='wpmf-gallerys wpmf-gallerys-life'><div id=\"gallery-1\"\n data-gutter-width=\"5\"\n  data-wpmfcolumns=\"1\" class=\"wpmf-gallery gallery-link-file gallery-masonry gallery-columns-1 gallery-size-full wpmf-gallery-bottomspace-default wpmf-gallery-clear wpmf-has-border-radius-0 wpmf-gutterwidth-5\"><div class=\"wpmf-gallery-item\n     wpmf-gallery-item-position-1 wpmf-gallery-item-attachment-3001\"><div class=\"wpmf-gallery-icon\"><a class=\" not_video\" data-lightbox=\"1\" href=\"https:\/\/blog.europapark.de\/wp-content\/uploads\/2019\/08\/R\u00e9my-Bricka-045.jpg\" data-title=\"\" target=\"_self\"><img loading=\"lazy\" decoding=\"async\" width=\"5184\" height=\"3456\" src=\"https:\/\/blog.europapark.de\/wp-content\/uploads\/2019\/08\/R\u00e9my-Bricka-045.jpg\" class=\"attachment-full size-full\" alt=\"\" data-type=\"wpmfgalleryimg\" data-lazy-src=\"0\" srcset=\"https:\/\/blog.europapark.de\/wp-content\/uploads\/2019\/08\/R\u00e9my-Bricka-045.jpg 5184w, https:\/\/blog.europapark.de\/wp-content\/uploads\/2019\/08\/R\u00e9my-Bricka-045-400x267.jpg 400w, https:\/\/blog.europapark.de\/wp-content\/uploads\/2019\/08\/R\u00e9my-Bricka-045-768x512.jpg 768w, https:\/\/blog.europapark.de\/wp-content\/uploads\/2019\/08\/R\u00e9my-Bricka-045-1024x683.jpg 1024w, https:\/\/blog.europapark.de\/wp-content\/uploads\/2019\/08\/R\u00e9my-Bricka-045-1700x1133.jpg 1700w\" sizes=\"auto, (max-width: 5184px) 100vw, 5184px\" \/><\/a><\/div><\/div><div class=\"wpmf-gallery-item\n     wpmf-gallery-item-position-2 wpmf-gallery-item-attachment-3019\"><div class=\"wpmf-gallery-icon\"><a class=\" not_video\" data-lightbox=\"1\" href=\"https:\/\/blog.europapark.de\/wp-content\/uploads\/2019\/08\/Scan-6-e1567603189908.jpeg\" data-title=\"\" target=\"_self\"><img loading=\"lazy\" decoding=\"async\" width=\"2233\" height=\"1479\" src=\"https:\/\/blog.europapark.de\/wp-content\/uploads\/2019\/08\/Scan-6-e1567603189908.jpeg\" class=\"attachment-full size-full\" alt=\"\" data-type=\"wpmfgalleryimg\" data-lazy-src=\"0\" srcset=\"https:\/\/blog.europapark.de\/wp-content\/uploads\/2019\/08\/Scan-6-e1567603189908.jpeg 2233w, https:\/\/blog.europapark.de\/wp-content\/uploads\/2019\/08\/Scan-6-e1567603189908-400x265.jpeg 400w, https:\/\/blog.europapark.de\/wp-content\/uploads\/2019\/08\/Scan-6-e1567603189908-768x509.jpeg 768w, https:\/\/blog.europapark.de\/wp-content\/uploads\/2019\/08\/Scan-6-e1567603189908-1024x678.jpeg 1024w, https:\/\/blog.europapark.de\/wp-content\/uploads\/2019\/08\/Scan-6-e1567603189908-1700x1126.jpeg 1700w\" sizes=\"auto, (max-width: 2233px) 100vw, 2233px\" \/><\/a><\/div><\/div><div class=\"wpmf-gallery-item\n     wpmf-gallery-item-position-3 wpmf-gallery-item-attachment-3013\"><div class=\"wpmf-gallery-icon\"><a class=\" not_video\" data-lightbox=\"1\" href=\"https:\/\/blog.europapark.de\/wp-content\/uploads\/2019\/08\/Scan-10-e1567603154876.jpeg\" data-title=\"\" target=\"_self\"><img loading=\"lazy\" decoding=\"async\" width=\"1483\" height=\"997\" src=\"https:\/\/blog.europapark.de\/wp-content\/uploads\/2019\/08\/Scan-10-e1567603154876.jpeg\" class=\"attachment-full size-full\" alt=\"\" data-type=\"wpmfgalleryimg\" data-lazy-src=\"0\" srcset=\"https:\/\/blog.europapark.de\/wp-content\/uploads\/2019\/08\/Scan-10-e1567603154876.jpeg 1483w, https:\/\/blog.europapark.de\/wp-content\/uploads\/2019\/08\/Scan-10-e1567603154876-400x269.jpeg 400w, https:\/\/blog.europapark.de\/wp-content\/uploads\/2019\/08\/Scan-10-e1567603154876-768x516.jpeg 768w, https:\/\/blog.europapark.de\/wp-content\/uploads\/2019\/08\/Scan-10-e1567603154876-1024x688.jpeg 1024w\" sizes=\"auto, (max-width: 1483px) 100vw, 1483px\" \/><\/a><\/div><\/div><div class=\"wpmf-gallery-item\n     wpmf-gallery-item-position-4 wpmf-gallery-item-attachment-3015\"><div class=\"wpmf-gallery-icon\"><a class=\" not_video\" data-lightbox=\"1\" href=\"https:\/\/blog.europapark.de\/wp-content\/uploads\/2019\/08\/Scan-9-e1567603172586.jpeg\" data-title=\"\" target=\"_self\"><img loading=\"lazy\" decoding=\"async\" width=\"1022\" height=\"1573\" src=\"https:\/\/blog.europapark.de\/wp-content\/uploads\/2019\/08\/Scan-9-e1567603172586.jpeg\" class=\"attachment-full size-full\" alt=\"\" data-type=\"wpmfgalleryimg\" data-lazy-src=\"0\" srcset=\"https:\/\/blog.europapark.de\/wp-content\/uploads\/2019\/08\/Scan-9-e1567603172586.jpeg 1022w, https:\/\/blog.europapark.de\/wp-content\/uploads\/2019\/08\/Scan-9-e1567603172586-195x300.jpeg 195w, https:\/\/blog.europapark.de\/wp-content\/uploads\/2019\/08\/Scan-9-e1567603172586-768x1182.jpeg 768w, https:\/\/blog.europapark.de\/wp-content\/uploads\/2019\/08\/Scan-9-e1567603172586-665x1024.jpeg 665w\" sizes=\"auto, (max-width: 1022px) 100vw, 1022px\" \/><\/a><\/div><\/div><\/div><\/div>\n\n<p>Une chose est s\u00fbre, que ce soit avec la musique ou avec Europa-Park, son histoire n\u2019est pas pr\u00eate de s\u2019arr\u00eater !<\/p>\n","protected":false},"excerpt":{"rendered":"<p>Derri\u00e8re chaque Homme se cache un talent particulier, et R\u00e9my Bricka en a plusieurs, surtout celui de la musique. C&#8217;est&#8230;<\/p>\n","protected":false},"author":17,"featured_media":3053,"comment_status":"open","ping_status":"open","sticky":false,"template":"","format":"standard","meta":{"_acf_changed":false,"footnotes":""},"categories":[207,206],"tags":[230,220,228,286,287],"class_list":["post-2980","post","type-post","status-publish","format-standard","has-post-thumbnail","hentry","category-europa-park-fr","category-portrait","tag-artiste","tag-europa-park-fr","tag-portrait","tag-show","tag-spectacles"],"acf":[],"yoast_head":"<!-- This site is optimized with the Yoast SEO plugin v26.9 - https:\/\/yoast.com\/product\/yoast-seo-wordpress\/ -->\n<title>R\u00e9my Bricka : l&#039;homme-orchestre qui vous fait voir la vie en couleurs - Le blog officiel d\u2019Europa-Park<\/title>\n<meta name=\"robots\" content=\"index, follow, max-snippet:-1, max-image-preview:large, max-video-preview:-1\" \/>\n<link rel=\"canonical\" href=\"https:\/\/blog.europapark.de\/fr\/europa-park-fr\/remy-bricka-lhomme-orchestre-qui-vous-fait-voir-la-vie-en-couleurs\/\" \/>\n<meta property=\"og:locale\" content=\"fr_FR\" \/>\n<meta property=\"og:type\" content=\"article\" \/>\n<meta property=\"og:title\" content=\"R\u00e9my Bricka : l&#039;homme-orchestre qui vous fait voir la vie en couleurs - Le blog officiel d\u2019Europa-Park\" \/>\n<meta property=\"og:description\" content=\"Derri\u00e8re chaque Homme se cache un talent particulier, et R\u00e9my Bricka en a plusieurs, surtout celui de la musique. C&#8217;est...\" \/>\n<meta property=\"og:url\" content=\"https:\/\/blog.europapark.de\/fr\/europa-park-fr\/remy-bricka-lhomme-orchestre-qui-vous-fait-voir-la-vie-en-couleurs\/\" \/>\n<meta property=\"og:site_name\" content=\"Le blog officiel d\u2019Europa-Park\" \/>\n<meta property=\"article:published_time\" content=\"2019-09-04T14:44:14+00:00\" \/>\n<meta property=\"article:modified_time\" content=\"2021-11-10T14:12:28+00:00\" \/>\n<meta property=\"og:image\" content=\"https:\/\/blog.europapark.de\/wp-content\/uploads\/2019\/08\/nouveau-opprebais_.jpg\" \/>\n\t<meta property=\"og:image:width\" content=\"4321\" \/>\n\t<meta property=\"og:image:height\" content=\"2598\" \/>\n\t<meta property=\"og:image:type\" content=\"image\/jpeg\" \/>\n<meta name=\"author\" content=\"Ludivine Iltis\" \/>\n<meta name=\"twitter:card\" content=\"summary_large_image\" \/>\n<meta name=\"twitter:label1\" content=\"\u00c9crit par\" \/>\n\t<meta name=\"twitter:data1\" content=\"Ludivine Iltis\" \/>\n\t<meta name=\"twitter:label2\" content=\"Dur\u00e9e de lecture estim\u00e9e\" \/>\n\t<meta name=\"twitter:data2\" content=\"5 minutes\" \/>\n<script type=\"application\/ld+json\" class=\"yoast-schema-graph\">{\"@context\":\"https:\/\/schema.org\",\"@graph\":[{\"@type\":\"Article\",\"@id\":\"https:\/\/blog.europapark.de\/fr\/europa-park-fr\/remy-bricka-lhomme-orchestre-qui-vous-fait-voir-la-vie-en-couleurs\/#article\",\"isPartOf\":{\"@id\":\"https:\/\/blog.europapark.de\/fr\/europa-park-fr\/remy-bricka-lhomme-orchestre-qui-vous-fait-voir-la-vie-en-couleurs\/\"},\"author\":{\"name\":\"Ludivine Iltis\",\"@id\":\"https:\/\/blog.europapark.de\/fr\/#\/schema\/person\/afb6d05941d526655e9ba5dcc302a853\"},\"headline\":\"R\u00e9my Bricka : l&#8217;homme-orchestre qui vous fait voir la vie en couleurs\",\"datePublished\":\"2019-09-04T14:44:14+00:00\",\"dateModified\":\"2021-11-10T14:12:28+00:00\",\"mainEntityOfPage\":{\"@id\":\"https:\/\/blog.europapark.de\/fr\/europa-park-fr\/remy-bricka-lhomme-orchestre-qui-vous-fait-voir-la-vie-en-couleurs\/\"},\"wordCount\":952,\"commentCount\":0,\"image\":{\"@id\":\"https:\/\/blog.europapark.de\/fr\/europa-park-fr\/remy-bricka-lhomme-orchestre-qui-vous-fait-voir-la-vie-en-couleurs\/#primaryimage\"},\"thumbnailUrl\":\"https:\/\/blog.europapark.de\/wp-content\/uploads\/2019\/08\/nouveau-opprebais_.jpg\",\"keywords\":[\"Artiste\",\"Europa-Park\",\"Portrait\",\"Show\",\"Spectacles\"],\"articleSection\":[\"Europa-Park\",\"Portrait\"],\"inLanguage\":\"fr-FR\",\"potentialAction\":[{\"@type\":\"CommentAction\",\"name\":\"Comment\",\"target\":[\"https:\/\/blog.europapark.de\/fr\/europa-park-fr\/remy-bricka-lhomme-orchestre-qui-vous-fait-voir-la-vie-en-couleurs\/#respond\"]}]},{\"@type\":\"WebPage\",\"@id\":\"https:\/\/blog.europapark.de\/fr\/europa-park-fr\/remy-bricka-lhomme-orchestre-qui-vous-fait-voir-la-vie-en-couleurs\/\",\"url\":\"https:\/\/blog.europapark.de\/fr\/europa-park-fr\/remy-bricka-lhomme-orchestre-qui-vous-fait-voir-la-vie-en-couleurs\/\",\"name\":\"R\u00e9my Bricka : l'homme-orchestre qui vous fait voir la vie en couleurs - Le blog officiel d\u2019Europa-Park\",\"isPartOf\":{\"@id\":\"https:\/\/blog.europapark.de\/fr\/#website\"},\"primaryImageOfPage\":{\"@id\":\"https:\/\/blog.europapark.de\/fr\/europa-park-fr\/remy-bricka-lhomme-orchestre-qui-vous-fait-voir-la-vie-en-couleurs\/#primaryimage\"},\"image\":{\"@id\":\"https:\/\/blog.europapark.de\/fr\/europa-park-fr\/remy-bricka-lhomme-orchestre-qui-vous-fait-voir-la-vie-en-couleurs\/#primaryimage\"},\"thumbnailUrl\":\"https:\/\/blog.europapark.de\/wp-content\/uploads\/2019\/08\/nouveau-opprebais_.jpg\",\"datePublished\":\"2019-09-04T14:44:14+00:00\",\"dateModified\":\"2021-11-10T14:12:28+00:00\",\"author\":{\"@id\":\"https:\/\/blog.europapark.de\/fr\/#\/schema\/person\/afb6d05941d526655e9ba5dcc302a853\"},\"breadcrumb\":{\"@id\":\"https:\/\/blog.europapark.de\/fr\/europa-park-fr\/remy-bricka-lhomme-orchestre-qui-vous-fait-voir-la-vie-en-couleurs\/#breadcrumb\"},\"inLanguage\":\"fr-FR\",\"potentialAction\":[{\"@type\":\"ReadAction\",\"target\":[\"https:\/\/blog.europapark.de\/fr\/europa-park-fr\/remy-bricka-lhomme-orchestre-qui-vous-fait-voir-la-vie-en-couleurs\/\"]}]},{\"@type\":\"ImageObject\",\"inLanguage\":\"fr-FR\",\"@id\":\"https:\/\/blog.europapark.de\/fr\/europa-park-fr\/remy-bricka-lhomme-orchestre-qui-vous-fait-voir-la-vie-en-couleurs\/#primaryimage\",\"url\":\"https:\/\/blog.europapark.de\/wp-content\/uploads\/2019\/08\/nouveau-opprebais_.jpg\",\"contentUrl\":\"https:\/\/blog.europapark.de\/wp-content\/uploads\/2019\/08\/nouveau-opprebais_.jpg\",\"width\":4321,\"height\":2598},{\"@type\":\"BreadcrumbList\",\"@id\":\"https:\/\/blog.europapark.de\/fr\/europa-park-fr\/remy-bricka-lhomme-orchestre-qui-vous-fait-voir-la-vie-en-couleurs\/#breadcrumb\",\"itemListElement\":[{\"@type\":\"ListItem\",\"position\":1,\"name\":\"Accueil\",\"item\":\"https:\/\/blog.europapark.de\/fr\/\"},{\"@type\":\"ListItem\",\"position\":2,\"name\":\"R\u00e9my Bricka : l&#8217;homme-orchestre qui vous fait voir la vie en couleurs\"}]},{\"@type\":\"WebSite\",\"@id\":\"https:\/\/blog.europapark.de\/fr\/#website\",\"url\":\"https:\/\/blog.europapark.de\/fr\/\",\"name\":\"Le blog officiel d\u2019Europa-Park\",\"description\":\"\",\"potentialAction\":[{\"@type\":\"SearchAction\",\"target\":{\"@type\":\"EntryPoint\",\"urlTemplate\":\"https:\/\/blog.europapark.de\/fr\/?s={search_term_string}\"},\"query-input\":{\"@type\":\"PropertyValueSpecification\",\"valueRequired\":true,\"valueName\":\"search_term_string\"}}],\"inLanguage\":\"fr-FR\"},{\"@type\":\"Person\",\"@id\":\"https:\/\/blog.europapark.de\/fr\/#\/schema\/person\/afb6d05941d526655e9ba5dcc302a853\",\"name\":\"Ludivine Iltis\",\"image\":{\"@type\":\"ImageObject\",\"inLanguage\":\"fr-FR\",\"@id\":\"https:\/\/blog.europapark.de\/fr\/#\/schema\/person\/image\/\",\"url\":\"https:\/\/blog.europapark.de\/wp-content\/uploads\/2020\/01\/ludivine_iltis.jpg\",\"contentUrl\":\"https:\/\/blog.europapark.de\/wp-content\/uploads\/2020\/01\/ludivine_iltis.jpg\",\"caption\":\"Ludivine Iltis\"},\"url\":\"https:\/\/blog.europapark.de\/fr\/author\/ludivine-iltis\/\"}]}<\/script>\n<!-- \/ Yoast SEO plugin. -->","yoast_head_json":{"title":"R\u00e9my Bricka : l'homme-orchestre qui vous fait voir la vie en couleurs - Le blog officiel d\u2019Europa-Park","robots":{"index":"index","follow":"follow","max-snippet":"max-snippet:-1","max-image-preview":"max-image-preview:large","max-video-preview":"max-video-preview:-1"},"canonical":"https:\/\/blog.europapark.de\/fr\/europa-park-fr\/remy-bricka-lhomme-orchestre-qui-vous-fait-voir-la-vie-en-couleurs\/","og_locale":"fr_FR","og_type":"article","og_title":"R\u00e9my Bricka : l'homme-orchestre qui vous fait voir la vie en couleurs - Le blog officiel d\u2019Europa-Park","og_description":"Derri\u00e8re chaque Homme se cache un talent particulier, et R\u00e9my Bricka en a plusieurs, surtout celui de la musique. C&#8217;est...","og_url":"https:\/\/blog.europapark.de\/fr\/europa-park-fr\/remy-bricka-lhomme-orchestre-qui-vous-fait-voir-la-vie-en-couleurs\/","og_site_name":"Le blog officiel d\u2019Europa-Park","article_published_time":"2019-09-04T14:44:14+00:00","article_modified_time":"2021-11-10T14:12:28+00:00","og_image":[{"width":4321,"height":2598,"url":"https:\/\/blog.europapark.de\/wp-content\/uploads\/2019\/08\/nouveau-opprebais_.jpg","type":"image\/jpeg"}],"author":"Ludivine Iltis","twitter_card":"summary_large_image","twitter_misc":{"\u00c9crit par":"Ludivine Iltis","Dur\u00e9e de lecture estim\u00e9e":"5 minutes"},"schema":{"@context":"https:\/\/schema.org","@graph":[{"@type":"Article","@id":"https:\/\/blog.europapark.de\/fr\/europa-park-fr\/remy-bricka-lhomme-orchestre-qui-vous-fait-voir-la-vie-en-couleurs\/#article","isPartOf":{"@id":"https:\/\/blog.europapark.de\/fr\/europa-park-fr\/remy-bricka-lhomme-orchestre-qui-vous-fait-voir-la-vie-en-couleurs\/"},"author":{"name":"Ludivine Iltis","@id":"https:\/\/blog.europapark.de\/fr\/#\/schema\/person\/afb6d05941d526655e9ba5dcc302a853"},"headline":"R\u00e9my Bricka : l&#8217;homme-orchestre qui vous fait voir la vie en couleurs","datePublished":"2019-09-04T14:44:14+00:00","dateModified":"2021-11-10T14:12:28+00:00","mainEntityOfPage":{"@id":"https:\/\/blog.europapark.de\/fr\/europa-park-fr\/remy-bricka-lhomme-orchestre-qui-vous-fait-voir-la-vie-en-couleurs\/"},"wordCount":952,"commentCount":0,"image":{"@id":"https:\/\/blog.europapark.de\/fr\/europa-park-fr\/remy-bricka-lhomme-orchestre-qui-vous-fait-voir-la-vie-en-couleurs\/#primaryimage"},"thumbnailUrl":"https:\/\/blog.europapark.de\/wp-content\/uploads\/2019\/08\/nouveau-opprebais_.jpg","keywords":["Artiste","Europa-Park","Portrait","Show","Spectacles"],"articleSection":["Europa-Park","Portrait"],"inLanguage":"fr-FR","potentialAction":[{"@type":"CommentAction","name":"Comment","target":["https:\/\/blog.europapark.de\/fr\/europa-park-fr\/remy-bricka-lhomme-orchestre-qui-vous-fait-voir-la-vie-en-couleurs\/#respond"]}]},{"@type":"WebPage","@id":"https:\/\/blog.europapark.de\/fr\/europa-park-fr\/remy-bricka-lhomme-orchestre-qui-vous-fait-voir-la-vie-en-couleurs\/","url":"https:\/\/blog.europapark.de\/fr\/europa-park-fr\/remy-bricka-lhomme-orchestre-qui-vous-fait-voir-la-vie-en-couleurs\/","name":"R\u00e9my Bricka : l'homme-orchestre qui vous fait voir la vie en couleurs - Le blog officiel d\u2019Europa-Park","isPartOf":{"@id":"https:\/\/blog.europapark.de\/fr\/#website"},"primaryImageOfPage":{"@id":"https:\/\/blog.europapark.de\/fr\/europa-park-fr\/remy-bricka-lhomme-orchestre-qui-vous-fait-voir-la-vie-en-couleurs\/#primaryimage"},"image":{"@id":"https:\/\/blog.europapark.de\/fr\/europa-park-fr\/remy-bricka-lhomme-orchestre-qui-vous-fait-voir-la-vie-en-couleurs\/#primaryimage"},"thumbnailUrl":"https:\/\/blog.europapark.de\/wp-content\/uploads\/2019\/08\/nouveau-opprebais_.jpg","datePublished":"2019-09-04T14:44:14+00:00","dateModified":"2021-11-10T14:12:28+00:00","author":{"@id":"https:\/\/blog.europapark.de\/fr\/#\/schema\/person\/afb6d05941d526655e9ba5dcc302a853"},"breadcrumb":{"@id":"https:\/\/blog.europapark.de\/fr\/europa-park-fr\/remy-bricka-lhomme-orchestre-qui-vous-fait-voir-la-vie-en-couleurs\/#breadcrumb"},"inLanguage":"fr-FR","potentialAction":[{"@type":"ReadAction","target":["https:\/\/blog.europapark.de\/fr\/europa-park-fr\/remy-bricka-lhomme-orchestre-qui-vous-fait-voir-la-vie-en-couleurs\/"]}]},{"@type":"ImageObject","inLanguage":"fr-FR","@id":"https:\/\/blog.europapark.de\/fr\/europa-park-fr\/remy-bricka-lhomme-orchestre-qui-vous-fait-voir-la-vie-en-couleurs\/#primaryimage","url":"https:\/\/blog.europapark.de\/wp-content\/uploads\/2019\/08\/nouveau-opprebais_.jpg","contentUrl":"https:\/\/blog.europapark.de\/wp-content\/uploads\/2019\/08\/nouveau-opprebais_.jpg","width":4321,"height":2598},{"@type":"BreadcrumbList","@id":"https:\/\/blog.europapark.de\/fr\/europa-park-fr\/remy-bricka-lhomme-orchestre-qui-vous-fait-voir-la-vie-en-couleurs\/#breadcrumb","itemListElement":[{"@type":"ListItem","position":1,"name":"Accueil","item":"https:\/\/blog.europapark.de\/fr\/"},{"@type":"ListItem","position":2,"name":"R\u00e9my Bricka : l&#8217;homme-orchestre qui vous fait voir la vie en couleurs"}]},{"@type":"WebSite","@id":"https:\/\/blog.europapark.de\/fr\/#website","url":"https:\/\/blog.europapark.de\/fr\/","name":"Le blog officiel d\u2019Europa-Park","description":"","potentialAction":[{"@type":"SearchAction","target":{"@type":"EntryPoint","urlTemplate":"https:\/\/blog.europapark.de\/fr\/?s={search_term_string}"},"query-input":{"@type":"PropertyValueSpecification","valueRequired":true,"valueName":"search_term_string"}}],"inLanguage":"fr-FR"},{"@type":"Person","@id":"https:\/\/blog.europapark.de\/fr\/#\/schema\/person\/afb6d05941d526655e9ba5dcc302a853","name":"Ludivine Iltis","image":{"@type":"ImageObject","inLanguage":"fr-FR","@id":"https:\/\/blog.europapark.de\/fr\/#\/schema\/person\/image\/","url":"https:\/\/blog.europapark.de\/wp-content\/uploads\/2020\/01\/ludivine_iltis.jpg","contentUrl":"https:\/\/blog.europapark.de\/wp-content\/uploads\/2020\/01\/ludivine_iltis.jpg","caption":"Ludivine Iltis"},"url":"https:\/\/blog.europapark.de\/fr\/author\/ludivine-iltis\/"}]}},"_links":{"self":[{"href":"https:\/\/blog.europapark.de\/fr\/wp-json\/wp\/v2\/posts\/2980","targetHints":{"allow":["GET"]}}],"collection":[{"href":"https:\/\/blog.europapark.de\/fr\/wp-json\/wp\/v2\/posts"}],"about":[{"href":"https:\/\/blog.europapark.de\/fr\/wp-json\/wp\/v2\/types\/post"}],"author":[{"embeddable":true,"href":"https:\/\/blog.europapark.de\/fr\/wp-json\/wp\/v2\/users\/17"}],"replies":[{"embeddable":true,"href":"https:\/\/blog.europapark.de\/fr\/wp-json\/wp\/v2\/comments?post=2980"}],"version-history":[{"count":47,"href":"https:\/\/blog.europapark.de\/fr\/wp-json\/wp\/v2\/posts\/2980\/revisions"}],"predecessor-version":[{"id":7170,"href":"https:\/\/blog.europapark.de\/fr\/wp-json\/wp\/v2\/posts\/2980\/revisions\/7170"}],"wp:featuredmedia":[{"embeddable":true,"href":"https:\/\/blog.europapark.de\/fr\/wp-json\/wp\/v2\/media\/3053"}],"wp:attachment":[{"href":"https:\/\/blog.europapark.de\/fr\/wp-json\/wp\/v2\/media?parent=2980"}],"wp:term":[{"taxonomy":"category","embeddable":true,"href":"https:\/\/blog.europapark.de\/fr\/wp-json\/wp\/v2\/categories?post=2980"},{"taxonomy":"post_tag","embeddable":true,"href":"https:\/\/blog.europapark.de\/fr\/wp-json\/wp\/v2\/tags?post=2980"}],"curies":[{"name":"wp","href":"https:\/\/api.w.org\/{rel}","templated":true}]}}