{"id":2117,"date":"2019-05-20T16:22:00","date_gmt":"2019-05-20T14:22:00","guid":{"rendered":"https:\/\/blog.europapark.de\/?p=2117"},"modified":"2019-05-22T16:51:02","modified_gmt":"2019-05-22T14:51:02","slug":"eurosat-cancan-coaster-des-decors-au-dela-du-reel","status":"publish","type":"post","link":"https:\/\/blog.europapark.de\/fr\/europa-park-fr\/eurosat-cancan-coaster-des-decors-au-dela-du-reel\/","title":{"rendered":"Eurosat &#8211; CanCan Coaster : des d\u00e9cors au-del\u00e0 du r\u00e9el"},"content":{"rendered":"<p><em><strong>Cet hiver, Eurosat &#8211; CanCan Coaster s&#8217;est encore embellit ! Partons \u00e0 la rencontre d\u2019Eugen Schramm et de son coll\u00e8gue Thomas Klukas, peintres sp\u00e9cialis\u00e9s en \u00ab lumi\u00e8re noire \u00bb. Au cours d\u2019une interview, ils nous ont racont\u00e9 leur travail dans le cadre exceptionnel d\u2019Europa-Park.<\/strong><\/em><\/p>\n<p>Le quartier fran\u00e7ais resplendit dans sa nouvelle parure \u00e9clatante depuis l&#8217;ann\u00e9e derni\u00e8re. Le Moulin Rouge accueille d\u00e9sormais ses visiteurs \u00e0 grands renforts de musique, de danses et de f\u00eates. Le passager est plong\u00e9 au c\u0153ur de cette ambiance d\u00e8s qu\u2019il quitte la gare pour le tunnel de l\u2019absinthe, avant de grimper lentement au firmament \u00e9toil\u00e9 qui surplombe la ville lumi\u00e8re. Une fois au sommet, le train file \u00e0 toute vitesse \u00e0 travers la nuit parisienne, entre les montgolfi\u00e8res et sous l&#8217;Arc de Triomphe.<\/p>\n<figure id=\"attachment_2063\" aria-labelledby=\"figcaption_attachment_2063\" class=\"wp-caption aligncenter\"><img loading=\"lazy\" decoding=\"async\" class=\"wp-image-2063 size-full\" src=\"https:\/\/blog.europapark.de\/wp-content\/uploads\/2019\/03\/5.jpg\" alt=\"\" width=\"4775\" height=\"3181\" srcset=\"https:\/\/blog.europapark.de\/wp-content\/uploads\/2019\/03\/5.jpg 4775w, https:\/\/blog.europapark.de\/wp-content\/uploads\/2019\/03\/5-400x266.jpg 400w, https:\/\/blog.europapark.de\/wp-content\/uploads\/2019\/03\/5-768x512.jpg 768w, https:\/\/blog.europapark.de\/wp-content\/uploads\/2019\/03\/5-1024x682.jpg 1024w, https:\/\/blog.europapark.de\/wp-content\/uploads\/2019\/03\/5-1700x1133.jpg 1700w\" sizes=\"auto, (max-width: 4775px) 100vw, 4775px\" \/><figcaption id=\"figcaption_attachment_2063\" class=\"wp-caption-text\">Chaque \u0153uvre a \u00e9t\u00e9 r\u00e9alis\u00e9 avec un grand souci du d\u00e9tail, comme l\u2019Arc de Triomphe par exemple<\/figcaption><\/figure>\n<p>Tout cela dans une obscurit\u00e9 presque totale : et c\u2019est l\u00e0 qu\u2019Eugen Schramm et Thomas Klukas entrent en piste. Les deux peintres r\u00e9alisent des \u0153uvres visibles uniquement sous \u00e9clairage UV qui repr\u00e9sentent le Paris nocturne dans des couleurs chamarr\u00e9es. Pour cela, ils ont confectionn\u00e9 des \u00e9toiles, nuages et m\u00eame des repr\u00e9sentations de b\u00e2timents tr\u00e8s d\u00e9taill\u00e9s des semaines durant dans leur atelier de Cologne. Parmi eux, on trouve des embl\u00e8mes parisiens tels que la cath\u00e9drale Notre Dame, qui se d\u00e9cline dans des tons bleus et jaunes quasi-surnaturels. Le choix des couleurs fait partie int\u00e9grante du concept g\u00e9n\u00e9ral, comme l\u2019explique Eugen Schramm :<\/p>\n<blockquote><p>\u00ab Nous voulions \u00e9veiller un sentiment de nostalgie empreinte de romantisme avec ces peintures. De nombreuses personnes associent la peinture lumi\u00e8re noire avec un style caricatural proche de la BD. Nous d\u00e9sirions proposer autre chose. \u00bb<\/p><\/blockquote>\n<figure id=\"attachment_2059\" aria-labelledby=\"figcaption_attachment_2059\" class=\"wp-caption aligncenter\"><img loading=\"lazy\" decoding=\"async\" class=\"wp-image-2059 size-full\" src=\"https:\/\/blog.europapark.de\/wp-content\/uploads\/2019\/03\/3.jpg\" alt=\"\" width=\"5042\" height=\"3192\" srcset=\"https:\/\/blog.europapark.de\/wp-content\/uploads\/2019\/03\/3.jpg 5042w, https:\/\/blog.europapark.de\/wp-content\/uploads\/2019\/03\/3-400x253.jpg 400w, https:\/\/blog.europapark.de\/wp-content\/uploads\/2019\/03\/3-768x486.jpg 768w, https:\/\/blog.europapark.de\/wp-content\/uploads\/2019\/03\/3-1024x648.jpg 1024w, https:\/\/blog.europapark.de\/wp-content\/uploads\/2019\/03\/3-1700x1076.jpg 1700w\" sizes=\"auto, (max-width: 5042px) 100vw, 5042px\" \/><figcaption id=\"figcaption_attachment_2059\" class=\"wp-caption-text\">Les artistes ont d\u2019abord r\u00e9alis\u00e9 des \u00e9bauches sur carton avec leur palette de couleurs<\/figcaption><\/figure>\n<p>Sans \u00e9clairage adapt\u00e9, les \u0153uvres sont sombres et d\u00e9pourvues de relief. Mais d\u00e8s qu\u2019elles sont baign\u00e9es de lumi\u00e8re ultraviolette, des couleurs chatoyantes viennent \u00e9clater au grand jour. Les deux artistes racontent qu\u2019ils sont sp\u00e9cialistes de la peinture UV depuis 2013, et qu\u2019ils ont con\u00e7u leur propre palette de tons ces derni\u00e8res ann\u00e9es, leur permettant de concevoir des \u0153uvres r\u00e9alistes, mais aussi et surtout tr\u00e8s d\u00e9taill\u00e9es. Dans le cadre de leurs diff\u00e9rents projets, Eugen et Thomas ont d\u00e9j\u00e0 exerc\u00e9 leurs talents \u00e0 Dubai et Innsbruck, o\u00f9 ils ont travaill\u00e9 \u00e0 la conception du \u00ab Visual Museum \u00bb, un mus\u00e9e d\u00e9di\u00e9 aux illusions d&#8217;optiques. Mais les deux s\u2019accordent sur un point : leur projet le plus passionnant est assur\u00e9ment \u00ab Eurosat \u2013 CanCan Coaster \u00bb. Schramm livre son \u00e9merveillement :<\/p>\n<blockquote><p>\u00ab J\u2019adore les grands huit par dessus tout. Et l\u2019id\u00e9e de prendre part \u00e0 la conception m\u00eame d\u2019un grand huit nous a imm\u00e9diatement fascin\u00e9s. Les passagers de l\u2019attraction vont litt\u00e9ralement voler \u00e0 travers nos \u0153uvres. C\u2019est tout simplement extraordinaire ! \u00bb<\/p><\/blockquote>\n<figure id=\"attachment_2061\" aria-labelledby=\"figcaption_attachment_2061\" class=\"wp-caption aligncenter\"><img loading=\"lazy\" decoding=\"async\" class=\"wp-image-2061 size-full\" src=\"https:\/\/blog.europapark.de\/wp-content\/uploads\/2019\/03\/4.jpg\" alt=\"\" width=\"5011\" height=\"3438\" srcset=\"https:\/\/blog.europapark.de\/wp-content\/uploads\/2019\/03\/4.jpg 5011w, https:\/\/blog.europapark.de\/wp-content\/uploads\/2019\/03\/4-400x274.jpg 400w, https:\/\/blog.europapark.de\/wp-content\/uploads\/2019\/03\/4-768x527.jpg 768w, https:\/\/blog.europapark.de\/wp-content\/uploads\/2019\/03\/4-1024x703.jpg 1024w, https:\/\/blog.europapark.de\/wp-content\/uploads\/2019\/03\/4-1700x1166.jpg 1700w\" sizes=\"auto, (max-width: 5011px) 100vw, 5011px\" \/><figcaption id=\"figcaption_attachment_2061\" class=\"wp-caption-text\">Eugen Schramm (g.) et Thomas Klukas (d.) recr\u00e9ent la nuit parisienne au c\u0153ur d\u2019\u00ab\u00a0Eurosat \u2013 CanCan Coaster\u00a0\u00bb<\/figcaption><\/figure>\n<p>La passion que les deux comp\u00e8res ont pour leur travail se voit dans le moindre d\u00e9tail. Il est important pour eux que l\u2019exp\u00e9rience soit aussi un v\u00e9ritable r\u00e9gal des pupilles pour les visiteurs. En plus de cet ajout artistique, \u00ab Eurosat \u2013 CanCan Coaster \u00bb s&#8217;est vu dot\u00e9 d\u2019un septi\u00e8me train cette ann\u00e9e. Ce qui permet \u00e0 encore plus de visiteurs de profiter des \u0153uvres visuelles intenses de Eugen et Thomas, qui en ont r\u00e9alis\u00e9 pas moins de 100 pi\u00e8ces en tout. Et chacune est une \u0153uvre d&#8217;art \u00e0 part enti\u00e8re. Bien \u00e9videmment, un tel travail ne s\u2019abat pas du jour au lendemain. Les deux peintres ont commenc\u00e9 leur travail d\u00e8s novembre de l\u2019an dernier, et l\u2019id\u00e9e avait \u00e9t\u00e9 d\u00e9velopp\u00e9e encore bien plus en amont.<\/p>\n<blockquote><p>\u00ab Il ne pouvait pas en \u00eatre autrement. Quand on re\u00e7oit une demande pour un tel projet, l\u2019imagination d\u00e9borde, la cr\u00e9ativit\u00e9 est d\u00e9cupl\u00e9e. Ces \u0153uvres nous ont sollicit\u00e9 nuit et jour, avant m\u00eame de commencer nous avions des millions d\u2019id\u00e9es. \u00bb<\/p><\/blockquote>\n<p>Pendant un mois, Eugen et Thomas \u00e9taient sur place dans \u00ab Eurosat \u2013 CanCan Coaster \u00bb, afin d\u2019apporter la touche finale aux derni\u00e8res peintures. Daniel Kerscher, designer chez Mack Solutions, est \u00e9galement heureux que les deux artistes aient pu exprimer leurs innombrables id\u00e9es \u00e0 Europa-Park. Les \u0153uvres sont n\u00e9es d\u2019une collaboration \u00e9troite entre le designer et les artistes. Daniel a r\u00e9alis\u00e9 de nombreuses \u00e9bauches pour les \u00e9pauler.<\/p>\n<blockquote><p>Et quand il a r\u00e9ceptionn\u00e9 les premiers essais, Daniel se souvient de son constat sans appel : \u00ab Ces deux l\u00e0 savent ce qu\u2019ils font. Nous voulons plonger les visiteurs au c\u0153ur de la Belle \u00e9poque, et ils l\u2019ont bien compris. \u00bb<\/p><\/blockquote>\n<p>Les nouvelles peintures viennent parfaire et sublimer cette exp\u00e9rience, Daniel en est s\u00fbr et certain.<\/p>\n<p><img loading=\"lazy\" decoding=\"async\" class=\"alignnone wp-image-2057 size-full\" src=\"https:\/\/blog.europapark.de\/wp-content\/uploads\/2019\/03\/2-1.jpg\" alt=\"\" width=\"4893\" height=\"3095\" srcset=\"https:\/\/blog.europapark.de\/wp-content\/uploads\/2019\/03\/2-1.jpg 4893w, https:\/\/blog.europapark.de\/wp-content\/uploads\/2019\/03\/2-1-400x253.jpg 400w, https:\/\/blog.europapark.de\/wp-content\/uploads\/2019\/03\/2-1-768x486.jpg 768w, https:\/\/blog.europapark.de\/wp-content\/uploads\/2019\/03\/2-1-1024x648.jpg 1024w, https:\/\/blog.europapark.de\/wp-content\/uploads\/2019\/03\/2-1-1700x1075.jpg 1700w\" sizes=\"auto, (max-width: 4893px) 100vw, 4893px\" \/><\/p>\n","protected":false},"excerpt":{"rendered":"<p>Cet hiver, Eurosat &#8211; CanCan Coaster s&#8217;est encore embellit ! Partons \u00e0 la rencontre d\u2019Eugen Schramm et de son coll\u00e8gue&#8230;<\/p>\n","protected":false},"author":15,"featured_media":2065,"comment_status":"open","ping_status":"open","sticky":false,"template":"","format":"standard","meta":{"_acf_changed":false,"footnotes":""},"categories":[207],"tags":[222,220,221,182,219,218],"class_list":["post-2117","post","type-post","status-publish","format-standard","has-post-thumbnail","hentry","category-europa-park-fr","tag-design-fr","tag-europa-park-fr","tag-eurosat-cancan-coaster-fr","tag-mack-solutions-fr","tag-paris","tag-peintures"],"acf":[],"yoast_head":"<!-- This site is optimized with the Yoast SEO plugin v26.9 - https:\/\/yoast.com\/product\/yoast-seo-wordpress\/ -->\n<title>Eurosat - CanCan Coaster : des d\u00e9cors au-del\u00e0 du r\u00e9el - Le blog officiel d\u2019Europa-Park<\/title>\n<meta name=\"robots\" content=\"index, follow, max-snippet:-1, max-image-preview:large, max-video-preview:-1\" \/>\n<link rel=\"canonical\" href=\"https:\/\/blog.europapark.de\/fr\/europa-park-fr\/eurosat-cancan-coaster-des-decors-au-dela-du-reel\/\" \/>\n<meta property=\"og:locale\" content=\"fr_FR\" \/>\n<meta property=\"og:type\" content=\"article\" \/>\n<meta property=\"og:title\" content=\"Eurosat - CanCan Coaster : des d\u00e9cors au-del\u00e0 du r\u00e9el - Le blog officiel d\u2019Europa-Park\" \/>\n<meta property=\"og:description\" content=\"Cet hiver, Eurosat &#8211; CanCan Coaster s&#8217;est encore embellit ! Partons \u00e0 la rencontre d\u2019Eugen Schramm et de son coll\u00e8gue...\" \/>\n<meta property=\"og:url\" content=\"https:\/\/blog.europapark.de\/fr\/europa-park-fr\/eurosat-cancan-coaster-des-decors-au-dela-du-reel\/\" \/>\n<meta property=\"og:site_name\" content=\"Le blog officiel d\u2019Europa-Park\" \/>\n<meta property=\"article:published_time\" content=\"2019-05-20T14:22:00+00:00\" \/>\n<meta property=\"article:modified_time\" content=\"2019-05-22T14:51:02+00:00\" \/>\n<meta property=\"og:image\" content=\"https:\/\/blog.europapark.de\/wp-content\/uploads\/2019\/03\/S.-Weber-2-1024x768.jpg\" \/>\n\t<meta property=\"og:image:width\" content=\"1024\" \/>\n\t<meta property=\"og:image:height\" content=\"768\" \/>\n\t<meta property=\"og:image:type\" content=\"image\/jpeg\" \/>\n<meta name=\"author\" content=\"Axel Bordes\" \/>\n<meta name=\"twitter:card\" content=\"summary_large_image\" \/>\n<meta name=\"twitter:label1\" content=\"\u00c9crit par\" \/>\n\t<meta name=\"twitter:data1\" content=\"Axel Bordes\" \/>\n\t<meta name=\"twitter:label2\" content=\"Dur\u00e9e de lecture estim\u00e9e\" \/>\n\t<meta name=\"twitter:data2\" content=\"4 minutes\" \/>\n<script type=\"application\/ld+json\" class=\"yoast-schema-graph\">{\"@context\":\"https:\/\/schema.org\",\"@graph\":[{\"@type\":\"Article\",\"@id\":\"https:\/\/blog.europapark.de\/fr\/europa-park-fr\/eurosat-cancan-coaster-des-decors-au-dela-du-reel\/#article\",\"isPartOf\":{\"@id\":\"https:\/\/blog.europapark.de\/fr\/europa-park-fr\/eurosat-cancan-coaster-des-decors-au-dela-du-reel\/\"},\"author\":{\"name\":\"Axel Bordes\",\"@id\":\"https:\/\/blog.europapark.de\/fr\/#\/schema\/person\/1c83e33abde07b9370f96b91ba432e90\"},\"headline\":\"Eurosat &#8211; CanCan Coaster : des d\u00e9cors au-del\u00e0 du r\u00e9el\",\"datePublished\":\"2019-05-20T14:22:00+00:00\",\"dateModified\":\"2019-05-22T14:51:02+00:00\",\"mainEntityOfPage\":{\"@id\":\"https:\/\/blog.europapark.de\/fr\/europa-park-fr\/eurosat-cancan-coaster-des-decors-au-dela-du-reel\/\"},\"wordCount\":884,\"commentCount\":0,\"image\":{\"@id\":\"https:\/\/blog.europapark.de\/fr\/europa-park-fr\/eurosat-cancan-coaster-des-decors-au-dela-du-reel\/#primaryimage\"},\"thumbnailUrl\":\"https:\/\/blog.europapark.de\/wp-content\/uploads\/2019\/03\/S.-Weber-2.jpg\",\"keywords\":[\"Design\",\"Europa-Park\",\"Eurosat CanCan Coaster\",\"Mack Solutions\",\"Paris\",\"Peintures\"],\"articleSection\":[\"Europa-Park\"],\"inLanguage\":\"fr-FR\",\"potentialAction\":[{\"@type\":\"CommentAction\",\"name\":\"Comment\",\"target\":[\"https:\/\/blog.europapark.de\/fr\/europa-park-fr\/eurosat-cancan-coaster-des-decors-au-dela-du-reel\/#respond\"]}]},{\"@type\":\"WebPage\",\"@id\":\"https:\/\/blog.europapark.de\/fr\/europa-park-fr\/eurosat-cancan-coaster-des-decors-au-dela-du-reel\/\",\"url\":\"https:\/\/blog.europapark.de\/fr\/europa-park-fr\/eurosat-cancan-coaster-des-decors-au-dela-du-reel\/\",\"name\":\"Eurosat - CanCan Coaster : des d\u00e9cors au-del\u00e0 du r\u00e9el - Le blog officiel d\u2019Europa-Park\",\"isPartOf\":{\"@id\":\"https:\/\/blog.europapark.de\/fr\/#website\"},\"primaryImageOfPage\":{\"@id\":\"https:\/\/blog.europapark.de\/fr\/europa-park-fr\/eurosat-cancan-coaster-des-decors-au-dela-du-reel\/#primaryimage\"},\"image\":{\"@id\":\"https:\/\/blog.europapark.de\/fr\/europa-park-fr\/eurosat-cancan-coaster-des-decors-au-dela-du-reel\/#primaryimage\"},\"thumbnailUrl\":\"https:\/\/blog.europapark.de\/wp-content\/uploads\/2019\/03\/S.-Weber-2.jpg\",\"datePublished\":\"2019-05-20T14:22:00+00:00\",\"dateModified\":\"2019-05-22T14:51:02+00:00\",\"author\":{\"@id\":\"https:\/\/blog.europapark.de\/fr\/#\/schema\/person\/1c83e33abde07b9370f96b91ba432e90\"},\"breadcrumb\":{\"@id\":\"https:\/\/blog.europapark.de\/fr\/europa-park-fr\/eurosat-cancan-coaster-des-decors-au-dela-du-reel\/#breadcrumb\"},\"inLanguage\":\"fr-FR\",\"potentialAction\":[{\"@type\":\"ReadAction\",\"target\":[\"https:\/\/blog.europapark.de\/fr\/europa-park-fr\/eurosat-cancan-coaster-des-decors-au-dela-du-reel\/\"]}]},{\"@type\":\"ImageObject\",\"inLanguage\":\"fr-FR\",\"@id\":\"https:\/\/blog.europapark.de\/fr\/europa-park-fr\/eurosat-cancan-coaster-des-decors-au-dela-du-reel\/#primaryimage\",\"url\":\"https:\/\/blog.europapark.de\/wp-content\/uploads\/2019\/03\/S.-Weber-2.jpg\",\"contentUrl\":\"https:\/\/blog.europapark.de\/wp-content\/uploads\/2019\/03\/S.-Weber-2.jpg\",\"width\":4032,\"height\":3024},{\"@type\":\"BreadcrumbList\",\"@id\":\"https:\/\/blog.europapark.de\/fr\/europa-park-fr\/eurosat-cancan-coaster-des-decors-au-dela-du-reel\/#breadcrumb\",\"itemListElement\":[{\"@type\":\"ListItem\",\"position\":1,\"name\":\"Accueil\",\"item\":\"https:\/\/blog.europapark.de\/fr\/\"},{\"@type\":\"ListItem\",\"position\":2,\"name\":\"Eurosat &#8211; CanCan Coaster : des d\u00e9cors au-del\u00e0 du r\u00e9el\"}]},{\"@type\":\"WebSite\",\"@id\":\"https:\/\/blog.europapark.de\/fr\/#website\",\"url\":\"https:\/\/blog.europapark.de\/fr\/\",\"name\":\"Le blog officiel d\u2019Europa-Park\",\"description\":\"\",\"potentialAction\":[{\"@type\":\"SearchAction\",\"target\":{\"@type\":\"EntryPoint\",\"urlTemplate\":\"https:\/\/blog.europapark.de\/fr\/?s={search_term_string}\"},\"query-input\":{\"@type\":\"PropertyValueSpecification\",\"valueRequired\":true,\"valueName\":\"search_term_string\"}}],\"inLanguage\":\"fr-FR\"},{\"@type\":\"Person\",\"@id\":\"https:\/\/blog.europapark.de\/fr\/#\/schema\/person\/1c83e33abde07b9370f96b91ba432e90\",\"name\":\"Axel Bordes\",\"image\":{\"@type\":\"ImageObject\",\"inLanguage\":\"fr-FR\",\"@id\":\"https:\/\/blog.europapark.de\/fr\/#\/schema\/person\/image\/\",\"url\":\"https:\/\/blog.europapark.de\/wp-content\/uploads\/2019\/05\/axel_bordes.jpg\",\"contentUrl\":\"https:\/\/blog.europapark.de\/wp-content\/uploads\/2019\/05\/axel_bordes.jpg\",\"caption\":\"Axel Bordes\"},\"url\":\"https:\/\/blog.europapark.de\/fr\/author\/axel-bordes\/\"}]}<\/script>\n<!-- \/ Yoast SEO plugin. -->","yoast_head_json":{"title":"Eurosat - CanCan Coaster : des d\u00e9cors au-del\u00e0 du r\u00e9el - Le blog officiel d\u2019Europa-Park","robots":{"index":"index","follow":"follow","max-snippet":"max-snippet:-1","max-image-preview":"max-image-preview:large","max-video-preview":"max-video-preview:-1"},"canonical":"https:\/\/blog.europapark.de\/fr\/europa-park-fr\/eurosat-cancan-coaster-des-decors-au-dela-du-reel\/","og_locale":"fr_FR","og_type":"article","og_title":"Eurosat - CanCan Coaster : des d\u00e9cors au-del\u00e0 du r\u00e9el - Le blog officiel d\u2019Europa-Park","og_description":"Cet hiver, Eurosat &#8211; CanCan Coaster s&#8217;est encore embellit ! Partons \u00e0 la rencontre d\u2019Eugen Schramm et de son coll\u00e8gue...","og_url":"https:\/\/blog.europapark.de\/fr\/europa-park-fr\/eurosat-cancan-coaster-des-decors-au-dela-du-reel\/","og_site_name":"Le blog officiel d\u2019Europa-Park","article_published_time":"2019-05-20T14:22:00+00:00","article_modified_time":"2019-05-22T14:51:02+00:00","og_image":[{"width":1024,"height":768,"url":"https:\/\/blog.europapark.de\/wp-content\/uploads\/2019\/03\/S.-Weber-2-1024x768.jpg","type":"image\/jpeg"}],"author":"Axel Bordes","twitter_card":"summary_large_image","twitter_misc":{"\u00c9crit par":"Axel Bordes","Dur\u00e9e de lecture estim\u00e9e":"4 minutes"},"schema":{"@context":"https:\/\/schema.org","@graph":[{"@type":"Article","@id":"https:\/\/blog.europapark.de\/fr\/europa-park-fr\/eurosat-cancan-coaster-des-decors-au-dela-du-reel\/#article","isPartOf":{"@id":"https:\/\/blog.europapark.de\/fr\/europa-park-fr\/eurosat-cancan-coaster-des-decors-au-dela-du-reel\/"},"author":{"name":"Axel Bordes","@id":"https:\/\/blog.europapark.de\/fr\/#\/schema\/person\/1c83e33abde07b9370f96b91ba432e90"},"headline":"Eurosat &#8211; CanCan Coaster : des d\u00e9cors au-del\u00e0 du r\u00e9el","datePublished":"2019-05-20T14:22:00+00:00","dateModified":"2019-05-22T14:51:02+00:00","mainEntityOfPage":{"@id":"https:\/\/blog.europapark.de\/fr\/europa-park-fr\/eurosat-cancan-coaster-des-decors-au-dela-du-reel\/"},"wordCount":884,"commentCount":0,"image":{"@id":"https:\/\/blog.europapark.de\/fr\/europa-park-fr\/eurosat-cancan-coaster-des-decors-au-dela-du-reel\/#primaryimage"},"thumbnailUrl":"https:\/\/blog.europapark.de\/wp-content\/uploads\/2019\/03\/S.-Weber-2.jpg","keywords":["Design","Europa-Park","Eurosat CanCan Coaster","Mack Solutions","Paris","Peintures"],"articleSection":["Europa-Park"],"inLanguage":"fr-FR","potentialAction":[{"@type":"CommentAction","name":"Comment","target":["https:\/\/blog.europapark.de\/fr\/europa-park-fr\/eurosat-cancan-coaster-des-decors-au-dela-du-reel\/#respond"]}]},{"@type":"WebPage","@id":"https:\/\/blog.europapark.de\/fr\/europa-park-fr\/eurosat-cancan-coaster-des-decors-au-dela-du-reel\/","url":"https:\/\/blog.europapark.de\/fr\/europa-park-fr\/eurosat-cancan-coaster-des-decors-au-dela-du-reel\/","name":"Eurosat - CanCan Coaster : des d\u00e9cors au-del\u00e0 du r\u00e9el - Le blog officiel d\u2019Europa-Park","isPartOf":{"@id":"https:\/\/blog.europapark.de\/fr\/#website"},"primaryImageOfPage":{"@id":"https:\/\/blog.europapark.de\/fr\/europa-park-fr\/eurosat-cancan-coaster-des-decors-au-dela-du-reel\/#primaryimage"},"image":{"@id":"https:\/\/blog.europapark.de\/fr\/europa-park-fr\/eurosat-cancan-coaster-des-decors-au-dela-du-reel\/#primaryimage"},"thumbnailUrl":"https:\/\/blog.europapark.de\/wp-content\/uploads\/2019\/03\/S.-Weber-2.jpg","datePublished":"2019-05-20T14:22:00+00:00","dateModified":"2019-05-22T14:51:02+00:00","author":{"@id":"https:\/\/blog.europapark.de\/fr\/#\/schema\/person\/1c83e33abde07b9370f96b91ba432e90"},"breadcrumb":{"@id":"https:\/\/blog.europapark.de\/fr\/europa-park-fr\/eurosat-cancan-coaster-des-decors-au-dela-du-reel\/#breadcrumb"},"inLanguage":"fr-FR","potentialAction":[{"@type":"ReadAction","target":["https:\/\/blog.europapark.de\/fr\/europa-park-fr\/eurosat-cancan-coaster-des-decors-au-dela-du-reel\/"]}]},{"@type":"ImageObject","inLanguage":"fr-FR","@id":"https:\/\/blog.europapark.de\/fr\/europa-park-fr\/eurosat-cancan-coaster-des-decors-au-dela-du-reel\/#primaryimage","url":"https:\/\/blog.europapark.de\/wp-content\/uploads\/2019\/03\/S.-Weber-2.jpg","contentUrl":"https:\/\/blog.europapark.de\/wp-content\/uploads\/2019\/03\/S.-Weber-2.jpg","width":4032,"height":3024},{"@type":"BreadcrumbList","@id":"https:\/\/blog.europapark.de\/fr\/europa-park-fr\/eurosat-cancan-coaster-des-decors-au-dela-du-reel\/#breadcrumb","itemListElement":[{"@type":"ListItem","position":1,"name":"Accueil","item":"https:\/\/blog.europapark.de\/fr\/"},{"@type":"ListItem","position":2,"name":"Eurosat &#8211; CanCan Coaster : des d\u00e9cors au-del\u00e0 du r\u00e9el"}]},{"@type":"WebSite","@id":"https:\/\/blog.europapark.de\/fr\/#website","url":"https:\/\/blog.europapark.de\/fr\/","name":"Le blog officiel d\u2019Europa-Park","description":"","potentialAction":[{"@type":"SearchAction","target":{"@type":"EntryPoint","urlTemplate":"https:\/\/blog.europapark.de\/fr\/?s={search_term_string}"},"query-input":{"@type":"PropertyValueSpecification","valueRequired":true,"valueName":"search_term_string"}}],"inLanguage":"fr-FR"},{"@type":"Person","@id":"https:\/\/blog.europapark.de\/fr\/#\/schema\/person\/1c83e33abde07b9370f96b91ba432e90","name":"Axel Bordes","image":{"@type":"ImageObject","inLanguage":"fr-FR","@id":"https:\/\/blog.europapark.de\/fr\/#\/schema\/person\/image\/","url":"https:\/\/blog.europapark.de\/wp-content\/uploads\/2019\/05\/axel_bordes.jpg","contentUrl":"https:\/\/blog.europapark.de\/wp-content\/uploads\/2019\/05\/axel_bordes.jpg","caption":"Axel Bordes"},"url":"https:\/\/blog.europapark.de\/fr\/author\/axel-bordes\/"}]}},"_links":{"self":[{"href":"https:\/\/blog.europapark.de\/fr\/wp-json\/wp\/v2\/posts\/2117","targetHints":{"allow":["GET"]}}],"collection":[{"href":"https:\/\/blog.europapark.de\/fr\/wp-json\/wp\/v2\/posts"}],"about":[{"href":"https:\/\/blog.europapark.de\/fr\/wp-json\/wp\/v2\/types\/post"}],"author":[{"embeddable":true,"href":"https:\/\/blog.europapark.de\/fr\/wp-json\/wp\/v2\/users\/15"}],"replies":[{"embeddable":true,"href":"https:\/\/blog.europapark.de\/fr\/wp-json\/wp\/v2\/comments?post=2117"}],"version-history":[{"count":10,"href":"https:\/\/blog.europapark.de\/fr\/wp-json\/wp\/v2\/posts\/2117\/revisions"}],"predecessor-version":[{"id":2363,"href":"https:\/\/blog.europapark.de\/fr\/wp-json\/wp\/v2\/posts\/2117\/revisions\/2363"}],"wp:featuredmedia":[{"embeddable":true,"href":"https:\/\/blog.europapark.de\/fr\/wp-json\/wp\/v2\/media\/2065"}],"wp:attachment":[{"href":"https:\/\/blog.europapark.de\/fr\/wp-json\/wp\/v2\/media?parent=2117"}],"wp:term":[{"taxonomy":"category","embeddable":true,"href":"https:\/\/blog.europapark.de\/fr\/wp-json\/wp\/v2\/categories?post=2117"},{"taxonomy":"post_tag","embeddable":true,"href":"https:\/\/blog.europapark.de\/fr\/wp-json\/wp\/v2\/tags?post=2117"}],"curies":[{"name":"wp","href":"https:\/\/api.w.org\/{rel}","templated":true}]}}