{"id":16027,"date":"2026-04-08T09:03:27","date_gmt":"2026-04-08T07:03:27","guid":{"rendered":"https:\/\/blog.europapark.de\/?p=16027"},"modified":"2026-04-08T09:04:20","modified_gmt":"2026-04-08T07:04:20","slug":"monaco-a-europa-park-toute-la-diversite-de-la-principaute","status":"publish","type":"post","link":"https:\/\/blog.europapark.de\/fr\/europa-park-fr\/monaco-a-europa-park-toute-la-diversite-de-la-principaute\/","title":{"rendered":"Monaco \u00e0 Europa-Park : toute la diversit\u00e9 de la Principaut\u00e9"},"content":{"rendered":"\r\n<p>Avec le nouveau <a href=\"https:\/\/www.europapark.de\/fr\/parc-de-loisirs\/monaco\" target=\"_blank\" rel=\"noopener\">quartier th\u00e9matique Monaco<\/a>, un souffle de glamour, de sport automobile et de douceur m\u00e9diterran\u00e9enne s\u2019est invit\u00e9 \u00e0 Europa-Park depuis le d\u00e9but de saison 2026. Et tout cela prend place autour de l\u2019une des attractions les plus embl\u00e9matiques du parc : l\u2019iconique <a href=\"https:\/\/www.europapark.de\/fr\/parc-de-loisirs\/attractions\/silver-star\" target=\"_blank\" rel=\"noopener\">Silver Star<\/a>. En y regardant de plus pr\u00e8s, on d\u00e9couvre un espace con\u00e7u avec soin, un v\u00e9ritable hommage \u00e0 toute la Principaut\u00e9.<\/p>\r\n\r\n\r\n\r\n<h2 class=\"wp-block-heading\">Monaco : un m\u00e9lange entre adr\u00e9naline et \u00e9l\u00e9gance<\/h2>\r\n\r\n\r\n\r\n<p>D\u00e8s l\u2019entr\u00e9e du quartier, la diff\u00e9rence avec la th\u00e9matisation pr\u00e9c\u00e9dante se fait ressentir : palmiers, fa\u00e7ades \u00e9l\u00e9gantes et une touche de C\u00f4te d\u2019Azur qui vous transportent imm\u00e9diatement au bord de la M\u00e9diterran\u00e9e. Le chemin menant au Silver Star ne se limite d\u00e9sormais plus \u00e0 un simple acc\u00e8s au grand huit. Il devient une v\u00e9ritable promenade \u00e0 travers le c\u00e9l\u00e8bre Jardin Exotique : inspir\u00e9 du jardin exotique de Monaco et de ses milliers de vari\u00e9t\u00e9s de cactus et d\u2019agaves, vous plongez au c\u0153ur d\u2019une v\u00e9g\u00e9tation luxuriante avant de faire vos premiers pas dans l\u2019univers de la course et du grand prix.<\/p>\r\n\r\n\r\n<div class=\"wp-block-image\">\r\n<figure class=\"aligncenter size-large\"><img loading=\"lazy\" decoding=\"async\" width=\"1024\" height=\"683\" class=\"wp-image-15990\" src=\"https:\/\/blog.europapark.de\/wp-content\/uploads\/2026\/04\/EP26_Kroatien_Voltron_2-1024x683.jpg\" alt=\"\" srcset=\"https:\/\/blog.europapark.de\/wp-content\/uploads\/2026\/04\/EP26_Kroatien_Voltron_2-1024x683.jpg 1024w, https:\/\/blog.europapark.de\/wp-content\/uploads\/2026\/04\/EP26_Kroatien_Voltron_2-400x267.jpg 400w, https:\/\/blog.europapark.de\/wp-content\/uploads\/2026\/04\/EP26_Kroatien_Voltron_2-768x512.jpg 768w, https:\/\/blog.europapark.de\/wp-content\/uploads\/2026\/04\/EP26_Kroatien_Voltron_2-1536x1024.jpg 1536w, https:\/\/blog.europapark.de\/wp-content\/uploads\/2026\/04\/EP26_Kroatien_Voltron_2-2048x1366.jpg 2048w, https:\/\/blog.europapark.de\/wp-content\/uploads\/2026\/04\/EP26_Kroatien_Voltron_2-1700x1134.jpg 1700w\" sizes=\"auto, (max-width: 1024px) 100vw, 1024px\" \/>\r\n<figcaption class=\"wp-element-caption\"><em>\u00a0La file d\u2019attente de Silver Star s\u2019est offerte un relooking au style mon\u00e9gasque.<\/em><\/figcaption>\r\n<\/figure>\r\n<\/div>\r\n\r\n\r\n<h2 class=\"wp-block-heading\">La transformation du hall du Silver Star<\/h2>\r\n\r\n\r\n\r\n<p>Une fois les portes du hall du Silver Star franchies, les visiteurs d\u00e9couvrent un espace enti\u00e8rement m\u00e9tamorphos\u00e9. Le soucis du d\u00e9tail\u00a0 est de mise pour vous transporter dans ce nouveau quartier th\u00e9matique. Il a fallu \u00e0 peine quelques semaines de chantier, entre d\u00e9but janvier et mi-mars pour construire Monaco en format r\u00e9duit. Ce n\u2019est pas si surprenant, puisque nous avons pu compter sur l&#8217;aide de Bavaria Filmstudios, un partenaire qui sait parfaitement raconter des histoires de mani\u00e8re visuelle. Les fa\u00e7ades, d\u00e9cors et espaces refl\u00e8tent les diff\u00e9rentes facettes de Monaco et les forment un ensemble harmonieux et fid\u00e8le aux visages de la principaut\u00e9 mon\u00e9gasque.<\/p>\r\n\r\n\r\n<div class=\"wp-block-image\">\r\n<figure class=\"aligncenter size-large\"><img loading=\"lazy\" decoding=\"async\" width=\"1024\" height=\"683\" class=\"wp-image-15992\" src=\"https:\/\/blog.europapark.de\/wp-content\/uploads\/2026\/04\/EP26_Monaco_Themenbereich_Ausstellung_16-1024x683.jpg\" alt=\"\" srcset=\"https:\/\/blog.europapark.de\/wp-content\/uploads\/2026\/04\/EP26_Monaco_Themenbereich_Ausstellung_16-1024x683.jpg 1024w, https:\/\/blog.europapark.de\/wp-content\/uploads\/2026\/04\/EP26_Monaco_Themenbereich_Ausstellung_16-400x267.jpg 400w, https:\/\/blog.europapark.de\/wp-content\/uploads\/2026\/04\/EP26_Monaco_Themenbereich_Ausstellung_16-768x512.jpg 768w, https:\/\/blog.europapark.de\/wp-content\/uploads\/2026\/04\/EP26_Monaco_Themenbereich_Ausstellung_16-1536x1024.jpg 1536w, https:\/\/blog.europapark.de\/wp-content\/uploads\/2026\/04\/EP26_Monaco_Themenbereich_Ausstellung_16-2048x1366.jpg 2048w, https:\/\/blog.europapark.de\/wp-content\/uploads\/2026\/04\/EP26_Monaco_Themenbereich_Ausstellung_16-1700x1134.jpg 1700w\" sizes=\"auto, (max-width: 1024px) 100vw, 1024px\" \/>\r\n<figcaption class=\"wp-element-caption\"><em>Des d\u00e9cors impressionnants ont vu le jour en quelques semaines seulement !\u00a0<\/em><\/figcaption>\r\n<\/figure>\r\n<\/div>\r\n\r\n\r\n<h2 class=\"wp-block-heading\">Le sport automobile au coeur du quartier<\/h2>\r\n\r\n\r\n\r\n<p>Le th\u00e8me central reste bien s\u00fbr le sport automobile. Monaco et le Grand Prix vont de pair, une combinaison particuli\u00e8re qui rime avec vitesse et glamour. En se d\u00e9pla\u00e7ant dans la partie arri\u00e8re du hall, les visiteurs d\u00e9couvrent l\u2019histoire de la course automobile, intimement li\u00e9e \u00e0 l\u2019Automobile Club de Monaco. Le pass\u00e9, le pr\u00e9sent et l\u2019avenir : des v\u00e9hicules historiques c\u00f4toient des technologies de course modernes, dont la monoplace Mercedes F1 W04, d\u00e9j\u00e0 c\u00e9l\u00e8bre lors du Grand Prix de Monaco. Et pour les plus audacieux, deux simulateurs de course permettent aux visiteurs de parcourir eux-m\u00eames le circuit embl\u00e9matique.<\/p>\r\n\r\n\r\n<div class=\"wp-block-image\">\r\n<figure class=\"aligncenter size-large\"><img loading=\"lazy\" decoding=\"async\" width=\"1024\" height=\"682\" class=\"wp-image-15994\" src=\"https:\/\/blog.europapark.de\/wp-content\/uploads\/2026\/04\/EP26_MONACO_THEMENBEREICH25-2-1024x682.jpg\" alt=\"\" srcset=\"https:\/\/blog.europapark.de\/wp-content\/uploads\/2026\/04\/EP26_MONACO_THEMENBEREICH25-2-1024x682.jpg 1024w, https:\/\/blog.europapark.de\/wp-content\/uploads\/2026\/04\/EP26_MONACO_THEMENBEREICH25-2-400x267.jpg 400w, https:\/\/blog.europapark.de\/wp-content\/uploads\/2026\/04\/EP26_MONACO_THEMENBEREICH25-2-768x512.jpg 768w, https:\/\/blog.europapark.de\/wp-content\/uploads\/2026\/04\/EP26_MONACO_THEMENBEREICH25-2.jpg 1400w\" sizes=\"auto, (max-width: 1024px) 100vw, 1024px\" \/>\r\n<figcaption class=\"wp-element-caption\"><em>Dans le quartier th\u00e9matique Monaco, ce ne sont pas seulement les voitures de course de la collection S.A.S. le Prince Albert qui impressionnent, mais aussi un \u00e9cran de 54 m\u00e8tres carr\u00e9s.<\/em><\/figcaption>\r\n<\/figure>\r\n<\/div>\r\n\r\n\r\n<h2 class=\"wp-block-heading\">Explorer les fonds marins<\/h2>\r\n\r\n\r\n\r\n<p>Une autre facette de ce nouveau quartier est l\u2019aquarium LED immersif, qui vous plonge sous la surface de la M\u00e9diterran\u00e9e. Sur une grande surface magnifiquement mise en sc\u00e8ne, les visiteurs d\u00e9couvrent un vaste univers sous-marin. Celui-ci impressionne non seulement visuellement, mais a \u00e9galement une dimension p\u00e9dagogique: cette exp\u00e9rience a \u00e9t\u00e9 cr\u00e9\u00e9e en \u00e9troite collaboration avec le Mus\u00e9e oc\u00e9anographique de Monaco. Avec ses animaux marins aux couleurs \u00e9clatantes, l\u2019aquarium aborde un th\u00e8me essentiel pour la Principaut\u00e9 : la protection des oc\u00e9ans et l\u2019exploration des habitats marins, une cause que le Prince Albert II soutient depuis de nombreuses ann\u00e9es.<\/p>\r\n\r\n\r\n<div class=\"wp-block-image\">\r\n<figure class=\"aligncenter size-large\"><img loading=\"lazy\" decoding=\"async\" width=\"1024\" height=\"683\" class=\"wp-image-15996\" src=\"https:\/\/blog.europapark.de\/wp-content\/uploads\/2026\/04\/EP26_Monaco_Themenbereich_Ausstellung_15-1024x683.jpg\" alt=\"\" srcset=\"https:\/\/blog.europapark.de\/wp-content\/uploads\/2026\/04\/EP26_Monaco_Themenbereich_Ausstellung_15-1024x683.jpg 1024w, https:\/\/blog.europapark.de\/wp-content\/uploads\/2026\/04\/EP26_Monaco_Themenbereich_Ausstellung_15-400x267.jpg 400w, https:\/\/blog.europapark.de\/wp-content\/uploads\/2026\/04\/EP26_Monaco_Themenbereich_Ausstellung_15-768x512.jpg 768w, https:\/\/blog.europapark.de\/wp-content\/uploads\/2026\/04\/EP26_Monaco_Themenbereich_Ausstellung_15-1536x1024.jpg 1536w, https:\/\/blog.europapark.de\/wp-content\/uploads\/2026\/04\/EP26_Monaco_Themenbereich_Ausstellung_15-2048x1366.jpg 2048w, https:\/\/blog.europapark.de\/wp-content\/uploads\/2026\/04\/EP26_Monaco_Themenbereich_Ausstellung_15-1700x1134.jpg 1700w\" sizes=\"auto, (max-width: 1024px) 100vw, 1024px\" \/>\r\n<figcaption class=\"wp-element-caption\">\u00a0<em>L\u2019aquarium virtuel offre une pause au milieu de l\u2019agitation d\u2019Europa-Park.<\/em><\/figcaption>\r\n<\/figure>\r\n<\/div>\r\n\r\n\r\n<h2 class=\"wp-block-heading\">Le monde du cirque<\/h2>\r\n\r\n\r\n\r\n<p>Le Festival international du cirque de Monte-Carlo prend \u00e9galement part \u00e0 la f\u00eate : cet \u00e9v\u00e9nement historique, qui compte depuis des d\u00e9cennies parmi les festivals de cirque les plus renomm\u00e9s au monde, a \u00e9galement trouv\u00e9 sa place dans le hall du Silver Star. Gr\u00e2ce \u00e0 un quiz interactif sur le festival, vous pouvez tester vos connaissances sur les artistes, les num\u00e9ros et l\u2019histoire de cet \u00e9v\u00e9nement unique.<\/p>\r\n\r\n\r\n<div class=\"wp-block-image\">\r\n<figure class=\"aligncenter size-large\"><img loading=\"lazy\" decoding=\"async\" width=\"1024\" height=\"682\" class=\"wp-image-16012\" src=\"https:\/\/blog.europapark.de\/wp-content\/uploads\/2026\/04\/EP26_MONACO_THEMENBEREICH12-1024x682.jpg\" alt=\"\" srcset=\"https:\/\/blog.europapark.de\/wp-content\/uploads\/2026\/04\/EP26_MONACO_THEMENBEREICH12-1024x682.jpg 1024w, https:\/\/blog.europapark.de\/wp-content\/uploads\/2026\/04\/EP26_MONACO_THEMENBEREICH12-400x267.jpg 400w, https:\/\/blog.europapark.de\/wp-content\/uploads\/2026\/04\/EP26_MONACO_THEMENBEREICH12-768x512.jpg 768w, https:\/\/blog.europapark.de\/wp-content\/uploads\/2026\/04\/EP26_MONACO_THEMENBEREICH12.jpg 1400w\" sizes=\"auto, (max-width: 1024px) 100vw, 1024px\" \/>\r\n<figcaption class=\"wp-element-caption\"><em>Le cirque est indispensable \u00e0 Monaco !\u00a0<\/em><\/figcaption>\r\n<\/figure>\r\n<\/div>\r\n\r\n\r\n<h2 class=\"wp-block-heading\">D\u00e9couvrir les d\u00e9tails<\/h2>\r\n\r\n\r\n\r\n<p>Mais ce ne sont pas seulement les grands changements qui rendent ce quartier si sp\u00e9cial. Ce sont surtout les petits d\u00e9tails, parfois presque cach\u00e9s, qui permettent de d\u00e9couvrir quelque chose de nouveau \u00e0 chaque visite : des artistes du cirque d\u2019hiver qui r\u00e9apparaissent soudainement sur un mur ou des clins d\u2019\u0153il affectueux \u00e0 l\u2019histoire de la famille princi\u00e8re. Une chose est sure : ceux qui prennent le temps d\u2019observer seront r\u00e9compens\u00e9s.\u00a0<\/p>\r\n\r\n\r\n<div class=\"wp-block-image\">\r\n<figure class=\"aligncenter size-large\"><img loading=\"lazy\" decoding=\"async\" width=\"1024\" height=\"683\" class=\"wp-image-15998\" src=\"https:\/\/blog.europapark.de\/wp-content\/uploads\/2026\/04\/EP26_Monaco_Themenbereich_Ausstellung_17-1024x683.jpg\" alt=\"\" srcset=\"https:\/\/blog.europapark.de\/wp-content\/uploads\/2026\/04\/EP26_Monaco_Themenbereich_Ausstellung_17-1024x683.jpg 1024w, https:\/\/blog.europapark.de\/wp-content\/uploads\/2026\/04\/EP26_Monaco_Themenbereich_Ausstellung_17-400x267.jpg 400w, https:\/\/blog.europapark.de\/wp-content\/uploads\/2026\/04\/EP26_Monaco_Themenbereich_Ausstellung_17-768x512.jpg 768w, https:\/\/blog.europapark.de\/wp-content\/uploads\/2026\/04\/EP26_Monaco_Themenbereich_Ausstellung_17-1536x1024.jpg 1536w, https:\/\/blog.europapark.de\/wp-content\/uploads\/2026\/04\/EP26_Monaco_Themenbereich_Ausstellung_17-2048x1366.jpg 2048w, https:\/\/blog.europapark.de\/wp-content\/uploads\/2026\/04\/EP26_Monaco_Themenbereich_Ausstellung_17-1700x1134.jpg 1700w\" sizes=\"auto, (max-width: 1024px) 100vw, 1024px\" \/>\r\n<figcaption class=\"wp-element-caption\">\u00a0<em>Le nouveau quartier th\u00e9matique regorge de d\u00e9tails.<\/em><\/figcaption>\r\n<\/figure>\r\n<\/div>\r\n\r\n\r\n<h2 class=\"wp-block-heading\">Notre caf\u00e9 de Paris<\/h2>\r\n\r\n\r\n\r\n<p>D\u00e9couvrez le lieu qui pourrait rapidement devenir le QG de nombreux visiteurs dans ce nouveau quartier th\u00e9matique : le \u00ab <a href=\"https:\/\/www.europapark.de\/fr\/parc-de-loisirs\/restauration\/cafe-de-paris\" target=\"_blank\" rel=\"noopener\">Caf\u00e9 de Paris<\/a> \u00bb. Inspir\u00e9 du c\u00e9l\u00e8bre caf\u00e9 de la Place du Casino, son alter-ego d&#8217;Europa-Park allie \u00e9l\u00e9gance et l\u00e9g\u00e8ret\u00e9 \u00e0 un charme m\u00e9diterran\u00e9en. C\u00f4t\u00e9 gastronomie, on reste tr\u00e8s fid\u00e8le \u00e0 l&#8217;original. Au centre de l\u2019attention, les ap\u00e9ritifs, les caf\u00e9s raffin\u00e9s et les p\u00e2tisseries sucr\u00e9es, typiques de Monaco.\u00a0<\/p>\r\n\r\n\r\n<div class=\"wp-block-image\">\r\n<figure class=\"aligncenter size-large\"><img loading=\"lazy\" decoding=\"async\" width=\"1024\" height=\"683\" class=\"wp-image-16015\" src=\"https:\/\/blog.europapark.de\/wp-content\/uploads\/2026\/04\/EP26_Monaco_Themenbereich_Ausstellung_3-1024x683.jpg\" alt=\"\" srcset=\"https:\/\/blog.europapark.de\/wp-content\/uploads\/2026\/04\/EP26_Monaco_Themenbereich_Ausstellung_3-1024x683.jpg 1024w, https:\/\/blog.europapark.de\/wp-content\/uploads\/2026\/04\/EP26_Monaco_Themenbereich_Ausstellung_3-400x267.jpg 400w, https:\/\/blog.europapark.de\/wp-content\/uploads\/2026\/04\/EP26_Monaco_Themenbereich_Ausstellung_3-768x512.jpg 768w, https:\/\/blog.europapark.de\/wp-content\/uploads\/2026\/04\/EP26_Monaco_Themenbereich_Ausstellung_3-1536x1024.jpg 1536w, https:\/\/blog.europapark.de\/wp-content\/uploads\/2026\/04\/EP26_Monaco_Themenbereich_Ausstellung_3-2048x1366.jpg 2048w, https:\/\/blog.europapark.de\/wp-content\/uploads\/2026\/04\/EP26_Monaco_Themenbereich_Ausstellung_3-1700x1134.jpg 1700w\" sizes=\"auto, (max-width: 1024px) 100vw, 1024px\" \/>\r\n<figcaption class=\"wp-element-caption\"><em>\u00c0 l\u2019int\u00e9rieur comme \u00e0 l\u2019ext\u00e9rieur, le Caf\u00e9 de Paris invite \u00e0 la d\u00e9tente.<\/em><\/figcaption>\r\n<\/figure>\r\n<\/div>\r\n\r\n\r\n<h2 class=\"wp-block-heading\">Le nouveau quartier th\u00e9matique<\/h2>\r\n\r\n\r\n\r\n<p>Entre les sensations fortes sur Silver Star, les d\u00e9cors impressionnants et les histoires racont\u00e9es avec soin, c\u2019est toute la diversit\u00e9 de Monaco qui se d\u00e9voile en format r\u00e9duit. Ceux qui se laissent emporter d\u00e9couvrent, \u00e0 chaque coin, un nouveau fragment de cette Principaut\u00e9 fascinante et repartent non seulement avec de nombreux souvenirs, mais aussi avec de nouvelles connaissances !<\/p>\r\n\r\n\r\n<div class=\"wp-block-image\">\r\n<figure class=\"aligncenter size-large\"><img loading=\"lazy\" decoding=\"async\" width=\"1024\" height=\"682\" class=\"wp-image-16002\" src=\"https:\/\/blog.europapark.de\/wp-content\/uploads\/2026\/04\/EP26_Monaco_Themenbereich_Ausstellung_19-1024x682.jpg\" alt=\"\" srcset=\"https:\/\/blog.europapark.de\/wp-content\/uploads\/2026\/04\/EP26_Monaco_Themenbereich_Ausstellung_19-1024x682.jpg 1024w, https:\/\/blog.europapark.de\/wp-content\/uploads\/2026\/04\/EP26_Monaco_Themenbereich_Ausstellung_19-400x267.jpg 400w, https:\/\/blog.europapark.de\/wp-content\/uploads\/2026\/04\/EP26_Monaco_Themenbereich_Ausstellung_19-768x512.jpg 768w, https:\/\/blog.europapark.de\/wp-content\/uploads\/2026\/04\/EP26_Monaco_Themenbereich_Ausstellung_19-1536x1024.jpg 1536w, https:\/\/blog.europapark.de\/wp-content\/uploads\/2026\/04\/EP26_Monaco_Themenbereich_Ausstellung_19-2048x1365.jpg 2048w, https:\/\/blog.europapark.de\/wp-content\/uploads\/2026\/04\/EP26_Monaco_Themenbereich_Ausstellung_19-1700x1133.jpg 1700w\" sizes=\"auto, (max-width: 1024px) 100vw, 1024px\" \/>\r\n<figcaption class=\"wp-element-caption\"><em>Impossible de passer \u00e0 c\u00f4t\u00e9 d\u2019une mont\u00e9e d\u2019adr\u00e9naline sur Silver Star dans le quartier th\u00e9matique Monaco !<\/em><\/figcaption>\r\n<\/figure>\r\n<\/div>","protected":false},"excerpt":{"rendered":"<p>Mit dem neuen Themenbereich Monaco ist 2026 ein Hauch von Glamour, Rennsport und mediterraner Leichtigkeit in den Europa-Park eingezogen.<\/p>\n","protected":false},"author":34,"featured_media":16005,"comment_status":"closed","ping_status":"closed","sticky":false,"template":"","format":"standard","meta":{"_acf_changed":false,"footnotes":""},"categories":[207],"tags":[],"class_list":["post-16027","post","type-post","status-publish","format-standard","has-post-thumbnail","hentry","category-europa-park-fr"],"acf":[],"yoast_head":"<!-- This site is optimized with the Yoast SEO plugin v26.9 - https:\/\/yoast.com\/product\/yoast-seo-wordpress\/ -->\n<title>Monaco \u00e0 Europa-Park : toute la diversit\u00e9 de la Principaut\u00e9 - Le blog officiel d\u2019Europa-Park<\/title>\n<meta name=\"robots\" content=\"index, follow, max-snippet:-1, max-image-preview:large, max-video-preview:-1\" \/>\n<link rel=\"canonical\" href=\"https:\/\/blog.europapark.de\/fr\/europa-park-fr\/monaco-a-europa-park-toute-la-diversite-de-la-principaute\/\" \/>\n<meta property=\"og:locale\" content=\"fr_FR\" \/>\n<meta property=\"og:type\" content=\"article\" \/>\n<meta property=\"og:title\" content=\"Monaco \u00e0 Europa-Park : toute la diversit\u00e9 de la Principaut\u00e9 - Le blog officiel d\u2019Europa-Park\" \/>\n<meta property=\"og:description\" content=\"Mit dem neuen Themenbereich Monaco ist 2026 ein Hauch von Glamour, Rennsport und mediterraner Leichtigkeit in den Europa-Park eingezogen.\" \/>\n<meta property=\"og:url\" content=\"https:\/\/blog.europapark.de\/fr\/europa-park-fr\/monaco-a-europa-park-toute-la-diversite-de-la-principaute\/\" \/>\n<meta property=\"og:site_name\" content=\"Le blog officiel d\u2019Europa-Park\" \/>\n<meta property=\"article:published_time\" content=\"2026-04-08T07:03:27+00:00\" \/>\n<meta property=\"article:modified_time\" content=\"2026-04-08T07:04:20+00:00\" \/>\n<meta property=\"og:image\" content=\"https:\/\/blog.europapark.de\/wp-content\/uploads\/2026\/04\/EP26_Monaco_Themenbereich_Ausstellung_4.jpg\" \/>\n\t<meta property=\"og:image:width\" content=\"2560\" \/>\n\t<meta property=\"og:image:height\" content=\"1707\" \/>\n\t<meta property=\"og:image:type\" content=\"image\/jpeg\" \/>\n<meta name=\"author\" content=\"Lisa Fahrer\" \/>\n<meta name=\"twitter:card\" content=\"summary_large_image\" \/>\n<meta name=\"twitter:label1\" content=\"\u00c9crit par\" \/>\n\t<meta name=\"twitter:data1\" content=\"Lisa Fahrer\" \/>\n\t<meta name=\"twitter:label2\" content=\"Dur\u00e9e de lecture estim\u00e9e\" \/>\n\t<meta name=\"twitter:data2\" content=\"7 minutes\" \/>\n<script type=\"application\/ld+json\" class=\"yoast-schema-graph\">{\"@context\":\"https:\/\/schema.org\",\"@graph\":[{\"@type\":\"Article\",\"@id\":\"https:\/\/blog.europapark.de\/fr\/europa-park-fr\/monaco-a-europa-park-toute-la-diversite-de-la-principaute\/#article\",\"isPartOf\":{\"@id\":\"https:\/\/blog.europapark.de\/fr\/europa-park-fr\/monaco-a-europa-park-toute-la-diversite-de-la-principaute\/\"},\"author\":{\"name\":\"Lisa Fahrer\",\"@id\":\"https:\/\/blog.europapark.de\/fr\/#\/schema\/person\/803dbb490f0c56eb293301484dd57140\"},\"headline\":\"Monaco \u00e0 Europa-Park : toute la diversit\u00e9 de la Principaut\u00e9\",\"datePublished\":\"2026-04-08T07:03:27+00:00\",\"dateModified\":\"2026-04-08T07:04:20+00:00\",\"mainEntityOfPage\":{\"@id\":\"https:\/\/blog.europapark.de\/fr\/europa-park-fr\/monaco-a-europa-park-toute-la-diversite-de-la-principaute\/\"},\"wordCount\":1018,\"image\":{\"@id\":\"https:\/\/blog.europapark.de\/fr\/europa-park-fr\/monaco-a-europa-park-toute-la-diversite-de-la-principaute\/#primaryimage\"},\"thumbnailUrl\":\"https:\/\/blog.europapark.de\/wp-content\/uploads\/2026\/04\/EP26_Monaco_Themenbereich_Ausstellung_4.jpg\",\"articleSection\":[\"Europa-Park\"],\"inLanguage\":\"fr-FR\"},{\"@type\":\"WebPage\",\"@id\":\"https:\/\/blog.europapark.de\/fr\/europa-park-fr\/monaco-a-europa-park-toute-la-diversite-de-la-principaute\/\",\"url\":\"https:\/\/blog.europapark.de\/fr\/europa-park-fr\/monaco-a-europa-park-toute-la-diversite-de-la-principaute\/\",\"name\":\"Monaco \u00e0 Europa-Park : toute la diversit\u00e9 de la Principaut\u00e9 - Le blog officiel d\u2019Europa-Park\",\"isPartOf\":{\"@id\":\"https:\/\/blog.europapark.de\/fr\/#website\"},\"primaryImageOfPage\":{\"@id\":\"https:\/\/blog.europapark.de\/fr\/europa-park-fr\/monaco-a-europa-park-toute-la-diversite-de-la-principaute\/#primaryimage\"},\"image\":{\"@id\":\"https:\/\/blog.europapark.de\/fr\/europa-park-fr\/monaco-a-europa-park-toute-la-diversite-de-la-principaute\/#primaryimage\"},\"thumbnailUrl\":\"https:\/\/blog.europapark.de\/wp-content\/uploads\/2026\/04\/EP26_Monaco_Themenbereich_Ausstellung_4.jpg\",\"datePublished\":\"2026-04-08T07:03:27+00:00\",\"dateModified\":\"2026-04-08T07:04:20+00:00\",\"author\":{\"@id\":\"https:\/\/blog.europapark.de\/fr\/#\/schema\/person\/803dbb490f0c56eb293301484dd57140\"},\"breadcrumb\":{\"@id\":\"https:\/\/blog.europapark.de\/fr\/europa-park-fr\/monaco-a-europa-park-toute-la-diversite-de-la-principaute\/#breadcrumb\"},\"inLanguage\":\"fr-FR\",\"potentialAction\":[{\"@type\":\"ReadAction\",\"target\":[\"https:\/\/blog.europapark.de\/fr\/europa-park-fr\/monaco-a-europa-park-toute-la-diversite-de-la-principaute\/\"]}]},{\"@type\":\"ImageObject\",\"inLanguage\":\"fr-FR\",\"@id\":\"https:\/\/blog.europapark.de\/fr\/europa-park-fr\/monaco-a-europa-park-toute-la-diversite-de-la-principaute\/#primaryimage\",\"url\":\"https:\/\/blog.europapark.de\/wp-content\/uploads\/2026\/04\/EP26_Monaco_Themenbereich_Ausstellung_4.jpg\",\"contentUrl\":\"https:\/\/blog.europapark.de\/wp-content\/uploads\/2026\/04\/EP26_Monaco_Themenbereich_Ausstellung_4.jpg\",\"width\":2560,\"height\":1707},{\"@type\":\"BreadcrumbList\",\"@id\":\"https:\/\/blog.europapark.de\/fr\/europa-park-fr\/monaco-a-europa-park-toute-la-diversite-de-la-principaute\/#breadcrumb\",\"itemListElement\":[{\"@type\":\"ListItem\",\"position\":1,\"name\":\"Accueil\",\"item\":\"https:\/\/blog.europapark.de\/fr\/\"},{\"@type\":\"ListItem\",\"position\":2,\"name\":\"Monaco \u00e0 Europa-Park : toute la diversit\u00e9 de la Principaut\u00e9\"}]},{\"@type\":\"WebSite\",\"@id\":\"https:\/\/blog.europapark.de\/fr\/#website\",\"url\":\"https:\/\/blog.europapark.de\/fr\/\",\"name\":\"Le blog officiel d\u2019Europa-Park\",\"description\":\"\",\"potentialAction\":[{\"@type\":\"SearchAction\",\"target\":{\"@type\":\"EntryPoint\",\"urlTemplate\":\"https:\/\/blog.europapark.de\/fr\/?s={search_term_string}\"},\"query-input\":{\"@type\":\"PropertyValueSpecification\",\"valueRequired\":true,\"valueName\":\"search_term_string\"}}],\"inLanguage\":\"fr-FR\"},{\"@type\":\"Person\",\"@id\":\"https:\/\/blog.europapark.de\/fr\/#\/schema\/person\/803dbb490f0c56eb293301484dd57140\",\"name\":\"Lisa Fahrer\",\"image\":{\"@type\":\"ImageObject\",\"inLanguage\":\"fr-FR\",\"@id\":\"https:\/\/blog.europapark.de\/fr\/#\/schema\/person\/image\/\",\"url\":\"https:\/\/blog.europapark.de\/wp-content\/uploads\/2026\/01\/IMG_4045-150x150.jpeg\",\"contentUrl\":\"https:\/\/blog.europapark.de\/wp-content\/uploads\/2026\/01\/IMG_4045-150x150.jpeg\",\"caption\":\"Lisa Fahrer\"},\"url\":\"https:\/\/blog.europapark.de\/fr\/author\/lisa-fahrer\/\"}]}<\/script>\n<!-- \/ Yoast SEO plugin. -->","yoast_head_json":{"title":"Monaco \u00e0 Europa-Park : toute la diversit\u00e9 de la Principaut\u00e9 - Le blog officiel d\u2019Europa-Park","robots":{"index":"index","follow":"follow","max-snippet":"max-snippet:-1","max-image-preview":"max-image-preview:large","max-video-preview":"max-video-preview:-1"},"canonical":"https:\/\/blog.europapark.de\/fr\/europa-park-fr\/monaco-a-europa-park-toute-la-diversite-de-la-principaute\/","og_locale":"fr_FR","og_type":"article","og_title":"Monaco \u00e0 Europa-Park : toute la diversit\u00e9 de la Principaut\u00e9 - Le blog officiel d\u2019Europa-Park","og_description":"Mit dem neuen Themenbereich Monaco ist 2026 ein Hauch von Glamour, Rennsport und mediterraner Leichtigkeit in den Europa-Park eingezogen.","og_url":"https:\/\/blog.europapark.de\/fr\/europa-park-fr\/monaco-a-europa-park-toute-la-diversite-de-la-principaute\/","og_site_name":"Le blog officiel d\u2019Europa-Park","article_published_time":"2026-04-08T07:03:27+00:00","article_modified_time":"2026-04-08T07:04:20+00:00","og_image":[{"width":2560,"height":1707,"url":"https:\/\/blog.europapark.de\/wp-content\/uploads\/2026\/04\/EP26_Monaco_Themenbereich_Ausstellung_4.jpg","type":"image\/jpeg"}],"author":"Lisa Fahrer","twitter_card":"summary_large_image","twitter_misc":{"\u00c9crit par":"Lisa Fahrer","Dur\u00e9e de lecture estim\u00e9e":"7 minutes"},"schema":{"@context":"https:\/\/schema.org","@graph":[{"@type":"Article","@id":"https:\/\/blog.europapark.de\/fr\/europa-park-fr\/monaco-a-europa-park-toute-la-diversite-de-la-principaute\/#article","isPartOf":{"@id":"https:\/\/blog.europapark.de\/fr\/europa-park-fr\/monaco-a-europa-park-toute-la-diversite-de-la-principaute\/"},"author":{"name":"Lisa Fahrer","@id":"https:\/\/blog.europapark.de\/fr\/#\/schema\/person\/803dbb490f0c56eb293301484dd57140"},"headline":"Monaco \u00e0 Europa-Park : toute la diversit\u00e9 de la Principaut\u00e9","datePublished":"2026-04-08T07:03:27+00:00","dateModified":"2026-04-08T07:04:20+00:00","mainEntityOfPage":{"@id":"https:\/\/blog.europapark.de\/fr\/europa-park-fr\/monaco-a-europa-park-toute-la-diversite-de-la-principaute\/"},"wordCount":1018,"image":{"@id":"https:\/\/blog.europapark.de\/fr\/europa-park-fr\/monaco-a-europa-park-toute-la-diversite-de-la-principaute\/#primaryimage"},"thumbnailUrl":"https:\/\/blog.europapark.de\/wp-content\/uploads\/2026\/04\/EP26_Monaco_Themenbereich_Ausstellung_4.jpg","articleSection":["Europa-Park"],"inLanguage":"fr-FR"},{"@type":"WebPage","@id":"https:\/\/blog.europapark.de\/fr\/europa-park-fr\/monaco-a-europa-park-toute-la-diversite-de-la-principaute\/","url":"https:\/\/blog.europapark.de\/fr\/europa-park-fr\/monaco-a-europa-park-toute-la-diversite-de-la-principaute\/","name":"Monaco \u00e0 Europa-Park : toute la diversit\u00e9 de la Principaut\u00e9 - Le blog officiel d\u2019Europa-Park","isPartOf":{"@id":"https:\/\/blog.europapark.de\/fr\/#website"},"primaryImageOfPage":{"@id":"https:\/\/blog.europapark.de\/fr\/europa-park-fr\/monaco-a-europa-park-toute-la-diversite-de-la-principaute\/#primaryimage"},"image":{"@id":"https:\/\/blog.europapark.de\/fr\/europa-park-fr\/monaco-a-europa-park-toute-la-diversite-de-la-principaute\/#primaryimage"},"thumbnailUrl":"https:\/\/blog.europapark.de\/wp-content\/uploads\/2026\/04\/EP26_Monaco_Themenbereich_Ausstellung_4.jpg","datePublished":"2026-04-08T07:03:27+00:00","dateModified":"2026-04-08T07:04:20+00:00","author":{"@id":"https:\/\/blog.europapark.de\/fr\/#\/schema\/person\/803dbb490f0c56eb293301484dd57140"},"breadcrumb":{"@id":"https:\/\/blog.europapark.de\/fr\/europa-park-fr\/monaco-a-europa-park-toute-la-diversite-de-la-principaute\/#breadcrumb"},"inLanguage":"fr-FR","potentialAction":[{"@type":"ReadAction","target":["https:\/\/blog.europapark.de\/fr\/europa-park-fr\/monaco-a-europa-park-toute-la-diversite-de-la-principaute\/"]}]},{"@type":"ImageObject","inLanguage":"fr-FR","@id":"https:\/\/blog.europapark.de\/fr\/europa-park-fr\/monaco-a-europa-park-toute-la-diversite-de-la-principaute\/#primaryimage","url":"https:\/\/blog.europapark.de\/wp-content\/uploads\/2026\/04\/EP26_Monaco_Themenbereich_Ausstellung_4.jpg","contentUrl":"https:\/\/blog.europapark.de\/wp-content\/uploads\/2026\/04\/EP26_Monaco_Themenbereich_Ausstellung_4.jpg","width":2560,"height":1707},{"@type":"BreadcrumbList","@id":"https:\/\/blog.europapark.de\/fr\/europa-park-fr\/monaco-a-europa-park-toute-la-diversite-de-la-principaute\/#breadcrumb","itemListElement":[{"@type":"ListItem","position":1,"name":"Accueil","item":"https:\/\/blog.europapark.de\/fr\/"},{"@type":"ListItem","position":2,"name":"Monaco \u00e0 Europa-Park : toute la diversit\u00e9 de la Principaut\u00e9"}]},{"@type":"WebSite","@id":"https:\/\/blog.europapark.de\/fr\/#website","url":"https:\/\/blog.europapark.de\/fr\/","name":"Le blog officiel d\u2019Europa-Park","description":"","potentialAction":[{"@type":"SearchAction","target":{"@type":"EntryPoint","urlTemplate":"https:\/\/blog.europapark.de\/fr\/?s={search_term_string}"},"query-input":{"@type":"PropertyValueSpecification","valueRequired":true,"valueName":"search_term_string"}}],"inLanguage":"fr-FR"},{"@type":"Person","@id":"https:\/\/blog.europapark.de\/fr\/#\/schema\/person\/803dbb490f0c56eb293301484dd57140","name":"Lisa Fahrer","image":{"@type":"ImageObject","inLanguage":"fr-FR","@id":"https:\/\/blog.europapark.de\/fr\/#\/schema\/person\/image\/","url":"https:\/\/blog.europapark.de\/wp-content\/uploads\/2026\/01\/IMG_4045-150x150.jpeg","contentUrl":"https:\/\/blog.europapark.de\/wp-content\/uploads\/2026\/01\/IMG_4045-150x150.jpeg","caption":"Lisa Fahrer"},"url":"https:\/\/blog.europapark.de\/fr\/author\/lisa-fahrer\/"}]}},"_links":{"self":[{"href":"https:\/\/blog.europapark.de\/fr\/wp-json\/wp\/v2\/posts\/16027","targetHints":{"allow":["GET"]}}],"collection":[{"href":"https:\/\/blog.europapark.de\/fr\/wp-json\/wp\/v2\/posts"}],"about":[{"href":"https:\/\/blog.europapark.de\/fr\/wp-json\/wp\/v2\/types\/post"}],"author":[{"embeddable":true,"href":"https:\/\/blog.europapark.de\/fr\/wp-json\/wp\/v2\/users\/34"}],"replies":[{"embeddable":true,"href":"https:\/\/blog.europapark.de\/fr\/wp-json\/wp\/v2\/comments?post=16027"}],"version-history":[{"count":11,"href":"https:\/\/blog.europapark.de\/fr\/wp-json\/wp\/v2\/posts\/16027\/revisions"}],"predecessor-version":[{"id":16038,"href":"https:\/\/blog.europapark.de\/fr\/wp-json\/wp\/v2\/posts\/16027\/revisions\/16038"}],"wp:featuredmedia":[{"embeddable":true,"href":"https:\/\/blog.europapark.de\/fr\/wp-json\/wp\/v2\/media\/16005"}],"wp:attachment":[{"href":"https:\/\/blog.europapark.de\/fr\/wp-json\/wp\/v2\/media?parent=16027"}],"wp:term":[{"taxonomy":"category","embeddable":true,"href":"https:\/\/blog.europapark.de\/fr\/wp-json\/wp\/v2\/categories?post=16027"},{"taxonomy":"post_tag","embeddable":true,"href":"https:\/\/blog.europapark.de\/fr\/wp-json\/wp\/v2\/tags?post=16027"}],"curies":[{"name":"wp","href":"https:\/\/api.w.org\/{rel}","templated":true}]}}