{"id":15814,"date":"2026-03-06T09:12:23","date_gmt":"2026-03-06T08:12:23","guid":{"rendered":"https:\/\/blog.europapark.de\/?p=15814"},"modified":"2026-03-16T16:41:28","modified_gmt":"2026-03-16T15:41:28","slug":"le-chateau-balthasar-la-pierre-angulaire-deuropa-park","status":"publish","type":"post","link":"https:\/\/blog.europapark.de\/fr\/europa-park-fr\/le-chateau-balthasar-la-pierre-angulaire-deuropa-park\/","title":{"rendered":"Le Ch\u00e2teau Balthasar : la pierre angulaire d\u2019Europa-Park"},"content":{"rendered":"\r\n<p><strong>Aujourd\u2019hui, en vous promenant dans Europa-Park, entre grands huit, zones th\u00e9matiques et fa\u00e7ades soigneusement d\u00e9cor\u00e9es, vous ne vous doutez peut-\u00eatre pas que les origines du plus grand parc de loisirs d\u2019Allemagne sont bien plus anciennes que n\u2019importe quelle attraction. Au c\u0153ur du parc, nich\u00e9 parmi de vieux arbres et des massifs fleuris, s\u2019\u00e9l\u00e8ve le Ch\u00e2teau Balthasar : un \u00e9difice qui est consid\u00e9r\u00e9 comme la v\u00e9ritable pierre angulaire d&#8217;Europa-Park.<\/strong><\/p>\r\n\r\n\r\n\r\n<p>Il existe de nombreux parcs de loisirs. Certains sont construits sur un terrain vierge, con\u00e7us sur plan et planifi\u00e9s dans les moindres d\u00e9tails. Parfaits techniquement, mais sans histoire ni racines.<\/p>\r\n<p>Et puis il y a Europa-Park. Au c\u0153ur du plus grand parc d\u2019Allemagne se trouve un b\u00e2timent qui n\u2019a pas \u00e9t\u00e9 cr\u00e9\u00e9 pour faire joli : le ch\u00e2teau Balthasar. Il a grandi avec le parc, et c\u2019est exactement ce que ressent le visiteur en y allant.<\/p>\r\n\r\n\r\n\r\n<h2 class=\"wp-block-heading\">Un ch\u00e2teau plus vieux que toutes les attractions du parc<\/h2>\r\n\r\n\r\n\r\n<p>L\u2019histoire du Ch\u00e2teau Balthasar remonte \u00e0 tr\u00e8s loin. D\u00e8s le XIII\u1d49 si\u00e8cle, une forteresse entour\u00e9e d\u2019eau se dressait d\u00e9j\u00e0 \u00e0 cet emplacement. En 1517, Balthasar Boecklin fit \u00e9riger l\u2019actuel ch\u00e2teau Balthasar sur les fondations d\u00e9j\u00e0 existantes. La famille noble des barons B\u00f6cklin von B\u00f6cklinsau a marqu\u00e9 Rust pendant des si\u00e8cles, que ce soit sur les plans politique, \u00e9conomique ou social.<\/p>\r\n<p>Depuis 1442, les B\u00f6cklin \u00e9taient seigneurs fonciers \u00e0 Rust. Leur autorit\u00e9 comprenait des droits seigneuriaux tels que le Zwing und Bann (droit de contrainte et de ban), la haute et la basse justice, ainsi que des droits de perception d\u2019imp\u00f4ts et de redevances. Entre l\u2019Ortenau et l\u2019Alsace, ils comptaient parmi les familles nobles les plus influentes. En 1773, le roi de France Louis XVI confirma leur titre de barons. Le Ch\u00e2teau Balthasar n\u2019\u00e9tait donc pas seulement une r\u00e9sidence, mais aussi un centre de pouvoir, un si\u00e8ge administratif et le symbole de toute une \u00e9poque.<\/p>\r\n\r\n\r\n<div class=\"wp-block-image\">\r\n<figure class=\"aligncenter size-large\"><img loading=\"lazy\" decoding=\"async\" width=\"1024\" height=\"675\" class=\"wp-image-15796\" src=\"https:\/\/blog.europapark.de\/wp-content\/uploads\/2026\/03\/404-1024x675.jpg\" alt=\"\" srcset=\"https:\/\/blog.europapark.de\/wp-content\/uploads\/2026\/03\/404-1024x675.jpg 1024w, https:\/\/blog.europapark.de\/wp-content\/uploads\/2026\/03\/404-400x264.jpg 400w, https:\/\/blog.europapark.de\/wp-content\/uploads\/2026\/03\/404-768x506.jpg 768w, https:\/\/blog.europapark.de\/wp-content\/uploads\/2026\/03\/404-1536x1013.jpg 1536w, https:\/\/blog.europapark.de\/wp-content\/uploads\/2026\/03\/404-1700x1121.jpg 1700w, https:\/\/blog.europapark.de\/wp-content\/uploads\/2026\/03\/404.jpg 1984w\" sizes=\"auto, (max-width: 1024px) 100vw, 1024px\" \/>\r\n<figcaption class=\"wp-element-caption\">\u00a01442, la date de fondation de la dynastie.<\/figcaption>\r\n<\/figure>\r\n<\/div>\r\n\r\n\r\n<h2 class=\"wp-block-heading\">Une promenade \u00e0 travers les si\u00e8cles<\/h2>\r\n\r\n\r\n\r\n<p>Au fil du temps, le ch\u00e2teau a \u00e9t\u00e9 agrandi et transform\u00e9. Entre 1575 et 1577, il a re\u00e7u ses \u00e9l\u00e9ments de la Renaissance. Mais son aspect de forteresse entour\u00e9e d\u2019eau restait encore visible longtemps : murs de d\u00e9fense, tours etc&#8230;<\/p>\r\n<p>Les si\u00e8cles ont apport\u00e9 beaucoup de changements : la R\u00e9volution fran\u00e7aise en 1789 a entra\u00een\u00e9 la perte des biens sur la rive gauche du Rhin. En 1806, avec la cr\u00e9ation de la Conf\u00e9d\u00e9ration du Rhin, la domination sur les villages de la rive droite a aussi pris fin. Le ch\u00e2teau est alors devenu une exploitation agricole.<\/p>\r\n\r\n\r\n<div class=\"wp-block-image\">\r\n<figure class=\"aligncenter size-full\"><img loading=\"lazy\" decoding=\"async\" width=\"606\" height=\"459\" class=\"wp-image-15802\" src=\"https:\/\/blog.europapark.de\/wp-content\/uploads\/2026\/03\/Unbenannt-4.jpg\" alt=\"\" srcset=\"https:\/\/blog.europapark.de\/wp-content\/uploads\/2026\/03\/Unbenannt-4.jpg 606w, https:\/\/blog.europapark.de\/wp-content\/uploads\/2026\/03\/Unbenannt-4-396x300.jpg 396w\" sizes=\"auto, (max-width: 606px) 100vw, 606px\" \/>\r\n<figcaption class=\"wp-element-caption\">\u00a0Une chose est s\u00fbre : le ch\u00e2teau Balthasar a vu passer de nombreux visiteurs !<\/figcaption>\r\n<\/figure>\r\n<\/div>\r\n\r\n\r\n<h2 class=\"wp-block-heading\">Le moment qui a tout chang\u00e9<\/h2>\r\n\r\n\r\n\r\n<p>Au XX\u1d49 si\u00e8cle, l\u2019usage du lieu \u00e9volua \u00e0 nouveau. Apr\u00e8s plusieurs changements de propri\u00e9taires, un moment d\u00e9cisif survint en 1973 : <a href=\"https:\/\/blog.europapark.de\/fr\/europa-park-fr\/europa-park-dans-les-annees-70\/\" target=\"_blank\" rel=\"noopener\">la famille Mack acquit le terrain autour du ch\u00e2teau<\/a>. Ce qui avait \u00e9t\u00e9 un ancien parc de ch\u00e2teau devint le lieu d\u2019une grande vision. En 1975, Europa-Park ouvrit ses portes. Mais, contrairement \u00e0 beaucoup de parcs modernes, cet endroit poss\u00e9dait d\u00e9j\u00e0 une \u00e2me. C&#8217;\u00e9tait un lieu charg\u00e9 d\u2019histoires. En 1977, le ch\u00e2teau Balthasar entra lui-m\u00eame dans le patrimoine de Liesl Mack.<\/p>\r\n\r\n\r\n<div class=\"wp-block-image\">\r\n<figure class=\"aligncenter size-large\"><img loading=\"lazy\" decoding=\"async\" width=\"1024\" height=\"487\" class=\"wp-image-15798\" src=\"https:\/\/blog.europapark.de\/wp-content\/uploads\/2026\/03\/1975_008-1024x487.jpg\" alt=\"\" srcset=\"https:\/\/blog.europapark.de\/wp-content\/uploads\/2026\/03\/1975_008-1024x487.jpg 1024w, https:\/\/blog.europapark.de\/wp-content\/uploads\/2026\/03\/1975_008-400x190.jpg 400w, https:\/\/blog.europapark.de\/wp-content\/uploads\/2026\/03\/1975_008-768x365.jpg 768w, https:\/\/blog.europapark.de\/wp-content\/uploads\/2026\/03\/1975_008.jpg 1223w\" sizes=\"auto, (max-width: 1024px) 100vw, 1024px\" \/>\r\n<figcaption class=\"wp-element-caption\">Le ch\u00e2teau Balthasar en 1975.<\/figcaption>\r\n<\/figure>\r\n<\/div>\r\n\r\n\r\n<h2 class=\"wp-block-heading\">Du ch\u00e2teau historique au lieu de d\u00e9couvertes<\/h2>\r\n\r\n\r\n\r\n<p>Aujourd\u2019hui, le ch\u00e2teau Balthasar abrite <a href=\"https:\/\/www.europapark.de\/fr\/parc-de-loisirs\/restauration\/restaurant-du-chateau-balthasar\" target=\"_blank\" rel=\"noopener\">un restaurant<\/a> o\u00f9 les visiteurs sont invit\u00e9s \u00e0 d\u00e9couvrir l\u2019hospitalit\u00e9 badoise dans un cadre historique. L\u00e0 o\u00f9 avant des nobles r\u00e9sidaient et prenaient des d\u00e9cisions politiques, les convives peuvent aujourd&#8217;hui savourer des sp\u00e9cialit\u00e9s r\u00e9gionales et terminer leur journ\u00e9e au parc en toute d\u00e9tente.<\/p>\r\n<p>C\u2019est pr\u00e9cis\u00e9ment ce contraste qui fait tout son charme : \u00e0 l\u2019ext\u00e9rieur, les grands huit modernes comme <a href=\"https:\/\/www.europapark.de\/fr\/parc-de-loisirs\/attractions\/silver-star\" target=\"_blank\" rel=\"noopener\">Silver Star<\/a> filent \u00e0 toute allure, tandis qu\u2019\u00e0 l\u2019int\u00e9rieur du ch\u00e2teau, l\u2019histoire reste tangible. C\u2019est ce dialogue entre pass\u00e9 et pr\u00e9sent qui rend Europa-Park si unique.<\/p>\r\n\r\n\r\n<div class=\"wp-block-image\">\r\n<figure class=\"aligncenter size-large\"><img loading=\"lazy\" decoding=\"async\" width=\"1024\" height=\"684\" class=\"wp-image-15804\" src=\"https:\/\/blog.europapark.de\/wp-content\/uploads\/2026\/03\/EP23_Alemannisches-Rittermahl-8-1024x684.jpg\" alt=\"\" srcset=\"https:\/\/blog.europapark.de\/wp-content\/uploads\/2026\/03\/EP23_Alemannisches-Rittermahl-8-1024x684.jpg 1024w, https:\/\/blog.europapark.de\/wp-content\/uploads\/2026\/03\/EP23_Alemannisches-Rittermahl-8-400x267.jpg 400w, https:\/\/blog.europapark.de\/wp-content\/uploads\/2026\/03\/EP23_Alemannisches-Rittermahl-8-768x513.jpg 768w, https:\/\/blog.europapark.de\/wp-content\/uploads\/2026\/03\/EP23_Alemannisches-Rittermahl-8-1536x1026.jpg 1536w, https:\/\/blog.europapark.de\/wp-content\/uploads\/2026\/03\/EP23_Alemannisches-Rittermahl-8-2048x1368.jpg 2048w, https:\/\/blog.europapark.de\/wp-content\/uploads\/2026\/03\/EP23_Alemannisches-Rittermahl-8-1700x1136.jpg 1700w\" sizes=\"auto, (max-width: 1024px) 100vw, 1024px\" \/>\r\n<figcaption class=\"wp-element-caption\">\u00a0Les visiteurs peuvent d\u00e9jeuner au restaurant du ch\u00e2teau, qui accueille aussi des \u00e9v\u00e9nements comme <a href=\"https:\/\/www.europapark.de\/fr\/evenements\/banquet-des-chevaliers-alemaniques\" target=\"_blank\" rel=\"noopener\">le Banquet des Chevaliers Al\u00e9maniques<\/a>.<\/figcaption>\r\n<\/figure>\r\n<\/div>\r\n\r\n\r\n<h2 class=\"wp-block-heading\">La base d\u2019une histoire \u00e0 succ\u00e8s<\/h2>\r\n\r\n\r\n\r\n<p>Le ch\u00e2teau Balthasar n\u2019est donc pas qu\u2019un simple joli spot photo. Il est la pierre angulaire d\u2019Europa-Park. Et c\u2019est peut-\u00eatre l\u00e0 l\u2019un des secrets de son succ\u00e8s : aucun univers artificiel n\u2019a \u00e9t\u00e9 n\u00e9cessaire. Quelque chose de nouveau a \u00e9merg\u00e9 d\u2019un v\u00e9ritable noyau historique, et cela se ressent. On a ce sentiment que ce lieu est bien plus qu\u2019un parc de loisirs : Europa-Park est un morceau d\u2019histoire qui a grandi avec le temps et qui fait aujourd&#8217;hui vibrer des milliers de personnes.<\/p>\r\n\r\n\r\n<div class=\"wp-block-image\">\r\n<figure class=\"aligncenter size-large\"><img loading=\"lazy\" decoding=\"async\" width=\"1024\" height=\"819\" class=\"wp-image-15806\" src=\"https:\/\/blog.europapark.de\/wp-content\/uploads\/2026\/03\/EP20_Deutschland_Schloss_Balthasar_1-1024x819.jpg\" alt=\"\" srcset=\"https:\/\/blog.europapark.de\/wp-content\/uploads\/2026\/03\/EP20_Deutschland_Schloss_Balthasar_1-1024x819.jpg 1024w, https:\/\/blog.europapark.de\/wp-content\/uploads\/2026\/03\/EP20_Deutschland_Schloss_Balthasar_1-375x300.jpg 375w, https:\/\/blog.europapark.de\/wp-content\/uploads\/2026\/03\/EP20_Deutschland_Schloss_Balthasar_1-768x614.jpg 768w, https:\/\/blog.europapark.de\/wp-content\/uploads\/2026\/03\/EP20_Deutschland_Schloss_Balthasar_1-1536x1229.jpg 1536w, https:\/\/blog.europapark.de\/wp-content\/uploads\/2026\/03\/EP20_Deutschland_Schloss_Balthasar_1-2048x1638.jpg 2048w, https:\/\/blog.europapark.de\/wp-content\/uploads\/2026\/03\/EP20_Deutschland_Schloss_Balthasar_1-1700x1360.jpg 1700w\" sizes=\"auto, (max-width: 1024px) 100vw, 1024px\" \/>\r\n<figcaption class=\"wp-element-caption\">\u00a0Voil\u00e0 \u00e0 quoi ressemble le ch\u00e2teau Balthasar aujourd\u2019hui !<\/figcaption>\r\n<\/figure>\r\n<\/div>","protected":false},"excerpt":{"rendered":"<p>Aujourd\u2019hui, en vous promenant dans Europa-Park, entre grands huit, zones th\u00e9matiques et fa\u00e7ades soigneusement d\u00e9cor\u00e9es, vous ne vous doutez peut-\u00eatre pas que les origines du plus grand parc de loisirs d\u2019Allemagne sont bien plus anciennes que n\u2019importe quelle attraction. Au c\u0153ur du parc, nich\u00e9 parmi de vieux arbres et des massifs fleuris, s\u2019\u00e9l\u00e8ve le Ch\u00e2teau Balthasar : un \u00e9difice qui est consid\u00e9r\u00e9 comme la v\u00e9ritable pierre angulaire d&#8217;Europa-Park.<\/p>\n","protected":false},"author":34,"featured_media":15812,"comment_status":"closed","ping_status":"closed","sticky":false,"template":"","format":"standard","meta":{"_acf_changed":false,"footnotes":""},"categories":[207],"tags":[],"class_list":["post-15814","post","type-post","status-publish","format-standard","has-post-thumbnail","hentry","category-europa-park-fr"],"acf":[],"yoast_head":"<!-- This site is optimized with the Yoast SEO plugin v26.9 - https:\/\/yoast.com\/product\/yoast-seo-wordpress\/ -->\n<title>Le Ch\u00e2teau Balthasar : la pierre angulaire d\u2019Europa-Park - Le blog officiel d\u2019Europa-Park<\/title>\n<meta name=\"robots\" content=\"index, follow, max-snippet:-1, max-image-preview:large, max-video-preview:-1\" \/>\n<link rel=\"canonical\" href=\"https:\/\/blog.europapark.de\/fr\/europa-park-fr\/le-chateau-balthasar-la-pierre-angulaire-deuropa-park\/\" \/>\n<meta property=\"og:locale\" content=\"fr_FR\" \/>\n<meta property=\"og:type\" content=\"article\" \/>\n<meta property=\"og:title\" content=\"Le Ch\u00e2teau Balthasar : la pierre angulaire d\u2019Europa-Park - Le blog officiel d\u2019Europa-Park\" \/>\n<meta property=\"og:description\" content=\"Aujourd\u2019hui, en vous promenant dans Europa-Park, entre grands huit, zones th\u00e9matiques et fa\u00e7ades soigneusement d\u00e9cor\u00e9es, vous ne vous doutez peut-\u00eatre pas que les origines du plus grand parc de loisirs d\u2019Allemagne sont bien plus anciennes que n\u2019importe quelle attraction. Au c\u0153ur du parc, nich\u00e9 parmi de vieux arbres et des massifs fleuris, s\u2019\u00e9l\u00e8ve le Ch\u00e2teau Balthasar : un \u00e9difice qui est consid\u00e9r\u00e9 comme la v\u00e9ritable pierre angulaire d&#039;Europa-Park.\" \/>\n<meta property=\"og:url\" content=\"https:\/\/blog.europapark.de\/fr\/europa-park-fr\/le-chateau-balthasar-la-pierre-angulaire-deuropa-park\/\" \/>\n<meta property=\"og:site_name\" content=\"Le blog officiel d\u2019Europa-Park\" \/>\n<meta property=\"article:published_time\" content=\"2026-03-06T08:12:23+00:00\" \/>\n<meta property=\"article:modified_time\" content=\"2026-03-16T15:41:28+00:00\" \/>\n<meta property=\"og:image\" content=\"https:\/\/blog.europapark.de\/wp-content\/uploads\/2026\/03\/EP_Deutschland_Schloss_Balthasar_002.JPG-1024x680.jpg\" \/>\n\t<meta property=\"og:image:width\" content=\"1024\" \/>\n\t<meta property=\"og:image:height\" content=\"680\" \/>\n\t<meta property=\"og:image:type\" content=\"image\/jpeg\" \/>\n<meta name=\"author\" content=\"Lisa Fahrer\" \/>\n<meta name=\"twitter:card\" content=\"summary_large_image\" \/>\n<meta name=\"twitter:label1\" content=\"\u00c9crit par\" \/>\n\t<meta name=\"twitter:data1\" content=\"Lisa Fahrer\" \/>\n\t<meta name=\"twitter:label2\" content=\"Dur\u00e9e de lecture estim\u00e9e\" \/>\n\t<meta name=\"twitter:data2\" content=\"5 minutes\" \/>\n<script type=\"application\/ld+json\" class=\"yoast-schema-graph\">{\"@context\":\"https:\/\/schema.org\",\"@graph\":[{\"@type\":\"Article\",\"@id\":\"https:\/\/blog.europapark.de\/fr\/europa-park-fr\/le-chateau-balthasar-la-pierre-angulaire-deuropa-park\/#article\",\"isPartOf\":{\"@id\":\"https:\/\/blog.europapark.de\/fr\/europa-park-fr\/le-chateau-balthasar-la-pierre-angulaire-deuropa-park\/\"},\"author\":{\"name\":\"Lisa Fahrer\",\"@id\":\"https:\/\/blog.europapark.de\/fr\/#\/schema\/person\/803dbb490f0c56eb293301484dd57140\"},\"headline\":\"Le Ch\u00e2teau Balthasar : la pierre angulaire d\u2019Europa-Park\",\"datePublished\":\"2026-03-06T08:12:23+00:00\",\"dateModified\":\"2026-03-16T15:41:28+00:00\",\"mainEntityOfPage\":{\"@id\":\"https:\/\/blog.europapark.de\/fr\/europa-park-fr\/le-chateau-balthasar-la-pierre-angulaire-deuropa-park\/\"},\"wordCount\":845,\"image\":{\"@id\":\"https:\/\/blog.europapark.de\/fr\/europa-park-fr\/le-chateau-balthasar-la-pierre-angulaire-deuropa-park\/#primaryimage\"},\"thumbnailUrl\":\"https:\/\/blog.europapark.de\/wp-content\/uploads\/2026\/03\/EP_Deutschland_Schloss_Balthasar_002.JPG.jpg\",\"articleSection\":[\"Europa-Park\"],\"inLanguage\":\"fr-FR\"},{\"@type\":\"WebPage\",\"@id\":\"https:\/\/blog.europapark.de\/fr\/europa-park-fr\/le-chateau-balthasar-la-pierre-angulaire-deuropa-park\/\",\"url\":\"https:\/\/blog.europapark.de\/fr\/europa-park-fr\/le-chateau-balthasar-la-pierre-angulaire-deuropa-park\/\",\"name\":\"Le Ch\u00e2teau Balthasar : la pierre angulaire d\u2019Europa-Park - Le blog officiel d\u2019Europa-Park\",\"isPartOf\":{\"@id\":\"https:\/\/blog.europapark.de\/fr\/#website\"},\"primaryImageOfPage\":{\"@id\":\"https:\/\/blog.europapark.de\/fr\/europa-park-fr\/le-chateau-balthasar-la-pierre-angulaire-deuropa-park\/#primaryimage\"},\"image\":{\"@id\":\"https:\/\/blog.europapark.de\/fr\/europa-park-fr\/le-chateau-balthasar-la-pierre-angulaire-deuropa-park\/#primaryimage\"},\"thumbnailUrl\":\"https:\/\/blog.europapark.de\/wp-content\/uploads\/2026\/03\/EP_Deutschland_Schloss_Balthasar_002.JPG.jpg\",\"datePublished\":\"2026-03-06T08:12:23+00:00\",\"dateModified\":\"2026-03-16T15:41:28+00:00\",\"author\":{\"@id\":\"https:\/\/blog.europapark.de\/fr\/#\/schema\/person\/803dbb490f0c56eb293301484dd57140\"},\"breadcrumb\":{\"@id\":\"https:\/\/blog.europapark.de\/fr\/europa-park-fr\/le-chateau-balthasar-la-pierre-angulaire-deuropa-park\/#breadcrumb\"},\"inLanguage\":\"fr-FR\",\"potentialAction\":[{\"@type\":\"ReadAction\",\"target\":[\"https:\/\/blog.europapark.de\/fr\/europa-park-fr\/le-chateau-balthasar-la-pierre-angulaire-deuropa-park\/\"]}]},{\"@type\":\"ImageObject\",\"inLanguage\":\"fr-FR\",\"@id\":\"https:\/\/blog.europapark.de\/fr\/europa-park-fr\/le-chateau-balthasar-la-pierre-angulaire-deuropa-park\/#primaryimage\",\"url\":\"https:\/\/blog.europapark.de\/wp-content\/uploads\/2026\/03\/EP_Deutschland_Schloss_Balthasar_002.JPG.jpg\",\"contentUrl\":\"https:\/\/blog.europapark.de\/wp-content\/uploads\/2026\/03\/EP_Deutschland_Schloss_Balthasar_002.JPG.jpg\",\"width\":2560,\"height\":1700},{\"@type\":\"BreadcrumbList\",\"@id\":\"https:\/\/blog.europapark.de\/fr\/europa-park-fr\/le-chateau-balthasar-la-pierre-angulaire-deuropa-park\/#breadcrumb\",\"itemListElement\":[{\"@type\":\"ListItem\",\"position\":1,\"name\":\"Accueil\",\"item\":\"https:\/\/blog.europapark.de\/fr\/\"},{\"@type\":\"ListItem\",\"position\":2,\"name\":\"Le Ch\u00e2teau Balthasar : la pierre angulaire d\u2019Europa-Park\"}]},{\"@type\":\"WebSite\",\"@id\":\"https:\/\/blog.europapark.de\/fr\/#website\",\"url\":\"https:\/\/blog.europapark.de\/fr\/\",\"name\":\"Le blog officiel d\u2019Europa-Park\",\"description\":\"\",\"potentialAction\":[{\"@type\":\"SearchAction\",\"target\":{\"@type\":\"EntryPoint\",\"urlTemplate\":\"https:\/\/blog.europapark.de\/fr\/?s={search_term_string}\"},\"query-input\":{\"@type\":\"PropertyValueSpecification\",\"valueRequired\":true,\"valueName\":\"search_term_string\"}}],\"inLanguage\":\"fr-FR\"},{\"@type\":\"Person\",\"@id\":\"https:\/\/blog.europapark.de\/fr\/#\/schema\/person\/803dbb490f0c56eb293301484dd57140\",\"name\":\"Lisa Fahrer\",\"image\":{\"@type\":\"ImageObject\",\"inLanguage\":\"fr-FR\",\"@id\":\"https:\/\/blog.europapark.de\/fr\/#\/schema\/person\/image\/\",\"url\":\"https:\/\/blog.europapark.de\/wp-content\/uploads\/2026\/01\/IMG_4045-150x150.jpeg\",\"contentUrl\":\"https:\/\/blog.europapark.de\/wp-content\/uploads\/2026\/01\/IMG_4045-150x150.jpeg\",\"caption\":\"Lisa Fahrer\"},\"url\":\"https:\/\/blog.europapark.de\/fr\/author\/lisa-fahrer\/\"}]}<\/script>\n<!-- \/ Yoast SEO plugin. -->","yoast_head_json":{"title":"Le Ch\u00e2teau Balthasar : la pierre angulaire d\u2019Europa-Park - Le blog officiel d\u2019Europa-Park","robots":{"index":"index","follow":"follow","max-snippet":"max-snippet:-1","max-image-preview":"max-image-preview:large","max-video-preview":"max-video-preview:-1"},"canonical":"https:\/\/blog.europapark.de\/fr\/europa-park-fr\/le-chateau-balthasar-la-pierre-angulaire-deuropa-park\/","og_locale":"fr_FR","og_type":"article","og_title":"Le Ch\u00e2teau Balthasar : la pierre angulaire d\u2019Europa-Park - Le blog officiel d\u2019Europa-Park","og_description":"Aujourd\u2019hui, en vous promenant dans Europa-Park, entre grands huit, zones th\u00e9matiques et fa\u00e7ades soigneusement d\u00e9cor\u00e9es, vous ne vous doutez peut-\u00eatre pas que les origines du plus grand parc de loisirs d\u2019Allemagne sont bien plus anciennes que n\u2019importe quelle attraction. Au c\u0153ur du parc, nich\u00e9 parmi de vieux arbres et des massifs fleuris, s\u2019\u00e9l\u00e8ve le Ch\u00e2teau Balthasar : un \u00e9difice qui est consid\u00e9r\u00e9 comme la v\u00e9ritable pierre angulaire d'Europa-Park.","og_url":"https:\/\/blog.europapark.de\/fr\/europa-park-fr\/le-chateau-balthasar-la-pierre-angulaire-deuropa-park\/","og_site_name":"Le blog officiel d\u2019Europa-Park","article_published_time":"2026-03-06T08:12:23+00:00","article_modified_time":"2026-03-16T15:41:28+00:00","og_image":[{"width":1024,"height":680,"url":"https:\/\/blog.europapark.de\/wp-content\/uploads\/2026\/03\/EP_Deutschland_Schloss_Balthasar_002.JPG-1024x680.jpg","type":"image\/jpeg"}],"author":"Lisa Fahrer","twitter_card":"summary_large_image","twitter_misc":{"\u00c9crit par":"Lisa Fahrer","Dur\u00e9e de lecture estim\u00e9e":"5 minutes"},"schema":{"@context":"https:\/\/schema.org","@graph":[{"@type":"Article","@id":"https:\/\/blog.europapark.de\/fr\/europa-park-fr\/le-chateau-balthasar-la-pierre-angulaire-deuropa-park\/#article","isPartOf":{"@id":"https:\/\/blog.europapark.de\/fr\/europa-park-fr\/le-chateau-balthasar-la-pierre-angulaire-deuropa-park\/"},"author":{"name":"Lisa Fahrer","@id":"https:\/\/blog.europapark.de\/fr\/#\/schema\/person\/803dbb490f0c56eb293301484dd57140"},"headline":"Le Ch\u00e2teau Balthasar : la pierre angulaire d\u2019Europa-Park","datePublished":"2026-03-06T08:12:23+00:00","dateModified":"2026-03-16T15:41:28+00:00","mainEntityOfPage":{"@id":"https:\/\/blog.europapark.de\/fr\/europa-park-fr\/le-chateau-balthasar-la-pierre-angulaire-deuropa-park\/"},"wordCount":845,"image":{"@id":"https:\/\/blog.europapark.de\/fr\/europa-park-fr\/le-chateau-balthasar-la-pierre-angulaire-deuropa-park\/#primaryimage"},"thumbnailUrl":"https:\/\/blog.europapark.de\/wp-content\/uploads\/2026\/03\/EP_Deutschland_Schloss_Balthasar_002.JPG.jpg","articleSection":["Europa-Park"],"inLanguage":"fr-FR"},{"@type":"WebPage","@id":"https:\/\/blog.europapark.de\/fr\/europa-park-fr\/le-chateau-balthasar-la-pierre-angulaire-deuropa-park\/","url":"https:\/\/blog.europapark.de\/fr\/europa-park-fr\/le-chateau-balthasar-la-pierre-angulaire-deuropa-park\/","name":"Le Ch\u00e2teau Balthasar : la pierre angulaire d\u2019Europa-Park - Le blog officiel d\u2019Europa-Park","isPartOf":{"@id":"https:\/\/blog.europapark.de\/fr\/#website"},"primaryImageOfPage":{"@id":"https:\/\/blog.europapark.de\/fr\/europa-park-fr\/le-chateau-balthasar-la-pierre-angulaire-deuropa-park\/#primaryimage"},"image":{"@id":"https:\/\/blog.europapark.de\/fr\/europa-park-fr\/le-chateau-balthasar-la-pierre-angulaire-deuropa-park\/#primaryimage"},"thumbnailUrl":"https:\/\/blog.europapark.de\/wp-content\/uploads\/2026\/03\/EP_Deutschland_Schloss_Balthasar_002.JPG.jpg","datePublished":"2026-03-06T08:12:23+00:00","dateModified":"2026-03-16T15:41:28+00:00","author":{"@id":"https:\/\/blog.europapark.de\/fr\/#\/schema\/person\/803dbb490f0c56eb293301484dd57140"},"breadcrumb":{"@id":"https:\/\/blog.europapark.de\/fr\/europa-park-fr\/le-chateau-balthasar-la-pierre-angulaire-deuropa-park\/#breadcrumb"},"inLanguage":"fr-FR","potentialAction":[{"@type":"ReadAction","target":["https:\/\/blog.europapark.de\/fr\/europa-park-fr\/le-chateau-balthasar-la-pierre-angulaire-deuropa-park\/"]}]},{"@type":"ImageObject","inLanguage":"fr-FR","@id":"https:\/\/blog.europapark.de\/fr\/europa-park-fr\/le-chateau-balthasar-la-pierre-angulaire-deuropa-park\/#primaryimage","url":"https:\/\/blog.europapark.de\/wp-content\/uploads\/2026\/03\/EP_Deutschland_Schloss_Balthasar_002.JPG.jpg","contentUrl":"https:\/\/blog.europapark.de\/wp-content\/uploads\/2026\/03\/EP_Deutschland_Schloss_Balthasar_002.JPG.jpg","width":2560,"height":1700},{"@type":"BreadcrumbList","@id":"https:\/\/blog.europapark.de\/fr\/europa-park-fr\/le-chateau-balthasar-la-pierre-angulaire-deuropa-park\/#breadcrumb","itemListElement":[{"@type":"ListItem","position":1,"name":"Accueil","item":"https:\/\/blog.europapark.de\/fr\/"},{"@type":"ListItem","position":2,"name":"Le Ch\u00e2teau Balthasar : la pierre angulaire d\u2019Europa-Park"}]},{"@type":"WebSite","@id":"https:\/\/blog.europapark.de\/fr\/#website","url":"https:\/\/blog.europapark.de\/fr\/","name":"Le blog officiel d\u2019Europa-Park","description":"","potentialAction":[{"@type":"SearchAction","target":{"@type":"EntryPoint","urlTemplate":"https:\/\/blog.europapark.de\/fr\/?s={search_term_string}"},"query-input":{"@type":"PropertyValueSpecification","valueRequired":true,"valueName":"search_term_string"}}],"inLanguage":"fr-FR"},{"@type":"Person","@id":"https:\/\/blog.europapark.de\/fr\/#\/schema\/person\/803dbb490f0c56eb293301484dd57140","name":"Lisa Fahrer","image":{"@type":"ImageObject","inLanguage":"fr-FR","@id":"https:\/\/blog.europapark.de\/fr\/#\/schema\/person\/image\/","url":"https:\/\/blog.europapark.de\/wp-content\/uploads\/2026\/01\/IMG_4045-150x150.jpeg","contentUrl":"https:\/\/blog.europapark.de\/wp-content\/uploads\/2026\/01\/IMG_4045-150x150.jpeg","caption":"Lisa Fahrer"},"url":"https:\/\/blog.europapark.de\/fr\/author\/lisa-fahrer\/"}]}},"_links":{"self":[{"href":"https:\/\/blog.europapark.de\/fr\/wp-json\/wp\/v2\/posts\/15814","targetHints":{"allow":["GET"]}}],"collection":[{"href":"https:\/\/blog.europapark.de\/fr\/wp-json\/wp\/v2\/posts"}],"about":[{"href":"https:\/\/blog.europapark.de\/fr\/wp-json\/wp\/v2\/types\/post"}],"author":[{"embeddable":true,"href":"https:\/\/blog.europapark.de\/fr\/wp-json\/wp\/v2\/users\/34"}],"replies":[{"embeddable":true,"href":"https:\/\/blog.europapark.de\/fr\/wp-json\/wp\/v2\/comments?post=15814"}],"version-history":[{"count":13,"href":"https:\/\/blog.europapark.de\/fr\/wp-json\/wp\/v2\/posts\/15814\/revisions"}],"predecessor-version":[{"id":15870,"href":"https:\/\/blog.europapark.de\/fr\/wp-json\/wp\/v2\/posts\/15814\/revisions\/15870"}],"wp:featuredmedia":[{"embeddable":true,"href":"https:\/\/blog.europapark.de\/fr\/wp-json\/wp\/v2\/media\/15812"}],"wp:attachment":[{"href":"https:\/\/blog.europapark.de\/fr\/wp-json\/wp\/v2\/media?parent=15814"}],"wp:term":[{"taxonomy":"category","embeddable":true,"href":"https:\/\/blog.europapark.de\/fr\/wp-json\/wp\/v2\/categories?post=15814"},{"taxonomy":"post_tag","embeddable":true,"href":"https:\/\/blog.europapark.de\/fr\/wp-json\/wp\/v2\/tags?post=15814"}],"curies":[{"name":"wp","href":"https:\/\/api.w.org\/{rel}","templated":true}]}}