{"id":15431,"date":"2025-12-23T09:00:37","date_gmt":"2025-12-23T08:00:37","guid":{"rendered":"https:\/\/blog.europapark.de\/?p=15431"},"modified":"2025-12-23T09:02:20","modified_gmt":"2025-12-23T08:02:20","slug":"saison-hivernale-a-europa-park-feerie-sensations-et-beaucoup-demotion","status":"publish","type":"post","link":"https:\/\/blog.europapark.de\/fr\/europa-park-fr\/saison-hivernale-a-europa-park-feerie-sensations-et-beaucoup-demotion\/","title":{"rendered":"Saison hivernale \u00e0 Europa-Park : f\u00e9erie, sensations et beaucoup d\u2019\u00e9motion"},"content":{"rendered":"\r\n<p><strong>Quand Europa-Park se pare de son manteau d\u2019hiver, chaque instant nous plonge un peu plus dans la magie de No\u00ebl. Jusqu\u2019au 18 janvier 2026, les 17 quartiers th\u00e9matiques europ\u00e9ens se transforment en un v\u00e9ritable pays des merveilles. Plus de 3 500 sapins enneig\u00e9s bordent les all\u00e9es, tandis que les effluves d\u2019amandes grill\u00e9es, les douces m\u00e9lodies de No\u00ebl et une infinit\u00e9 de petits d\u00e9tails invitent \u00e0 s\u2019arr\u00eater\u2026 pour simplement savourer la beaut\u00e9 du moment.<\/strong><\/p>\r\n\r\n\r\n\r\n<h2 class=\"wp-block-heading\">Une immersion magique d\u00e8s l\u2019arriv\u00e9e<\/h2>\r\n\r\n\r\n\r\n<p>D\u00e8s l\u2019entr\u00e9e, la romantique All\u00e9e Allemande donne le ton de la journ\u00e9e : un somptueux sapin de No\u00ebl, une lumi\u00e8re chaleureuse et une atmosph\u00e8re festive. Pour ceux qui souhaitent d\u2019abord prendre un peu de hauteur, rien de mieux que de monter dans <a href=\"https:\/\/www.europapark.de\/fr\/parc-de-loisirs\/attractions\/grande-roue-bellevue\" target=\"_blank\" rel=\"noopener\">la Grande Roue Bellevue<\/a>, dans le quartier th\u00e9matique portugais. \u00c0 55 m\u00e8tres au-dessus du sol, dans des cabines chauff\u00e9es, le parc s\u2019\u00e9tend sous vos yeux comme un petit monde magique, digne d&#8217;un film.<\/p>\r\n\r\n\r\n<div class=\"wp-block-image\">\r\n<figure class=\"aligncenter size-large\"><img loading=\"lazy\" decoding=\"async\" width=\"1024\" height=\"683\" class=\"wp-image-15423\" src=\"https:\/\/blog.europapark.de\/wp-content\/uploads\/2025\/12\/EP21_Winter_Portugal_Riesenrad_Bellevue_8-1024x683.jpg\" alt=\"\" srcset=\"https:\/\/blog.europapark.de\/wp-content\/uploads\/2025\/12\/EP21_Winter_Portugal_Riesenrad_Bellevue_8-1024x683.jpg 1024w, https:\/\/blog.europapark.de\/wp-content\/uploads\/2025\/12\/EP21_Winter_Portugal_Riesenrad_Bellevue_8-400x267.jpg 400w, https:\/\/blog.europapark.de\/wp-content\/uploads\/2025\/12\/EP21_Winter_Portugal_Riesenrad_Bellevue_8-768x512.jpg 768w, https:\/\/blog.europapark.de\/wp-content\/uploads\/2025\/12\/EP21_Winter_Portugal_Riesenrad_Bellevue_8-1536x1024.jpg 1536w, https:\/\/blog.europapark.de\/wp-content\/uploads\/2025\/12\/EP21_Winter_Portugal_Riesenrad_Bellevue_8-2048x1366.jpg 2048w, https:\/\/blog.europapark.de\/wp-content\/uploads\/2025\/12\/EP21_Winter_Portugal_Riesenrad_Bellevue_8-1700x1134.jpg 1700w\" sizes=\"auto, (max-width: 1024px) 100vw, 1024px\" \/>\r\n<figcaption class=\"wp-element-caption\">\u00a0La grande roue : le passage obligatoire en hiver !<\/figcaption>\r\n<\/figure>\r\n<\/div>\r\n\r\n\r\n<p>&nbsp;<\/p>\r\n\r\n\r\n\r\n<h2 class=\"wp-block-heading\">La nouveaut\u00e9 de cette ann\u00e9e : L&#8217;univers hivernal<\/h2>\r\n\r\n\r\n\r\n<p>Pour cette saison, <a href=\"https:\/\/www.europapark.de\/fr\/parc-de-loisirs\/univers-hivernal\" target=\"_blank\" rel=\"noopener\">le nouvel univers hivernal<\/a> apporte son lot de nouveaut\u00e9s et de moments forts. Ici, l\u2019art du cirque rencontre la romance de l\u2019hiver. La pi\u00e8ce ma\u00eetresse est <a href=\"https:\/\/www.europapark.de\/fr\/parc-de-loisirs\/spectacles\/monte-carlo-circus-festival-meets-europa-park\" target=\"_blank\" rel=\"noopener\">le spectacle \u00ab\u202fMonte Carlo Circus Festival meets Europa-Park\u202f\u00bb<\/a> : des artistes prim\u00e9s venus de Monaco, des acrobaties spectaculaires et de la musique live donnent vie au chapiteau. Juste \u00e0 c\u00f4t\u00e9, <a href=\"https:\/\/www.europapark.de\/fr\/parc-de-loisirs\/attractions\/dome-des-sculptures-de-glace-voyage-en-lan-1975\" target=\"_blank\" rel=\"noopener\">le D\u00f4me des sculptures de glace &#8211; Voyage en l\u2019an 1975<\/a> \u00e9merveille avec des sculptures de glace repr\u00e9sentant les attractions de l\u2019ann\u00e9e d\u2019ouverture. Les enfants peuvent s\u2019amuser sans limite dans <a href=\"https:\/\/www.europapark.de\/fr\/parc-de-loisirs\/attractions\/monde-des-merveilles-hivernales\" target=\"_blank\" rel=\"noopener\">le Monde des Merveilles Hivernales<\/a>, tandis que le <a href=\"https:\/\/www.europapark.de\/fr\/parc-de-loisirs\/restauration\/winterland-bar\" target=\"_blank\" rel=\"noopener\">Winterland-Bar<\/a> propose de d\u00e9licieuses gourmandises hivernales.<\/p>\r\n\r\n\r\n<div class=\"wp-block-image\">\r\n<figure class=\"aligncenter size-large\"><img loading=\"lazy\" decoding=\"async\" class=\"aligncenter wp-image-15450 \" src=\"https:\/\/blog.europapark.de\/wp-content\/uploads\/2025\/12\/ADS3395-400x267.jpg\" alt=\"\" width=\"992\" height=\"662\" srcset=\"https:\/\/blog.europapark.de\/wp-content\/uploads\/2025\/12\/ADS3395-400x267.jpg 400w, https:\/\/blog.europapark.de\/wp-content\/uploads\/2025\/12\/ADS3395-768x512.jpg 768w, https:\/\/blog.europapark.de\/wp-content\/uploads\/2025\/12\/ADS3395.jpg 800w\" sizes=\"auto, (max-width: 992px) 100vw, 992px\" \/>\r\n<figcaption class=\"wp-element-caption\">L&#8217;entr\u00e9e du D\u00f4me des sculptures de glace &#8211; Voyage en l\u2019an 1975.\u00a0<\/figcaption>\r\n<\/figure>\r\n<\/div>\r\n\r\n\r\n<h2 class=\"wp-block-heading\">Pour les enfants : neige, patin \u00e0 glace et magie de No\u00ebl<\/h2>\r\n\r\n\r\n\r\n<p>Les familles qui visitent le parc en hiver trouvent de nombreuses activit\u00e9s \u00e0 faire \u00e0 Europa-Park : \u00c0 l\u2019\u00e9cole de ski <a href=\"https:\/\/www.europapark.de\/fr\/parc-de-loisirs\/attractions\/fis-snowkidz-ecole-de-ski-pour-enfants\" target=\"_blank\" rel=\"noopener\">FIS Snowkidz pour les enfants<\/a> dans la quartier autrichienne, ils peuvent ici essayer leurs premiers virages avec l\u2019aide de moniteurs de ski qualifi\u00e9s ou descendre la colline en bou\u00e9es de neige. Dans <a href=\"https:\/\/www.europapark.de\/fr\/parc-de-loisirs\/attractions\/skitty-world-nordic\" target=\"_blank\" rel=\"noopener\">Skitty World Nordic<\/a>, dans la quartier scandinave, il existe un espace de ski de fond pour les enfants et les adolescents. Sur <a href=\"https:\/\/www.europapark.de\/fr\/parc-de-loisirs\/attractions\/patinoire\" target=\"_blank\" rel=\"noopener\">la grande patinoire \u00e0 c\u00f4t\u00e9 du Fjord Rafting<\/a>, les visiteurs peuvent faire leurs tours, tandis que les adultes peuvent se r\u00e9chauffer avec un verre au <a href=\"https:\/\/www.europapark.de\/fr\/parc-de-loisirs\/restauration\/bar-glaciar\" target=\"_blank\" rel=\"noopener\">Bar Glaciar<\/a> dans la quartier espagnole. Le <a href=\"https:\/\/www.europapark.de\/fr\/parc-de-loisirs\/attractions\/bureau-de-poste-du-pere-noel\" target=\"_blank\" rel=\"noopener\">Bureau de poste du P\u00e8re No\u00ebl<\/a> en Angleterre est particuli\u00e8rement magique : le P\u00e8re No\u00ebl vous attend avec une petite surprise.<\/p>\r\n\r\n\r\n<div class=\"wp-block-image\">\r\n<figure class=\"aligncenter size-large\"><img loading=\"lazy\" decoding=\"async\" width=\"1024\" height=\"683\" class=\"wp-image-15414\" src=\"https:\/\/blog.europapark.de\/wp-content\/uploads\/2025\/12\/EP21_Winter_Skandinavien_Nordisches_Winterdorf_Skitty_World_Nordic_1-1024x683.jpg\" alt=\"\" srcset=\"https:\/\/blog.europapark.de\/wp-content\/uploads\/2025\/12\/EP21_Winter_Skandinavien_Nordisches_Winterdorf_Skitty_World_Nordic_1-1024x683.jpg 1024w, https:\/\/blog.europapark.de\/wp-content\/uploads\/2025\/12\/EP21_Winter_Skandinavien_Nordisches_Winterdorf_Skitty_World_Nordic_1-400x267.jpg 400w, https:\/\/blog.europapark.de\/wp-content\/uploads\/2025\/12\/EP21_Winter_Skandinavien_Nordisches_Winterdorf_Skitty_World_Nordic_1-768x512.jpg 768w, https:\/\/blog.europapark.de\/wp-content\/uploads\/2025\/12\/EP21_Winter_Skandinavien_Nordisches_Winterdorf_Skitty_World_Nordic_1-1536x1024.jpg 1536w, https:\/\/blog.europapark.de\/wp-content\/uploads\/2025\/12\/EP21_Winter_Skandinavien_Nordisches_Winterdorf_Skitty_World_Nordic_1-2048x1366.jpg 2048w, https:\/\/blog.europapark.de\/wp-content\/uploads\/2025\/12\/EP21_Winter_Skandinavien_Nordisches_Winterdorf_Skitty_World_Nordic_1-1700x1134.jpg 1700w\" sizes=\"auto, (max-width: 1024px) 100vw, 1024px\" \/>\r\n<figcaption class=\"wp-element-caption\">\u00a0De nombreux enfants font leurs premi\u00e8res exp\u00e9riences en ski \u00e0 Europa-Park.<\/figcaption>\r\n<\/figure>\r\n<\/div>\r\n\r\n\r\n<h2 class=\"wp-block-heading\">Le plaisir de l\u2019hiver \u00e0 toute vitesse !<\/h2>\r\n\r\n\r\n\r\n<p>L\u2019hiver \u00e0 Europa-Park ne se r\u00e9sume pas qu&#8217;\u00e0 fl\u00e2ner et s\u2019\u00e9merveiller : c\u2019est aussi (et surtout) de l\u2019adr\u00e9naline ! Sur <a href=\"https:\/\/www.europapark.de\/fr\/parc-de-loisirs\/attractions\/voltron-nevera-powered-rimac\" target=\"_blank\" rel=\"noopener\">Voltron Nevera powered by Rimac<\/a>, vous filez \u00e0 100 km\/h \u00e0 travers un paysage inspir\u00e9 de la Croatie, et si vous souhaitez vous r\u00e9chauffer, les attractions couvertes comme <a href=\"https:\/\/www.europapark.de\/fr\/parc-de-loisirs\/attractions\/grand-prix-edventure\">3D GRAND PRIX EDventure<\/a>, <a href=\"https:\/\/www.europapark.de\/fr\/parc-de-loisirs\/attractions\/voletarium\">Voletarium<\/a> ou <a href=\"https:\/\/www.europapark.de\/fr\/parc-de-loisirs\/attractions\/voletarium\" target=\"_blank\" rel=\"noopener\">GRAND PRIX 4D<\/a>, vent et autres effets offrent de v\u00e9ritables moments \u201cwow\u201d, comme si vous \u00e9tiez dans le cockpit.<\/p>\r\n\r\n\r\n<div class=\"wp-block-image\">\r\n<figure class=\"aligncenter size-large\"><img loading=\"lazy\" decoding=\"async\" width=\"1024\" height=\"684\" class=\"wp-image-15412\" src=\"https:\/\/blog.europapark.de\/wp-content\/uploads\/2025\/12\/EP24_Voltron_Winter_Nacht-20-1-1024x684.jpg\" alt=\"\" srcset=\"https:\/\/blog.europapark.de\/wp-content\/uploads\/2025\/12\/EP24_Voltron_Winter_Nacht-20-1-1024x684.jpg 1024w, https:\/\/blog.europapark.de\/wp-content\/uploads\/2025\/12\/EP24_Voltron_Winter_Nacht-20-1-400x267.jpg 400w, https:\/\/blog.europapark.de\/wp-content\/uploads\/2025\/12\/EP24_Voltron_Winter_Nacht-20-1-768x513.jpg 768w, https:\/\/blog.europapark.de\/wp-content\/uploads\/2025\/12\/EP24_Voltron_Winter_Nacht-20-1-1536x1026.jpg 1536w, https:\/\/blog.europapark.de\/wp-content\/uploads\/2025\/12\/EP24_Voltron_Winter_Nacht-20-1-2048x1368.jpg 2048w, https:\/\/blog.europapark.de\/wp-content\/uploads\/2025\/12\/EP24_Voltron_Winter_Nacht-20-1-1700x1136.jpg 1700w\" sizes=\"auto, (max-width: 1024px) 100vw, 1024px\" \/>\r\n<figcaption class=\"wp-element-caption\">\u00a0Voltron Nevera offre du plaisir pur toute l\u2019ann\u00e9e.<\/figcaption>\r\n<\/figure>\r\n<\/div>\r\n\r\n\r\n<h2 class=\"wp-block-heading\">Des spectacles qui vous font vraiment voyager<\/h2>\r\n\r\n\r\n\r\n<p>L\u2019hiver, c\u2019est aussi la saison des spectacles, au point de se surprendre \u00e0 s\u2019\u00e9merveiller comme un enfant. <a href=\"https:\/\/www.europapark.de\/fr\/parc-de-loisirs\/spectacles\/surprice-presents-christmas-dream\" target=\"_blank\" rel=\"noopener\">SurprIce presents a Christmas Dream<\/a> fait glisser sur la glace des patineurs artistiques internationaux avec gr\u00e2ce et acrobaties. Dans le quartier autrichien, <a href=\"https:\/\/www.europapark.de\/fr\/parc-de-loisirs\/spectacles\/firework-memories\" target=\"_blank\" rel=\"noopener\">Firework of Memories<\/a> donne vie \u00e0 un monde hivernal m\u00ealant fontaines d\u2019eau et feux d\u2019artifice. Chaque jour \u00e0 partir de 17h, le<a href=\"https:\/\/www.europapark.de\/fr\/parc-de-loisirs\/spectacles\/miraculeux-spectacle-de-mapping\" target=\"_blank\" rel=\"noopener\"> Miraculeaux Mapping Show<\/a> illumine toutes les demi-heures la fa\u00e7ade de <a href=\"https:\/\/www.europapark.de\/fr\/parc-de-loisirs\/attractions\/eurosat-cancan-coaster\" target=\"_blank\" rel=\"noopener\">Eurosat \u2013 CanCan Coaster<\/a>.<\/p>\r\n\r\n\r\n<div class=\"wp-block-image\">\r\n<figure class=\"aligncenter size-large\"><img loading=\"lazy\" decoding=\"async\" width=\"1024\" height=\"681\" class=\"wp-image-15410\" src=\"https:\/\/blog.europapark.de\/wp-content\/uploads\/2025\/12\/EP24_SurprIce_Christmas_Dream_36-1024x681.jpg\" alt=\"\" srcset=\"https:\/\/blog.europapark.de\/wp-content\/uploads\/2025\/12\/EP24_SurprIce_Christmas_Dream_36-1024x681.jpg 1024w, https:\/\/blog.europapark.de\/wp-content\/uploads\/2025\/12\/EP24_SurprIce_Christmas_Dream_36-400x266.jpg 400w, https:\/\/blog.europapark.de\/wp-content\/uploads\/2025\/12\/EP24_SurprIce_Christmas_Dream_36-768x511.jpg 768w, https:\/\/blog.europapark.de\/wp-content\/uploads\/2025\/12\/EP24_SurprIce_Christmas_Dream_36-1536x1022.jpg 1536w, https:\/\/blog.europapark.de\/wp-content\/uploads\/2025\/12\/EP24_SurprIce_Christmas_Dream_36-2048x1362.jpg 2048w, https:\/\/blog.europapark.de\/wp-content\/uploads\/2025\/12\/EP24_SurprIce_Christmas_Dream_36-1700x1131.jpg 1700w\" sizes=\"auto, (max-width: 1024px) 100vw, 1024px\" \/>\r\n<figcaption class=\"wp-element-caption\">Une ambiance hivernale et f\u00e9\u00e9rique vous attend sur la glace.<\/figcaption>\r\n<\/figure>\r\n<\/div>\r\n\r\n\r\n<h2 class=\"wp-block-heading\">L\u2019hiver se savoure pleinement \u00e0 Europa-Park<\/h2>\r\n\r\n\r\n\r\n<p>Autour du parc historique du ch\u00e2teau Balthasar, <a href=\"https:\/\/www.europapark.de\/fr\/parc-de-loisirs\/attractions\/marche-de-noel\" target=\"_blank\" rel=\"noopener\">le march\u00e9 de No\u00ebl<\/a> vous invite \u00e0 la d\u00e9gustation. En Irlande, un <a href=\"https:\/\/www.europapark.de\/fr\/parc-de-loisirs\/attractions\/marche-de-noel-dantan\" target=\"_blank\" rel=\"noopener\">March\u00e9 de No\u00ebl d&#8217;antan<\/a> avec des artisanats traditionnels vous plonge dans le pass\u00e9. C\u00f4t\u00e9 gastronomie, vous avez le choix : vin chaud, punch, cr\u00eapes hivernales ou goulasch de cerf vous attendent. Dans le <a href=\"https:\/\/www.europapark.de\/fr\/parc-de-loisirs\/attractions\/quartiers-thematiques\/france\" target=\"_blank\" rel=\"noopener\">quartier fran\u00e7ais<\/a>, vous pouvez d\u00e9corer des c\u0153urs en pain d\u2019\u00e9pices dans une boulangerie sous la supervision des p\u00e2tissiers Kambly.<\/p>\r\n\r\n\r\n<div class=\"wp-block-image\">\r\n<figure class=\"aligncenter size-large\"><img loading=\"lazy\" decoding=\"async\" width=\"1024\" height=\"682\" class=\"wp-image-15408\" src=\"https:\/\/blog.europapark.de\/wp-content\/uploads\/2025\/12\/EP10_Winter_Deutschland_Weihnachtsmarkt_001-1024x682.jpg\" alt=\"\" srcset=\"https:\/\/blog.europapark.de\/wp-content\/uploads\/2025\/12\/EP10_Winter_Deutschland_Weihnachtsmarkt_001-1024x682.jpg 1024w, https:\/\/blog.europapark.de\/wp-content\/uploads\/2025\/12\/EP10_Winter_Deutschland_Weihnachtsmarkt_001-400x266.jpg 400w, https:\/\/blog.europapark.de\/wp-content\/uploads\/2025\/12\/EP10_Winter_Deutschland_Weihnachtsmarkt_001-768x511.jpg 768w, https:\/\/blog.europapark.de\/wp-content\/uploads\/2025\/12\/EP10_Winter_Deutschland_Weihnachtsmarkt_001-1536x1022.jpg 1536w, https:\/\/blog.europapark.de\/wp-content\/uploads\/2025\/12\/EP10_Winter_Deutschland_Weihnachtsmarkt_001-2048x1363.jpg 2048w, https:\/\/blog.europapark.de\/wp-content\/uploads\/2025\/12\/EP10_Winter_Deutschland_Weihnachtsmarkt_001-1700x1131.jpg 1700w\" sizes=\"auto, (max-width: 1024px) 100vw, 1024px\" \/>\r\n<figcaption class=\"wp-element-caption\">Confort et gourmandises \u00e0 chaque coin de rue.<\/figcaption>\r\n<\/figure>\r\n<\/div>\r\n\r\n\r\n<p>Pendant la saison hivernale, Europa-Park est ouvert tous les jours de 11h \u00e0 19h jusqu\u2019au 18 janvier 2026, sauf les 24 et 25 d\u00e9cembre. <a href=\"https:\/\/tickets.mackinternational.de\/fr\/categorie\/billets-europapark\" target=\"_blank\" rel=\"noopener\">R\u00e9servez vos billets d\u00e8s maintenant<\/a> !<\/p>\r\n","protected":false},"excerpt":{"rendered":"<p>Quand Europa-Park se pare de son manteau d\u2019hiver, chaque instant nous plonge un peu plus dans la magie de No\u00ebl. Jusqu\u2019au 18 janvier 2026, les 17 quartiers th\u00e9matiques europ\u00e9ens se transforment en un v\u00e9ritable pays des merveilles. Plus de 3 500 sapins enneig\u00e9s bordent les all\u00e9es, tandis que les effluves d\u2019amandes grill\u00e9es, les douces m\u00e9lodies de No\u00ebl et une infinit\u00e9 de petits d\u00e9tails invitent \u00e0 s\u2019arr\u00eater\u2026 pour simplement savourer la beaut\u00e9 du moment.<\/p>\n","protected":false},"author":34,"featured_media":15426,"comment_status":"closed","ping_status":"closed","sticky":false,"template":"","format":"standard","meta":{"_acf_changed":false,"footnotes":""},"categories":[207],"tags":[],"class_list":["post-15431","post","type-post","status-publish","format-standard","has-post-thumbnail","hentry","category-europa-park-fr"],"acf":[],"yoast_head":"<!-- This site is optimized with the Yoast SEO plugin v26.9 - https:\/\/yoast.com\/product\/yoast-seo-wordpress\/ -->\n<title>Saison hivernale \u00e0 Europa-Park : f\u00e9erie, sensations et beaucoup d\u2019\u00e9motion - Le blog officiel d\u2019Europa-Park<\/title>\n<meta name=\"robots\" content=\"index, follow, max-snippet:-1, max-image-preview:large, max-video-preview:-1\" \/>\n<link rel=\"canonical\" href=\"https:\/\/blog.europapark.de\/fr\/europa-park-fr\/saison-hivernale-a-europa-park-feerie-sensations-et-beaucoup-demotion\/\" \/>\n<meta property=\"og:locale\" content=\"fr_FR\" \/>\n<meta property=\"og:type\" content=\"article\" \/>\n<meta property=\"og:title\" content=\"Saison hivernale \u00e0 Europa-Park : f\u00e9erie, sensations et beaucoup d\u2019\u00e9motion - Le blog officiel d\u2019Europa-Park\" \/>\n<meta property=\"og:description\" content=\"Quand Europa-Park se pare de son manteau d\u2019hiver, chaque instant nous plonge un peu plus dans la magie de No\u00ebl. Jusqu\u2019au 18 janvier 2026, les 17 quartiers th\u00e9matiques europ\u00e9ens se transforment en un v\u00e9ritable pays des merveilles. Plus de 3 500 sapins enneig\u00e9s bordent les all\u00e9es, tandis que les effluves d\u2019amandes grill\u00e9es, les douces m\u00e9lodies de No\u00ebl et une infinit\u00e9 de petits d\u00e9tails invitent \u00e0 s\u2019arr\u00eater\u2026 pour simplement savourer la beaut\u00e9 du moment.\" \/>\n<meta property=\"og:url\" content=\"https:\/\/blog.europapark.de\/fr\/europa-park-fr\/saison-hivernale-a-europa-park-feerie-sensations-et-beaucoup-demotion\/\" \/>\n<meta property=\"og:site_name\" content=\"Le blog officiel d\u2019Europa-Park\" \/>\n<meta property=\"article:published_time\" content=\"2025-12-23T08:00:37+00:00\" \/>\n<meta property=\"article:modified_time\" content=\"2025-12-23T08:02:20+00:00\" \/>\n<meta property=\"og:image\" content=\"https:\/\/blog.europapark.de\/wp-content\/uploads\/2025\/12\/EP24_Winter_Schnee_Kroatien-21.jpg\" \/>\n\t<meta property=\"og:image:width\" content=\"2560\" \/>\n\t<meta property=\"og:image:height\" content=\"1440\" \/>\n\t<meta property=\"og:image:type\" content=\"image\/jpeg\" \/>\n<meta name=\"author\" content=\"Lisa Fahrer\" \/>\n<meta name=\"twitter:card\" content=\"summary_large_image\" \/>\n<meta name=\"twitter:label1\" content=\"\u00c9crit par\" \/>\n\t<meta name=\"twitter:data1\" content=\"Lisa Fahrer\" \/>\n\t<meta name=\"twitter:label2\" content=\"Dur\u00e9e de lecture estim\u00e9e\" \/>\n\t<meta name=\"twitter:data2\" content=\"6 minutes\" \/>\n<script type=\"application\/ld+json\" class=\"yoast-schema-graph\">{\"@context\":\"https:\/\/schema.org\",\"@graph\":[{\"@type\":\"Article\",\"@id\":\"https:\/\/blog.europapark.de\/fr\/europa-park-fr\/saison-hivernale-a-europa-park-feerie-sensations-et-beaucoup-demotion\/#article\",\"isPartOf\":{\"@id\":\"https:\/\/blog.europapark.de\/fr\/europa-park-fr\/saison-hivernale-a-europa-park-feerie-sensations-et-beaucoup-demotion\/\"},\"author\":{\"name\":\"Lisa Fahrer\",\"@id\":\"https:\/\/blog.europapark.de\/fr\/#\/schema\/person\/803dbb490f0c56eb293301484dd57140\"},\"headline\":\"Saison hivernale \u00e0 Europa-Park : f\u00e9erie, sensations et beaucoup d\u2019\u00e9motion\",\"datePublished\":\"2025-12-23T08:00:37+00:00\",\"dateModified\":\"2025-12-23T08:02:20+00:00\",\"mainEntityOfPage\":{\"@id\":\"https:\/\/blog.europapark.de\/fr\/europa-park-fr\/saison-hivernale-a-europa-park-feerie-sensations-et-beaucoup-demotion\/\"},\"wordCount\":804,\"image\":{\"@id\":\"https:\/\/blog.europapark.de\/fr\/europa-park-fr\/saison-hivernale-a-europa-park-feerie-sensations-et-beaucoup-demotion\/#primaryimage\"},\"thumbnailUrl\":\"https:\/\/blog.europapark.de\/wp-content\/uploads\/2025\/12\/EP24_Winter_Schnee_Kroatien-21.jpg\",\"articleSection\":[\"Europa-Park\"],\"inLanguage\":\"fr-FR\"},{\"@type\":\"WebPage\",\"@id\":\"https:\/\/blog.europapark.de\/fr\/europa-park-fr\/saison-hivernale-a-europa-park-feerie-sensations-et-beaucoup-demotion\/\",\"url\":\"https:\/\/blog.europapark.de\/fr\/europa-park-fr\/saison-hivernale-a-europa-park-feerie-sensations-et-beaucoup-demotion\/\",\"name\":\"Saison hivernale \u00e0 Europa-Park : f\u00e9erie, sensations et beaucoup d\u2019\u00e9motion - Le blog officiel d\u2019Europa-Park\",\"isPartOf\":{\"@id\":\"https:\/\/blog.europapark.de\/fr\/#website\"},\"primaryImageOfPage\":{\"@id\":\"https:\/\/blog.europapark.de\/fr\/europa-park-fr\/saison-hivernale-a-europa-park-feerie-sensations-et-beaucoup-demotion\/#primaryimage\"},\"image\":{\"@id\":\"https:\/\/blog.europapark.de\/fr\/europa-park-fr\/saison-hivernale-a-europa-park-feerie-sensations-et-beaucoup-demotion\/#primaryimage\"},\"thumbnailUrl\":\"https:\/\/blog.europapark.de\/wp-content\/uploads\/2025\/12\/EP24_Winter_Schnee_Kroatien-21.jpg\",\"datePublished\":\"2025-12-23T08:00:37+00:00\",\"dateModified\":\"2025-12-23T08:02:20+00:00\",\"author\":{\"@id\":\"https:\/\/blog.europapark.de\/fr\/#\/schema\/person\/803dbb490f0c56eb293301484dd57140\"},\"breadcrumb\":{\"@id\":\"https:\/\/blog.europapark.de\/fr\/europa-park-fr\/saison-hivernale-a-europa-park-feerie-sensations-et-beaucoup-demotion\/#breadcrumb\"},\"inLanguage\":\"fr-FR\",\"potentialAction\":[{\"@type\":\"ReadAction\",\"target\":[\"https:\/\/blog.europapark.de\/fr\/europa-park-fr\/saison-hivernale-a-europa-park-feerie-sensations-et-beaucoup-demotion\/\"]}]},{\"@type\":\"ImageObject\",\"inLanguage\":\"fr-FR\",\"@id\":\"https:\/\/blog.europapark.de\/fr\/europa-park-fr\/saison-hivernale-a-europa-park-feerie-sensations-et-beaucoup-demotion\/#primaryimage\",\"url\":\"https:\/\/blog.europapark.de\/wp-content\/uploads\/2025\/12\/EP24_Winter_Schnee_Kroatien-21.jpg\",\"contentUrl\":\"https:\/\/blog.europapark.de\/wp-content\/uploads\/2025\/12\/EP24_Winter_Schnee_Kroatien-21.jpg\",\"width\":2560,\"height\":1440},{\"@type\":\"BreadcrumbList\",\"@id\":\"https:\/\/blog.europapark.de\/fr\/europa-park-fr\/saison-hivernale-a-europa-park-feerie-sensations-et-beaucoup-demotion\/#breadcrumb\",\"itemListElement\":[{\"@type\":\"ListItem\",\"position\":1,\"name\":\"Accueil\",\"item\":\"https:\/\/blog.europapark.de\/fr\/\"},{\"@type\":\"ListItem\",\"position\":2,\"name\":\"Saison hivernale \u00e0 Europa-Park : f\u00e9erie, sensations et beaucoup d\u2019\u00e9motion\"}]},{\"@type\":\"WebSite\",\"@id\":\"https:\/\/blog.europapark.de\/fr\/#website\",\"url\":\"https:\/\/blog.europapark.de\/fr\/\",\"name\":\"Le blog officiel d\u2019Europa-Park\",\"description\":\"\",\"potentialAction\":[{\"@type\":\"SearchAction\",\"target\":{\"@type\":\"EntryPoint\",\"urlTemplate\":\"https:\/\/blog.europapark.de\/fr\/?s={search_term_string}\"},\"query-input\":{\"@type\":\"PropertyValueSpecification\",\"valueRequired\":true,\"valueName\":\"search_term_string\"}}],\"inLanguage\":\"fr-FR\"},{\"@type\":\"Person\",\"@id\":\"https:\/\/blog.europapark.de\/fr\/#\/schema\/person\/803dbb490f0c56eb293301484dd57140\",\"name\":\"Lisa Fahrer\",\"image\":{\"@type\":\"ImageObject\",\"inLanguage\":\"fr-FR\",\"@id\":\"https:\/\/blog.europapark.de\/fr\/#\/schema\/person\/image\/\",\"url\":\"https:\/\/blog.europapark.de\/wp-content\/uploads\/2026\/01\/IMG_4045-150x150.jpeg\",\"contentUrl\":\"https:\/\/blog.europapark.de\/wp-content\/uploads\/2026\/01\/IMG_4045-150x150.jpeg\",\"caption\":\"Lisa Fahrer\"},\"url\":\"https:\/\/blog.europapark.de\/fr\/author\/lisa-fahrer\/\"}]}<\/script>\n<!-- \/ Yoast SEO plugin. -->","yoast_head_json":{"title":"Saison hivernale \u00e0 Europa-Park : f\u00e9erie, sensations et beaucoup d\u2019\u00e9motion - Le blog officiel d\u2019Europa-Park","robots":{"index":"index","follow":"follow","max-snippet":"max-snippet:-1","max-image-preview":"max-image-preview:large","max-video-preview":"max-video-preview:-1"},"canonical":"https:\/\/blog.europapark.de\/fr\/europa-park-fr\/saison-hivernale-a-europa-park-feerie-sensations-et-beaucoup-demotion\/","og_locale":"fr_FR","og_type":"article","og_title":"Saison hivernale \u00e0 Europa-Park : f\u00e9erie, sensations et beaucoup d\u2019\u00e9motion - Le blog officiel d\u2019Europa-Park","og_description":"Quand Europa-Park se pare de son manteau d\u2019hiver, chaque instant nous plonge un peu plus dans la magie de No\u00ebl. Jusqu\u2019au 18 janvier 2026, les 17 quartiers th\u00e9matiques europ\u00e9ens se transforment en un v\u00e9ritable pays des merveilles. Plus de 3 500 sapins enneig\u00e9s bordent les all\u00e9es, tandis que les effluves d\u2019amandes grill\u00e9es, les douces m\u00e9lodies de No\u00ebl et une infinit\u00e9 de petits d\u00e9tails invitent \u00e0 s\u2019arr\u00eater\u2026 pour simplement savourer la beaut\u00e9 du moment.","og_url":"https:\/\/blog.europapark.de\/fr\/europa-park-fr\/saison-hivernale-a-europa-park-feerie-sensations-et-beaucoup-demotion\/","og_site_name":"Le blog officiel d\u2019Europa-Park","article_published_time":"2025-12-23T08:00:37+00:00","article_modified_time":"2025-12-23T08:02:20+00:00","og_image":[{"width":2560,"height":1440,"url":"https:\/\/blog.europapark.de\/wp-content\/uploads\/2025\/12\/EP24_Winter_Schnee_Kroatien-21.jpg","type":"image\/jpeg"}],"author":"Lisa Fahrer","twitter_card":"summary_large_image","twitter_misc":{"\u00c9crit par":"Lisa Fahrer","Dur\u00e9e de lecture estim\u00e9e":"6 minutes"},"schema":{"@context":"https:\/\/schema.org","@graph":[{"@type":"Article","@id":"https:\/\/blog.europapark.de\/fr\/europa-park-fr\/saison-hivernale-a-europa-park-feerie-sensations-et-beaucoup-demotion\/#article","isPartOf":{"@id":"https:\/\/blog.europapark.de\/fr\/europa-park-fr\/saison-hivernale-a-europa-park-feerie-sensations-et-beaucoup-demotion\/"},"author":{"name":"Lisa Fahrer","@id":"https:\/\/blog.europapark.de\/fr\/#\/schema\/person\/803dbb490f0c56eb293301484dd57140"},"headline":"Saison hivernale \u00e0 Europa-Park : f\u00e9erie, sensations et beaucoup d\u2019\u00e9motion","datePublished":"2025-12-23T08:00:37+00:00","dateModified":"2025-12-23T08:02:20+00:00","mainEntityOfPage":{"@id":"https:\/\/blog.europapark.de\/fr\/europa-park-fr\/saison-hivernale-a-europa-park-feerie-sensations-et-beaucoup-demotion\/"},"wordCount":804,"image":{"@id":"https:\/\/blog.europapark.de\/fr\/europa-park-fr\/saison-hivernale-a-europa-park-feerie-sensations-et-beaucoup-demotion\/#primaryimage"},"thumbnailUrl":"https:\/\/blog.europapark.de\/wp-content\/uploads\/2025\/12\/EP24_Winter_Schnee_Kroatien-21.jpg","articleSection":["Europa-Park"],"inLanguage":"fr-FR"},{"@type":"WebPage","@id":"https:\/\/blog.europapark.de\/fr\/europa-park-fr\/saison-hivernale-a-europa-park-feerie-sensations-et-beaucoup-demotion\/","url":"https:\/\/blog.europapark.de\/fr\/europa-park-fr\/saison-hivernale-a-europa-park-feerie-sensations-et-beaucoup-demotion\/","name":"Saison hivernale \u00e0 Europa-Park : f\u00e9erie, sensations et beaucoup d\u2019\u00e9motion - Le blog officiel d\u2019Europa-Park","isPartOf":{"@id":"https:\/\/blog.europapark.de\/fr\/#website"},"primaryImageOfPage":{"@id":"https:\/\/blog.europapark.de\/fr\/europa-park-fr\/saison-hivernale-a-europa-park-feerie-sensations-et-beaucoup-demotion\/#primaryimage"},"image":{"@id":"https:\/\/blog.europapark.de\/fr\/europa-park-fr\/saison-hivernale-a-europa-park-feerie-sensations-et-beaucoup-demotion\/#primaryimage"},"thumbnailUrl":"https:\/\/blog.europapark.de\/wp-content\/uploads\/2025\/12\/EP24_Winter_Schnee_Kroatien-21.jpg","datePublished":"2025-12-23T08:00:37+00:00","dateModified":"2025-12-23T08:02:20+00:00","author":{"@id":"https:\/\/blog.europapark.de\/fr\/#\/schema\/person\/803dbb490f0c56eb293301484dd57140"},"breadcrumb":{"@id":"https:\/\/blog.europapark.de\/fr\/europa-park-fr\/saison-hivernale-a-europa-park-feerie-sensations-et-beaucoup-demotion\/#breadcrumb"},"inLanguage":"fr-FR","potentialAction":[{"@type":"ReadAction","target":["https:\/\/blog.europapark.de\/fr\/europa-park-fr\/saison-hivernale-a-europa-park-feerie-sensations-et-beaucoup-demotion\/"]}]},{"@type":"ImageObject","inLanguage":"fr-FR","@id":"https:\/\/blog.europapark.de\/fr\/europa-park-fr\/saison-hivernale-a-europa-park-feerie-sensations-et-beaucoup-demotion\/#primaryimage","url":"https:\/\/blog.europapark.de\/wp-content\/uploads\/2025\/12\/EP24_Winter_Schnee_Kroatien-21.jpg","contentUrl":"https:\/\/blog.europapark.de\/wp-content\/uploads\/2025\/12\/EP24_Winter_Schnee_Kroatien-21.jpg","width":2560,"height":1440},{"@type":"BreadcrumbList","@id":"https:\/\/blog.europapark.de\/fr\/europa-park-fr\/saison-hivernale-a-europa-park-feerie-sensations-et-beaucoup-demotion\/#breadcrumb","itemListElement":[{"@type":"ListItem","position":1,"name":"Accueil","item":"https:\/\/blog.europapark.de\/fr\/"},{"@type":"ListItem","position":2,"name":"Saison hivernale \u00e0 Europa-Park : f\u00e9erie, sensations et beaucoup d\u2019\u00e9motion"}]},{"@type":"WebSite","@id":"https:\/\/blog.europapark.de\/fr\/#website","url":"https:\/\/blog.europapark.de\/fr\/","name":"Le blog officiel d\u2019Europa-Park","description":"","potentialAction":[{"@type":"SearchAction","target":{"@type":"EntryPoint","urlTemplate":"https:\/\/blog.europapark.de\/fr\/?s={search_term_string}"},"query-input":{"@type":"PropertyValueSpecification","valueRequired":true,"valueName":"search_term_string"}}],"inLanguage":"fr-FR"},{"@type":"Person","@id":"https:\/\/blog.europapark.de\/fr\/#\/schema\/person\/803dbb490f0c56eb293301484dd57140","name":"Lisa Fahrer","image":{"@type":"ImageObject","inLanguage":"fr-FR","@id":"https:\/\/blog.europapark.de\/fr\/#\/schema\/person\/image\/","url":"https:\/\/blog.europapark.de\/wp-content\/uploads\/2026\/01\/IMG_4045-150x150.jpeg","contentUrl":"https:\/\/blog.europapark.de\/wp-content\/uploads\/2026\/01\/IMG_4045-150x150.jpeg","caption":"Lisa Fahrer"},"url":"https:\/\/blog.europapark.de\/fr\/author\/lisa-fahrer\/"}]}},"_links":{"self":[{"href":"https:\/\/blog.europapark.de\/fr\/wp-json\/wp\/v2\/posts\/15431","targetHints":{"allow":["GET"]}}],"collection":[{"href":"https:\/\/blog.europapark.de\/fr\/wp-json\/wp\/v2\/posts"}],"about":[{"href":"https:\/\/blog.europapark.de\/fr\/wp-json\/wp\/v2\/types\/post"}],"author":[{"embeddable":true,"href":"https:\/\/blog.europapark.de\/fr\/wp-json\/wp\/v2\/users\/34"}],"replies":[{"embeddable":true,"href":"https:\/\/blog.europapark.de\/fr\/wp-json\/wp\/v2\/comments?post=15431"}],"version-history":[{"count":15,"href":"https:\/\/blog.europapark.de\/fr\/wp-json\/wp\/v2\/posts\/15431\/revisions"}],"predecessor-version":[{"id":15453,"href":"https:\/\/blog.europapark.de\/fr\/wp-json\/wp\/v2\/posts\/15431\/revisions\/15453"}],"wp:featuredmedia":[{"embeddable":true,"href":"https:\/\/blog.europapark.de\/fr\/wp-json\/wp\/v2\/media\/15426"}],"wp:attachment":[{"href":"https:\/\/blog.europapark.de\/fr\/wp-json\/wp\/v2\/media?parent=15431"}],"wp:term":[{"taxonomy":"category","embeddable":true,"href":"https:\/\/blog.europapark.de\/fr\/wp-json\/wp\/v2\/categories?post=15431"},{"taxonomy":"post_tag","embeddable":true,"href":"https:\/\/blog.europapark.de\/fr\/wp-json\/wp\/v2\/tags?post=15431"}],"curies":[{"name":"wp","href":"https:\/\/api.w.org\/{rel}","templated":true}]}}