{"id":15092,"date":"2025-10-29T17:09:52","date_gmt":"2025-10-29T16:09:52","guid":{"rendered":"https:\/\/blog.europapark.de\/?p=15092"},"modified":"2025-10-29T17:09:52","modified_gmt":"2025-10-29T16:09:52","slug":"mack-rides-le-fabricant-dattractions-pour-le-monde-entier","status":"publish","type":"post","link":"https:\/\/blog.europapark.de\/fr\/europa-park-fr\/mack-rides-le-fabricant-dattractions-pour-le-monde-entier\/","title":{"rendered":"\u202fMACK Rides \u2013 le fabricant d\u2019attractions pour le monde entier\u202f"},"content":{"rendered":"<p><strong>Chaque ann\u00e9e, 14 grands huit vari\u00e9s attirent des millions de visiteurs \u00e0 Europa-Park. La plupart de ces attractions proviennent de la maison MACK Rides. Nous avons parl\u00e9 avec Christian Freiherr von Elverfeldt, directeur g\u00e9n\u00e9ral de MACK Rides, de l\u2019histoire et du d\u00e9veloppement du fabricant de grands huit.<\/strong><\/p>\n<p>Ce que beaucoup ignorent sans doute : la famille d\u2019entrepreneurs Mack a commenc\u00e9 en 1780 avec MACK Rides comme atelier artisanal de fabrication de chariots et d\u2019outils de transport. Gr\u00e2ce \u00e0 leur succ\u00e8s croissant et \u00e0 la demande toujours plus forte, ils se sont d\u00e9velopp\u00e9s pour devenir fabricants de cal\u00e8ches, puis, dans les ann\u00e9es 1920, constructeurs de grands huit.<\/p>\n<figure id=\"attachment_15099\" aria-labelledby=\"figcaption_attachment_15099\" class=\"wp-caption aligncenter\"><img loading=\"lazy\" decoding=\"async\" class=\" wp-image-15099\" src=\"https:\/\/blog.europapark.de\/wp-content\/uploads\/2025\/10\/R.Mack_Kinder.jpg-400x267.jpg\" alt=\"\" width=\"500\" height=\"334\" srcset=\"https:\/\/blog.europapark.de\/wp-content\/uploads\/2025\/10\/R.Mack_Kinder.jpg-400x267.jpg 400w, https:\/\/blog.europapark.de\/wp-content\/uploads\/2025\/10\/R.Mack_Kinder.jpg-1024x683.jpg 1024w, https:\/\/blog.europapark.de\/wp-content\/uploads\/2025\/10\/R.Mack_Kinder.jpg-768x512.jpg 768w, https:\/\/blog.europapark.de\/wp-content\/uploads\/2025\/10\/R.Mack_Kinder.jpg-1536x1024.jpg 1536w, https:\/\/blog.europapark.de\/wp-content\/uploads\/2025\/10\/R.Mack_Kinder.jpg-2048x1365.jpg 2048w, https:\/\/blog.europapark.de\/wp-content\/uploads\/2025\/10\/R.Mack_Kinder.jpg-1700x1133.jpg 1700w\" sizes=\"auto, (max-width: 500px) 100vw, 500px\" \/><figcaption id=\"figcaption_attachment_15099\" class=\"wp-caption-text\">Rust : 12\/10\/2019 : F\u00eate pour le 70\u1d49 anniversaire de Roland Mack.<\/figcaption><\/figure>\n<p>Lorsque Franz et Roland Mack ont finalement ouvert Europa-Park en 1975, ils ont vu pour MACK Rides une opportunit\u00e9 id\u00e9ale : pourquoi ne pas utiliser le parc d\u2019attractions comme vitrine pour les attractions du constructeur de grands huit\u202f? Ainsi, les deux entreprises pouvaient tirer profit l\u2019une de l\u2019autre. Gr\u00e2ce \u00e0 Europa-Park, MACK Rides est devenu plus audacieux dans ses exp\u00e9rimentations, port\u00e9 par le d\u00e9sir de proposer sans cesse de nouvelles exp\u00e9riences aux visiteurs.<\/p>\n<p>Aux d\u00e9buts du parc, les attractions familiales dominaient, comme l&#8217;<a href=\"https:\/\/www.europapark.de\/fr\/parc-de-loisirs\/attractions\/express-des-alpes-enzian\" target=\"_blank\" rel=\"noopener\">Express des Alpes \u00abEnzian\u00bb<\/a>, la piste du <a href=\"https:\/\/www.europapark.de\/fr\/parc-de-loisirs\/attractions\/bobsleigh-suisse\" target=\"_blank\" rel=\"noopener\">Bobsleigh Suisse<\/a> ou <a href=\"https:\/\/www.europapark.de\/fr\/parc-de-loisirs\/attractions\/leclair-du-cervin-matterhorn-blitz\" target=\"_blank\" rel=\"noopener\">L&#8217;\u00e9clair du cervin \u00ab Matterhorn-Blitz \u00bb<\/a>. Lorsque la g\u00e9n\u00e9ration suivante, avec Michael et Thomas Mack, est entr\u00e9e dans la direction d\u2019Europa-Park, le focus a chang\u00e9. Les deux fils de Roland Mack souhaitaient mettre davantage l\u2019accent sur les grands huit pour les amateurs de sensations fortes.<\/p>\n<blockquote><p><em>\u00ab\u202fMACK Rides n\u2019avait aucune exp\u00e9rience au niveau du d\u00e9veloppement de grands huit. Pourtant, nous avons d\u00e9cid\u00e9 de nous lancer dans ce domaine.\u202f\u00bb<\/em><\/p>\n<p>&nbsp;<\/p><\/blockquote>\n<figure id=\"attachment_15093\" aria-labelledby=\"figcaption_attachment_15093\" class=\"wp-caption aligncenter\"><img loading=\"lazy\" decoding=\"async\" class=\"wp-image-15093\" src=\"https:\/\/blog.europapark.de\/wp-content\/uploads\/2025\/10\/EP23_Island_bluefire_Sommer_26.jpg-400x267.jpg\" alt=\"Das Layout von blue fire Megacoaster konnte MACK Rides international neun Mal verkaufen.\" width=\"476\" height=\"318\" srcset=\"https:\/\/blog.europapark.de\/wp-content\/uploads\/2025\/10\/EP23_Island_bluefire_Sommer_26.jpg-400x267.jpg 400w, https:\/\/blog.europapark.de\/wp-content\/uploads\/2025\/10\/EP23_Island_bluefire_Sommer_26.jpg-1024x683.jpg 1024w, https:\/\/blog.europapark.de\/wp-content\/uploads\/2025\/10\/EP23_Island_bluefire_Sommer_26.jpg-768x512.jpg 768w, https:\/\/blog.europapark.de\/wp-content\/uploads\/2025\/10\/EP23_Island_bluefire_Sommer_26.jpg-1536x1024.jpg 1536w, https:\/\/blog.europapark.de\/wp-content\/uploads\/2025\/10\/EP23_Island_bluefire_Sommer_26.jpg-2048x1366.jpg 2048w, https:\/\/blog.europapark.de\/wp-content\/uploads\/2025\/10\/EP23_Island_bluefire_Sommer_26.jpg-1700x1134.jpg 1700w\" sizes=\"auto, (max-width: 476px) 100vw, 476px\" \/><figcaption id=\"figcaption_attachment_15093\" class=\"wp-caption-text\">Le lancement du blue fire Megacoaster a permis \u00e0 MACK Rides de r\u00e9aliser neuf ventes \u00e0 l\u2019international.<\/figcaption><\/figure>\n<p>En 2007, vint l&#8217;\u00e9tape audacieuse du premier grand huit \u00e0 loopings : <a href=\"https:\/\/www.europapark.de\/fr\/parc-de-loisirs\/attractions\/blue-fire-megacoaster\" target=\"_blank\" rel=\"noopener\">le blue fire Megacoaster<\/a>. Christian Freiherr von Elverfeldt, directeur g\u00e9n\u00e9ral de MACK Rides, s\u2019en souvient encore tr\u00e8s bien : \u00ab\u202f<em>Notre prototype blue fire a parfaitement fonctionn\u00e9 d\u00e8s le premier jour et a \u00e9t\u00e9 salu\u00e9 \u00e0 l\u2019international pour son trac\u00e9 spectaculaire et sa fluidit\u00e9. Cette attraction a ainsi \u00e9t\u00e9 un grand succ\u00e8s, tant pour le parc que pour notre entreprise. Cela a ouvert la voie pour conqu\u00e9rir \u00e9galement le march\u00e9 international des grands huit.\u202f<\/em>\u00bb<\/p>\n<figure id=\"attachment_15095\" aria-labelledby=\"figcaption_attachment_15095\" class=\"wp-caption aligncenter\"><img loading=\"lazy\" decoding=\"async\" class=\"wp-image-15095\" src=\"https:\/\/blog.europapark.de\/wp-content\/uploads\/2025\/10\/Mack-Rides-2025-Jorg-Wilhelm-256.jpg-400x267.jpg\" alt=\"Christian Freiherr von Elverfeldt ist Gesch\u00e4ftsf\u00fchrer mit Leidenschaft. Die Firma MACK Rides produziert in Waldkirch Achterbahnen jeder Art.\" width=\"473\" height=\"315\" srcset=\"https:\/\/blog.europapark.de\/wp-content\/uploads\/2025\/10\/Mack-Rides-2025-Jorg-Wilhelm-256.jpg-400x267.jpg 400w, https:\/\/blog.europapark.de\/wp-content\/uploads\/2025\/10\/Mack-Rides-2025-Jorg-Wilhelm-256.jpg-1024x683.jpg 1024w, https:\/\/blog.europapark.de\/wp-content\/uploads\/2025\/10\/Mack-Rides-2025-Jorg-Wilhelm-256.jpg-768x512.jpg 768w, https:\/\/blog.europapark.de\/wp-content\/uploads\/2025\/10\/Mack-Rides-2025-Jorg-Wilhelm-256.jpg-1536x1025.jpg 1536w, https:\/\/blog.europapark.de\/wp-content\/uploads\/2025\/10\/Mack-Rides-2025-Jorg-Wilhelm-256.jpg-2048x1366.jpg 2048w, https:\/\/blog.europapark.de\/wp-content\/uploads\/2025\/10\/Mack-Rides-2025-Jorg-Wilhelm-256.jpg-1700x1134.jpg 1700w\" sizes=\"auto, (max-width: 473px) 100vw, 473px\" \/><figcaption id=\"figcaption_attachment_15095\" class=\"wp-caption-text\">Christian Freiherr von Elverfeldt est un directeur g\u00e9n\u00e9ral passionn\u00e9. L\u2019entreprise MACK Rides fabrique \u00e0 Waldkirch des grands huit de toutes sortes.<\/figcaption><\/figure>\n<p>Depuis le succ\u00e8s du blue fire Megacoaster, MACK Rides a continu\u00e9 \u00e0 d\u00e9velopper de nouveaux produits : sont ainsi n\u00e9es des sensations comme <a href=\"https:\/\/www.europapark.de\/fr\/parc-de-loisirs\/attractions\/arthur\" target=\"_blank\" rel=\"noopener\">ARTHUR<\/a> ou le tout premier Stryker Coaster <a href=\"https:\/\/www.europapark.de\/fr\/parc-de-loisirs\/attractions\/voltron-nevera-powered-rimac\" target=\"_blank\" rel=\"noopener\">Voltron Nevera<\/a>, propuls\u00e9 par Rimac.<\/p>\n<p>Quelle est la demande internationale pour les grands huit de MACK Rides\u202f? \u00ab\u202f<em>blue fire nous a propuls\u00e9s sur le march\u00e9 international en pleine expansion et nous a permis de cro\u00eetre de mani\u00e8re constante au cours des ann\u00e9es suivantes. Depuis, nous recevons des demandes du monde entier, des \u00c9tats-Unis, des \u00c9mirats ou de l\u2019Arabie saoudite. En particulier, en provenance de parcs \u00e0 la recherche d\u2019innovations et de concepts de grands huit fiables et sur mesure.<\/em>\u202f\u00bb<\/p>\n<figure id=\"attachment_15098\" aria-labelledby=\"figcaption_attachment_15098\" class=\"wp-caption aligncenter\"><img loading=\"lazy\" decoding=\"async\" class=\"wp-image-15098\" src=\"https:\/\/blog.europapark.de\/wp-content\/uploads\/2025\/10\/EP24_Kroatien_Voltron_Herbst_7.jpg-400x267.jpg\" alt=\"Mit 1.385 Metern ist Voltron Nevera powered by Rimac die bisher l\u00e4ngste Achterbahn des Europa-Park. Mit sieben Inversionen, vier Launches und 2,2 Sekunden Schwerelosigkeit bricht sie auchweitere Rekorde.\" width=\"458\" height=\"306\" srcset=\"https:\/\/blog.europapark.de\/wp-content\/uploads\/2025\/10\/EP24_Kroatien_Voltron_Herbst_7.jpg-400x267.jpg 400w, https:\/\/blog.europapark.de\/wp-content\/uploads\/2025\/10\/EP24_Kroatien_Voltron_Herbst_7.jpg-1024x683.jpg 1024w, https:\/\/blog.europapark.de\/wp-content\/uploads\/2025\/10\/EP24_Kroatien_Voltron_Herbst_7.jpg-768x512.jpg 768w, https:\/\/blog.europapark.de\/wp-content\/uploads\/2025\/10\/EP24_Kroatien_Voltron_Herbst_7.jpg-1536x1025.jpg 1536w, https:\/\/blog.europapark.de\/wp-content\/uploads\/2025\/10\/EP24_Kroatien_Voltron_Herbst_7.jpg-2048x1366.jpg 2048w, https:\/\/blog.europapark.de\/wp-content\/uploads\/2025\/10\/EP24_Kroatien_Voltron_Herbst_7.jpg-1700x1134.jpg 1700w\" sizes=\"auto, (max-width: 458px) 100vw, 458px\" \/><figcaption id=\"figcaption_attachment_15098\" class=\"wp-caption-text\">Avec ses 1\u202f385 m\u00e8tres, Voltron Nevera propuls\u00e9 par Rimac est \u00e0 ce jour le plus long grand huit d\u2019Europa-Park. Avec ses sept inversions, ses quatre lancements et 2,2 secondes d\u2019apesanteur, il bat \u00e9galement plusieurs autres records.<\/figcaption><\/figure>\n<p>Apr\u00e8s Voltron Nevera propuls\u00e9 par Rimac, un grand huit \u00e0 multi-lancements hors normes, on peut l\u00e9gitimement se demander : peut-on faire encore mieux\u202f? \u00ab\u202f<em>Notre objectif n\u2019est certainement pas de chercher \u00e0 surpasser syst\u00e9matiquement chaque projet<\/em>\u202f\u00bb, explique von Elverfeldt. \u00ab\u202f<em>Voltron nous sert bien s\u00fbr d\u2019inspiration pour les projets \u00e0 venir, mais pas comme une r\u00e9f\u00e9rence absolue. Nous nous adaptons avant tout aux souhaits et aux exigences de nos clients. Parfois, c\u2019est un d\u00e9tail technique, parfois une nouvelle mise en sc\u00e8ne ou un trac\u00e9 original qui rend un grand huit vraiment exceptionnel.<\/em>\u202f\u00bb<\/p>\n<p>Y a-t-il d\u00e9j\u00e0 quelque chose de nouveau en pr\u00e9paration\u202f? \u00ab\u202f<em>Nous travaillons en permanence sur de nouvelles id\u00e9es, certaines plus grandes, d\u2019autres plus modestes, mais toujours avec l\u2019ambition de cr\u00e9er quelque chose de sp\u00e9cial\u202f<\/em>\u00bb, r\u00e9v\u00e8le von Elverfeldt. \u00ab\u202f<em>Je ne peux pas encore en dire beaucoup, mais de nouvelles technologies et des exp\u00e9riences surprenantes seront au rendez-vous dans le futur. Restez attentifs\u202f!<\/em>\u202f\u00bb<\/p>\n<p>L\u2019interview a \u00e9t\u00e9 r\u00e9alis\u00e9e par Nicole Bubnov. Vous trouverez d\u2019autres histoires passionnantes autour d\u2019Europa-Park dans le dernier num\u00e9ro des Europa-Park News.<\/p>\n","protected":false},"excerpt":{"rendered":"<p>Chaque ann\u00e9e, 14 grands huit vari\u00e9s attirent des millions de visiteurs \u00e0 Europa-Park. La plupart de ces attractions proviennent de&#8230;<\/p>\n","protected":false},"author":34,"featured_media":15102,"comment_status":"closed","ping_status":"closed","sticky":false,"template":"","format":"standard","meta":{"_acf_changed":false,"footnotes":""},"categories":[207],"tags":[],"class_list":["post-15092","post","type-post","status-publish","format-standard","has-post-thumbnail","hentry","category-europa-park-fr"],"acf":[],"yoast_head":"<!-- This site is optimized with the Yoast SEO plugin v26.9 - https:\/\/yoast.com\/product\/yoast-seo-wordpress\/ -->\n<title>\u202fMACK Rides \u2013 le fabricant d\u2019attractions pour le monde entier\u202f - Le blog officiel d\u2019Europa-Park<\/title>\n<meta name=\"robots\" content=\"index, follow, max-snippet:-1, max-image-preview:large, max-video-preview:-1\" \/>\n<link rel=\"canonical\" href=\"https:\/\/blog.europapark.de\/fr\/europa-park-fr\/mack-rides-le-fabricant-dattractions-pour-le-monde-entier\/\" \/>\n<meta property=\"og:locale\" content=\"fr_FR\" \/>\n<meta property=\"og:type\" content=\"article\" \/>\n<meta property=\"og:title\" content=\"\u202fMACK Rides \u2013 le fabricant d\u2019attractions pour le monde entier\u202f - Le blog officiel d\u2019Europa-Park\" \/>\n<meta property=\"og:description\" content=\"Chaque ann\u00e9e, 14 grands huit vari\u00e9s attirent des millions de visiteurs \u00e0 Europa-Park. La plupart de ces attractions proviennent de...\" \/>\n<meta property=\"og:url\" content=\"https:\/\/blog.europapark.de\/fr\/europa-park-fr\/mack-rides-le-fabricant-dattractions-pour-le-monde-entier\/\" \/>\n<meta property=\"og:site_name\" content=\"Le blog officiel d\u2019Europa-Park\" \/>\n<meta property=\"article:published_time\" content=\"2025-10-29T16:09:52+00:00\" \/>\n<meta property=\"og:image\" content=\"https:\/\/blog.europapark.de\/wp-content\/uploads\/2025\/10\/EP24_Oesterreich_Alpenexpress_Fruehling_17.jpg-1024x683.jpg\" \/>\n\t<meta property=\"og:image:width\" content=\"1024\" \/>\n\t<meta property=\"og:image:height\" content=\"683\" \/>\n\t<meta property=\"og:image:type\" content=\"image\/jpeg\" \/>\n<meta name=\"author\" content=\"Lisa Fahrer\" \/>\n<meta name=\"twitter:card\" content=\"summary_large_image\" \/>\n<meta name=\"twitter:label1\" content=\"\u00c9crit par\" \/>\n\t<meta name=\"twitter:data1\" content=\"Lisa Fahrer\" \/>\n\t<meta name=\"twitter:label2\" content=\"Dur\u00e9e de lecture estim\u00e9e\" \/>\n\t<meta name=\"twitter:data2\" content=\"5 minutes\" \/>\n<script type=\"application\/ld+json\" class=\"yoast-schema-graph\">{\"@context\":\"https:\/\/schema.org\",\"@graph\":[{\"@type\":\"Article\",\"@id\":\"https:\/\/blog.europapark.de\/fr\/europa-park-fr\/mack-rides-le-fabricant-dattractions-pour-le-monde-entier\/#article\",\"isPartOf\":{\"@id\":\"https:\/\/blog.europapark.de\/fr\/europa-park-fr\/mack-rides-le-fabricant-dattractions-pour-le-monde-entier\/\"},\"author\":{\"name\":\"Lisa Fahrer\",\"@id\":\"https:\/\/blog.europapark.de\/fr\/#\/schema\/person\/803dbb490f0c56eb293301484dd57140\"},\"headline\":\"\u202fMACK Rides \u2013 le fabricant d\u2019attractions pour le monde entier\u202f\",\"datePublished\":\"2025-10-29T16:09:52+00:00\",\"mainEntityOfPage\":{\"@id\":\"https:\/\/blog.europapark.de\/fr\/europa-park-fr\/mack-rides-le-fabricant-dattractions-pour-le-monde-entier\/\"},\"wordCount\":809,\"image\":{\"@id\":\"https:\/\/blog.europapark.de\/fr\/europa-park-fr\/mack-rides-le-fabricant-dattractions-pour-le-monde-entier\/#primaryimage\"},\"thumbnailUrl\":\"https:\/\/blog.europapark.de\/wp-content\/uploads\/2025\/10\/EP24_Oesterreich_Alpenexpress_Fruehling_17.jpg.jpg\",\"articleSection\":[\"Europa-Park\"],\"inLanguage\":\"fr-FR\"},{\"@type\":\"WebPage\",\"@id\":\"https:\/\/blog.europapark.de\/fr\/europa-park-fr\/mack-rides-le-fabricant-dattractions-pour-le-monde-entier\/\",\"url\":\"https:\/\/blog.europapark.de\/fr\/europa-park-fr\/mack-rides-le-fabricant-dattractions-pour-le-monde-entier\/\",\"name\":\"\u202fMACK Rides \u2013 le fabricant d\u2019attractions pour le monde entier\u202f - Le blog officiel d\u2019Europa-Park\",\"isPartOf\":{\"@id\":\"https:\/\/blog.europapark.de\/fr\/#website\"},\"primaryImageOfPage\":{\"@id\":\"https:\/\/blog.europapark.de\/fr\/europa-park-fr\/mack-rides-le-fabricant-dattractions-pour-le-monde-entier\/#primaryimage\"},\"image\":{\"@id\":\"https:\/\/blog.europapark.de\/fr\/europa-park-fr\/mack-rides-le-fabricant-dattractions-pour-le-monde-entier\/#primaryimage\"},\"thumbnailUrl\":\"https:\/\/blog.europapark.de\/wp-content\/uploads\/2025\/10\/EP24_Oesterreich_Alpenexpress_Fruehling_17.jpg.jpg\",\"datePublished\":\"2025-10-29T16:09:52+00:00\",\"author\":{\"@id\":\"https:\/\/blog.europapark.de\/fr\/#\/schema\/person\/803dbb490f0c56eb293301484dd57140\"},\"breadcrumb\":{\"@id\":\"https:\/\/blog.europapark.de\/fr\/europa-park-fr\/mack-rides-le-fabricant-dattractions-pour-le-monde-entier\/#breadcrumb\"},\"inLanguage\":\"fr-FR\",\"potentialAction\":[{\"@type\":\"ReadAction\",\"target\":[\"https:\/\/blog.europapark.de\/fr\/europa-park-fr\/mack-rides-le-fabricant-dattractions-pour-le-monde-entier\/\"]}]},{\"@type\":\"ImageObject\",\"inLanguage\":\"fr-FR\",\"@id\":\"https:\/\/blog.europapark.de\/fr\/europa-park-fr\/mack-rides-le-fabricant-dattractions-pour-le-monde-entier\/#primaryimage\",\"url\":\"https:\/\/blog.europapark.de\/wp-content\/uploads\/2025\/10\/EP24_Oesterreich_Alpenexpress_Fruehling_17.jpg.jpg\",\"contentUrl\":\"https:\/\/blog.europapark.de\/wp-content\/uploads\/2025\/10\/EP24_Oesterreich_Alpenexpress_Fruehling_17.jpg.jpg\",\"width\":7616,\"height\":5077},{\"@type\":\"BreadcrumbList\",\"@id\":\"https:\/\/blog.europapark.de\/fr\/europa-park-fr\/mack-rides-le-fabricant-dattractions-pour-le-monde-entier\/#breadcrumb\",\"itemListElement\":[{\"@type\":\"ListItem\",\"position\":1,\"name\":\"Accueil\",\"item\":\"https:\/\/blog.europapark.de\/fr\/\"},{\"@type\":\"ListItem\",\"position\":2,\"name\":\"\u202fMACK Rides \u2013 le fabricant d\u2019attractions pour le monde entier\u202f\"}]},{\"@type\":\"WebSite\",\"@id\":\"https:\/\/blog.europapark.de\/fr\/#website\",\"url\":\"https:\/\/blog.europapark.de\/fr\/\",\"name\":\"Le blog officiel d\u2019Europa-Park\",\"description\":\"\",\"potentialAction\":[{\"@type\":\"SearchAction\",\"target\":{\"@type\":\"EntryPoint\",\"urlTemplate\":\"https:\/\/blog.europapark.de\/fr\/?s={search_term_string}\"},\"query-input\":{\"@type\":\"PropertyValueSpecification\",\"valueRequired\":true,\"valueName\":\"search_term_string\"}}],\"inLanguage\":\"fr-FR\"},{\"@type\":\"Person\",\"@id\":\"https:\/\/blog.europapark.de\/fr\/#\/schema\/person\/803dbb490f0c56eb293301484dd57140\",\"name\":\"Lisa Fahrer\",\"image\":{\"@type\":\"ImageObject\",\"inLanguage\":\"fr-FR\",\"@id\":\"https:\/\/blog.europapark.de\/fr\/#\/schema\/person\/image\/\",\"url\":\"https:\/\/blog.europapark.de\/wp-content\/uploads\/2026\/01\/IMG_4045-150x150.jpeg\",\"contentUrl\":\"https:\/\/blog.europapark.de\/wp-content\/uploads\/2026\/01\/IMG_4045-150x150.jpeg\",\"caption\":\"Lisa Fahrer\"},\"url\":\"https:\/\/blog.europapark.de\/fr\/author\/lisa-fahrer\/\"}]}<\/script>\n<!-- \/ Yoast SEO plugin. -->","yoast_head_json":{"title":"\u202fMACK Rides \u2013 le fabricant d\u2019attractions pour le monde entier\u202f - Le blog officiel d\u2019Europa-Park","robots":{"index":"index","follow":"follow","max-snippet":"max-snippet:-1","max-image-preview":"max-image-preview:large","max-video-preview":"max-video-preview:-1"},"canonical":"https:\/\/blog.europapark.de\/fr\/europa-park-fr\/mack-rides-le-fabricant-dattractions-pour-le-monde-entier\/","og_locale":"fr_FR","og_type":"article","og_title":"\u202fMACK Rides \u2013 le fabricant d\u2019attractions pour le monde entier\u202f - Le blog officiel d\u2019Europa-Park","og_description":"Chaque ann\u00e9e, 14 grands huit vari\u00e9s attirent des millions de visiteurs \u00e0 Europa-Park. La plupart de ces attractions proviennent de...","og_url":"https:\/\/blog.europapark.de\/fr\/europa-park-fr\/mack-rides-le-fabricant-dattractions-pour-le-monde-entier\/","og_site_name":"Le blog officiel d\u2019Europa-Park","article_published_time":"2025-10-29T16:09:52+00:00","og_image":[{"width":1024,"height":683,"url":"https:\/\/blog.europapark.de\/wp-content\/uploads\/2025\/10\/EP24_Oesterreich_Alpenexpress_Fruehling_17.jpg-1024x683.jpg","type":"image\/jpeg"}],"author":"Lisa Fahrer","twitter_card":"summary_large_image","twitter_misc":{"\u00c9crit par":"Lisa Fahrer","Dur\u00e9e de lecture estim\u00e9e":"5 minutes"},"schema":{"@context":"https:\/\/schema.org","@graph":[{"@type":"Article","@id":"https:\/\/blog.europapark.de\/fr\/europa-park-fr\/mack-rides-le-fabricant-dattractions-pour-le-monde-entier\/#article","isPartOf":{"@id":"https:\/\/blog.europapark.de\/fr\/europa-park-fr\/mack-rides-le-fabricant-dattractions-pour-le-monde-entier\/"},"author":{"name":"Lisa Fahrer","@id":"https:\/\/blog.europapark.de\/fr\/#\/schema\/person\/803dbb490f0c56eb293301484dd57140"},"headline":"\u202fMACK Rides \u2013 le fabricant d\u2019attractions pour le monde entier\u202f","datePublished":"2025-10-29T16:09:52+00:00","mainEntityOfPage":{"@id":"https:\/\/blog.europapark.de\/fr\/europa-park-fr\/mack-rides-le-fabricant-dattractions-pour-le-monde-entier\/"},"wordCount":809,"image":{"@id":"https:\/\/blog.europapark.de\/fr\/europa-park-fr\/mack-rides-le-fabricant-dattractions-pour-le-monde-entier\/#primaryimage"},"thumbnailUrl":"https:\/\/blog.europapark.de\/wp-content\/uploads\/2025\/10\/EP24_Oesterreich_Alpenexpress_Fruehling_17.jpg.jpg","articleSection":["Europa-Park"],"inLanguage":"fr-FR"},{"@type":"WebPage","@id":"https:\/\/blog.europapark.de\/fr\/europa-park-fr\/mack-rides-le-fabricant-dattractions-pour-le-monde-entier\/","url":"https:\/\/blog.europapark.de\/fr\/europa-park-fr\/mack-rides-le-fabricant-dattractions-pour-le-monde-entier\/","name":"\u202fMACK Rides \u2013 le fabricant d\u2019attractions pour le monde entier\u202f - Le blog officiel d\u2019Europa-Park","isPartOf":{"@id":"https:\/\/blog.europapark.de\/fr\/#website"},"primaryImageOfPage":{"@id":"https:\/\/blog.europapark.de\/fr\/europa-park-fr\/mack-rides-le-fabricant-dattractions-pour-le-monde-entier\/#primaryimage"},"image":{"@id":"https:\/\/blog.europapark.de\/fr\/europa-park-fr\/mack-rides-le-fabricant-dattractions-pour-le-monde-entier\/#primaryimage"},"thumbnailUrl":"https:\/\/blog.europapark.de\/wp-content\/uploads\/2025\/10\/EP24_Oesterreich_Alpenexpress_Fruehling_17.jpg.jpg","datePublished":"2025-10-29T16:09:52+00:00","author":{"@id":"https:\/\/blog.europapark.de\/fr\/#\/schema\/person\/803dbb490f0c56eb293301484dd57140"},"breadcrumb":{"@id":"https:\/\/blog.europapark.de\/fr\/europa-park-fr\/mack-rides-le-fabricant-dattractions-pour-le-monde-entier\/#breadcrumb"},"inLanguage":"fr-FR","potentialAction":[{"@type":"ReadAction","target":["https:\/\/blog.europapark.de\/fr\/europa-park-fr\/mack-rides-le-fabricant-dattractions-pour-le-monde-entier\/"]}]},{"@type":"ImageObject","inLanguage":"fr-FR","@id":"https:\/\/blog.europapark.de\/fr\/europa-park-fr\/mack-rides-le-fabricant-dattractions-pour-le-monde-entier\/#primaryimage","url":"https:\/\/blog.europapark.de\/wp-content\/uploads\/2025\/10\/EP24_Oesterreich_Alpenexpress_Fruehling_17.jpg.jpg","contentUrl":"https:\/\/blog.europapark.de\/wp-content\/uploads\/2025\/10\/EP24_Oesterreich_Alpenexpress_Fruehling_17.jpg.jpg","width":7616,"height":5077},{"@type":"BreadcrumbList","@id":"https:\/\/blog.europapark.de\/fr\/europa-park-fr\/mack-rides-le-fabricant-dattractions-pour-le-monde-entier\/#breadcrumb","itemListElement":[{"@type":"ListItem","position":1,"name":"Accueil","item":"https:\/\/blog.europapark.de\/fr\/"},{"@type":"ListItem","position":2,"name":"\u202fMACK Rides \u2013 le fabricant d\u2019attractions pour le monde entier\u202f"}]},{"@type":"WebSite","@id":"https:\/\/blog.europapark.de\/fr\/#website","url":"https:\/\/blog.europapark.de\/fr\/","name":"Le blog officiel d\u2019Europa-Park","description":"","potentialAction":[{"@type":"SearchAction","target":{"@type":"EntryPoint","urlTemplate":"https:\/\/blog.europapark.de\/fr\/?s={search_term_string}"},"query-input":{"@type":"PropertyValueSpecification","valueRequired":true,"valueName":"search_term_string"}}],"inLanguage":"fr-FR"},{"@type":"Person","@id":"https:\/\/blog.europapark.de\/fr\/#\/schema\/person\/803dbb490f0c56eb293301484dd57140","name":"Lisa Fahrer","image":{"@type":"ImageObject","inLanguage":"fr-FR","@id":"https:\/\/blog.europapark.de\/fr\/#\/schema\/person\/image\/","url":"https:\/\/blog.europapark.de\/wp-content\/uploads\/2026\/01\/IMG_4045-150x150.jpeg","contentUrl":"https:\/\/blog.europapark.de\/wp-content\/uploads\/2026\/01\/IMG_4045-150x150.jpeg","caption":"Lisa Fahrer"},"url":"https:\/\/blog.europapark.de\/fr\/author\/lisa-fahrer\/"}]}},"_links":{"self":[{"href":"https:\/\/blog.europapark.de\/fr\/wp-json\/wp\/v2\/posts\/15092","targetHints":{"allow":["GET"]}}],"collection":[{"href":"https:\/\/blog.europapark.de\/fr\/wp-json\/wp\/v2\/posts"}],"about":[{"href":"https:\/\/blog.europapark.de\/fr\/wp-json\/wp\/v2\/types\/post"}],"author":[{"embeddable":true,"href":"https:\/\/blog.europapark.de\/fr\/wp-json\/wp\/v2\/users\/34"}],"replies":[{"embeddable":true,"href":"https:\/\/blog.europapark.de\/fr\/wp-json\/wp\/v2\/comments?post=15092"}],"version-history":[{"count":10,"href":"https:\/\/blog.europapark.de\/fr\/wp-json\/wp\/v2\/posts\/15092\/revisions"}],"predecessor-version":[{"id":15135,"href":"https:\/\/blog.europapark.de\/fr\/wp-json\/wp\/v2\/posts\/15092\/revisions\/15135"}],"wp:featuredmedia":[{"embeddable":true,"href":"https:\/\/blog.europapark.de\/fr\/wp-json\/wp\/v2\/media\/15102"}],"wp:attachment":[{"href":"https:\/\/blog.europapark.de\/fr\/wp-json\/wp\/v2\/media?parent=15092"}],"wp:term":[{"taxonomy":"category","embeddable":true,"href":"https:\/\/blog.europapark.de\/fr\/wp-json\/wp\/v2\/categories?post=15092"},{"taxonomy":"post_tag","embeddable":true,"href":"https:\/\/blog.europapark.de\/fr\/wp-json\/wp\/v2\/tags?post=15092"}],"curies":[{"name":"wp","href":"https:\/\/api.w.org\/{rel}","templated":true}]}}