{"id":14517,"date":"2025-06-18T15:50:23","date_gmt":"2025-06-18T13:50:23","guid":{"rendered":"https:\/\/blog.europapark.de\/?p=14517"},"modified":"2025-06-18T16:08:18","modified_gmt":"2025-06-18T14:08:18","slug":"les-annees-2000-une-decennie-de-decisions-strategiques-a-europa-park","status":"publish","type":"post","link":"https:\/\/blog.europapark.de\/fr\/europa-park-fr\/les-annees-2000-une-decennie-de-decisions-strategiques-a-europa-park\/","title":{"rendered":"Les ann\u00e9es 2000 : Une d\u00e9cennie de d\u00e9cisions strat\u00e9giques \u00e0 Europa-Park"},"content":{"rendered":"\r\n<h3>Dans le cadre de notre s\u00e9rie d\u00e9di\u00e9e au 50e anniversaire, nous revenons sur l\u2019histoire d\u2019Europa-Park. Apr\u00e8s les ann\u00e9es <a href=\"https:\/\/blog.europapark.de\/fr\/europa-park-fr\/europa-park-dans-les-annees-70\/\" target=\"_blank\" rel=\"noopener\">70<\/a>, <a href=\"https:\/\/blog.europapark.de\/fr\/europa-park-fr\/europa-park-dans-les-annees-80\/\" target=\"_blank\" rel=\"noopener\">80<\/a> et <a href=\"https:\/\/blog.europapark.de\/fr\/europa-park-fr\/les-annees-90-a-europa-park-le-parc-devient-un-resort\/\" target=\"_blank\" rel=\"noopener\">90<\/a>, c\u2019est d\u00e9sormais au tour des ann\u00e9es 2000 d\u2019\u00eatre mises \u00e0 l\u2019honneur.<\/h3>\r\n\r\n\r\n\r\n<p>Avec le d\u00e9but du nouveau mill\u00e9naire, Europa-Park ouvre un tout nouveau chapitre qui marque de mani\u00e8re d\u00e9cisive son ascension vers le statut de plus grand resort de loisirs d\u2019Allemagne. Fin novembre 2001, le parc franchit une \u00e9tape in\u00e9dite jusqu\u2019alors dans le paysage des parcs de loisirs allemands : Europa-Park ouvre pour la premi\u00e8re fois une <a href=\"https:\/\/www.europapark.de\/fr\/parc-de-loisirs\/infos\/planifiez-votre-sejour\/hiver-enchanteur-europa-park\" target=\"_blank\" rel=\"noopener\">saison hivernale<\/a>. Neige, illuminations et spectacles d\u2019hiver \u00e9merveillent quelque 180 000 visiteurs en seulement six semaines. Le succ\u00e8s de cette premi\u00e8re est tel que les responsables d\u00e9cident d\u2019int\u00e9grer d\u00e9finitivement l\u2019ouverture hivernale \u00e0 la programmation du parc. Un tournant majeur, qui fait d\u2019Europa-Park une destination ouverte toute l\u2019ann\u00e9e.<\/p>\r\n\r\n\r\n<div class=\"wp-block-image\">\r\n<figure class=\"aligncenter size-large\">\r\n<figure id=\"attachment_14508\" aria-labelledby=\"figcaption_attachment_14508\" class=\"wp-caption aligncenter\"><img loading=\"lazy\" decoding=\"async\" class=\"wp-image-14508\" src=\"https:\/\/blog.europapark.de\/wp-content\/uploads\/2025\/06\/EP22_Winter2_Park13-1024x683.jpg\" alt=\"En 2001, Europa-Park a ouvert ses portes pour la premi\u00e8re fois pendant la saison hivernale.\" width=\"1024\" height=\"683\" srcset=\"https:\/\/blog.europapark.de\/wp-content\/uploads\/2025\/06\/EP22_Winter2_Park13-1024x683.jpg 1024w, https:\/\/blog.europapark.de\/wp-content\/uploads\/2025\/06\/EP22_Winter2_Park13-400x267.jpg 400w, https:\/\/blog.europapark.de\/wp-content\/uploads\/2025\/06\/EP22_Winter2_Park13-768x512.jpg 768w, https:\/\/blog.europapark.de\/wp-content\/uploads\/2025\/06\/EP22_Winter2_Park13-1536x1024.jpg 1536w, https:\/\/blog.europapark.de\/wp-content\/uploads\/2025\/06\/EP22_Winter2_Park13-2048x1366.jpg 2048w, https:\/\/blog.europapark.de\/wp-content\/uploads\/2025\/06\/EP22_Winter2_Park13-1700x1134.jpg 1700w\" sizes=\"auto, (max-width: 1024px) 100vw, 1024px\" \/><figcaption id=\"figcaption_attachment_14508\" class=\"wp-caption-text\">En 2001, Europa-Park a ouvert ses portes pour la premi\u00e8re fois pendant la saison hivernale.<\/figcaption><\/figure>\r\n<\/figure>\r\n<\/div>\r\n\r\n\r\n<h2 class=\"wp-block-heading\">La sortie d\u2019autoroute est inaugur\u00e9e, Silver Star ouvre ses portes<\/h2>\r\n\r\n\r\n\r\n<p>Au printemps 2002, un projet de longue haleine devient enfin r\u00e9alit\u00e9 : apr\u00e8s des d\u00e9cennies de n\u00e9gociations, le parc obtient sa propre sortie d\u2019autoroute sur l\u2019A5. Pour les visiteurs venant d\u2019Allemagne, de France et de Suisse, l\u2019acc\u00e8s au parc s\u2019en trouve consid\u00e9rablement facilit\u00e9, un atout majeur face \u00e0 une fr\u00e9quentation en constante augmentation. La m\u00eame ann\u00e9e, MackMedia voit le jour, en tant que membre du groupe Mack International. Sous la direction de Michael Mack, un tout nouveau domaine d\u2019activit\u00e9 est d\u00e9velopp\u00e9 : l\u2019extension num\u00e9rique de l\u2019univers d\u2019Europa-Park au-del\u00e0 des fronti\u00e8res du parc. Films, r\u00e9alit\u00e9 virtuelle, applications et jeux, autant de briques qui construisent un avenir o\u00f9 Europa-Park devient \u00e9galement une exp\u00e9rience m\u00e9diatique.<\/p>\r\n\r\n\r\n\r\n<p>Un autre moment fort de l\u2019ann\u00e9e 2002 est l\u2019inauguration du grand huit en acier <a href=\"https:\/\/www.europapark.de\/fr\/parc-de-loisirs\/attractions\/silver-star\" target=\"_blank\" rel=\"noopener\">Silver Star<\/a>, qui, avec ses 73 m\u00e8tres de hauteur et une vitesse de pointe de 130 km\/h, devient non seulement le plus haut, mais aussi le grand huit le plus rapide d\u2019Europe et reste, encore aujourd\u2019hui, une v\u00e9ritable ic\u00f4ne d\u2019Europa-Park.<\/p>\r\n\r\n\r\n<div class=\"wp-block-image\">\r\n<figure class=\"aligncenter size-large\">\r\n<figure id=\"attachment_14506\" aria-labelledby=\"figcaption_attachment_14506\" class=\"wp-caption aligncenter\"><img loading=\"lazy\" decoding=\"async\" class=\"wp-image-14506\" src=\"https:\/\/blog.europapark.de\/wp-content\/uploads\/2025\/06\/P1212109-1024x768.jpg\" alt=\"2001 : Silver Star prend de la hauteur\" width=\"1024\" height=\"768\" srcset=\"https:\/\/blog.europapark.de\/wp-content\/uploads\/2025\/06\/P1212109-1024x768.jpg 1024w, https:\/\/blog.europapark.de\/wp-content\/uploads\/2025\/06\/P1212109-400x300.jpg 400w, https:\/\/blog.europapark.de\/wp-content\/uploads\/2025\/06\/P1212109-768x576.jpg 768w, https:\/\/blog.europapark.de\/wp-content\/uploads\/2025\/06\/P1212109-1536x1152.jpg 1536w, https:\/\/blog.europapark.de\/wp-content\/uploads\/2025\/06\/P1212109-2048x1536.jpg 2048w, https:\/\/blog.europapark.de\/wp-content\/uploads\/2025\/06\/P1212109-1700x1275.jpg 1700w\" sizes=\"auto, (max-width: 1024px) 100vw, 1024px\" \/><figcaption id=\"figcaption_attachment_14506\" class=\"wp-caption-text\">2001 : Silver Star prend de la hauteur<\/figcaption><\/figure>\r\n<\/figure>\r\n<\/div>\r\n\r\n\r\n<h2 class=\"wp-block-heading\">\u00a0H\u00f4tels, h\u00f4tels, h\u00f4tels dans le Resort<\/h2>\r\n\r\n\r\n\r\n<p>Europa-Park ne se distingue pas uniquement par ses avanc\u00e9es technologiques et en mati\u00e8re d\u2019infrastructures. Le sujet de l\u2019h\u00e9bergement conna\u00eet lui aussi un d\u00e9veloppement majeur. Tr\u00e8s vite, la construction d\u2019un troisi\u00e8me h\u00f4tel th\u00e9matique est annonc\u00e9e, et en 2004, <a href=\"https:\/\/www.europapark.de\/fr\/sejourner\/hotel-4-etoiles-superieur-colosseo\" target=\"_blank\" rel=\"noopener\">l\u2019h\u00f4tel Colosseo<\/a> ouvre ses portes. Inspir\u00e9 de la Rome antique, il s\u00e9duit par son architecture impressionnante, son ambiance italienne et ses 1 450 lits, ce qui en fait le plus grand h\u00f4tel individuel du sud du Bade-Wurtemberg. La demande est immense : d\u00e8s sa premi\u00e8re ann\u00e9e, cet h\u00f4tel ouvert toute l\u2019ann\u00e9e affiche un taux d\u2019occupation de 95 %. Europa-Park s\u2019impose de plus en plus comme une destination id\u00e9ale pour des courts s\u00e9jours \u00e0 l\u2019\u00e9chelle europ\u00e9enne.<\/p>\r\n\r\n\r\n<div class=\"wp-block-image\">\r\n<figure class=\"aligncenter size-large\">\r\n<figure id=\"attachment_14501\" aria-labelledby=\"figcaption_attachment_14501\" class=\"wp-caption aligncenter\"><img loading=\"lazy\" decoding=\"async\" class=\"wp-image-14501\" src=\"https:\/\/blog.europapark.de\/wp-content\/uploads\/2025\/06\/EP25_RESORT_Panorama_Colosseo_04-1024x767.jpg\" alt=\"Depuis 2004, l\u2019h\u00f4tel \u00ab Colosseo \u00bb s\u00e9duit par son charme italien.\" width=\"1024\" height=\"767\" srcset=\"https:\/\/blog.europapark.de\/wp-content\/uploads\/2025\/06\/EP25_RESORT_Panorama_Colosseo_04-1024x767.jpg 1024w, https:\/\/blog.europapark.de\/wp-content\/uploads\/2025\/06\/EP25_RESORT_Panorama_Colosseo_04-400x300.jpg 400w, https:\/\/blog.europapark.de\/wp-content\/uploads\/2025\/06\/EP25_RESORT_Panorama_Colosseo_04-768x575.jpg 768w, https:\/\/blog.europapark.de\/wp-content\/uploads\/2025\/06\/EP25_RESORT_Panorama_Colosseo_04-1536x1150.jpg 1536w, https:\/\/blog.europapark.de\/wp-content\/uploads\/2025\/06\/EP25_RESORT_Panorama_Colosseo_04-2048x1534.jpg 2048w, https:\/\/blog.europapark.de\/wp-content\/uploads\/2025\/06\/EP25_RESORT_Panorama_Colosseo_04-1700x1273.jpg 1700w\" sizes=\"auto, (max-width: 1024px) 100vw, 1024px\" \/><figcaption id=\"figcaption_attachment_14501\" class=\"wp-caption-text\">Depuis 2004, l\u2019h\u00f4tel Colosseo s\u00e9duit par son charme italien.<\/figcaption><\/figure>\r\n\r\n<\/figure>\r\n<\/div>\r\n\r\n\r\n<p>En 2005, le senior chef Franz Mack re\u00e7oit l\u2019une des plus hautes distinctions de l\u2019industrie des parcs de loisirs : il est officiellement nomm\u00e9 \u00e0 la \u00ab Hall of Fame \u00bb de l\u2019IAAPA, la f\u00e9d\u00e9ration mondiale du secteur, lors d\u2019une c\u00e9r\u00e9monie \u00e0 Atlanta, une reconnaissance de toute une vie de travail et de son r\u00f4le de pionnier du parc de loisirs europ\u00e9en. La m\u00eame ann\u00e9e, la zone th\u00e9matique Portugal voit le jour, avec l\u2019ouverture de l&#8217;attraction aquatique <a href=\"https:\/\/www.europapark.de\/fr\/parc-de-loisirs\/attractions\/atlantica-supersplash\" target=\"_blank\" rel=\"noopener\">Atlantica SuperSplash.<\/a><\/p>\r\n\r\n\r\n\r\n<p>Le complexe h\u00f4telier continue de s\u2019agrandir : en 2007, le quatri\u00e8me h\u00f4tel th\u00e9matique, <a href=\"https:\/\/www.europapark.de\/fr\/sejourner\/hotel-4-etoiles-superieur-santa-isabel\" target=\"_blank\" rel=\"noopener\">Santa Isabel<\/a>, ouvre ses portes. Construit dans le style d\u2019un monast\u00e8re portugais, il offre \u00e0 ses visiteurs un cadre paisible, charmant et plein de charme, propice \u00e0 la d\u00e9tente et au bien-\u00eatre.<\/p>\r\n\r\n\r\n\r\n<p>Europa-Park gagne \u00e9galement en importance en tant que lieu pour les entreprises et les m\u00e9dias. Plus de 1 300 \u00e9v\u00e9nements sont d\u00e9sormais organis\u00e9s chaque ann\u00e9e par l\u2019\u00e9quipe interne de <a href=\"https:\/\/blog.europapark.de\/fr\/europa-park-fr\/confertainment-a-europa-park-le-business-avec-un-petit-truc-en-plus\/\" target=\"_blank\" rel=\"noopener\">Confertainment<\/a>, allant des congr\u00e8s aux \u00e9v\u00e9nements d\u2019entreprise exclusifs. Parall\u00e8lement, de plus en plus de cha\u00eenes de t\u00e9l\u00e9vision choisissent le parc comme lieu de tournage : environ 200 \u00e9missions TV sont produites chaque ann\u00e9e sur place, notamment pour ZDF, SWR, ProSieben et Sat.1.<\/p>\r\n\r\n\r\n\r\n<h2 class=\"wp-block-heading\">Le premier looping \u00e0 Europa-Park<\/h2>\r\n\r\n\r\n\r\n<p>Le clou du spectacle de la d\u00e9cennie intervient en 2009 avec une importante extension : Europa-Park s\u2019agrandit de 15 hectares et inaugure la nouvelle zone th\u00e9matique Island. Les visiteurs y d\u00e9couvrent une v\u00e9ritable nouveaut\u00e9 mondiale : <a href=\"https:\/\/www.europapark.de\/fr\/parc-de-loisirs\/attractions\/blue-fire-megacoaster\" target=\"_blank\" rel=\"noopener\">blue fire Megacoaster<\/a> de MACK Rides, premier grand huit \u00e0 lancement catapult\u00e9 du parc, qui poss\u00e8de \u00e9galement la boucle la plus haute d\u2019un grand huit lanc\u00e9 en Europe. Avec cette attraction, le parc \u00e9tablit une nouvelle fois des standards dans l\u2019industrie.<\/p>\r\n\r\n\r\n<div class=\"wp-block-image\">\r\n<figure class=\"aligncenter size-large\">\r\n<figure id=\"attachment_14503\" aria-labelledby=\"figcaption_attachment_14503\" class=\"wp-caption aligncenter\"><img loading=\"lazy\" decoding=\"async\" class=\"wp-image-14503\" src=\"https:\/\/blog.europapark.de\/wp-content\/uploads\/2025\/06\/EP23_Island_bluefire_Sommer_25-1024x683.jpg\" alt=\"Depuis 2009, le blue fire Megacoaster fait tourner la t\u00eate des visiteurs\" width=\"1024\" height=\"683\" srcset=\"https:\/\/blog.europapark.de\/wp-content\/uploads\/2025\/06\/EP23_Island_bluefire_Sommer_25-1024x683.jpg 1024w, https:\/\/blog.europapark.de\/wp-content\/uploads\/2025\/06\/EP23_Island_bluefire_Sommer_25-400x267.jpg 400w, https:\/\/blog.europapark.de\/wp-content\/uploads\/2025\/06\/EP23_Island_bluefire_Sommer_25-768x512.jpg 768w, https:\/\/blog.europapark.de\/wp-content\/uploads\/2025\/06\/EP23_Island_bluefire_Sommer_25-1536x1025.jpg 1536w, https:\/\/blog.europapark.de\/wp-content\/uploads\/2025\/06\/EP23_Island_bluefire_Sommer_25-2048x1366.jpg 2048w, https:\/\/blog.europapark.de\/wp-content\/uploads\/2025\/06\/EP23_Island_bluefire_Sommer_25-1700x1134.jpg 1700w\" sizes=\"auto, (max-width: 1024px) 100vw, 1024px\" \/><figcaption id=\"figcaption_attachment_14503\" class=\"wp-caption-text\">Depuis 2009, le blue fire Megacoaster fait tourner la t\u00eate des visiteurs.<\/figcaption><\/figure>\r\n<\/figure>\r\n<\/div>","protected":false},"excerpt":{"rendered":"<p>Dans le cadre de notre s\u00e9rie d\u00e9di\u00e9e au 50e anniversaire, nous revenons sur l\u2019histoire d\u2019Europa-Park. Apr\u00e8s les ann\u00e9es 70, 80 et 90, c\u2019est d\u00e9sormais au tour des ann\u00e9es 2000 d\u2019\u00eatre mises \u00e0 l\u2019honneur.<\/p>\n","protected":false},"author":34,"featured_media":14513,"comment_status":"closed","ping_status":"closed","sticky":false,"template":"","format":"standard","meta":{"_acf_changed":false,"footnotes":""},"categories":[207],"tags":[266],"class_list":["post-14517","post","type-post","status-publish","format-standard","has-post-thumbnail","hentry","category-europa-park-fr","tag-europa-park-fr-2"],"acf":[],"yoast_head":"<!-- This site is optimized with the Yoast SEO plugin v26.9 - https:\/\/yoast.com\/product\/yoast-seo-wordpress\/ -->\n<title>Les ann\u00e9es 2000 : Une d\u00e9cennie de d\u00e9cisions strat\u00e9giques \u00e0 Europa-Park - Le blog officiel d\u2019Europa-Park<\/title>\n<meta name=\"description\" content=\"Dans le cadre de notre s\u00e9rie d\u00e9di\u00e9e au 50e anniversaire, nous revenons sur l\u2019histoire d\u2019Europa-Park. C&#039;est au tour des ann\u00e9es 2000.\" \/>\n<meta name=\"robots\" content=\"index, follow, max-snippet:-1, max-image-preview:large, max-video-preview:-1\" \/>\n<link rel=\"canonical\" href=\"https:\/\/blog.europapark.de\/fr\/europa-park-fr\/les-annees-2000-une-decennie-de-decisions-strategiques-a-europa-park\/\" \/>\n<meta property=\"og:locale\" content=\"fr_FR\" \/>\n<meta property=\"og:type\" content=\"article\" \/>\n<meta property=\"og:title\" content=\"Les ann\u00e9es 2000 : Une d\u00e9cennie de d\u00e9cisions strat\u00e9giques \u00e0 Europa-Park - Le blog officiel d\u2019Europa-Park\" \/>\n<meta property=\"og:description\" content=\"Dans le cadre de notre s\u00e9rie d\u00e9di\u00e9e au 50e anniversaire, nous revenons sur l\u2019histoire d\u2019Europa-Park. C&#039;est au tour des ann\u00e9es 2000.\" \/>\n<meta property=\"og:url\" content=\"https:\/\/blog.europapark.de\/fr\/europa-park-fr\/les-annees-2000-une-decennie-de-decisions-strategiques-a-europa-park\/\" \/>\n<meta property=\"og:site_name\" content=\"Le blog officiel d\u2019Europa-Park\" \/>\n<meta property=\"article:published_time\" content=\"2025-06-18T13:50:23+00:00\" \/>\n<meta property=\"article:modified_time\" content=\"2025-06-18T14:08:18+00:00\" \/>\n<meta property=\"og:image\" content=\"https:\/\/blog.europapark.de\/wp-content\/uploads\/2025\/06\/Europapark_Mende_L9K9922-1024x683.jpg\" \/>\n\t<meta property=\"og:image:width\" content=\"1024\" \/>\n\t<meta property=\"og:image:height\" content=\"683\" \/>\n\t<meta property=\"og:image:type\" content=\"image\/jpeg\" \/>\n<meta name=\"author\" content=\"Lisa Fahrer\" \/>\n<meta name=\"twitter:card\" content=\"summary_large_image\" \/>\n<meta name=\"twitter:label1\" content=\"\u00c9crit par\" \/>\n\t<meta name=\"twitter:data1\" content=\"Lisa Fahrer\" \/>\n\t<meta name=\"twitter:label2\" content=\"Dur\u00e9e de lecture estim\u00e9e\" \/>\n\t<meta name=\"twitter:data2\" content=\"5 minutes\" \/>\n<script type=\"application\/ld+json\" class=\"yoast-schema-graph\">{\"@context\":\"https:\/\/schema.org\",\"@graph\":[{\"@type\":\"Article\",\"@id\":\"https:\/\/blog.europapark.de\/fr\/europa-park-fr\/les-annees-2000-une-decennie-de-decisions-strategiques-a-europa-park\/#article\",\"isPartOf\":{\"@id\":\"https:\/\/blog.europapark.de\/fr\/europa-park-fr\/les-annees-2000-une-decennie-de-decisions-strategiques-a-europa-park\/\"},\"author\":{\"name\":\"Lisa Fahrer\",\"@id\":\"https:\/\/blog.europapark.de\/fr\/#\/schema\/person\/803dbb490f0c56eb293301484dd57140\"},\"headline\":\"Les ann\u00e9es 2000 : Une d\u00e9cennie de d\u00e9cisions strat\u00e9giques \u00e0 Europa-Park\",\"datePublished\":\"2025-06-18T13:50:23+00:00\",\"dateModified\":\"2025-06-18T14:08:18+00:00\",\"mainEntityOfPage\":{\"@id\":\"https:\/\/blog.europapark.de\/fr\/europa-park-fr\/les-annees-2000-une-decennie-de-decisions-strategiques-a-europa-park\/\"},\"wordCount\":892,\"image\":{\"@id\":\"https:\/\/blog.europapark.de\/fr\/europa-park-fr\/les-annees-2000-une-decennie-de-decisions-strategiques-a-europa-park\/#primaryimage\"},\"thumbnailUrl\":\"https:\/\/blog.europapark.de\/wp-content\/uploads\/2025\/06\/Europapark_Mende_L9K9922.jpg\",\"keywords\":[\"Europa-Park\"],\"articleSection\":[\"Europa-Park\"],\"inLanguage\":\"fr-FR\"},{\"@type\":\"WebPage\",\"@id\":\"https:\/\/blog.europapark.de\/fr\/europa-park-fr\/les-annees-2000-une-decennie-de-decisions-strategiques-a-europa-park\/\",\"url\":\"https:\/\/blog.europapark.de\/fr\/europa-park-fr\/les-annees-2000-une-decennie-de-decisions-strategiques-a-europa-park\/\",\"name\":\"Les ann\u00e9es 2000 : Une d\u00e9cennie de d\u00e9cisions strat\u00e9giques \u00e0 Europa-Park - Le blog officiel d\u2019Europa-Park\",\"isPartOf\":{\"@id\":\"https:\/\/blog.europapark.de\/fr\/#website\"},\"primaryImageOfPage\":{\"@id\":\"https:\/\/blog.europapark.de\/fr\/europa-park-fr\/les-annees-2000-une-decennie-de-decisions-strategiques-a-europa-park\/#primaryimage\"},\"image\":{\"@id\":\"https:\/\/blog.europapark.de\/fr\/europa-park-fr\/les-annees-2000-une-decennie-de-decisions-strategiques-a-europa-park\/#primaryimage\"},\"thumbnailUrl\":\"https:\/\/blog.europapark.de\/wp-content\/uploads\/2025\/06\/Europapark_Mende_L9K9922.jpg\",\"datePublished\":\"2025-06-18T13:50:23+00:00\",\"dateModified\":\"2025-06-18T14:08:18+00:00\",\"author\":{\"@id\":\"https:\/\/blog.europapark.de\/fr\/#\/schema\/person\/803dbb490f0c56eb293301484dd57140\"},\"description\":\"Dans le cadre de notre s\u00e9rie d\u00e9di\u00e9e au 50e anniversaire, nous revenons sur l\u2019histoire d\u2019Europa-Park. C'est au tour des ann\u00e9es 2000.\",\"breadcrumb\":{\"@id\":\"https:\/\/blog.europapark.de\/fr\/europa-park-fr\/les-annees-2000-une-decennie-de-decisions-strategiques-a-europa-park\/#breadcrumb\"},\"inLanguage\":\"fr-FR\",\"potentialAction\":[{\"@type\":\"ReadAction\",\"target\":[\"https:\/\/blog.europapark.de\/fr\/europa-park-fr\/les-annees-2000-une-decennie-de-decisions-strategiques-a-europa-park\/\"]}]},{\"@type\":\"ImageObject\",\"inLanguage\":\"fr-FR\",\"@id\":\"https:\/\/blog.europapark.de\/fr\/europa-park-fr\/les-annees-2000-une-decennie-de-decisions-strategiques-a-europa-park\/#primaryimage\",\"url\":\"https:\/\/blog.europapark.de\/wp-content\/uploads\/2025\/06\/Europapark_Mende_L9K9922.jpg\",\"contentUrl\":\"https:\/\/blog.europapark.de\/wp-content\/uploads\/2025\/06\/Europapark_Mende_L9K9922.jpg\",\"width\":3871,\"height\":2581},{\"@type\":\"BreadcrumbList\",\"@id\":\"https:\/\/blog.europapark.de\/fr\/europa-park-fr\/les-annees-2000-une-decennie-de-decisions-strategiques-a-europa-park\/#breadcrumb\",\"itemListElement\":[{\"@type\":\"ListItem\",\"position\":1,\"name\":\"Accueil\",\"item\":\"https:\/\/blog.europapark.de\/fr\/\"},{\"@type\":\"ListItem\",\"position\":2,\"name\":\"Les ann\u00e9es 2000 : Une d\u00e9cennie de d\u00e9cisions strat\u00e9giques \u00e0 Europa-Park\"}]},{\"@type\":\"WebSite\",\"@id\":\"https:\/\/blog.europapark.de\/fr\/#website\",\"url\":\"https:\/\/blog.europapark.de\/fr\/\",\"name\":\"Le blog officiel d\u2019Europa-Park\",\"description\":\"\",\"potentialAction\":[{\"@type\":\"SearchAction\",\"target\":{\"@type\":\"EntryPoint\",\"urlTemplate\":\"https:\/\/blog.europapark.de\/fr\/?s={search_term_string}\"},\"query-input\":{\"@type\":\"PropertyValueSpecification\",\"valueRequired\":true,\"valueName\":\"search_term_string\"}}],\"inLanguage\":\"fr-FR\"},{\"@type\":\"Person\",\"@id\":\"https:\/\/blog.europapark.de\/fr\/#\/schema\/person\/803dbb490f0c56eb293301484dd57140\",\"name\":\"Lisa Fahrer\",\"image\":{\"@type\":\"ImageObject\",\"inLanguage\":\"fr-FR\",\"@id\":\"https:\/\/blog.europapark.de\/fr\/#\/schema\/person\/image\/\",\"url\":\"https:\/\/blog.europapark.de\/wp-content\/uploads\/2026\/01\/IMG_4045-150x150.jpeg\",\"contentUrl\":\"https:\/\/blog.europapark.de\/wp-content\/uploads\/2026\/01\/IMG_4045-150x150.jpeg\",\"caption\":\"Lisa Fahrer\"},\"url\":\"https:\/\/blog.europapark.de\/fr\/author\/lisa-fahrer\/\"}]}<\/script>\n<!-- \/ Yoast SEO plugin. -->","yoast_head_json":{"title":"Les ann\u00e9es 2000 : Une d\u00e9cennie de d\u00e9cisions strat\u00e9giques \u00e0 Europa-Park - Le blog officiel d\u2019Europa-Park","description":"Dans le cadre de notre s\u00e9rie d\u00e9di\u00e9e au 50e anniversaire, nous revenons sur l\u2019histoire d\u2019Europa-Park. C'est au tour des ann\u00e9es 2000.","robots":{"index":"index","follow":"follow","max-snippet":"max-snippet:-1","max-image-preview":"max-image-preview:large","max-video-preview":"max-video-preview:-1"},"canonical":"https:\/\/blog.europapark.de\/fr\/europa-park-fr\/les-annees-2000-une-decennie-de-decisions-strategiques-a-europa-park\/","og_locale":"fr_FR","og_type":"article","og_title":"Les ann\u00e9es 2000 : Une d\u00e9cennie de d\u00e9cisions strat\u00e9giques \u00e0 Europa-Park - Le blog officiel d\u2019Europa-Park","og_description":"Dans le cadre de notre s\u00e9rie d\u00e9di\u00e9e au 50e anniversaire, nous revenons sur l\u2019histoire d\u2019Europa-Park. C'est au tour des ann\u00e9es 2000.","og_url":"https:\/\/blog.europapark.de\/fr\/europa-park-fr\/les-annees-2000-une-decennie-de-decisions-strategiques-a-europa-park\/","og_site_name":"Le blog officiel d\u2019Europa-Park","article_published_time":"2025-06-18T13:50:23+00:00","article_modified_time":"2025-06-18T14:08:18+00:00","og_image":[{"width":1024,"height":683,"url":"https:\/\/blog.europapark.de\/wp-content\/uploads\/2025\/06\/Europapark_Mende_L9K9922-1024x683.jpg","type":"image\/jpeg"}],"author":"Lisa Fahrer","twitter_card":"summary_large_image","twitter_misc":{"\u00c9crit par":"Lisa Fahrer","Dur\u00e9e de lecture estim\u00e9e":"5 minutes"},"schema":{"@context":"https:\/\/schema.org","@graph":[{"@type":"Article","@id":"https:\/\/blog.europapark.de\/fr\/europa-park-fr\/les-annees-2000-une-decennie-de-decisions-strategiques-a-europa-park\/#article","isPartOf":{"@id":"https:\/\/blog.europapark.de\/fr\/europa-park-fr\/les-annees-2000-une-decennie-de-decisions-strategiques-a-europa-park\/"},"author":{"name":"Lisa Fahrer","@id":"https:\/\/blog.europapark.de\/fr\/#\/schema\/person\/803dbb490f0c56eb293301484dd57140"},"headline":"Les ann\u00e9es 2000 : Une d\u00e9cennie de d\u00e9cisions strat\u00e9giques \u00e0 Europa-Park","datePublished":"2025-06-18T13:50:23+00:00","dateModified":"2025-06-18T14:08:18+00:00","mainEntityOfPage":{"@id":"https:\/\/blog.europapark.de\/fr\/europa-park-fr\/les-annees-2000-une-decennie-de-decisions-strategiques-a-europa-park\/"},"wordCount":892,"image":{"@id":"https:\/\/blog.europapark.de\/fr\/europa-park-fr\/les-annees-2000-une-decennie-de-decisions-strategiques-a-europa-park\/#primaryimage"},"thumbnailUrl":"https:\/\/blog.europapark.de\/wp-content\/uploads\/2025\/06\/Europapark_Mende_L9K9922.jpg","keywords":["Europa-Park"],"articleSection":["Europa-Park"],"inLanguage":"fr-FR"},{"@type":"WebPage","@id":"https:\/\/blog.europapark.de\/fr\/europa-park-fr\/les-annees-2000-une-decennie-de-decisions-strategiques-a-europa-park\/","url":"https:\/\/blog.europapark.de\/fr\/europa-park-fr\/les-annees-2000-une-decennie-de-decisions-strategiques-a-europa-park\/","name":"Les ann\u00e9es 2000 : Une d\u00e9cennie de d\u00e9cisions strat\u00e9giques \u00e0 Europa-Park - Le blog officiel d\u2019Europa-Park","isPartOf":{"@id":"https:\/\/blog.europapark.de\/fr\/#website"},"primaryImageOfPage":{"@id":"https:\/\/blog.europapark.de\/fr\/europa-park-fr\/les-annees-2000-une-decennie-de-decisions-strategiques-a-europa-park\/#primaryimage"},"image":{"@id":"https:\/\/blog.europapark.de\/fr\/europa-park-fr\/les-annees-2000-une-decennie-de-decisions-strategiques-a-europa-park\/#primaryimage"},"thumbnailUrl":"https:\/\/blog.europapark.de\/wp-content\/uploads\/2025\/06\/Europapark_Mende_L9K9922.jpg","datePublished":"2025-06-18T13:50:23+00:00","dateModified":"2025-06-18T14:08:18+00:00","author":{"@id":"https:\/\/blog.europapark.de\/fr\/#\/schema\/person\/803dbb490f0c56eb293301484dd57140"},"description":"Dans le cadre de notre s\u00e9rie d\u00e9di\u00e9e au 50e anniversaire, nous revenons sur l\u2019histoire d\u2019Europa-Park. C'est au tour des ann\u00e9es 2000.","breadcrumb":{"@id":"https:\/\/blog.europapark.de\/fr\/europa-park-fr\/les-annees-2000-une-decennie-de-decisions-strategiques-a-europa-park\/#breadcrumb"},"inLanguage":"fr-FR","potentialAction":[{"@type":"ReadAction","target":["https:\/\/blog.europapark.de\/fr\/europa-park-fr\/les-annees-2000-une-decennie-de-decisions-strategiques-a-europa-park\/"]}]},{"@type":"ImageObject","inLanguage":"fr-FR","@id":"https:\/\/blog.europapark.de\/fr\/europa-park-fr\/les-annees-2000-une-decennie-de-decisions-strategiques-a-europa-park\/#primaryimage","url":"https:\/\/blog.europapark.de\/wp-content\/uploads\/2025\/06\/Europapark_Mende_L9K9922.jpg","contentUrl":"https:\/\/blog.europapark.de\/wp-content\/uploads\/2025\/06\/Europapark_Mende_L9K9922.jpg","width":3871,"height":2581},{"@type":"BreadcrumbList","@id":"https:\/\/blog.europapark.de\/fr\/europa-park-fr\/les-annees-2000-une-decennie-de-decisions-strategiques-a-europa-park\/#breadcrumb","itemListElement":[{"@type":"ListItem","position":1,"name":"Accueil","item":"https:\/\/blog.europapark.de\/fr\/"},{"@type":"ListItem","position":2,"name":"Les ann\u00e9es 2000 : Une d\u00e9cennie de d\u00e9cisions strat\u00e9giques \u00e0 Europa-Park"}]},{"@type":"WebSite","@id":"https:\/\/blog.europapark.de\/fr\/#website","url":"https:\/\/blog.europapark.de\/fr\/","name":"Le blog officiel d\u2019Europa-Park","description":"","potentialAction":[{"@type":"SearchAction","target":{"@type":"EntryPoint","urlTemplate":"https:\/\/blog.europapark.de\/fr\/?s={search_term_string}"},"query-input":{"@type":"PropertyValueSpecification","valueRequired":true,"valueName":"search_term_string"}}],"inLanguage":"fr-FR"},{"@type":"Person","@id":"https:\/\/blog.europapark.de\/fr\/#\/schema\/person\/803dbb490f0c56eb293301484dd57140","name":"Lisa Fahrer","image":{"@type":"ImageObject","inLanguage":"fr-FR","@id":"https:\/\/blog.europapark.de\/fr\/#\/schema\/person\/image\/","url":"https:\/\/blog.europapark.de\/wp-content\/uploads\/2026\/01\/IMG_4045-150x150.jpeg","contentUrl":"https:\/\/blog.europapark.de\/wp-content\/uploads\/2026\/01\/IMG_4045-150x150.jpeg","caption":"Lisa Fahrer"},"url":"https:\/\/blog.europapark.de\/fr\/author\/lisa-fahrer\/"}]}},"_links":{"self":[{"href":"https:\/\/blog.europapark.de\/fr\/wp-json\/wp\/v2\/posts\/14517","targetHints":{"allow":["GET"]}}],"collection":[{"href":"https:\/\/blog.europapark.de\/fr\/wp-json\/wp\/v2\/posts"}],"about":[{"href":"https:\/\/blog.europapark.de\/fr\/wp-json\/wp\/v2\/types\/post"}],"author":[{"embeddable":true,"href":"https:\/\/blog.europapark.de\/fr\/wp-json\/wp\/v2\/users\/34"}],"replies":[{"embeddable":true,"href":"https:\/\/blog.europapark.de\/fr\/wp-json\/wp\/v2\/comments?post=14517"}],"version-history":[{"count":14,"href":"https:\/\/blog.europapark.de\/fr\/wp-json\/wp\/v2\/posts\/14517\/revisions"}],"predecessor-version":[{"id":14534,"href":"https:\/\/blog.europapark.de\/fr\/wp-json\/wp\/v2\/posts\/14517\/revisions\/14534"}],"wp:featuredmedia":[{"embeddable":true,"href":"https:\/\/blog.europapark.de\/fr\/wp-json\/wp\/v2\/media\/14513"}],"wp:attachment":[{"href":"https:\/\/blog.europapark.de\/fr\/wp-json\/wp\/v2\/media?parent=14517"}],"wp:term":[{"taxonomy":"category","embeddable":true,"href":"https:\/\/blog.europapark.de\/fr\/wp-json\/wp\/v2\/categories?post=14517"},{"taxonomy":"post_tag","embeddable":true,"href":"https:\/\/blog.europapark.de\/fr\/wp-json\/wp\/v2\/tags?post=14517"}],"curies":[{"name":"wp","href":"https:\/\/api.w.org\/{rel}","templated":true}]}}