{"id":14441,"date":"2025-05-30T10:40:32","date_gmt":"2025-05-30T08:40:32","guid":{"rendered":"https:\/\/blog.europapark.de\/?p=14441"},"modified":"2025-05-30T10:43:55","modified_gmt":"2025-05-30T08:43:55","slug":"les-annees-90-a-europa-park-le-parc-devient-un-resort","status":"publish","type":"post","link":"https:\/\/blog.europapark.de\/fr\/europa-park-fr\/les-annees-90-a-europa-park-le-parc-devient-un-resort\/","title":{"rendered":"Les ann\u00e9es 90 \u00e0 Europa-Park : Le parc devient un resort"},"content":{"rendered":"\r\n<p><strong>Les ann\u00e9es 1990 ont \u00e9t\u00e9 une d\u00e9cennie d\u2019\u00e9lan et d\u2019innovation, y compris pour Europa-Park. Au cours de cette p\u00e9riode passionnante, non seulement les univers th\u00e9matiques ont \u00e9t\u00e9 d\u00e9velopp\u00e9s de mani\u00e8re continue, mais les bases du futur concept de resort, qui caract\u00e9rise aujourd\u2019hui Europa-Park, ont \u00e9galement \u00e9t\u00e9 pos\u00e9es. Il est temps de jeter un coup d&#8217;oeil dans le pass\u00e9 sur quelques-unes des \u00e9volutions les plus marquantes de ces ann\u00e9es riches en \u00e9v\u00e9nements.<\/strong><\/p>\r\n\r\n\r\n\r\n<p>D\u00e8s 1990, la fondation Warentest attribue \u00e0 Europa-Park la mention \u00ab tr\u00e8s bien \u00bb, une distinction unique parmi les parcs de loisirs allemands. En 1991, deux millions de personnes visitent le parc. En 1996, la fondation rend un verdict sans \u00e9quivoque : \u00ab Europa-Park \u00e0 Rust se distingue par l\u2019offre la plus vari\u00e9e et la plus qualitative dans son ensemble, \u00e0 un tarif abordable, notamment face \u00e0 Disneyland Paris. \u00bb Le professeur Dr. Horst W. Opaschowski, expert en tourisme bas\u00e9 \u00e0 Hambourg, va m\u00eame encore plus loin lorsqu\u2019il inscrit ces mots dans le livre d\u2019or du parc : \u00ab Vis ta vie : telle est la devise de l\u2019avenir. Et ici, \u00e0 Rust, l\u2019avenir a d\u00e9j\u00e0 commenc\u00e9. \u00bb<\/p>\r\n\r\n\r\n<div class=\"wp-block-image\">\r\n<figure class=\"aligncenter size-large\">\r\n<figure id=\"attachment_14433\" aria-labelledby=\"figcaption_attachment_14433\" class=\"wp-caption aligncenter\"><img loading=\"lazy\" decoding=\"async\" class=\"wp-image-14433\" src=\"https:\/\/blog.europapark.de\/wp-content\/uploads\/2025\/05\/1991_001-1024x487.jpg\" alt=\"Le coup d\u2019envoi des travaux du Fjord Rafting\" width=\"1024\" height=\"487\" srcset=\"https:\/\/blog.europapark.de\/wp-content\/uploads\/2025\/05\/1991_001-1024x487.jpg 1024w, https:\/\/blog.europapark.de\/wp-content\/uploads\/2025\/05\/1991_001-400x190.jpg 400w, https:\/\/blog.europapark.de\/wp-content\/uploads\/2025\/05\/1991_001-768x365.jpg 768w, https:\/\/blog.europapark.de\/wp-content\/uploads\/2025\/05\/1991_001.jpg 1223w\" sizes=\"auto, (max-width: 1024px) 100vw, 1024px\" \/><figcaption id=\"figcaption_attachment_14433\" class=\"wp-caption-text\">Le coup d\u2019envoi des travaux du Fjord Rafting<\/figcaption><\/figure>\r\n<\/figure>\r\n<\/div>\r\n\r\n\r\n<p>Apr\u00e8s l\u2019introduction des premiers quartiers th\u00e9matiques europ\u00e9ens dans les ann\u00e9es 1980, Europa-Park poursuit le d\u00e9veloppement de ce concept avec encore plus d\u2019attention port\u00e9e aux d\u00e9tails durant les ann\u00e9es 1990. L\u2019attraction <a href=\"https:\/\/www.europapark.de\/fr\/parc-de-loisirs\/attractions\/fjord-rafting\" target=\"_blank\" rel=\"noopener\">Fjord Rafting<\/a>, inaugur\u00e9e en 1991, est int\u00e9gr\u00e9e l\u2019ann\u00e9e suivante au nouveau <a href=\"https:\/\/www.europapark.de\/fr\/parc-de-loisirs\/attractions\/quartiers-thematiques\/scandinavie\" target=\"_blank\" rel=\"noopener\">quartier scandinave<\/a>. Cette nouvelle zone s\u2019enrichit \u00e9galement de plusieurs \u00e9l\u00e9ments embl\u00e9matiques, tels que la Tour de contes d\u2019Andersen, le stand de jeux Dosekast, ainsi que la Cit\u00e9 engloutie de Vineta.<\/p>\r\n\r\n\r\n\r\n<p>Dans d\u2019autres parties du parc, de nombreux changements ont \u00e9galement lieu : en 1993, la zone autour de la piste de <a href=\"https:\/\/www.europapark.de\/fr\/parc-de-loisirs\/attractions\/bobsleigh-suisse\" target=\"_blank\" rel=\"noopener\">bobsleigh<\/a> devient le \u00ab Village valaisan \u00bb, donnant naissance au quartier th\u00e9matique <a href=\"https:\/\/www.europapark.de\/fr\/parc-de-loisirs\/attractions\/quartiers-thematiques\/suisse\" target=\"_blank\" rel=\"noopener\">Suisse<\/a>. En 1994, une toute nouvelle extension voit le jour avec l\u2019<a href=\"https:\/\/www.europapark.de\/fr\/parc-de-loisirs\/attractions\/quartiers-thematiques\/espagne\" target=\"_blank\" rel=\"noopener\">Espagne<\/a>. Parmi ses \u00e9l\u00e9ments les plus remarquables : ses jolies fa\u00e7ades, ses pav\u00e9s authentiques et, bien s\u00fbr, la spectaculaire \u00ab Ar\u00e8ne espagnole \u00bb. C\u2019est aussi avec cette extension que le premier spectacle \u00e9questre fait son entr\u00e9e \u00e0 Europa-Park. Pour les amateurs de sensations fortes, le parc propose \u00e9galement deux man\u00e8ges circulaires, <a href=\"https:\/\/www.europapark.de\/fr\/parc-de-loisirs\/attractions\/feria-swing\">Feria Swing<\/a> et <a href=\"https:\/\/www.europapark.de\/fr\/parc-de-loisirs\/attractions\/kolumbusjolle\">Kolumbusjolle<\/a>, qui m\u00ealent adr\u00e9naline et ambiance espagnole.<\/p>\r\n\r\n\r\n\r\n<h2 class=\"wp-block-heading\">\u00a0En 1995, le premier h\u00f4tel d\u2019Europa-Park ouvre ses portes<\/h2>\r\n\r\n\r\n\r\n<p>Une nouvelle \u00e8re commence en 1995 avec l\u2019ouverture de l\u2019h\u00f4tel \u00ab <a href=\"https:\/\/www.europapark.de\/fr\/sejourner\/hotel-4-etoiles-el-andaluz\">El Andaluz<\/a> \u00bb, le premier h\u00f4tel d\u2019un parc de loisirs allemand.<br \/>La dur\u00e9e de s\u00e9jour s\u2019allonge, cons\u00e9quence de l\u2019offre toujours plus vaste du parc, ce qui accro\u00eet la demande en h\u00e9bergements. D\u00e8s la premi\u00e8re ann\u00e9e, l\u2019h\u00f4tel affiche un taux d\u2019occupation de 87 %.<\/p>\r\n\r\n\r\n<div class=\"wp-block-image\">\r\n<figure class=\"aligncenter size-large\">\r\n<figure id=\"attachment_14429\" aria-labelledby=\"figcaption_attachment_14429\" class=\"wp-caption aligncenter\"><img loading=\"lazy\" decoding=\"async\" class=\"wp-image-14429\" src=\"https:\/\/blog.europapark.de\/wp-content\/uploads\/2025\/05\/1995_001-1024x487.jpg\" alt=\" Ulrich Damrau, Franz Mack et J\u00fcrgen Mack avec une maquette du nouvel \u00ab El Andaluz \u00bb \" width=\"1024\" height=\"487\" srcset=\"https:\/\/blog.europapark.de\/wp-content\/uploads\/2025\/05\/1995_001-1024x487.jpg 1024w, https:\/\/blog.europapark.de\/wp-content\/uploads\/2025\/05\/1995_001-400x190.jpg 400w, https:\/\/blog.europapark.de\/wp-content\/uploads\/2025\/05\/1995_001-768x365.jpg 768w, https:\/\/blog.europapark.de\/wp-content\/uploads\/2025\/05\/1995_001.jpg 1223w\" sizes=\"auto, (max-width: 1024px) 100vw, 1024px\" \/><figcaption id=\"figcaption_attachment_14429\" class=\"wp-caption-text\">Ulrich Damrau, Franz Mack et J\u00fcrgen Mack avec une maquette du nouvel \u00ab El Andaluz \u00bb<\/figcaption><\/figure>\r\n<\/figure>\r\n<\/div>\r\n\r\n\r\n<p>En 1996, l\u2019entr\u00e9e du parc est agrandie avec l\u2019ajout de la Deutsche Allee, qui devient officiellement le quartier th\u00e9matique &#8220;<a href=\"https:\/\/www.europapark.de\/fr\/parc-de-loisirs\/attractions\/quartiers-thematiques\/allemagne\" target=\"_blank\" rel=\"noopener\">Allemagne<\/a>&#8220;. Plusieurs boutiques y proposent encore aujourd\u2019hui tout ce que le c\u0153ur d\u2019un amateur de parc d\u2019attractions peut d\u00e9sirer. En 1997, au centre du parc, la montagne russe \u00e0 grande vitesse <a href=\"https:\/\/www.europapark.de\/fr\/parc-de-loisirs\/attractions\/euro-mir\" target=\"_blank\" rel=\"noopener\">Euro-Mir<\/a> voit le jour, con\u00e7ue par Franz Mack et construite par MACK Rides. Les embl\u00e9matiques tours de miroirs continuent de dessiner la silhouette d\u2019Europa-Park. Le quartier th\u00e9matique <a href=\"https:\/\/www.europapark.de\/fr\/parc-de-loisirs\/attractions\/quartiers-thematiques\/russie\" target=\"_blank\" rel=\"noopener\">Russie<\/a> s\u2019enrichit quant \u00e0 lui de nouvelles attractions : la Balade en tra\u00eeneau Schneefl\u00f6ckchen, le village des artisans ainsi qu\u2019un grand radiot\u00e9lescope.<\/p>\r\n\r\n\r\n<div class=\"wp-block-image\">\r\n<figure class=\"aligncenter size-large\">\r\n<figure id=\"attachment_14438\" aria-labelledby=\"figcaption_attachment_14438\" class=\"wp-caption aligncenter\"><img loading=\"lazy\" decoding=\"async\" class=\"wp-image-14438\" src=\"https:\/\/blog.europapark.de\/wp-content\/uploads\/2025\/05\/eurosat_halloween-1024x671.jpg\" alt=\"En 1998, la saison d\u2019Halloween a lieu pour la premi\u00e8re fois \u00e0 Europa-Park.\" width=\"1024\" height=\"671\" srcset=\"https:\/\/blog.europapark.de\/wp-content\/uploads\/2025\/05\/eurosat_halloween-1024x671.jpg 1024w, https:\/\/blog.europapark.de\/wp-content\/uploads\/2025\/05\/eurosat_halloween-400x262.jpg 400w, https:\/\/blog.europapark.de\/wp-content\/uploads\/2025\/05\/eurosat_halloween-768x503.jpg 768w, https:\/\/blog.europapark.de\/wp-content\/uploads\/2025\/05\/eurosat_halloween-1536x1006.jpg 1536w, https:\/\/blog.europapark.de\/wp-content\/uploads\/2025\/05\/eurosat_halloween.jpg 1600w\" sizes=\"auto, (max-width: 1024px) 100vw, 1024px\" \/><figcaption id=\"figcaption_attachment_14438\" class=\"wp-caption-text\">En 1998, la saison d\u2019Halloween a lieu pour la premi\u00e8re fois \u00e0 Europa-Park.<\/figcaption><\/figure>\r\n<\/figure>\r\n<\/div>\r\n\r\n\r\n<p>En 1998, la saison d\u2019Halloween est lanc\u00e9e pour la premi\u00e8re fois : citrouilles et cr\u00e9atures effrayantes envahissent le parc pour le mois d\u2019octobre. La diversit\u00e9 color\u00e9e de cet \u00e9v\u00e9nement attire de plus en plus de visiteurs. En 1999, afin de r\u00e9pondre \u00e0 la demande croissante en h\u00e9bergements, l\u2019h\u00f4tel \u00ab <a href=\"https:\/\/www.europapark.de\/fr\/sejourner\/hotel-4-etoiles-castillo-alcazar\" target=\"_blank\" rel=\"noopener\">Castillo Alcazar<\/a> \u00bb est construit. La m\u00eame ann\u00e9e, la montagne russe \u00ab <a href=\"https:\/\/www.europapark.de\/fr\/parc-de-loisirs\/attractions\/leclair-du-cervin-matterhorn-blitz\" target=\"_blank\" rel=\"noopener\">Matterhorn-Blitz<\/a> \u00bb voit le jour : une attraction tr\u00e8s rapide \u00e9quip\u00e9e d\u2019un ascenseur vertical.<\/p>\r\n\r\n\r\n\r\n<h2 class=\"wp-block-heading\">Conclusion : une d\u00e9cennie qui a marqu\u00e9 l\u2019histoire<\/h2>\r\n\r\n\r\n\r\n<p>Les ann\u00e9es 1990 ont donc \u00e9t\u00e9 pour Europa-Park une d\u00e9cennie marqu\u00e9e par des d\u00e9cisions audacieuses et des innovations majeures.<br \/>Avec le d\u00e9veloppement des quartiers th\u00e9matiques europ\u00e9ens, l\u2019ouverture des premiers h\u00f4tels et la cr\u00e9ation d\u2019attractions spectaculaires telles qu\u2019Euro-Mir ou Matterhorn-Blitz, le parc a pos\u00e9 les bases de ce qu\u2019il est aujourd\u2019hui : un resort d\u2019exp\u00e9rience prim\u00e9 \u00e0 de multiples reprises et reconnu \u00e0 l\u2019international. Ceux qui avaient la chance d\u2019\u00eatre visiteurs \u00e0 cette \u00e9poque pouvaient ressentir que quelque chose de grand \u00e9tait en train de na\u00eetre, et que l\u2019avenir avait d\u00e9j\u00e0 commenc\u00e9.<\/p>\r\n\r\n\r\n<div class=\"wp-block-image\">\r\n<figure class=\"aligncenter size-large\">\r\n<figure id=\"attachment_14431\" aria-labelledby=\"figcaption_attachment_14431\" class=\"wp-caption aligncenter\"><img loading=\"lazy\" decoding=\"async\" class=\"wp-image-14431\" src=\"https:\/\/blog.europapark.de\/wp-content\/uploads\/2025\/05\/Parkplan-1999-1024x501.jpg\" alt=\"Ce que proposait Europa-Park en 1999\" width=\"1024\" height=\"501\" srcset=\"https:\/\/blog.europapark.de\/wp-content\/uploads\/2025\/05\/Parkplan-1999-1024x501.jpg 1024w, https:\/\/blog.europapark.de\/wp-content\/uploads\/2025\/05\/Parkplan-1999-400x196.jpg 400w, https:\/\/blog.europapark.de\/wp-content\/uploads\/2025\/05\/Parkplan-1999-768x376.jpg 768w, https:\/\/blog.europapark.de\/wp-content\/uploads\/2025\/05\/Parkplan-1999-1536x752.jpg 1536w, https:\/\/blog.europapark.de\/wp-content\/uploads\/2025\/05\/Parkplan-1999-2048x1002.jpg 2048w, https:\/\/blog.europapark.de\/wp-content\/uploads\/2025\/05\/Parkplan-1999-1700x832.jpg 1700w\" sizes=\"auto, (max-width: 1024px) 100vw, 1024px\" \/><figcaption id=\"figcaption_attachment_14431\" class=\"wp-caption-text\">Ce que proposait Europa-Park en 1999<\/figcaption><\/figure>\r\n<\/figure>\r\n<\/div>\r\n\r\n","protected":false},"excerpt":{"rendered":"<p>Les ann\u00e9es 1990 ont \u00e9t\u00e9 une d\u00e9cennie d\u2019\u00e9lan et d\u2019innovation, y compris pour Europa-Park. Au cours de cette p\u00e9riode passionnante,&#8230;<\/p>\n","protected":false},"author":34,"featured_media":14428,"comment_status":"closed","ping_status":"closed","sticky":false,"template":"","format":"standard","meta":{"_acf_changed":false,"footnotes":""},"categories":[207,209],"tags":[1279,266,1024,605],"class_list":["post-14441","post","type-post","status-publish","format-standard","has-post-thumbnail","hentry","category-europa-park-fr","category-hotels","tag-50-ans-europa-park","tag-europa-park-fr-2","tag-hotel-el-andaluz","tag-saison-dhalloween"],"acf":[],"yoast_head":"<!-- This site is optimized with the Yoast SEO plugin v26.9 - https:\/\/yoast.com\/product\/yoast-seo-wordpress\/ -->\n<title>Les ann\u00e9es 90 \u00e0 Europa-Park : Le parc devient un resort - Le blog officiel d\u2019Europa-Park<\/title>\n<meta name=\"description\" content=\"Les ann\u00e9es 1990 ont \u00e9t\u00e9 une d\u00e9cennie d\u2019\u00e9lan et d\u2019innovation, y compris pour Europa-Park. Au cours de cette p\u00e9riode passionnante, non seulement les univers th\u00e9matiques ont \u00e9t\u00e9 d\u00e9velopp\u00e9s de mani\u00e8re continue, mais les bases du futur concept de resort, qui caract\u00e9rise aujourd\u2019hui Europa-Park, ont \u00e9galement \u00e9t\u00e9 pos\u00e9es.\" \/>\n<meta name=\"robots\" content=\"index, follow, max-snippet:-1, max-image-preview:large, max-video-preview:-1\" \/>\n<link rel=\"canonical\" href=\"https:\/\/blog.europapark.de\/fr\/europa-park-fr\/les-annees-90-a-europa-park-le-parc-devient-un-resort\/\" \/>\n<meta property=\"og:locale\" content=\"fr_FR\" \/>\n<meta property=\"og:type\" content=\"article\" \/>\n<meta property=\"og:title\" content=\"Les ann\u00e9es 90 \u00e0 Europa-Park : Le parc devient un resort - Le blog officiel d\u2019Europa-Park\" \/>\n<meta property=\"og:description\" content=\"Les ann\u00e9es 1990 ont \u00e9t\u00e9 une d\u00e9cennie d\u2019\u00e9lan et d\u2019innovation, y compris pour Europa-Park. Au cours de cette p\u00e9riode passionnante, non seulement les univers th\u00e9matiques ont \u00e9t\u00e9 d\u00e9velopp\u00e9s de mani\u00e8re continue, mais les bases du futur concept de resort, qui caract\u00e9rise aujourd\u2019hui Europa-Park, ont \u00e9galement \u00e9t\u00e9 pos\u00e9es.\" \/>\n<meta property=\"og:url\" content=\"https:\/\/blog.europapark.de\/fr\/europa-park-fr\/les-annees-90-a-europa-park-le-parc-devient-un-resort\/\" \/>\n<meta property=\"og:site_name\" content=\"Le blog officiel d\u2019Europa-Park\" \/>\n<meta property=\"article:published_time\" content=\"2025-05-30T08:40:32+00:00\" \/>\n<meta property=\"article:modified_time\" content=\"2025-05-30T08:43:55+00:00\" \/>\n<meta property=\"og:image\" content=\"https:\/\/blog.europapark.de\/wp-content\/uploads\/2025\/05\/1997_0002.jpg\" \/>\n\t<meta property=\"og:image:width\" content=\"1223\" \/>\n\t<meta property=\"og:image:height\" content=\"582\" \/>\n\t<meta property=\"og:image:type\" content=\"image\/jpeg\" \/>\n<meta name=\"author\" content=\"Lisa Fahrer\" \/>\n<meta name=\"twitter:card\" content=\"summary_large_image\" \/>\n<meta name=\"twitter:label1\" content=\"\u00c9crit par\" \/>\n\t<meta name=\"twitter:data1\" content=\"Lisa Fahrer\" \/>\n\t<meta name=\"twitter:label2\" content=\"Dur\u00e9e de lecture estim\u00e9e\" \/>\n\t<meta name=\"twitter:data2\" content=\"6 minutes\" \/>\n<script type=\"application\/ld+json\" class=\"yoast-schema-graph\">{\"@context\":\"https:\/\/schema.org\",\"@graph\":[{\"@type\":\"Article\",\"@id\":\"https:\/\/blog.europapark.de\/fr\/europa-park-fr\/les-annees-90-a-europa-park-le-parc-devient-un-resort\/#article\",\"isPartOf\":{\"@id\":\"https:\/\/blog.europapark.de\/fr\/europa-park-fr\/les-annees-90-a-europa-park-le-parc-devient-un-resort\/\"},\"author\":{\"name\":\"Lisa Fahrer\",\"@id\":\"https:\/\/blog.europapark.de\/fr\/#\/schema\/person\/803dbb490f0c56eb293301484dd57140\"},\"headline\":\"Les ann\u00e9es 90 \u00e0 Europa-Park : Le parc devient un resort\",\"datePublished\":\"2025-05-30T08:40:32+00:00\",\"dateModified\":\"2025-05-30T08:43:55+00:00\",\"mainEntityOfPage\":{\"@id\":\"https:\/\/blog.europapark.de\/fr\/europa-park-fr\/les-annees-90-a-europa-park-le-parc-devient-un-resort\/\"},\"wordCount\":858,\"image\":{\"@id\":\"https:\/\/blog.europapark.de\/fr\/europa-park-fr\/les-annees-90-a-europa-park-le-parc-devient-un-resort\/#primaryimage\"},\"thumbnailUrl\":\"https:\/\/blog.europapark.de\/wp-content\/uploads\/2025\/05\/1997_0002.jpg\",\"keywords\":[\"50 ans Europa Park\",\"Europa-Park\",\"h\u00f4tel El Andaluz\",\"Saison d'Halloween\"],\"articleSection\":[\"Europa-Park\",\"H\u00f4tels\"],\"inLanguage\":\"fr-FR\"},{\"@type\":\"WebPage\",\"@id\":\"https:\/\/blog.europapark.de\/fr\/europa-park-fr\/les-annees-90-a-europa-park-le-parc-devient-un-resort\/\",\"url\":\"https:\/\/blog.europapark.de\/fr\/europa-park-fr\/les-annees-90-a-europa-park-le-parc-devient-un-resort\/\",\"name\":\"Les ann\u00e9es 90 \u00e0 Europa-Park : Le parc devient un resort - Le blog officiel d\u2019Europa-Park\",\"isPartOf\":{\"@id\":\"https:\/\/blog.europapark.de\/fr\/#website\"},\"primaryImageOfPage\":{\"@id\":\"https:\/\/blog.europapark.de\/fr\/europa-park-fr\/les-annees-90-a-europa-park-le-parc-devient-un-resort\/#primaryimage\"},\"image\":{\"@id\":\"https:\/\/blog.europapark.de\/fr\/europa-park-fr\/les-annees-90-a-europa-park-le-parc-devient-un-resort\/#primaryimage\"},\"thumbnailUrl\":\"https:\/\/blog.europapark.de\/wp-content\/uploads\/2025\/05\/1997_0002.jpg\",\"datePublished\":\"2025-05-30T08:40:32+00:00\",\"dateModified\":\"2025-05-30T08:43:55+00:00\",\"author\":{\"@id\":\"https:\/\/blog.europapark.de\/fr\/#\/schema\/person\/803dbb490f0c56eb293301484dd57140\"},\"description\":\"Les ann\u00e9es 1990 ont \u00e9t\u00e9 une d\u00e9cennie d\u2019\u00e9lan et d\u2019innovation, y compris pour Europa-Park. Au cours de cette p\u00e9riode passionnante, non seulement les univers th\u00e9matiques ont \u00e9t\u00e9 d\u00e9velopp\u00e9s de mani\u00e8re continue, mais les bases du futur concept de resort, qui caract\u00e9rise aujourd\u2019hui Europa-Park, ont \u00e9galement \u00e9t\u00e9 pos\u00e9es.\",\"breadcrumb\":{\"@id\":\"https:\/\/blog.europapark.de\/fr\/europa-park-fr\/les-annees-90-a-europa-park-le-parc-devient-un-resort\/#breadcrumb\"},\"inLanguage\":\"fr-FR\",\"potentialAction\":[{\"@type\":\"ReadAction\",\"target\":[\"https:\/\/blog.europapark.de\/fr\/europa-park-fr\/les-annees-90-a-europa-park-le-parc-devient-un-resort\/\"]}]},{\"@type\":\"ImageObject\",\"inLanguage\":\"fr-FR\",\"@id\":\"https:\/\/blog.europapark.de\/fr\/europa-park-fr\/les-annees-90-a-europa-park-le-parc-devient-un-resort\/#primaryimage\",\"url\":\"https:\/\/blog.europapark.de\/wp-content\/uploads\/2025\/05\/1997_0002.jpg\",\"contentUrl\":\"https:\/\/blog.europapark.de\/wp-content\/uploads\/2025\/05\/1997_0002.jpg\",\"width\":1223,\"height\":582},{\"@type\":\"BreadcrumbList\",\"@id\":\"https:\/\/blog.europapark.de\/fr\/europa-park-fr\/les-annees-90-a-europa-park-le-parc-devient-un-resort\/#breadcrumb\",\"itemListElement\":[{\"@type\":\"ListItem\",\"position\":1,\"name\":\"Accueil\",\"item\":\"https:\/\/blog.europapark.de\/fr\/\"},{\"@type\":\"ListItem\",\"position\":2,\"name\":\"Les ann\u00e9es 90 \u00e0 Europa-Park : Le parc devient un resort\"}]},{\"@type\":\"WebSite\",\"@id\":\"https:\/\/blog.europapark.de\/fr\/#website\",\"url\":\"https:\/\/blog.europapark.de\/fr\/\",\"name\":\"Le blog officiel d\u2019Europa-Park\",\"description\":\"\",\"potentialAction\":[{\"@type\":\"SearchAction\",\"target\":{\"@type\":\"EntryPoint\",\"urlTemplate\":\"https:\/\/blog.europapark.de\/fr\/?s={search_term_string}\"},\"query-input\":{\"@type\":\"PropertyValueSpecification\",\"valueRequired\":true,\"valueName\":\"search_term_string\"}}],\"inLanguage\":\"fr-FR\"},{\"@type\":\"Person\",\"@id\":\"https:\/\/blog.europapark.de\/fr\/#\/schema\/person\/803dbb490f0c56eb293301484dd57140\",\"name\":\"Lisa Fahrer\",\"image\":{\"@type\":\"ImageObject\",\"inLanguage\":\"fr-FR\",\"@id\":\"https:\/\/blog.europapark.de\/fr\/#\/schema\/person\/image\/\",\"url\":\"https:\/\/blog.europapark.de\/wp-content\/uploads\/2026\/01\/IMG_4045-150x150.jpeg\",\"contentUrl\":\"https:\/\/blog.europapark.de\/wp-content\/uploads\/2026\/01\/IMG_4045-150x150.jpeg\",\"caption\":\"Lisa Fahrer\"},\"url\":\"https:\/\/blog.europapark.de\/fr\/author\/lisa-fahrer\/\"}]}<\/script>\n<!-- \/ Yoast SEO plugin. -->","yoast_head_json":{"title":"Les ann\u00e9es 90 \u00e0 Europa-Park : Le parc devient un resort - Le blog officiel d\u2019Europa-Park","description":"Les ann\u00e9es 1990 ont \u00e9t\u00e9 une d\u00e9cennie d\u2019\u00e9lan et d\u2019innovation, y compris pour Europa-Park. Au cours de cette p\u00e9riode passionnante, non seulement les univers th\u00e9matiques ont \u00e9t\u00e9 d\u00e9velopp\u00e9s de mani\u00e8re continue, mais les bases du futur concept de resort, qui caract\u00e9rise aujourd\u2019hui Europa-Park, ont \u00e9galement \u00e9t\u00e9 pos\u00e9es.","robots":{"index":"index","follow":"follow","max-snippet":"max-snippet:-1","max-image-preview":"max-image-preview:large","max-video-preview":"max-video-preview:-1"},"canonical":"https:\/\/blog.europapark.de\/fr\/europa-park-fr\/les-annees-90-a-europa-park-le-parc-devient-un-resort\/","og_locale":"fr_FR","og_type":"article","og_title":"Les ann\u00e9es 90 \u00e0 Europa-Park : Le parc devient un resort - Le blog officiel d\u2019Europa-Park","og_description":"Les ann\u00e9es 1990 ont \u00e9t\u00e9 une d\u00e9cennie d\u2019\u00e9lan et d\u2019innovation, y compris pour Europa-Park. Au cours de cette p\u00e9riode passionnante, non seulement les univers th\u00e9matiques ont \u00e9t\u00e9 d\u00e9velopp\u00e9s de mani\u00e8re continue, mais les bases du futur concept de resort, qui caract\u00e9rise aujourd\u2019hui Europa-Park, ont \u00e9galement \u00e9t\u00e9 pos\u00e9es.","og_url":"https:\/\/blog.europapark.de\/fr\/europa-park-fr\/les-annees-90-a-europa-park-le-parc-devient-un-resort\/","og_site_name":"Le blog officiel d\u2019Europa-Park","article_published_time":"2025-05-30T08:40:32+00:00","article_modified_time":"2025-05-30T08:43:55+00:00","og_image":[{"width":1223,"height":582,"url":"https:\/\/blog.europapark.de\/wp-content\/uploads\/2025\/05\/1997_0002.jpg","type":"image\/jpeg"}],"author":"Lisa Fahrer","twitter_card":"summary_large_image","twitter_misc":{"\u00c9crit par":"Lisa Fahrer","Dur\u00e9e de lecture estim\u00e9e":"6 minutes"},"schema":{"@context":"https:\/\/schema.org","@graph":[{"@type":"Article","@id":"https:\/\/blog.europapark.de\/fr\/europa-park-fr\/les-annees-90-a-europa-park-le-parc-devient-un-resort\/#article","isPartOf":{"@id":"https:\/\/blog.europapark.de\/fr\/europa-park-fr\/les-annees-90-a-europa-park-le-parc-devient-un-resort\/"},"author":{"name":"Lisa Fahrer","@id":"https:\/\/blog.europapark.de\/fr\/#\/schema\/person\/803dbb490f0c56eb293301484dd57140"},"headline":"Les ann\u00e9es 90 \u00e0 Europa-Park : Le parc devient un resort","datePublished":"2025-05-30T08:40:32+00:00","dateModified":"2025-05-30T08:43:55+00:00","mainEntityOfPage":{"@id":"https:\/\/blog.europapark.de\/fr\/europa-park-fr\/les-annees-90-a-europa-park-le-parc-devient-un-resort\/"},"wordCount":858,"image":{"@id":"https:\/\/blog.europapark.de\/fr\/europa-park-fr\/les-annees-90-a-europa-park-le-parc-devient-un-resort\/#primaryimage"},"thumbnailUrl":"https:\/\/blog.europapark.de\/wp-content\/uploads\/2025\/05\/1997_0002.jpg","keywords":["50 ans Europa Park","Europa-Park","h\u00f4tel El Andaluz","Saison d'Halloween"],"articleSection":["Europa-Park","H\u00f4tels"],"inLanguage":"fr-FR"},{"@type":"WebPage","@id":"https:\/\/blog.europapark.de\/fr\/europa-park-fr\/les-annees-90-a-europa-park-le-parc-devient-un-resort\/","url":"https:\/\/blog.europapark.de\/fr\/europa-park-fr\/les-annees-90-a-europa-park-le-parc-devient-un-resort\/","name":"Les ann\u00e9es 90 \u00e0 Europa-Park : Le parc devient un resort - Le blog officiel d\u2019Europa-Park","isPartOf":{"@id":"https:\/\/blog.europapark.de\/fr\/#website"},"primaryImageOfPage":{"@id":"https:\/\/blog.europapark.de\/fr\/europa-park-fr\/les-annees-90-a-europa-park-le-parc-devient-un-resort\/#primaryimage"},"image":{"@id":"https:\/\/blog.europapark.de\/fr\/europa-park-fr\/les-annees-90-a-europa-park-le-parc-devient-un-resort\/#primaryimage"},"thumbnailUrl":"https:\/\/blog.europapark.de\/wp-content\/uploads\/2025\/05\/1997_0002.jpg","datePublished":"2025-05-30T08:40:32+00:00","dateModified":"2025-05-30T08:43:55+00:00","author":{"@id":"https:\/\/blog.europapark.de\/fr\/#\/schema\/person\/803dbb490f0c56eb293301484dd57140"},"description":"Les ann\u00e9es 1990 ont \u00e9t\u00e9 une d\u00e9cennie d\u2019\u00e9lan et d\u2019innovation, y compris pour Europa-Park. Au cours de cette p\u00e9riode passionnante, non seulement les univers th\u00e9matiques ont \u00e9t\u00e9 d\u00e9velopp\u00e9s de mani\u00e8re continue, mais les bases du futur concept de resort, qui caract\u00e9rise aujourd\u2019hui Europa-Park, ont \u00e9galement \u00e9t\u00e9 pos\u00e9es.","breadcrumb":{"@id":"https:\/\/blog.europapark.de\/fr\/europa-park-fr\/les-annees-90-a-europa-park-le-parc-devient-un-resort\/#breadcrumb"},"inLanguage":"fr-FR","potentialAction":[{"@type":"ReadAction","target":["https:\/\/blog.europapark.de\/fr\/europa-park-fr\/les-annees-90-a-europa-park-le-parc-devient-un-resort\/"]}]},{"@type":"ImageObject","inLanguage":"fr-FR","@id":"https:\/\/blog.europapark.de\/fr\/europa-park-fr\/les-annees-90-a-europa-park-le-parc-devient-un-resort\/#primaryimage","url":"https:\/\/blog.europapark.de\/wp-content\/uploads\/2025\/05\/1997_0002.jpg","contentUrl":"https:\/\/blog.europapark.de\/wp-content\/uploads\/2025\/05\/1997_0002.jpg","width":1223,"height":582},{"@type":"BreadcrumbList","@id":"https:\/\/blog.europapark.de\/fr\/europa-park-fr\/les-annees-90-a-europa-park-le-parc-devient-un-resort\/#breadcrumb","itemListElement":[{"@type":"ListItem","position":1,"name":"Accueil","item":"https:\/\/blog.europapark.de\/fr\/"},{"@type":"ListItem","position":2,"name":"Les ann\u00e9es 90 \u00e0 Europa-Park : Le parc devient un resort"}]},{"@type":"WebSite","@id":"https:\/\/blog.europapark.de\/fr\/#website","url":"https:\/\/blog.europapark.de\/fr\/","name":"Le blog officiel d\u2019Europa-Park","description":"","potentialAction":[{"@type":"SearchAction","target":{"@type":"EntryPoint","urlTemplate":"https:\/\/blog.europapark.de\/fr\/?s={search_term_string}"},"query-input":{"@type":"PropertyValueSpecification","valueRequired":true,"valueName":"search_term_string"}}],"inLanguage":"fr-FR"},{"@type":"Person","@id":"https:\/\/blog.europapark.de\/fr\/#\/schema\/person\/803dbb490f0c56eb293301484dd57140","name":"Lisa Fahrer","image":{"@type":"ImageObject","inLanguage":"fr-FR","@id":"https:\/\/blog.europapark.de\/fr\/#\/schema\/person\/image\/","url":"https:\/\/blog.europapark.de\/wp-content\/uploads\/2026\/01\/IMG_4045-150x150.jpeg","contentUrl":"https:\/\/blog.europapark.de\/wp-content\/uploads\/2026\/01\/IMG_4045-150x150.jpeg","caption":"Lisa Fahrer"},"url":"https:\/\/blog.europapark.de\/fr\/author\/lisa-fahrer\/"}]}},"_links":{"self":[{"href":"https:\/\/blog.europapark.de\/fr\/wp-json\/wp\/v2\/posts\/14441","targetHints":{"allow":["GET"]}}],"collection":[{"href":"https:\/\/blog.europapark.de\/fr\/wp-json\/wp\/v2\/posts"}],"about":[{"href":"https:\/\/blog.europapark.de\/fr\/wp-json\/wp\/v2\/types\/post"}],"author":[{"embeddable":true,"href":"https:\/\/blog.europapark.de\/fr\/wp-json\/wp\/v2\/users\/34"}],"replies":[{"embeddable":true,"href":"https:\/\/blog.europapark.de\/fr\/wp-json\/wp\/v2\/comments?post=14441"}],"version-history":[{"count":10,"href":"https:\/\/blog.europapark.de\/fr\/wp-json\/wp\/v2\/posts\/14441\/revisions"}],"predecessor-version":[{"id":14452,"href":"https:\/\/blog.europapark.de\/fr\/wp-json\/wp\/v2\/posts\/14441\/revisions\/14452"}],"wp:featuredmedia":[{"embeddable":true,"href":"https:\/\/blog.europapark.de\/fr\/wp-json\/wp\/v2\/media\/14428"}],"wp:attachment":[{"href":"https:\/\/blog.europapark.de\/fr\/wp-json\/wp\/v2\/media?parent=14441"}],"wp:term":[{"taxonomy":"category","embeddable":true,"href":"https:\/\/blog.europapark.de\/fr\/wp-json\/wp\/v2\/categories?post=14441"},{"taxonomy":"post_tag","embeddable":true,"href":"https:\/\/blog.europapark.de\/fr\/wp-json\/wp\/v2\/tags?post=14441"}],"curies":[{"name":"wp","href":"https:\/\/api.w.org\/{rel}","templated":true}]}}