{"id":14355,"date":"2025-05-15T13:15:49","date_gmt":"2025-05-15T11:15:49","guid":{"rendered":"https:\/\/blog.europapark.de\/?p=14355"},"modified":"2025-05-15T13:15:49","modified_gmt":"2025-05-15T11:15:49","slug":"la-vie-fascinante-de-franz-mack-le-fondateur-deuropa-park","status":"publish","type":"post","link":"https:\/\/blog.europapark.de\/fr\/europa-park-fr\/la-vie-fascinante-de-franz-mack-le-fondateur-deuropa-park\/","title":{"rendered":"La vie fascinante de Franz Mack, le fondateur d\u2019Europa-Park"},"content":{"rendered":"<p><strong>Franz Mack (\u2020) est le symbole d\u2019un savoir-faire technique d\u2019exception et son nom reste indissociable d\u2019Europa-Park et de Mack Rides, \u00e0 Waldkirch. Aux c\u00f4t\u00e9s de ses fils Roland et J\u00fcrgen, il a \u00e9t\u00e9 la force motrice derri\u00e8re la cr\u00e9ation et le succ\u00e8s du plus grand parc de loisirs d\u2019Allemagne. D\u00e9c\u00e9d\u00e9 en 2010, cet entrepreneur visionnaire laisse derri\u00e8re lui une histoire impressionnante que nous vous proposons de red\u00e9couvrir.<\/strong><\/p>\n<figure id=\"attachment_14341\" aria-labelledby=\"figcaption_attachment_14341\" class=\"wp-caption aligncenter\"><img loading=\"lazy\" decoding=\"async\" class=\"wp-image-14341 size-large\" src=\"https:\/\/blog.europapark.de\/wp-content\/uploads\/2025\/05\/1975_007-1024x487.jpg\" alt=\"Franz et Roland Mack sur le chantier d\u2019Europa-Park.\" width=\"1024\" height=\"487\" srcset=\"https:\/\/blog.europapark.de\/wp-content\/uploads\/2025\/05\/1975_007-1024x487.jpg 1024w, https:\/\/blog.europapark.de\/wp-content\/uploads\/2025\/05\/1975_007-400x190.jpg 400w, https:\/\/blog.europapark.de\/wp-content\/uploads\/2025\/05\/1975_007-768x365.jpg 768w, https:\/\/blog.europapark.de\/wp-content\/uploads\/2025\/05\/1975_007.jpg 1223w\" sizes=\"auto, (max-width: 1024px) 100vw, 1024px\" \/><figcaption id=\"figcaption_attachment_14341\" class=\"wp-caption-text\">Franz et Roland Mack sur le chantier d\u2019Europa-Park.<\/figcaption><\/figure>\n<h3>Les d\u00e9buts de Franz Mack<\/h3>\n<p>Franz Mack est n\u00e9 le 7 mars 1921 \u00e0 Waldkirch, et est le cinqui\u00e8me fils de Heinrich et Theresia Mack. Il suit une formation de ma\u00eetre carrossier et constructeur de v\u00e9hicules. Apr\u00e8s avoir pass\u00e9 plusieurs ann\u00e9es en captivit\u00e9 durant la Seconde Guerre mondiale, en Afrique, aux \u00c9tats-Unis puis en France, il r\u00e9ussit \u00e0 s\u2019\u00e9vader en ao\u00fbt 1947 d\u2019un camp situ\u00e9 en Alsace. En pleine nuit, accompagn\u00e9 de son fr\u00e8re, il traverse le Rhin \u00e0 la nage. Il se cache ensuite pendant un an \u00e0 Francfort, dans la zone am\u00e9ricaine, h\u00e9berg\u00e9 par un forain gr\u00e2ce \u00e0 l\u2019aide de son p\u00e8re. \u00c0 la suite de la r\u00e9forme mon\u00e9taire, Franz Mack retourne \u00e0 Waldkirch et se marie. En 1948, avec ses fr\u00e8res Hermann et Willi, il reprend la direction de l\u2019entreprise familiale de construction de wagons et de man\u00e8ges, fond\u00e9e en 1780. L\u2019usine est alors relocalis\u00e9e sur un nouveau site, plus vaste, toujours \u00e0 Waldkirch.<\/p>\n<p>Symbole de la qualit\u00e9 du travail sign\u00e9 Mack, une mappemonde accompagn\u00e9e du slogan \u00ab <em>Le vaste monde est mon terrain de jeu<\/em> \u00bb devient l\u2019embl\u00e8me de l\u2019entreprise. Le catalogue de production s\u2019\u00e9largit bien au-del\u00e0 des caravanes et stands de vente, pour inclure \u00e9galement des v\u00e9hicules sp\u00e9ciaux destin\u00e9s aux man\u00e8ges, pistes de karting ou encore maisons hant\u00e9es \u00e0 plusieurs \u00e9tages. Le succ\u00e8s est fulgurant : des attractions innovantes comme la Wild Mouse, <a href=\"https:\/\/www.europapark.de\/fr\/parc-de-loisirs\/attractions\/bobsleigh-suisse\" target=\"_blank\" rel=\"noopener\">le Bobsleigh suisse<\/a>, le Musik-Express, le Tremplin de Munich ou encore la Promenade en tra\u00eeneau de Saint-P\u00e9tersbourg deviennent des r\u00e9f\u00e9rences. Produits en s\u00e9rie, ces man\u00e8ges sont export\u00e9s dans le monde entier, asseyant la r\u00e9putation internationale de cette entreprise familiale du Bade-Wurtemberg.<\/p>\n<figure id=\"attachment_6183\" aria-labelledby=\"figcaption_attachment_6183\" class=\"wp-caption aligncenter\"><img loading=\"lazy\" decoding=\"async\" class=\"wp-image-6183 size-large\" src=\"https:\/\/blog.europapark.de\/wp-content\/uploads\/2021\/04\/franz-mack-eurosat-modell-03-1024x736.jpeg\" alt=\"Pionnier et inventeur, Franz Mack avec son mod\u00e8le d'Eurosat.\" width=\"1024\" height=\"736\" srcset=\"https:\/\/blog.europapark.de\/wp-content\/uploads\/2021\/04\/franz-mack-eurosat-modell-03-1024x736.jpeg 1024w, https:\/\/blog.europapark.de\/wp-content\/uploads\/2021\/04\/franz-mack-eurosat-modell-03-400x287.jpeg 400w, https:\/\/blog.europapark.de\/wp-content\/uploads\/2021\/04\/franz-mack-eurosat-modell-03-768x552.jpeg 768w, https:\/\/blog.europapark.de\/wp-content\/uploads\/2021\/04\/franz-mack-eurosat-modell-03-1536x1104.jpeg 1536w, https:\/\/blog.europapark.de\/wp-content\/uploads\/2021\/04\/franz-mack-eurosat-modell-03.jpeg 1667w\" sizes=\"auto, (max-width: 1024px) 100vw, 1024px\" \/><figcaption id=\"figcaption_attachment_6183\" class=\"wp-caption-text\">Pionnier et inventeur, Franz Mack avec son mod\u00e8le d&#8217;Eurosat.<\/figcaption><\/figure>\n<h3>L\u2019empreinte de Franz Mack : un pionnier de l\u2019ing\u00e9nierie du divertissement<\/h3>\n<p>L\u2019entreprise <a href=\"https:\/\/mack-rides.com\/en\/\" target=\"_blank\" rel=\"noopener\">Mack Rides<\/a>, mondialement reconnue aujourd\u2019hui pour ses prouesses techniques, doit une grande partie de son succ\u00e8s \u00e0 l\u2019ing\u00e9niosit\u00e9 et \u00e0 la vision de Franz Mack. V\u00e9ritable inventeur dans l\u2019\u00e2me, il a permis \u00e0 l\u2019entreprise familiale d\u2019ouvrir de nouveaux march\u00e9s, d\u2019abord en Europe, puis dans le monde anglo-saxon et en Am\u00e9rique du Nord. Aujourd\u2019hui encore, Mack Rides est solidement implant\u00e9e en Chine et \u00e0 travers toute l\u2019Asie. Avec son fils Roland, Franz Mack est \u00e9galement \u00e0 l\u2019origine de la cr\u00e9ation d\u2019<a href=\"https:\/\/www.europapark.de\/fr\" target=\"_blank\" rel=\"noopener\">Europa-Park<\/a>, qui a ouvert ses portes \u00e0 Rust <a href=\"https:\/\/blog.europapark.de\/fr\/europa-park-fr\/europa-park-dans-les-annees-70\/\" target=\"_blank\" rel=\"noopener\">le 12 juillet 1975<\/a>. C\u2019est au cours de nombreux voyages d\u2019affaires aux \u00c9tats-Unis que l\u2019id\u00e9e d\u2019un parc de loisirs a germ\u00e9. Un soir, dans un bar am\u00e9ricain, p\u00e8re et fils griffonnent leur premier concept de parc\u2026 sur un simple sous-bock de bi\u00e8re. Une esquisse qui marquera le point de d\u00e9part d\u2019une aventure hors du commun.<\/p>\n<p>Depuis, d\u2019innombrables attractions con\u00e7ues \u00e0 Waldkirch attirent chaque ann\u00e9e des millions de visiteurs venus du monde entier. Europa-Park est aujourd\u2019hui le plus grand parc d&#8217;attraction au monde et le leader incontest\u00e9 en Allemagne. Franz Mack, passionn\u00e9 de technique jusqu\u2019\u00e0 un \u00e2ge avanc\u00e9, a <a href=\"https:\/\/blog.europapark.de\/fr\/europa-park-fr\/histoire-des-grands-huit-a-europa-park\/\" target=\"_blank\" rel=\"noopener\">lui-m\u00eame imagin\u00e9 plusieurs des attractions embl\u00e9matiques du parc<\/a>. Il est notamment \u00e0 l\u2019origine de l\u2019<a href=\"https:\/\/www.europapark.de\/fr\/parc-de-loisirs\/attractions\/eurosat-cancan-coaster\" target=\"_blank\" rel=\"noopener\">Eurosat<\/a>, le grand huit couvert inaugur\u00e9e en 1989, ainsi que d&#8217;<a href=\"https:\/\/www.europapark.de\/fr\/parc-de-loisirs\/attractions\/euro-mir\" target=\"_blank\" rel=\"noopener\">Euro-Mir<\/a>, mise en service en 1997, connue pour son ascenseur en spirale unique en son genre, une prouesse technique qui a marqu\u00e9 l\u2019industrie.<\/p>\n<p>Au-del\u00e0 de son r\u00f4le d\u2019industriel et de cr\u00e9ateur, Franz Mack s\u2019est \u00e9galement investi dans de nombreuses fonctions honorifiques. Il fut pr\u00e9sident du conseil de surveillance de la Volksbank de Waldkirch, membre du comit\u00e9 de normalisation des structures mobiles de la T\u00dcV (organisme allemand de contr\u00f4le technique), et arbitre au sein de l\u2019association des entrepreneurs allemands du secteur des loisirs.<\/p>\n<figure id=\"attachment_14332\" aria-labelledby=\"figcaption_attachment_14332\" class=\"wp-caption aligncenter\"><img loading=\"lazy\" decoding=\"async\" class=\"wp-image-14332 size-large\" src=\"https:\/\/blog.europapark.de\/wp-content\/uploads\/2021\/05\/Juergen_Franz_Roland_Mack-1024x682.jpg\" alt=\"J\u00fcrgen, Franz et Roland Mack lors de la construction du grand huit aquatique Atlantica SuperSplash.\" width=\"1024\" height=\"682\" srcset=\"https:\/\/blog.europapark.de\/wp-content\/uploads\/2021\/05\/Juergen_Franz_Roland_Mack-1024x682.jpg 1024w, https:\/\/blog.europapark.de\/wp-content\/uploads\/2021\/05\/Juergen_Franz_Roland_Mack-400x267.jpg 400w, https:\/\/blog.europapark.de\/wp-content\/uploads\/2021\/05\/Juergen_Franz_Roland_Mack-768x512.jpg 768w, https:\/\/blog.europapark.de\/wp-content\/uploads\/2021\/05\/Juergen_Franz_Roland_Mack-1536x1024.jpg 1536w, https:\/\/blog.europapark.de\/wp-content\/uploads\/2021\/05\/Juergen_Franz_Roland_Mack-2048x1365.jpg 2048w, https:\/\/blog.europapark.de\/wp-content\/uploads\/2021\/05\/Juergen_Franz_Roland_Mack-1700x1133.jpg 1700w\" sizes=\"auto, (max-width: 1024px) 100vw, 1024px\" \/><figcaption id=\"figcaption_attachment_14332\" class=\"wp-caption-text\">J\u00fcrgen, Franz et Roland Mack lors de la construction du grand huit aquatique Atlantica SuperSplash.<\/figcaption><\/figure>\n<h3>Un homme d\u2019honneur, profond\u00e9ment attach\u00e9 \u00e0 sa r\u00e9gion<\/h3>\n<p>Franz Mack n\u2019a jamais oubli\u00e9 ses racines. Tout au long de sa vie, il a soutenu de nombreux clubs, associations et initiatives locales dans les communes de Rust et Waldkirch. Cet engagement remarquable a \u00e9t\u00e9 salu\u00e9 au plus haut niveau : en 1984, il re\u00e7oit la Croix du m\u00e9rite de la R\u00e9publique f\u00e9d\u00e9rale d\u2019Allemagne, puis, en 1997, la Croix du m\u00e9rite de 1re classe, l&#8217;\u00e9quivalent allemand de la l\u00e9gion d&#8217;honneur. En 2001, en reconnaissance de son engagement exemplaire pour le bien commun, il est nomm\u00e9 citoyen d&#8217;honneur de la commune de Rust. Il est \u00e9galement d\u00e9cor\u00e9 de la m\u00e9daille du m\u00e9rite en or de la ville de Waldkirch.<\/p>\n<p>Franz Mack s\u2019est \u00e9teint le 3 octobre 2010 \u00e0 Rust, \u00e0 l\u2019\u00e2ge de 89 ans. Il avait \u00e9pous\u00e9 Liesel Mack (n\u00e9e B\u00f6rschig) en 1948, avec qui il partagea sa vie jusqu\u2019au d\u00e9c\u00e8s de celle-ci en 2004. Ensemble, ils eurent une famille soud\u00e9e, dont il \u00e9tait fier : Franz Mack laisse derri\u00e8re lui cinq petits-enfants. Pr\u00e9occup\u00e9 tr\u00e8s t\u00f4t par la p\u00e9rennit\u00e9 de son \u0153uvre, il a pr\u00e9par\u00e9 avec soin la rel\u00e8ve au sein de l\u2019entreprise familiale. Aujourd\u2019hui, ses fils Roland et J\u00fcrgen, ainsi que ses petits-enfants Michael, Thomas et Ann-Kathrin, perp\u00e9tuent son h\u00e9ritage \u00e0 travers la direction du groupe Mack, qui regroupe notamment Europa-Park et Mack Rides.<\/p>\n<p>Roland Mack, actuel directeur d\u2019Europa-Park, rend ainsi hommage \u00e0 son p\u00e8re :<\/p>\n<blockquote><p>\u00ab <em>Notre p\u00e8re a toujours \u00e9t\u00e9 un mod\u00e8le pour nous, jusqu\u2019\u00e0 ses derniers jours. Il incarnait des valeurs comme l\u2019humilit\u00e9, le travail, la pers\u00e9v\u00e9rance, la sinc\u00e9rit\u00e9 et l\u2019ouverture d\u2019esprit. Ces qualit\u00e9s ont profond\u00e9ment fa\u00e7onn\u00e9 notre famille comme notre entreprise.<\/em> \u00bb<\/p><\/blockquote>\n<figure id=\"attachment_6177\" aria-labelledby=\"figcaption_attachment_6177\" class=\"wp-caption aligncenter\"><img loading=\"lazy\" decoding=\"async\" class=\"wp-image-6177 size-large\" src=\"https:\/\/blog.europapark.de\/wp-content\/uploads\/2021\/04\/163415203_3960106124042863_544538591811019350_o-1024x683.jpeg\" alt=\"La statue de Franz Mack vous accueille d\u00e8s votre arriv\u00e9e dans le quartier allemand.\" width=\"1024\" height=\"683\" srcset=\"https:\/\/blog.europapark.de\/wp-content\/uploads\/2021\/04\/163415203_3960106124042863_544538591811019350_o-1024x683.jpeg 1024w, https:\/\/blog.europapark.de\/wp-content\/uploads\/2021\/04\/163415203_3960106124042863_544538591811019350_o-400x267.jpeg 400w, https:\/\/blog.europapark.de\/wp-content\/uploads\/2021\/04\/163415203_3960106124042863_544538591811019350_o-768x512.jpeg 768w, https:\/\/blog.europapark.de\/wp-content\/uploads\/2021\/04\/163415203_3960106124042863_544538591811019350_o-1536x1024.jpeg 1536w, https:\/\/blog.europapark.de\/wp-content\/uploads\/2021\/04\/163415203_3960106124042863_544538591811019350_o-1700x1133.jpeg 1700w, https:\/\/blog.europapark.de\/wp-content\/uploads\/2021\/04\/163415203_3960106124042863_544538591811019350_o.jpeg 2048w\" sizes=\"auto, (max-width: 1024px) 100vw, 1024px\" \/><figcaption id=\"figcaption_attachment_6177\" class=\"wp-caption-text\">La statue de Franz Mack vous accueille d\u00e8s votre arriv\u00e9e dans le quartier allemand.<\/figcaption><\/figure>\n<p>Retrouvez dans cette vid\u00e9o l&#8217;histoire de Franz Mack en image.<\/p>\n<div class=\"iframe-placeholder-wrapper\">\n<div class=\"iframe-placeholder\">\n<div class=\"iframe-placeholder-title\">Contenu externe<\/div>\n<div>\n<p><strong>Vous pouvez regarder une vid\u00e9o YouTube via le contenu externe. Pour que la vid\u00e9o soit charg\u00e9e, nous avons besoin de votre consentement.<\/strong><\/p>\n<p><button class=\"button\" onclick=\"acceptExternalMedia();\">AFFICHER LE CONTENU EXTERNE<\/button><\/p>\n<p class=\"iframe-placeholder-disclaimer\">En cliquant sur \u00ab Acc\u00e9der au contenu externe \u00bb, vous acceptez que le contenu de tiers soit affich\u00e9. En appelant le contenu externe, des donn\u00e9es personnelles peuvent \u00eatre transmises \u00e0 des fournisseurs tiers avec, si n\u00e9cessaire, le stockage automatique de cookies sur votre appareil. Vous trouverez de plus amples informations sur la collecte et l\u2019utilisation de vos donn\u00e9es par YouTube dans les informations sur la protection des donn\u00e9es sous <a href=\"https:\/\/www.youtube.com\" target=\"_blank\" rel=\"noopener\">www.youtube.com<\/a>. <\/p>\n<\/p><\/div>\n<\/p><\/div>\n<div class=\"video-container iframe-placeholder-youtube\"><iframe title=\"100 Jahre Franz Mack - The Old Man And His Dream\" width=\"500\" height=\"281\" class=\"optanon-category-C0005\" data-src=\"https:\/\/www.youtube-nocookie.com\/embed\/_c7aGEcHH60?feature=oembed\" frameborder=\"0\" allow=\"accelerometer; autoplay; clipboard-write; encrypted-media; gyroscope; picture-in-picture; web-share\" referrerpolicy=\"strict-origin-when-cross-origin\" allowfullscreen><\/iframe><\/div>\n<\/p><\/div>\n","protected":false},"excerpt":{"rendered":"<p>Franz Mack (\u2020) est le symbole d\u2019un savoir-faire technique d\u2019exception et son nom reste indissociable d\u2019Europa-Park et de Mack Rides,&#8230;<\/p>\n","protected":false},"author":33,"featured_media":6179,"comment_status":"open","ping_status":"open","sticky":false,"template":"","format":"standard","meta":{"_acf_changed":false,"footnotes":""},"categories":[207,206],"tags":[624,1279,266,626,432,263],"class_list":["post-14355","post","type-post","status-publish","format-standard","has-post-thumbnail","hentry","category-europa-park-fr","category-portrait","tag-100-ans-franz-mack","tag-50-ans-europa-park","tag-europa-park-fr-2","tag-franz-mack-fr","tag-histoire","tag-mack-rides-fr"],"acf":[],"yoast_head":"<!-- This site is optimized with the Yoast SEO plugin v26.9 - https:\/\/yoast.com\/product\/yoast-seo-wordpress\/ -->\n<title>La vie fascinante de Franz Mack, le fondateur d\u2019Europa-Park - Le blog officiel d\u2019Europa-Park<\/title>\n<meta name=\"description\" content=\"Franz Mack est le symbole d\u2019un savoir-faire technique d\u2019exception et son nom reste indissociable d\u2019Europa-Park et de Mack Rides, \u00e0 Waldkirch.\" \/>\n<meta name=\"robots\" content=\"index, follow, max-snippet:-1, max-image-preview:large, max-video-preview:-1\" \/>\n<link rel=\"canonical\" href=\"https:\/\/blog.europapark.de\/fr\/europa-park-fr\/la-vie-fascinante-de-franz-mack-le-fondateur-deuropa-park\/\" \/>\n<meta property=\"og:locale\" content=\"fr_FR\" \/>\n<meta property=\"og:type\" content=\"article\" \/>\n<meta property=\"og:title\" content=\"La vie fascinante de Franz Mack, le fondateur d\u2019Europa-Park - Le blog officiel d\u2019Europa-Park\" \/>\n<meta property=\"og:description\" content=\"Franz Mack est le symbole d\u2019un savoir-faire technique d\u2019exception et son nom reste indissociable d\u2019Europa-Park et de Mack Rides, \u00e0 Waldkirch.\" \/>\n<meta property=\"og:url\" content=\"https:\/\/blog.europapark.de\/fr\/europa-park-fr\/la-vie-fascinante-de-franz-mack-le-fondateur-deuropa-park\/\" \/>\n<meta property=\"og:site_name\" content=\"Le blog officiel d\u2019Europa-Park\" \/>\n<meta property=\"article:published_time\" content=\"2025-05-15T11:15:49+00:00\" \/>\n<meta property=\"og:image\" content=\"https:\/\/blog.europapark.de\/wp-content\/uploads\/2021\/04\/Franz_Mack_neutral.jpg\" \/>\n\t<meta property=\"og:image:width\" content=\"2560\" \/>\n\t<meta property=\"og:image:height\" content=\"1164\" \/>\n\t<meta property=\"og:image:type\" content=\"image\/jpeg\" \/>\n<meta name=\"author\" content=\"Nathan Ruetsch\" \/>\n<meta name=\"twitter:card\" content=\"summary_large_image\" \/>\n<meta name=\"twitter:label1\" content=\"\u00c9crit par\" \/>\n\t<meta name=\"twitter:data1\" content=\"Nathan Ruetsch\" \/>\n\t<meta name=\"twitter:label2\" content=\"Dur\u00e9e de lecture estim\u00e9e\" \/>\n\t<meta name=\"twitter:data2\" content=\"6 minutes\" \/>\n<script type=\"application\/ld+json\" class=\"yoast-schema-graph\">{\"@context\":\"https:\/\/schema.org\",\"@graph\":[{\"@type\":\"Article\",\"@id\":\"https:\/\/blog.europapark.de\/fr\/europa-park-fr\/la-vie-fascinante-de-franz-mack-le-fondateur-deuropa-park\/#article\",\"isPartOf\":{\"@id\":\"https:\/\/blog.europapark.de\/fr\/europa-park-fr\/la-vie-fascinante-de-franz-mack-le-fondateur-deuropa-park\/\"},\"author\":{\"name\":\"Nathan Ruetsch\",\"@id\":\"https:\/\/blog.europapark.de\/fr\/#\/schema\/person\/52bcc3e19a8aba1112450bdb69eed069\"},\"headline\":\"La vie fascinante de Franz Mack, le fondateur d\u2019Europa-Park\",\"datePublished\":\"2025-05-15T11:15:49+00:00\",\"mainEntityOfPage\":{\"@id\":\"https:\/\/blog.europapark.de\/fr\/europa-park-fr\/la-vie-fascinante-de-franz-mack-le-fondateur-deuropa-park\/\"},\"wordCount\":1131,\"commentCount\":0,\"image\":{\"@id\":\"https:\/\/blog.europapark.de\/fr\/europa-park-fr\/la-vie-fascinante-de-franz-mack-le-fondateur-deuropa-park\/#primaryimage\"},\"thumbnailUrl\":\"https:\/\/blog.europapark.de\/wp-content\/uploads\/2021\/04\/Franz_Mack_neutral.jpg\",\"keywords\":[\"100 ans Franz Mack\",\"50 ans Europa Park\",\"Europa-Park\",\"Franz Mack\",\"Histoire\",\"Mack Rides\"],\"articleSection\":[\"Europa-Park\",\"Portrait\"],\"inLanguage\":\"fr-FR\",\"potentialAction\":[{\"@type\":\"CommentAction\",\"name\":\"Comment\",\"target\":[\"https:\/\/blog.europapark.de\/fr\/europa-park-fr\/la-vie-fascinante-de-franz-mack-le-fondateur-deuropa-park\/#respond\"]}]},{\"@type\":\"WebPage\",\"@id\":\"https:\/\/blog.europapark.de\/fr\/europa-park-fr\/la-vie-fascinante-de-franz-mack-le-fondateur-deuropa-park\/\",\"url\":\"https:\/\/blog.europapark.de\/fr\/europa-park-fr\/la-vie-fascinante-de-franz-mack-le-fondateur-deuropa-park\/\",\"name\":\"La vie fascinante de Franz Mack, le fondateur d\u2019Europa-Park - Le blog officiel d\u2019Europa-Park\",\"isPartOf\":{\"@id\":\"https:\/\/blog.europapark.de\/fr\/#website\"},\"primaryImageOfPage\":{\"@id\":\"https:\/\/blog.europapark.de\/fr\/europa-park-fr\/la-vie-fascinante-de-franz-mack-le-fondateur-deuropa-park\/#primaryimage\"},\"image\":{\"@id\":\"https:\/\/blog.europapark.de\/fr\/europa-park-fr\/la-vie-fascinante-de-franz-mack-le-fondateur-deuropa-park\/#primaryimage\"},\"thumbnailUrl\":\"https:\/\/blog.europapark.de\/wp-content\/uploads\/2021\/04\/Franz_Mack_neutral.jpg\",\"datePublished\":\"2025-05-15T11:15:49+00:00\",\"author\":{\"@id\":\"https:\/\/blog.europapark.de\/fr\/#\/schema\/person\/52bcc3e19a8aba1112450bdb69eed069\"},\"description\":\"Franz Mack est le symbole d\u2019un savoir-faire technique d\u2019exception et son nom reste indissociable d\u2019Europa-Park et de Mack Rides, \u00e0 Waldkirch.\",\"breadcrumb\":{\"@id\":\"https:\/\/blog.europapark.de\/fr\/europa-park-fr\/la-vie-fascinante-de-franz-mack-le-fondateur-deuropa-park\/#breadcrumb\"},\"inLanguage\":\"fr-FR\",\"potentialAction\":[{\"@type\":\"ReadAction\",\"target\":[\"https:\/\/blog.europapark.de\/fr\/europa-park-fr\/la-vie-fascinante-de-franz-mack-le-fondateur-deuropa-park\/\"]}]},{\"@type\":\"ImageObject\",\"inLanguage\":\"fr-FR\",\"@id\":\"https:\/\/blog.europapark.de\/fr\/europa-park-fr\/la-vie-fascinante-de-franz-mack-le-fondateur-deuropa-park\/#primaryimage\",\"url\":\"https:\/\/blog.europapark.de\/wp-content\/uploads\/2021\/04\/Franz_Mack_neutral.jpg\",\"contentUrl\":\"https:\/\/blog.europapark.de\/wp-content\/uploads\/2021\/04\/Franz_Mack_neutral.jpg\",\"width\":2560,\"height\":1164,\"caption\":\"Franz Mack\"},{\"@type\":\"BreadcrumbList\",\"@id\":\"https:\/\/blog.europapark.de\/fr\/europa-park-fr\/la-vie-fascinante-de-franz-mack-le-fondateur-deuropa-park\/#breadcrumb\",\"itemListElement\":[{\"@type\":\"ListItem\",\"position\":1,\"name\":\"Accueil\",\"item\":\"https:\/\/blog.europapark.de\/fr\/\"},{\"@type\":\"ListItem\",\"position\":2,\"name\":\"La vie fascinante de Franz Mack, le fondateur d\u2019Europa-Park\"}]},{\"@type\":\"WebSite\",\"@id\":\"https:\/\/blog.europapark.de\/fr\/#website\",\"url\":\"https:\/\/blog.europapark.de\/fr\/\",\"name\":\"Le blog officiel d\u2019Europa-Park\",\"description\":\"\",\"potentialAction\":[{\"@type\":\"SearchAction\",\"target\":{\"@type\":\"EntryPoint\",\"urlTemplate\":\"https:\/\/blog.europapark.de\/fr\/?s={search_term_string}\"},\"query-input\":{\"@type\":\"PropertyValueSpecification\",\"valueRequired\":true,\"valueName\":\"search_term_string\"}}],\"inLanguage\":\"fr-FR\"},{\"@type\":\"Person\",\"@id\":\"https:\/\/blog.europapark.de\/fr\/#\/schema\/person\/52bcc3e19a8aba1112450bdb69eed069\",\"name\":\"Nathan Ruetsch\",\"image\":{\"@type\":\"ImageObject\",\"inLanguage\":\"fr-FR\",\"@id\":\"https:\/\/blog.europapark.de\/fr\/#\/schema\/person\/image\/\",\"url\":\"https:\/\/blog.europapark.de\/wp-content\/uploads\/2023\/04\/1628515728168-150x150.jpg\",\"contentUrl\":\"https:\/\/blog.europapark.de\/wp-content\/uploads\/2023\/04\/1628515728168-150x150.jpg\",\"caption\":\"Nathan Ruetsch\"},\"url\":\"https:\/\/blog.europapark.de\/fr\/author\/nathan-ruetsch\/\"}]}<\/script>\n<!-- \/ Yoast SEO plugin. -->","yoast_head_json":{"title":"La vie fascinante de Franz Mack, le fondateur d\u2019Europa-Park - Le blog officiel d\u2019Europa-Park","description":"Franz Mack est le symbole d\u2019un savoir-faire technique d\u2019exception et son nom reste indissociable d\u2019Europa-Park et de Mack Rides, \u00e0 Waldkirch.","robots":{"index":"index","follow":"follow","max-snippet":"max-snippet:-1","max-image-preview":"max-image-preview:large","max-video-preview":"max-video-preview:-1"},"canonical":"https:\/\/blog.europapark.de\/fr\/europa-park-fr\/la-vie-fascinante-de-franz-mack-le-fondateur-deuropa-park\/","og_locale":"fr_FR","og_type":"article","og_title":"La vie fascinante de Franz Mack, le fondateur d\u2019Europa-Park - Le blog officiel d\u2019Europa-Park","og_description":"Franz Mack est le symbole d\u2019un savoir-faire technique d\u2019exception et son nom reste indissociable d\u2019Europa-Park et de Mack Rides, \u00e0 Waldkirch.","og_url":"https:\/\/blog.europapark.de\/fr\/europa-park-fr\/la-vie-fascinante-de-franz-mack-le-fondateur-deuropa-park\/","og_site_name":"Le blog officiel d\u2019Europa-Park","article_published_time":"2025-05-15T11:15:49+00:00","og_image":[{"width":2560,"height":1164,"url":"https:\/\/blog.europapark.de\/wp-content\/uploads\/2021\/04\/Franz_Mack_neutral.jpg","type":"image\/jpeg"}],"author":"Nathan Ruetsch","twitter_card":"summary_large_image","twitter_misc":{"\u00c9crit par":"Nathan Ruetsch","Dur\u00e9e de lecture estim\u00e9e":"6 minutes"},"schema":{"@context":"https:\/\/schema.org","@graph":[{"@type":"Article","@id":"https:\/\/blog.europapark.de\/fr\/europa-park-fr\/la-vie-fascinante-de-franz-mack-le-fondateur-deuropa-park\/#article","isPartOf":{"@id":"https:\/\/blog.europapark.de\/fr\/europa-park-fr\/la-vie-fascinante-de-franz-mack-le-fondateur-deuropa-park\/"},"author":{"name":"Nathan Ruetsch","@id":"https:\/\/blog.europapark.de\/fr\/#\/schema\/person\/52bcc3e19a8aba1112450bdb69eed069"},"headline":"La vie fascinante de Franz Mack, le fondateur d\u2019Europa-Park","datePublished":"2025-05-15T11:15:49+00:00","mainEntityOfPage":{"@id":"https:\/\/blog.europapark.de\/fr\/europa-park-fr\/la-vie-fascinante-de-franz-mack-le-fondateur-deuropa-park\/"},"wordCount":1131,"commentCount":0,"image":{"@id":"https:\/\/blog.europapark.de\/fr\/europa-park-fr\/la-vie-fascinante-de-franz-mack-le-fondateur-deuropa-park\/#primaryimage"},"thumbnailUrl":"https:\/\/blog.europapark.de\/wp-content\/uploads\/2021\/04\/Franz_Mack_neutral.jpg","keywords":["100 ans Franz Mack","50 ans Europa Park","Europa-Park","Franz Mack","Histoire","Mack Rides"],"articleSection":["Europa-Park","Portrait"],"inLanguage":"fr-FR","potentialAction":[{"@type":"CommentAction","name":"Comment","target":["https:\/\/blog.europapark.de\/fr\/europa-park-fr\/la-vie-fascinante-de-franz-mack-le-fondateur-deuropa-park\/#respond"]}]},{"@type":"WebPage","@id":"https:\/\/blog.europapark.de\/fr\/europa-park-fr\/la-vie-fascinante-de-franz-mack-le-fondateur-deuropa-park\/","url":"https:\/\/blog.europapark.de\/fr\/europa-park-fr\/la-vie-fascinante-de-franz-mack-le-fondateur-deuropa-park\/","name":"La vie fascinante de Franz Mack, le fondateur d\u2019Europa-Park - Le blog officiel d\u2019Europa-Park","isPartOf":{"@id":"https:\/\/blog.europapark.de\/fr\/#website"},"primaryImageOfPage":{"@id":"https:\/\/blog.europapark.de\/fr\/europa-park-fr\/la-vie-fascinante-de-franz-mack-le-fondateur-deuropa-park\/#primaryimage"},"image":{"@id":"https:\/\/blog.europapark.de\/fr\/europa-park-fr\/la-vie-fascinante-de-franz-mack-le-fondateur-deuropa-park\/#primaryimage"},"thumbnailUrl":"https:\/\/blog.europapark.de\/wp-content\/uploads\/2021\/04\/Franz_Mack_neutral.jpg","datePublished":"2025-05-15T11:15:49+00:00","author":{"@id":"https:\/\/blog.europapark.de\/fr\/#\/schema\/person\/52bcc3e19a8aba1112450bdb69eed069"},"description":"Franz Mack est le symbole d\u2019un savoir-faire technique d\u2019exception et son nom reste indissociable d\u2019Europa-Park et de Mack Rides, \u00e0 Waldkirch.","breadcrumb":{"@id":"https:\/\/blog.europapark.de\/fr\/europa-park-fr\/la-vie-fascinante-de-franz-mack-le-fondateur-deuropa-park\/#breadcrumb"},"inLanguage":"fr-FR","potentialAction":[{"@type":"ReadAction","target":["https:\/\/blog.europapark.de\/fr\/europa-park-fr\/la-vie-fascinante-de-franz-mack-le-fondateur-deuropa-park\/"]}]},{"@type":"ImageObject","inLanguage":"fr-FR","@id":"https:\/\/blog.europapark.de\/fr\/europa-park-fr\/la-vie-fascinante-de-franz-mack-le-fondateur-deuropa-park\/#primaryimage","url":"https:\/\/blog.europapark.de\/wp-content\/uploads\/2021\/04\/Franz_Mack_neutral.jpg","contentUrl":"https:\/\/blog.europapark.de\/wp-content\/uploads\/2021\/04\/Franz_Mack_neutral.jpg","width":2560,"height":1164,"caption":"Franz Mack"},{"@type":"BreadcrumbList","@id":"https:\/\/blog.europapark.de\/fr\/europa-park-fr\/la-vie-fascinante-de-franz-mack-le-fondateur-deuropa-park\/#breadcrumb","itemListElement":[{"@type":"ListItem","position":1,"name":"Accueil","item":"https:\/\/blog.europapark.de\/fr\/"},{"@type":"ListItem","position":2,"name":"La vie fascinante de Franz Mack, le fondateur d\u2019Europa-Park"}]},{"@type":"WebSite","@id":"https:\/\/blog.europapark.de\/fr\/#website","url":"https:\/\/blog.europapark.de\/fr\/","name":"Le blog officiel d\u2019Europa-Park","description":"","potentialAction":[{"@type":"SearchAction","target":{"@type":"EntryPoint","urlTemplate":"https:\/\/blog.europapark.de\/fr\/?s={search_term_string}"},"query-input":{"@type":"PropertyValueSpecification","valueRequired":true,"valueName":"search_term_string"}}],"inLanguage":"fr-FR"},{"@type":"Person","@id":"https:\/\/blog.europapark.de\/fr\/#\/schema\/person\/52bcc3e19a8aba1112450bdb69eed069","name":"Nathan Ruetsch","image":{"@type":"ImageObject","inLanguage":"fr-FR","@id":"https:\/\/blog.europapark.de\/fr\/#\/schema\/person\/image\/","url":"https:\/\/blog.europapark.de\/wp-content\/uploads\/2023\/04\/1628515728168-150x150.jpg","contentUrl":"https:\/\/blog.europapark.de\/wp-content\/uploads\/2023\/04\/1628515728168-150x150.jpg","caption":"Nathan Ruetsch"},"url":"https:\/\/blog.europapark.de\/fr\/author\/nathan-ruetsch\/"}]}},"_links":{"self":[{"href":"https:\/\/blog.europapark.de\/fr\/wp-json\/wp\/v2\/posts\/14355","targetHints":{"allow":["GET"]}}],"collection":[{"href":"https:\/\/blog.europapark.de\/fr\/wp-json\/wp\/v2\/posts"}],"about":[{"href":"https:\/\/blog.europapark.de\/fr\/wp-json\/wp\/v2\/types\/post"}],"author":[{"embeddable":true,"href":"https:\/\/blog.europapark.de\/fr\/wp-json\/wp\/v2\/users\/33"}],"replies":[{"embeddable":true,"href":"https:\/\/blog.europapark.de\/fr\/wp-json\/wp\/v2\/comments?post=14355"}],"version-history":[{"count":2,"href":"https:\/\/blog.europapark.de\/fr\/wp-json\/wp\/v2\/posts\/14355\/revisions"}],"predecessor-version":[{"id":14359,"href":"https:\/\/blog.europapark.de\/fr\/wp-json\/wp\/v2\/posts\/14355\/revisions\/14359"}],"wp:featuredmedia":[{"embeddable":true,"href":"https:\/\/blog.europapark.de\/fr\/wp-json\/wp\/v2\/media\/6179"}],"wp:attachment":[{"href":"https:\/\/blog.europapark.de\/fr\/wp-json\/wp\/v2\/media?parent=14355"}],"wp:term":[{"taxonomy":"category","embeddable":true,"href":"https:\/\/blog.europapark.de\/fr\/wp-json\/wp\/v2\/categories?post=14355"},{"taxonomy":"post_tag","embeddable":true,"href":"https:\/\/blog.europapark.de\/fr\/wp-json\/wp\/v2\/tags?post=14355"}],"curies":[{"name":"wp","href":"https:\/\/api.w.org\/{rel}","templated":true}]}}