{"id":14093,"date":"2025-03-25T17:23:40","date_gmt":"2025-03-25T16:23:40","guid":{"rendered":"https:\/\/blog.europapark.de\/?p=14093"},"modified":"2025-03-25T17:23:40","modified_gmt":"2025-03-25T16:23:40","slug":"europa-park-dans-les-annees-70","status":"publish","type":"post","link":"https:\/\/blog.europapark.de\/fr\/europa-park-fr\/europa-park-dans-les-annees-70\/","title":{"rendered":"Europa-Park dans les ann\u00e9es 70"},"content":{"rendered":"<p><strong>Europa-Park peut aujourd\u2019hui se targuer d\u2019un parcours impressionnant. Depuis son ouverture \u00e0 l\u2019\u00e9t\u00e9 1975, qui a attir\u00e9 250 000 visiteurs, le parc est devenu l\u2019une des destinations touristiques les plus pris\u00e9es d\u2019Allemagne. Retour sur les d\u00e9buts d\u2019une success story, avec un regard sur les ann\u00e9es 70.<\/strong><\/p>\n<figure id=\"attachment_14045\" aria-labelledby=\"figcaption_attachment_14045\" class=\"wp-caption aligncenter\"><img loading=\"lazy\" decoding=\"async\" class=\"wp-image-14045 size-large\" src=\"https:\/\/blog.europapark.de\/wp-content\/uploads\/2025\/03\/Parkplan_Zeichung_1975-1024x487.jpg\" alt=\"De l'id\u00e9e \u00e0 la r\u00e9alisation.\" width=\"1024\" height=\"487\" srcset=\"https:\/\/blog.europapark.de\/wp-content\/uploads\/2025\/03\/Parkplan_Zeichung_1975-1024x487.jpg 1024w, https:\/\/blog.europapark.de\/wp-content\/uploads\/2025\/03\/Parkplan_Zeichung_1975-400x190.jpg 400w, https:\/\/blog.europapark.de\/wp-content\/uploads\/2025\/03\/Parkplan_Zeichung_1975-768x365.jpg 768w, https:\/\/blog.europapark.de\/wp-content\/uploads\/2025\/03\/Parkplan_Zeichung_1975.jpg 1223w\" sizes=\"auto, (max-width: 1024px) 100vw, 1024px\" \/><figcaption id=\"figcaption_attachment_14045\" class=\"wp-caption-text\">De l&#8217;id\u00e9e \u00e0 la r\u00e9alisation.<\/figcaption><\/figure>\n<h3>Une id\u00e9e n\u00e9e aux \u00c9tats-Unis<\/h3>\n<p>En 1972, lors d\u2019un voyage aux \u00c9tats-Unis, Franz Mack et son fils Roland ont une id\u00e9e visionnaire : cr\u00e9er leur propre parc de loisirs en Allemagne, destin\u00e9 \u00e0 divertir toute la famille. Leur objectif ? Proposer une vitrine vivante pour les man\u00e8ges fabriqu\u00e9s par leur entreprise <a href=\"https:\/\/mack-rides.com\/en\/products\/water-rides\/free-flow-boat-ride\/\" target=\"_blank\" rel=\"noopener\">Mack Rides<\/a>, bas\u00e9e \u00e0 Waldkirch, afin que les clients puissent les d\u00e9couvrir en conditions r\u00e9elles. De retour en Allemagne, la premi\u00e8re \u00e9tape est de trouver un emplacement adapt\u00e9. Trois ann\u00e9es de pr\u00e9paration seront n\u00e9cessaires. \u00c0 l\u2019\u00e9poque, les parcs d\u2019attractions allemands ont une port\u00e9e plut\u00f4t r\u00e9gionale, mais la famille Mack pense d\u00e9j\u00e0 \u00e0 une \u00e9chelle bien plus grande. Le premier site envisag\u00e9 se trouve \u00e0 Breisach, une ville de plus de 4 000 ans situ\u00e9e \u00e0 la fronti\u00e8re franco-allemande. Le terrain autour du lac Europa semblait id\u00e9al et les autorisations \u00e9taient d\u00e9j\u00e0 bien avanc\u00e9es. Mais un refus du service des eaux et de la navigation, qui avait ses propres id\u00e9es de d\u00e9veloppement pour ce site, mit fin au projet. Il reste cependant quelque chose de l&#8217;\u00e8re Breisach : le nom \u00ab <a href=\"https:\/\/www.europapark.de\/fr\" target=\"_blank\" rel=\"noopener\">Europa-Park<\/a> \u00bb, inspir\u00e9 de l\u2019esprit europ\u00e9en tr\u00e8s pr\u00e9sent dans la ville, qui avait d\u00e9j\u00e0 organis\u00e9 en 1950 un vote test sur la cr\u00e9ation d\u2019un \u00c9tat f\u00e9d\u00e9ral europ\u00e9en.<\/p>\n<figure id=\"attachment_14031\" aria-labelledby=\"figcaption_attachment_14031\" class=\"wp-caption aligncenter\"><img loading=\"lazy\" decoding=\"async\" class=\"wp-image-14031 size-large\" src=\"https:\/\/blog.europapark.de\/wp-content\/uploads\/2025\/03\/3-1024x750.jpg\" alt=\"En 50 ans Europa-Park a un peu chang\u00e9.\" width=\"1024\" height=\"750\" srcset=\"https:\/\/blog.europapark.de\/wp-content\/uploads\/2025\/03\/3-1024x750.jpg 1024w, https:\/\/blog.europapark.de\/wp-content\/uploads\/2025\/03\/3-400x293.jpg 400w, https:\/\/blog.europapark.de\/wp-content\/uploads\/2025\/03\/3-768x563.jpg 768w, https:\/\/blog.europapark.de\/wp-content\/uploads\/2025\/03\/3-1536x1126.jpg 1536w, https:\/\/blog.europapark.de\/wp-content\/uploads\/2025\/03\/3-1700x1246.jpg 1700w, https:\/\/blog.europapark.de\/wp-content\/uploads\/2025\/03\/3.jpg 1770w\" sizes=\"auto, (max-width: 1024px) 100vw, 1024px\" \/><figcaption id=\"figcaption_attachment_14031\" class=\"wp-caption-text\">En 50 ans Europa-Park a un peu chang\u00e9.<\/figcaption><\/figure>\n<h3>De la vision \u00e0 la r\u00e9alit\u00e9 : Europa-Park prend forme<\/h3>\n<p>Malgr\u00e9 ce revers, la famille Mack ne se laisse pas d\u00e9courager. Un nouveau site est trouv\u00e9 \u00e0 Rust, non loin de l\u2019autoroute Karlsruhe-B\u00e2le. Le terrain appartient \u00e0 la commune et abrite un parc de ch\u00e2teau centenaire. Le <a href=\"https:\/\/www.erlebnisregion-europapark.de\/startseite\" target=\"_blank\" rel=\"noopener\">petit village de p\u00eacheurs<\/a>, qui comptait moins de 3 000 habitants \u00e0 l\u2019\u00e9poque, soutient le projet avec enthousiasme. Le maire de l\u2019\u00e9poque, Erich Spoth, deviendra un alli\u00e9 essentiel du projet et un fervent d\u00e9fenseur de cette aventure. En plus du parc du <a href=\"https:\/\/www.europapark.de\/fr\/parc-de-loisirs\/restauration\/restaurant-du-chateau-balthasar\" target=\"_blank\" rel=\"noopener\">ch\u00e2teau<\/a>, le parc de contes adjacent est \u00e9galement acquis, portant la superficie totale \u00e0 16 hectares. Apr\u00e8s de nombreuses n\u00e9gociations avec les autorit\u00e9s, les travaux de construction peuvent enfin d\u00e9buter. Et en 1975, Europa-Park ouvre officiellement ses portes.<\/p>\n<figure id=\"attachment_14033\" aria-labelledby=\"figcaption_attachment_14033\" class=\"wp-caption aligncenter\"><img loading=\"lazy\" decoding=\"async\" class=\"wp-image-14033 size-large\" src=\"https:\/\/blog.europapark.de\/wp-content\/uploads\/2025\/03\/Roland_Mack_Rede_1975-1024x487.jpg\" alt=\"Roland et Franz Mack lors de l'inauguration d'Europa-Park\" width=\"1024\" height=\"487\" srcset=\"https:\/\/blog.europapark.de\/wp-content\/uploads\/2025\/03\/Roland_Mack_Rede_1975-1024x487.jpg 1024w, https:\/\/blog.europapark.de\/wp-content\/uploads\/2025\/03\/Roland_Mack_Rede_1975-400x190.jpg 400w, https:\/\/blog.europapark.de\/wp-content\/uploads\/2025\/03\/Roland_Mack_Rede_1975-768x365.jpg 768w, https:\/\/blog.europapark.de\/wp-content\/uploads\/2025\/03\/Roland_Mack_Rede_1975.jpg 1223w\" sizes=\"auto, (max-width: 1024px) 100vw, 1024px\" \/><figcaption id=\"figcaption_attachment_14033\" class=\"wp-caption-text\">Roland et Franz Mack lors de l&#8217;inauguration d&#8217;Europa-Park<\/figcaption><\/figure>\n<h3>Des d\u00e9buts prometteurs\u2026 malgr\u00e9 le scepticisme<\/h3>\n<p>Au d\u00e9part, le projet fait l\u2019objet de nombreuses critiques dans la presse. Certains journaux indiquent que\u00a0 \u00ab le vautour de la faillite plane sur Rust \u00bb ou se demandent \u00ab ce qu\u2019il adviendra de cette ruine des loisirs dans un village badois \u00bb. Mais les chiffres parlent d\u2019eux-m\u00eames : 250 000 visiteurs d\u00e8s la premi\u00e8re saison, 700 000 l\u2019ann\u00e9e suivante, et d\u00e8s 1978, la barre du million de visiteurs est franchie.<\/p>\n<figure id=\"attachment_14041\" aria-labelledby=\"figcaption_attachment_14041\" class=\"wp-caption aligncenter\"><img loading=\"lazy\" decoding=\"async\" class=\"wp-image-14041 size-medium\" src=\"https:\/\/blog.europapark.de\/wp-content\/uploads\/2025\/03\/Panoramabahn2-1-373x300.jpg\" alt=\"Le train panoramique lors de l'un de ses premiers tours.\" width=\"373\" height=\"300\" srcset=\"https:\/\/blog.europapark.de\/wp-content\/uploads\/2025\/03\/Panoramabahn2-1-373x300.jpg 373w, https:\/\/blog.europapark.de\/wp-content\/uploads\/2025\/03\/Panoramabahn2-1-1024x825.jpg 1024w, https:\/\/blog.europapark.de\/wp-content\/uploads\/2025\/03\/Panoramabahn2-1-768x618.jpg 768w, https:\/\/blog.europapark.de\/wp-content\/uploads\/2025\/03\/Panoramabahn2-1.jpg 1212w\" sizes=\"auto, (max-width: 373px) 100vw, 373px\" \/><figcaption id=\"figcaption_attachment_14041\" class=\"wp-caption-text\">Le train panoramique lors de l&#8217;un de ses premiers tours.<\/figcaption><\/figure>\n<h3>Un parc plus modeste, mais d\u00e9j\u00e0 plein d\u2019ambition<\/h3>\n<p>\u00c0 ses d\u00e9buts, Europa-Park s\u2019\u00e9tendait sur 16 hectares et comptait 15 attractions, dont : Le train Western (aujourd\u2019hui le <a href=\"https:\/\/www.europapark.de\/fr\/parc-de-loisirs\/attractions\/gare-train-panoramique-allemagne\" target=\"_blank\" rel=\"noopener\">train panoramique<\/a>), Le bateau \u00e0 vapeur Mississippi (aujourd\u2019hui le <a href=\"https:\/\/www.europapark.de\/fr\/parc-de-loisirs\/attractions\/bateau-vapeur-danube\" target=\"_blank\" rel=\"noopener\">Bateau \u00e0 vapeur Danube<\/a>), La Monzabahn (aujourd\u2019hui <a href=\"https:\/\/www.europapark.de\/fr\/parc-de-loisirs\/attractions\/circuit-silverstone\" target=\"_blank\" rel=\"noopener\">le Circuit \u00ab Silverstone \u00bb<\/a>). Au fil des ann\u00e9es, de nouvelles attractions ont vu le jour, comme le <a href=\"https:\/\/www.europapark.de\/fr\/parc-de-loisirs\/attractions\/parcours-de-tacots\" target=\"_blank\" rel=\"noopener\">Parcours de tacots<\/a>, <a href=\"https:\/\/www.europapark.de\/fr\/parc-de-loisirs\/attractions\/les-rapides-du-tyrol\" target=\"_blank\" rel=\"noopener\">Les Rapides du Tyrol<\/a> ou encore le canal enchant\u00e9 (aujourd\u2019hui connu sous le nom des <a href=\"https:\/\/www.europapark.de\/fr\/parc-de-loisirs\/attractions\/gondoles-des-elfes\" target=\"_blank\" rel=\"noopener\">Gondoles des elfes<\/a>).<\/p>\n<figure id=\"attachment_14047\" aria-labelledby=\"figcaption_attachment_14047\" class=\"wp-caption aligncenter\"><img loading=\"lazy\" decoding=\"async\" class=\"wp-image-14047 size-large\" src=\"https:\/\/blog.europapark.de\/wp-content\/uploads\/2025\/03\/Parkplan-1978-1-1024x360.jpg\" alt=\"Europa-Park en 1978.\" width=\"1024\" height=\"360\" srcset=\"https:\/\/blog.europapark.de\/wp-content\/uploads\/2025\/03\/Parkplan-1978-1-1024x360.jpg 1024w, https:\/\/blog.europapark.de\/wp-content\/uploads\/2025\/03\/Parkplan-1978-1-400x141.jpg 400w, https:\/\/blog.europapark.de\/wp-content\/uploads\/2025\/03\/Parkplan-1978-1-768x270.jpg 768w, https:\/\/blog.europapark.de\/wp-content\/uploads\/2025\/03\/Parkplan-1978-1-1536x540.jpg 1536w, https:\/\/blog.europapark.de\/wp-content\/uploads\/2025\/03\/Parkplan-1978-1-2048x720.jpg 2048w, https:\/\/blog.europapark.de\/wp-content\/uploads\/2025\/03\/Parkplan-1978-1-1700x597.jpg 1700w\" sizes=\"auto, (max-width: 1024px) 100vw, 1024px\" \/><figcaption id=\"figcaption_attachment_14047\" class=\"wp-caption-text\">Europa-Park en 1978.<\/figcaption><\/figure>\n<p>Mais ce n&#8217;\u00e9tait que le d\u00e9but ! Retrouvez tr\u00e8s vite la suite de cette passionnante histoire sur notre blog.<\/p>\n","protected":false},"excerpt":{"rendered":"<p>Europa-Park peut aujourd\u2019hui se targuer d\u2019un parcours impressionnant. Depuis son ouverture \u00e0 l\u2019\u00e9t\u00e9 1975, qui a attir\u00e9 250 000 visiteurs,&#8230;<\/p>\n","protected":false},"author":33,"featured_media":14058,"comment_status":"closed","ping_status":"closed","sticky":false,"template":"","format":"standard","meta":{"_acf_changed":false,"footnotes":""},"categories":[207],"tags":[1282,266],"class_list":["post-14093","post","type-post","status-publish","format-standard","has-post-thumbnail","hentry","category-europa-park-fr","tag-50e-anniversaire","tag-europa-park-fr-2"],"acf":[],"yoast_head":"<!-- This site is optimized with the Yoast SEO plugin v26.9 - https:\/\/yoast.com\/product\/yoast-seo-wordpress\/ -->\n<title>Europa-Park dans les ann\u00e9es 70 - Le blog officiel d\u2019Europa-Park<\/title>\n<meta name=\"description\" content=\"Du simple parc r\u00e9gional dans un village de p\u00eacheur au parc international \u00e0 la pointe de la technologie, d\u00e9couvrez l&#039;histoire d&#039;Europa-Park.\" \/>\n<meta name=\"robots\" content=\"index, follow, max-snippet:-1, max-image-preview:large, max-video-preview:-1\" \/>\n<link rel=\"canonical\" href=\"https:\/\/blog.europapark.de\/fr\/europa-park-fr\/europa-park-dans-les-annees-70\/\" \/>\n<meta property=\"og:locale\" content=\"fr_FR\" \/>\n<meta property=\"og:type\" content=\"article\" \/>\n<meta property=\"og:title\" content=\"Europa-Park dans les ann\u00e9es 70 - Le blog officiel d\u2019Europa-Park\" \/>\n<meta property=\"og:description\" content=\"Du simple parc r\u00e9gional dans un village de p\u00eacheur au parc international \u00e0 la pointe de la technologie, d\u00e9couvrez l&#039;histoire d&#039;Europa-Park.\" \/>\n<meta property=\"og:url\" content=\"https:\/\/blog.europapark.de\/fr\/europa-park-fr\/europa-park-dans-les-annees-70\/\" \/>\n<meta property=\"og:site_name\" content=\"Le blog officiel d\u2019Europa-Park\" \/>\n<meta property=\"article:published_time\" content=\"2025-03-25T16:23:40+00:00\" \/>\n<meta property=\"og:image\" content=\"https:\/\/blog.europapark.de\/wp-content\/uploads\/2025\/03\/1977_001.jpg\" \/>\n\t<meta property=\"og:image:width\" content=\"1223\" \/>\n\t<meta property=\"og:image:height\" content=\"582\" \/>\n\t<meta property=\"og:image:type\" content=\"image\/jpeg\" \/>\n<meta name=\"author\" content=\"Nathan Ruetsch\" \/>\n<meta name=\"twitter:card\" content=\"summary_large_image\" \/>\n<meta name=\"twitter:label1\" content=\"\u00c9crit par\" \/>\n\t<meta name=\"twitter:data1\" content=\"Nathan Ruetsch\" \/>\n\t<meta name=\"twitter:label2\" content=\"Dur\u00e9e de lecture estim\u00e9e\" \/>\n\t<meta name=\"twitter:data2\" content=\"5 minutes\" \/>\n<script type=\"application\/ld+json\" class=\"yoast-schema-graph\">{\"@context\":\"https:\/\/schema.org\",\"@graph\":[{\"@type\":\"Article\",\"@id\":\"https:\/\/blog.europapark.de\/fr\/europa-park-fr\/europa-park-dans-les-annees-70\/#article\",\"isPartOf\":{\"@id\":\"https:\/\/blog.europapark.de\/fr\/europa-park-fr\/europa-park-dans-les-annees-70\/\"},\"author\":{\"name\":\"Nathan Ruetsch\",\"@id\":\"https:\/\/blog.europapark.de\/fr\/#\/schema\/person\/52bcc3e19a8aba1112450bdb69eed069\"},\"headline\":\"Europa-Park dans les ann\u00e9es 70\",\"datePublished\":\"2025-03-25T16:23:40+00:00\",\"mainEntityOfPage\":{\"@id\":\"https:\/\/blog.europapark.de\/fr\/europa-park-fr\/europa-park-dans-les-annees-70\/\"},\"wordCount\":671,\"image\":{\"@id\":\"https:\/\/blog.europapark.de\/fr\/europa-park-fr\/europa-park-dans-les-annees-70\/#primaryimage\"},\"thumbnailUrl\":\"https:\/\/blog.europapark.de\/wp-content\/uploads\/2025\/03\/1977_001.jpg\",\"keywords\":[\"50e anniversaire\",\"Europa-Park\"],\"articleSection\":[\"Europa-Park\"],\"inLanguage\":\"fr-FR\"},{\"@type\":\"WebPage\",\"@id\":\"https:\/\/blog.europapark.de\/fr\/europa-park-fr\/europa-park-dans-les-annees-70\/\",\"url\":\"https:\/\/blog.europapark.de\/fr\/europa-park-fr\/europa-park-dans-les-annees-70\/\",\"name\":\"Europa-Park dans les ann\u00e9es 70 - Le blog officiel d\u2019Europa-Park\",\"isPartOf\":{\"@id\":\"https:\/\/blog.europapark.de\/fr\/#website\"},\"primaryImageOfPage\":{\"@id\":\"https:\/\/blog.europapark.de\/fr\/europa-park-fr\/europa-park-dans-les-annees-70\/#primaryimage\"},\"image\":{\"@id\":\"https:\/\/blog.europapark.de\/fr\/europa-park-fr\/europa-park-dans-les-annees-70\/#primaryimage\"},\"thumbnailUrl\":\"https:\/\/blog.europapark.de\/wp-content\/uploads\/2025\/03\/1977_001.jpg\",\"datePublished\":\"2025-03-25T16:23:40+00:00\",\"author\":{\"@id\":\"https:\/\/blog.europapark.de\/fr\/#\/schema\/person\/52bcc3e19a8aba1112450bdb69eed069\"},\"description\":\"Du simple parc r\u00e9gional dans un village de p\u00eacheur au parc international \u00e0 la pointe de la technologie, d\u00e9couvrez l'histoire d'Europa-Park.\",\"breadcrumb\":{\"@id\":\"https:\/\/blog.europapark.de\/fr\/europa-park-fr\/europa-park-dans-les-annees-70\/#breadcrumb\"},\"inLanguage\":\"fr-FR\",\"potentialAction\":[{\"@type\":\"ReadAction\",\"target\":[\"https:\/\/blog.europapark.de\/fr\/europa-park-fr\/europa-park-dans-les-annees-70\/\"]}]},{\"@type\":\"ImageObject\",\"inLanguage\":\"fr-FR\",\"@id\":\"https:\/\/blog.europapark.de\/fr\/europa-park-fr\/europa-park-dans-les-annees-70\/#primaryimage\",\"url\":\"https:\/\/blog.europapark.de\/wp-content\/uploads\/2025\/03\/1977_001.jpg\",\"contentUrl\":\"https:\/\/blog.europapark.de\/wp-content\/uploads\/2025\/03\/1977_001.jpg\",\"width\":1223,\"height\":582},{\"@type\":\"BreadcrumbList\",\"@id\":\"https:\/\/blog.europapark.de\/fr\/europa-park-fr\/europa-park-dans-les-annees-70\/#breadcrumb\",\"itemListElement\":[{\"@type\":\"ListItem\",\"position\":1,\"name\":\"Accueil\",\"item\":\"https:\/\/blog.europapark.de\/fr\/\"},{\"@type\":\"ListItem\",\"position\":2,\"name\":\"Europa-Park dans les ann\u00e9es 70\"}]},{\"@type\":\"WebSite\",\"@id\":\"https:\/\/blog.europapark.de\/fr\/#website\",\"url\":\"https:\/\/blog.europapark.de\/fr\/\",\"name\":\"Le blog officiel d\u2019Europa-Park\",\"description\":\"\",\"potentialAction\":[{\"@type\":\"SearchAction\",\"target\":{\"@type\":\"EntryPoint\",\"urlTemplate\":\"https:\/\/blog.europapark.de\/fr\/?s={search_term_string}\"},\"query-input\":{\"@type\":\"PropertyValueSpecification\",\"valueRequired\":true,\"valueName\":\"search_term_string\"}}],\"inLanguage\":\"fr-FR\"},{\"@type\":\"Person\",\"@id\":\"https:\/\/blog.europapark.de\/fr\/#\/schema\/person\/52bcc3e19a8aba1112450bdb69eed069\",\"name\":\"Nathan Ruetsch\",\"image\":{\"@type\":\"ImageObject\",\"inLanguage\":\"fr-FR\",\"@id\":\"https:\/\/blog.europapark.de\/fr\/#\/schema\/person\/image\/\",\"url\":\"https:\/\/blog.europapark.de\/wp-content\/uploads\/2023\/04\/1628515728168-150x150.jpg\",\"contentUrl\":\"https:\/\/blog.europapark.de\/wp-content\/uploads\/2023\/04\/1628515728168-150x150.jpg\",\"caption\":\"Nathan Ruetsch\"},\"url\":\"https:\/\/blog.europapark.de\/fr\/author\/nathan-ruetsch\/\"}]}<\/script>\n<!-- \/ Yoast SEO plugin. -->","yoast_head_json":{"title":"Europa-Park dans les ann\u00e9es 70 - Le blog officiel d\u2019Europa-Park","description":"Du simple parc r\u00e9gional dans un village de p\u00eacheur au parc international \u00e0 la pointe de la technologie, d\u00e9couvrez l'histoire d'Europa-Park.","robots":{"index":"index","follow":"follow","max-snippet":"max-snippet:-1","max-image-preview":"max-image-preview:large","max-video-preview":"max-video-preview:-1"},"canonical":"https:\/\/blog.europapark.de\/fr\/europa-park-fr\/europa-park-dans-les-annees-70\/","og_locale":"fr_FR","og_type":"article","og_title":"Europa-Park dans les ann\u00e9es 70 - Le blog officiel d\u2019Europa-Park","og_description":"Du simple parc r\u00e9gional dans un village de p\u00eacheur au parc international \u00e0 la pointe de la technologie, d\u00e9couvrez l'histoire d'Europa-Park.","og_url":"https:\/\/blog.europapark.de\/fr\/europa-park-fr\/europa-park-dans-les-annees-70\/","og_site_name":"Le blog officiel d\u2019Europa-Park","article_published_time":"2025-03-25T16:23:40+00:00","og_image":[{"width":1223,"height":582,"url":"https:\/\/blog.europapark.de\/wp-content\/uploads\/2025\/03\/1977_001.jpg","type":"image\/jpeg"}],"author":"Nathan Ruetsch","twitter_card":"summary_large_image","twitter_misc":{"\u00c9crit par":"Nathan Ruetsch","Dur\u00e9e de lecture estim\u00e9e":"5 minutes"},"schema":{"@context":"https:\/\/schema.org","@graph":[{"@type":"Article","@id":"https:\/\/blog.europapark.de\/fr\/europa-park-fr\/europa-park-dans-les-annees-70\/#article","isPartOf":{"@id":"https:\/\/blog.europapark.de\/fr\/europa-park-fr\/europa-park-dans-les-annees-70\/"},"author":{"name":"Nathan Ruetsch","@id":"https:\/\/blog.europapark.de\/fr\/#\/schema\/person\/52bcc3e19a8aba1112450bdb69eed069"},"headline":"Europa-Park dans les ann\u00e9es 70","datePublished":"2025-03-25T16:23:40+00:00","mainEntityOfPage":{"@id":"https:\/\/blog.europapark.de\/fr\/europa-park-fr\/europa-park-dans-les-annees-70\/"},"wordCount":671,"image":{"@id":"https:\/\/blog.europapark.de\/fr\/europa-park-fr\/europa-park-dans-les-annees-70\/#primaryimage"},"thumbnailUrl":"https:\/\/blog.europapark.de\/wp-content\/uploads\/2025\/03\/1977_001.jpg","keywords":["50e anniversaire","Europa-Park"],"articleSection":["Europa-Park"],"inLanguage":"fr-FR"},{"@type":"WebPage","@id":"https:\/\/blog.europapark.de\/fr\/europa-park-fr\/europa-park-dans-les-annees-70\/","url":"https:\/\/blog.europapark.de\/fr\/europa-park-fr\/europa-park-dans-les-annees-70\/","name":"Europa-Park dans les ann\u00e9es 70 - Le blog officiel d\u2019Europa-Park","isPartOf":{"@id":"https:\/\/blog.europapark.de\/fr\/#website"},"primaryImageOfPage":{"@id":"https:\/\/blog.europapark.de\/fr\/europa-park-fr\/europa-park-dans-les-annees-70\/#primaryimage"},"image":{"@id":"https:\/\/blog.europapark.de\/fr\/europa-park-fr\/europa-park-dans-les-annees-70\/#primaryimage"},"thumbnailUrl":"https:\/\/blog.europapark.de\/wp-content\/uploads\/2025\/03\/1977_001.jpg","datePublished":"2025-03-25T16:23:40+00:00","author":{"@id":"https:\/\/blog.europapark.de\/fr\/#\/schema\/person\/52bcc3e19a8aba1112450bdb69eed069"},"description":"Du simple parc r\u00e9gional dans un village de p\u00eacheur au parc international \u00e0 la pointe de la technologie, d\u00e9couvrez l'histoire d'Europa-Park.","breadcrumb":{"@id":"https:\/\/blog.europapark.de\/fr\/europa-park-fr\/europa-park-dans-les-annees-70\/#breadcrumb"},"inLanguage":"fr-FR","potentialAction":[{"@type":"ReadAction","target":["https:\/\/blog.europapark.de\/fr\/europa-park-fr\/europa-park-dans-les-annees-70\/"]}]},{"@type":"ImageObject","inLanguage":"fr-FR","@id":"https:\/\/blog.europapark.de\/fr\/europa-park-fr\/europa-park-dans-les-annees-70\/#primaryimage","url":"https:\/\/blog.europapark.de\/wp-content\/uploads\/2025\/03\/1977_001.jpg","contentUrl":"https:\/\/blog.europapark.de\/wp-content\/uploads\/2025\/03\/1977_001.jpg","width":1223,"height":582},{"@type":"BreadcrumbList","@id":"https:\/\/blog.europapark.de\/fr\/europa-park-fr\/europa-park-dans-les-annees-70\/#breadcrumb","itemListElement":[{"@type":"ListItem","position":1,"name":"Accueil","item":"https:\/\/blog.europapark.de\/fr\/"},{"@type":"ListItem","position":2,"name":"Europa-Park dans les ann\u00e9es 70"}]},{"@type":"WebSite","@id":"https:\/\/blog.europapark.de\/fr\/#website","url":"https:\/\/blog.europapark.de\/fr\/","name":"Le blog officiel d\u2019Europa-Park","description":"","potentialAction":[{"@type":"SearchAction","target":{"@type":"EntryPoint","urlTemplate":"https:\/\/blog.europapark.de\/fr\/?s={search_term_string}"},"query-input":{"@type":"PropertyValueSpecification","valueRequired":true,"valueName":"search_term_string"}}],"inLanguage":"fr-FR"},{"@type":"Person","@id":"https:\/\/blog.europapark.de\/fr\/#\/schema\/person\/52bcc3e19a8aba1112450bdb69eed069","name":"Nathan Ruetsch","image":{"@type":"ImageObject","inLanguage":"fr-FR","@id":"https:\/\/blog.europapark.de\/fr\/#\/schema\/person\/image\/","url":"https:\/\/blog.europapark.de\/wp-content\/uploads\/2023\/04\/1628515728168-150x150.jpg","contentUrl":"https:\/\/blog.europapark.de\/wp-content\/uploads\/2023\/04\/1628515728168-150x150.jpg","caption":"Nathan Ruetsch"},"url":"https:\/\/blog.europapark.de\/fr\/author\/nathan-ruetsch\/"}]}},"_links":{"self":[{"href":"https:\/\/blog.europapark.de\/fr\/wp-json\/wp\/v2\/posts\/14093","targetHints":{"allow":["GET"]}}],"collection":[{"href":"https:\/\/blog.europapark.de\/fr\/wp-json\/wp\/v2\/posts"}],"about":[{"href":"https:\/\/blog.europapark.de\/fr\/wp-json\/wp\/v2\/types\/post"}],"author":[{"embeddable":true,"href":"https:\/\/blog.europapark.de\/fr\/wp-json\/wp\/v2\/users\/33"}],"replies":[{"embeddable":true,"href":"https:\/\/blog.europapark.de\/fr\/wp-json\/wp\/v2\/comments?post=14093"}],"version-history":[{"count":2,"href":"https:\/\/blog.europapark.de\/fr\/wp-json\/wp\/v2\/posts\/14093\/revisions"}],"predecessor-version":[{"id":14095,"href":"https:\/\/blog.europapark.de\/fr\/wp-json\/wp\/v2\/posts\/14093\/revisions\/14095"}],"wp:featuredmedia":[{"embeddable":true,"href":"https:\/\/blog.europapark.de\/fr\/wp-json\/wp\/v2\/media\/14058"}],"wp:attachment":[{"href":"https:\/\/blog.europapark.de\/fr\/wp-json\/wp\/v2\/media?parent=14093"}],"wp:term":[{"taxonomy":"category","embeddable":true,"href":"https:\/\/blog.europapark.de\/fr\/wp-json\/wp\/v2\/categories?post=14093"},{"taxonomy":"post_tag","embeddable":true,"href":"https:\/\/blog.europapark.de\/fr\/wp-json\/wp\/v2\/tags?post=14093"}],"curies":[{"name":"wp","href":"https:\/\/api.w.org\/{rel}","templated":true}]}}