{"id":13628,"date":"2024-11-07T16:08:42","date_gmt":"2024-11-07T15:08:42","guid":{"rendered":"https:\/\/blog.europapark.de\/?p=13628"},"modified":"2024-11-07T16:08:42","modified_gmt":"2024-11-07T15:08:42","slug":"50-ans-deuropa-park-une-annee-de-moments-magiques-en-perspective","status":"publish","type":"post","link":"https:\/\/blog.europapark.de\/fr\/europa-park-fr\/50-ans-deuropa-park-une-annee-de-moments-magiques-en-perspective\/","title":{"rendered":"50 ans d&#8217;Europa-Park : une ann\u00e9e de moments magiques en perspective"},"content":{"rendered":"\r\n<p><strong>2025 sera plac\u00e9 sous le signe du grand anniversaire d&#8217;Europa-Park : le plus grand parc de loisirs d&#8217;Allemagne f\u00eatera ses <a href=\"https:\/\/www.europapark.de\/fr\/parc-de-loisirs\/les-50-ans-deuropa-park\" target=\"_blank\" rel=\"noopener\">50 ans d&#8217;existence<\/a> ! Sous la devise \u00ab\u00a0S&#8217;\u00e9vader.\u00a0S&#8217;\u00e9clater. En Europe. \u00bb nous jetons un regard r\u00e9trospectif sur un demi-si\u00e8cle de souvenirs inoubliables et d&#8217;\u00e9motions partag\u00e9es. Au cours des 5 derni\u00e8res d\u00e9cennies, le parc a accueilli des millions de visiteurs et est devenu un lieu o\u00f9 l&#8217;id\u00e9e europ\u00e9enne prend vie. En 2025, ann\u00e9e du jubil\u00e9, cette diversit\u00e9 culturelle sera c\u00e9l\u00e9br\u00e9e comme il se doit avec une multitude d&#8217;\u00e9v\u00e9nements, de spectacles et de nouvelles attractions.<\/strong><\/p>\r\n\r\n\r\n\r\n<h2 class=\"wp-block-heading\">F\u00eate des lumi\u00e8res nordique \u00e0 Rulantica : un pr\u00e9lude lumineux<\/h2>\r\n\r\n\r\n\r\n\r\n\r\n<p>Le coup d&#8217;envoi de l&#8217;ann\u00e9e anniversaire sera donn\u00e9 par la premi\u00e8re <a href=\"https:\/\/www.europapark.de\/fr\/rulantica\/fete-des-lumieres-nordique\" target=\"_blank\" rel=\"noopener\">f\u00eate nordique des lumi\u00e8res<\/a> de l&#8217;<a href=\"https:\/\/www.europapark.de\/fr\/rulantica\" target=\"_blank\" rel=\"noopener\">univers aquatique de Rulantica<\/a>. Du 13 janvier au 21 mars 2025, plongez dans un oc\u00e9an de lumi\u00e8res \u00e0 Rulantica, et d\u00e9couvrez l\u2019univers aquatique sous un tout nouveau jour ! La f\u00eate des lumi\u00e8res nordique vous mettra dans l\u2019ambiance d\u2019une fantastique ann\u00e9e anniversaire \u00e0 Europa-Park Resort avant sa r\u00e9ouverture le 22 mars 2025 avec de merveilleuses illuminations et des spectacles et divertissements de r\u00eave.\u00a0<\/p>\r\n<h2>Les pays europ\u00e9ens \u00e0 l&#8217;honneur<\/h2>\r\n<p>Tout au long de l&#8217;ann\u00e9e, la culture et la gastronomie de diff\u00e9rents pays europ\u00e9ens seront pr\u00e9sent\u00e9es \u00e0 l&#8217;occasion de diff\u00e9rentes f\u00eates \u00e0 th\u00e8me, enti\u00e8rement plac\u00e9es sous la devise \u00ab S&#8217;\u00e9vader. S&#8217;\u00e9clater. En Europe. \u00bb.<\/p>\r\n\r\n\r\n<div class=\"wp-block-image\">\r\n<figure class=\"aligncenter size-large\">\r\n<figure id=\"attachment_13614\" aria-labelledby=\"figcaption_attachment_13614\" class=\"wp-caption alignnone\"><img loading=\"lazy\" decoding=\"async\" class=\"wp-image-13614\" src=\"https:\/\/blog.europapark.de\/wp-content\/uploads\/2024\/11\/Themenfeste-1024x683.jpg\" alt=\"Europa-Park organise tout au long de l'ann\u00e9e des f\u00eates \u00e0 th\u00e8me tr\u00e8s vari\u00e9es !\" width=\"1024\" height=\"683\" srcset=\"https:\/\/blog.europapark.de\/wp-content\/uploads\/2024\/11\/Themenfeste-1024x683.jpg 1024w, https:\/\/blog.europapark.de\/wp-content\/uploads\/2024\/11\/Themenfeste-400x267.jpg 400w, https:\/\/blog.europapark.de\/wp-content\/uploads\/2024\/11\/Themenfeste-768x512.jpg 768w, https:\/\/blog.europapark.de\/wp-content\/uploads\/2024\/11\/Themenfeste-1536x1024.jpg 1536w, https:\/\/blog.europapark.de\/wp-content\/uploads\/2024\/11\/Themenfeste-2048x1365.jpg 2048w, https:\/\/blog.europapark.de\/wp-content\/uploads\/2024\/11\/Themenfeste-1700x1133.jpg 1700w\" sizes=\"auto, (max-width: 1024px) 100vw, 1024px\" \/><figcaption id=\"figcaption_attachment_13614\" class=\"wp-caption-text\">Europa-Park organise tout au long de l&#8217;ann\u00e9e des f\u00eates \u00e0 th\u00e8me tr\u00e8s vari\u00e9es !<\/figcaption><\/figure>\r\n<\/figure>\r\n<\/div>\r\n\r\n\r\n<h2 class=\"wp-block-heading\">Un \u00e9t\u00e9 plein de moments forts et de f\u00eates inoubliables<\/h2>\r\n\r\n\r\n\r\n<p>Avec le d\u00e9but de la saison d&#8217;\u00e9t\u00e9, les visiteurs peuvent s&#8217;attendre \u00e0 un <a href=\"https:\/\/www.europapark.de\/fr\/evenements\/calendrier-des-evenements\" target=\"_blank\" rel=\"noopener\">calendrier de temps forts<\/a> bien rempli. La nouvelle parade attirera particuli\u00e8rement l&#8217;attention : avec ses costumes color\u00e9s et ses chars artistiquement con\u00e7us, elle apportera l&#8217;esprit europ\u00e9en dans le parc. Accompagn\u00e9e de danseurs et d&#8217;acrobates, cette parade montre la diversit\u00e9 et la magie de l&#8217;Europe dans toute sa splendeur.<\/p>\r\n<p>Les deux soir\u00e9es d&#8217;\u00e9t\u00e9 qui transforment le parc en une grande f\u00eate jusqu&#8217;\u00e0 minuit, le 12 juillet et le 23 ao\u00fbt 2025, constituent un autre temps fort. Le 12 juillet est une journ\u00e9e tr\u00e8s sp\u00e9ciale, car c&#8217;est le v\u00e9ritable anniversaire d&#8217;Europa-Park. Le 23 ao\u00fbt, on f\u00eatera en outre le 10e anniversaire de l&#8217;<a href=\"https:\/\/www.ep-juniorclub.de\/fr.html\" target=\"_blank\" rel=\"noopener\">Europa-Park JUNIOR CLUB<\/a> avec beaucoup d&#8217;action, de surprises et de divertissement pour tous les \u00e2ges.<\/p>\r\n\r\n\r\n<div class=\"wp-block-image\">\r\n<figure class=\"aligncenter size-large\">\r\n<figure id=\"attachment_13610\" aria-labelledby=\"figcaption_attachment_13610\" class=\"wp-caption alignnone\"><img loading=\"lazy\" decoding=\"async\" class=\"wp-image-13610\" src=\"https:\/\/blog.europapark.de\/wp-content\/uploads\/2024\/11\/Teaser_Parade_2025_2-1024x597.jpg\" alt=\"Le concept graphique donne un premier aper\u00e7u de la parade du jubil\u00e9 !\" width=\"1024\" height=\"597\" srcset=\"https:\/\/blog.europapark.de\/wp-content\/uploads\/2024\/11\/Teaser_Parade_2025_2-1024x597.jpg 1024w, https:\/\/blog.europapark.de\/wp-content\/uploads\/2024\/11\/Teaser_Parade_2025_2-400x233.jpg 400w, https:\/\/blog.europapark.de\/wp-content\/uploads\/2024\/11\/Teaser_Parade_2025_2-768x448.jpg 768w, https:\/\/blog.europapark.de\/wp-content\/uploads\/2024\/11\/Teaser_Parade_2025_2-1536x896.jpg 1536w, https:\/\/blog.europapark.de\/wp-content\/uploads\/2024\/11\/Teaser_Parade_2025_2-2048x1195.jpg 2048w, https:\/\/blog.europapark.de\/wp-content\/uploads\/2024\/11\/Teaser_Parade_2025_2-1700x992.jpg 1700w\" sizes=\"auto, (max-width: 1024px) 100vw, 1024px\" \/><figcaption id=\"figcaption_attachment_13610\" class=\"wp-caption-text\">Le concept graphique donne un premier aper\u00e7u de la parade du jubil\u00e9 !<\/figcaption><\/figure>\r\n<\/figure>\r\n<\/div>\r\n\r\n\r\n<h2 class=\"wp-block-heading\">\u00ab GRAND PRIX OF EUROPE \u00bb &#8211; Le film phare et une nouvelle attraction familiale<\/h2>\r\n\r\n\r\n\r\n<p>Juste \u00e0 temps pour le jubil\u00e9, les c\u00e9l\u00e8bres mascottes Ed et Edda conqui\u00e8rent le grand \u00e9cran. En coop\u00e9ration avec Warner Bros. Film Productions Germany, MACK Magic sort le film d&#8217;animation \u00ab <a href=\"https:\/\/www.grand-prix-of-europe.com\/fr\/\" target=\"_blank\" rel=\"noopener\">GRAND PRIX OF EUROPE<\/a> \u00bb. Le film raconte l&#8217;histoire passionnante d&#8217;une course \u00e0 travers l&#8217;Europe et enthousiasme avec de l&#8217;humour, de l&#8217;action et tous vos personnages pr\u00e9f\u00e9r\u00e9s d&#8217;Europa-Park.<\/p>\r\n<p>Mais ce n&#8217;est pas tout : pour accompagner le film, une nouvelle attraction familiale ouvre ses portes dans la zone th\u00e9matique Luxembourg. Dans le Gameplay Theater <a href=\"https:\/\/www.europapark.de\/fr\/parc-de-loisirs\/attractions\/grand-prix-edventure\" target=\"_blank\" rel=\"noopener\">Grand PRIX EDventure<\/a>, les visiteurs font partie de l&#8217;\u00e9quipe de course d&#8217;Ed &amp; Edda et participent \u00e0 une course de voitures effr\u00e9n\u00e9e \u00e0 travers l&#8217;Europe.<\/p>\r\n\r\n\r\n<div class=\"wp-block-image\">\r\n<figure class=\"aligncenter size-large\">\r\n<figure id=\"attachment_13623\" aria-labelledby=\"figcaption_attachment_13623\" class=\"wp-caption alignnone\"><img loading=\"lazy\" decoding=\"async\" class=\"wp-image-13623\" src=\"https:\/\/blog.europapark.de\/wp-content\/uploads\/2024\/11\/apPoster_historamaKey_rz-1024x487.jpg\" alt=\"Ed &amp; Edda sur grand \u00e9cran ! \" width=\"1024\" height=\"487\" srcset=\"https:\/\/blog.europapark.de\/wp-content\/uploads\/2024\/11\/apPoster_historamaKey_rz-1024x487.jpg 1024w, https:\/\/blog.europapark.de\/wp-content\/uploads\/2024\/11\/apPoster_historamaKey_rz-400x190.jpg 400w, https:\/\/blog.europapark.de\/wp-content\/uploads\/2024\/11\/apPoster_historamaKey_rz-768x365.jpg 768w, https:\/\/blog.europapark.de\/wp-content\/uploads\/2024\/11\/apPoster_historamaKey_rz-1536x731.jpg 1536w, https:\/\/blog.europapark.de\/wp-content\/uploads\/2024\/11\/apPoster_historamaKey_rz-2048x974.jpg 2048w, https:\/\/blog.europapark.de\/wp-content\/uploads\/2024\/11\/apPoster_historamaKey_rz-1700x808.jpg 1700w\" sizes=\"auto, (max-width: 1024px) 100vw, 1024px\" \/><figcaption id=\"figcaption_attachment_13623\" class=\"wp-caption-text\">Ed &amp; Edda sur grand \u00e9cran !<\/figcaption><\/figure>\r\n<\/figure>\r\n<\/div>\r\n\r\n\r\n<h2 class=\"wp-block-heading\">\u00ab Art Contest 2025 \u00bb : une r\u00e9trospective cr\u00e9ative des 50 ans d&#8217;Europa-Park<\/h2>\r\n\r\n\r\n\r\n<p>\u00c0 l&#8217;occasion de cet anniversaire, les visiteurs ont la possibilit\u00e9 de partager leurs plus beaux souvenirs d&#8217;Europa-Park. Dans le cadre du \u00ab Art Contest 2025 \u00bb, les esprits cr\u00e9atifs peuvent envoyer leurs souvenirs sous forme de photographies, de dessins, de travaux manuels, de danse ou de constructions. Les meilleurs envois seront ensuite expos\u00e9s dans le parc lors des \u00ab ART BOULEVARDS 2025 \u00bb : un lieu plein d&#8217;histoires cr\u00e9atives et de moments inoubliables captur\u00e9s par des g\u00e9n\u00e9rations de visiteurs. Le concours est soutenu par la TALENT ACADEMY.<\/p>\r\n\r\n\r\n\r\n<h2 class=\"wp-block-heading\">Europa-Park Resort s&#8217;agrandit<\/h2>\r\n\r\n\r\n\r\n<p>Europa-Park Resort se d\u00e9veloppe progressivement. Actuellement, <a href=\"https:\/\/www.europapark.de\/fr\/sejourner\/camp-resort\" target=\"_blank\" rel=\"noopener\">le Camp Resort et le Camping<\/a> sont en cours d&#8217;extension. D\u00e8s l&#8217;ann\u00e9e du jubil\u00e9, les visiteurs pourront s&#8217;attendre \u00e0 de nouvelles attractions. De nouveaux lieux de restauration, des offres d&#8217;h\u00e9bergement ainsi qu&#8217;un nouveau b\u00e2timent sanitaire vont voir le jour.<\/p>\r\n\r\n\r\n<div class=\"wp-block-image\">\r\n<figure class=\"aligncenter size-large\">\r\n<figure id=\"attachment_13612\" aria-labelledby=\"figcaption_attachment_13612\" class=\"wp-caption alignnone\"><img loading=\"lazy\" decoding=\"async\" class=\"wp-image-13612\" src=\"https:\/\/blog.europapark.de\/wp-content\/uploads\/2024\/11\/CampResort_PhaseEins_Artwork-1024x659.jpg\" alt=\"Le Camp-Resort et le Camping seront agrandis en cette ann\u00e9e d'anniversaire !\" width=\"1024\" height=\"659\" srcset=\"https:\/\/blog.europapark.de\/wp-content\/uploads\/2024\/11\/CampResort_PhaseEins_Artwork-1024x659.jpg 1024w, https:\/\/blog.europapark.de\/wp-content\/uploads\/2024\/11\/CampResort_PhaseEins_Artwork-400x257.jpg 400w, https:\/\/blog.europapark.de\/wp-content\/uploads\/2024\/11\/CampResort_PhaseEins_Artwork-768x494.jpg 768w, https:\/\/blog.europapark.de\/wp-content\/uploads\/2024\/11\/CampResort_PhaseEins_Artwork-1536x988.jpg 1536w, https:\/\/blog.europapark.de\/wp-content\/uploads\/2024\/11\/CampResort_PhaseEins_Artwork-2048x1318.jpg 2048w, https:\/\/blog.europapark.de\/wp-content\/uploads\/2024\/11\/CampResort_PhaseEins_Artwork-1700x1094.jpg 1700w\" sizes=\"auto, (max-width: 1024px) 100vw, 1024px\" \/><figcaption id=\"figcaption_attachment_13612\" class=\"wp-caption-text\">Le Camp-Resort et le Camping seront agrandis en cette ann\u00e9e d&#8217;anniversaire !<\/figcaption><\/figure>\r\n\r\n<\/figure>\r\n<\/div>\r\n\r\n\r\n<h2 class=\"wp-block-heading\">Des souvenirs et un final inoubliable avec DJ BoBo<\/h2>\r\n\r\n\r\n\r\n<p>Pour tous ceux qui souhaitent emporter chez eux un morceau de l&#8217;histoire d&#8217;Europa-Park apr\u00e8s une journ\u00e9e bien remplie, il existe une <a href=\"https:\/\/shop.europapark.de\/fr\/Quartiers+Th-matiques\/50-ans-d-Europa-Park\/\" target=\"_blank\" rel=\"noopener\">collection exclusive du 50e anniversaire,<\/a> notamment l&#8217;album collector officiel ou la chronique du 50e anniversaire d&#8217;Europa-Park.<\/p>\r\n<p>Les concerts de DJ BoBo du 15 au 17 janvier 2026 \u00e0 l&#8217;<a href=\"https:\/\/www.europapark.de\/fr\/confertainment\/salles\/salle-evenementielle-europa-park-arena\" target=\"_blank\" rel=\"noopener\">Europa-Park Arena<\/a> constitueront le point d&#8217;orgue de cette ann\u00e9e de jubil\u00e9. Avec un d\u00e9cor spectaculaire et des chor\u00e9graphies captivantes, DJ BoBo offrira \u00e0 ses fans un spectacle qu&#8217;ils n&#8217;oublieront pas de sit\u00f4t.<\/p>\r\n<p>Vous voyez donc que 2025 sera une ann\u00e9e pleine d&#8217;\u00e9motions, de souvenirs et de nouvelles aventures. Avec un programme qui ravira les jeunes et les moins jeunes, nous relierons les g\u00e9n\u00e9rations et c\u00e9l\u00e9brerons la diversit\u00e9 de l&#8217;Europe.<\/p>\r\n\r\n\r\n\r\n<figure class=\"wp-block-video\"><\/figure>\r\n","protected":false},"excerpt":{"rendered":"<p>2025 sera plac\u00e9 sous le signe du grand anniversaire d&#8217;Europa-Park : le plus grand parc de loisirs d&#8217;Allemagne f\u00eatera ses&#8230;<\/p>\n","protected":false},"author":22,"featured_media":13637,"comment_status":"closed","ping_status":"closed","sticky":false,"template":"","format":"standard","meta":{"_acf_changed":false,"footnotes":""},"categories":[207],"tags":[1256,710,220,266],"class_list":["post-13628","post","type-post","status-publish","format-standard","has-post-thumbnail","hentry","category-europa-park-fr","tag-50-ans","tag-anniversaire","tag-europa-park-fr","tag-europa-park-fr-2"],"acf":[],"yoast_head":"<!-- This site is optimized with the Yoast SEO plugin v26.9 - https:\/\/yoast.com\/product\/yoast-seo-wordpress\/ -->\n<title>50 ans d&#039;Europa-Park : une ann\u00e9e de moments magiques en perspective - Le blog officiel d\u2019Europa-Park<\/title>\n<meta name=\"robots\" content=\"index, follow, max-snippet:-1, max-image-preview:large, max-video-preview:-1\" \/>\n<link rel=\"canonical\" href=\"https:\/\/blog.europapark.de\/fr\/europa-park-fr\/50-ans-deuropa-park-une-annee-de-moments-magiques-en-perspective\/\" \/>\n<meta property=\"og:locale\" content=\"fr_FR\" \/>\n<meta property=\"og:type\" content=\"article\" \/>\n<meta property=\"og:title\" content=\"50 ans d&#039;Europa-Park : une ann\u00e9e de moments magiques en perspective - Le blog officiel d\u2019Europa-Park\" \/>\n<meta property=\"og:description\" content=\"2025 sera plac\u00e9 sous le signe du grand anniversaire d&#8217;Europa-Park : le plus grand parc de loisirs d&#8217;Allemagne f\u00eatera ses...\" \/>\n<meta property=\"og:url\" content=\"https:\/\/blog.europapark.de\/fr\/europa-park-fr\/50-ans-deuropa-park-une-annee-de-moments-magiques-en-perspective\/\" \/>\n<meta property=\"og:site_name\" content=\"Le blog officiel d\u2019Europa-Park\" \/>\n<meta property=\"article:published_time\" content=\"2024-11-07T15:08:42+00:00\" \/>\n<meta property=\"og:image\" content=\"https:\/\/blog.europapark.de\/wp-content\/uploads\/2024\/11\/EP24_PR_041_Blogbeitrag_Titel_50_Jahre-.jpg\" \/>\n\t<meta property=\"og:image:width\" content=\"2000\" \/>\n\t<meta property=\"og:image:height\" content=\"1333\" \/>\n\t<meta property=\"og:image:type\" content=\"image\/jpeg\" \/>\n<meta name=\"author\" content=\"Marine Bostetter\" \/>\n<meta name=\"twitter:card\" content=\"summary_large_image\" \/>\n<meta name=\"twitter:label1\" content=\"\u00c9crit par\" \/>\n\t<meta name=\"twitter:data1\" content=\"Marine Bostetter\" \/>\n\t<meta name=\"twitter:label2\" content=\"Dur\u00e9e de lecture estim\u00e9e\" \/>\n\t<meta name=\"twitter:data2\" content=\"6 minutes\" \/>\n<script type=\"application\/ld+json\" class=\"yoast-schema-graph\">{\"@context\":\"https:\/\/schema.org\",\"@graph\":[{\"@type\":\"Article\",\"@id\":\"https:\/\/blog.europapark.de\/fr\/europa-park-fr\/50-ans-deuropa-park-une-annee-de-moments-magiques-en-perspective\/#article\",\"isPartOf\":{\"@id\":\"https:\/\/blog.europapark.de\/fr\/europa-park-fr\/50-ans-deuropa-park-une-annee-de-moments-magiques-en-perspective\/\"},\"author\":{\"name\":\"Marine Bostetter\",\"@id\":\"https:\/\/blog.europapark.de\/fr\/#\/schema\/person\/33a8e6425d00a5338b0f3b919774c892\"},\"headline\":\"50 ans d&#8217;Europa-Park : une ann\u00e9e de moments magiques en perspective\",\"datePublished\":\"2024-11-07T15:08:42+00:00\",\"mainEntityOfPage\":{\"@id\":\"https:\/\/blog.europapark.de\/fr\/europa-park-fr\/50-ans-deuropa-park-une-annee-de-moments-magiques-en-perspective\/\"},\"wordCount\":941,\"image\":{\"@id\":\"https:\/\/blog.europapark.de\/fr\/europa-park-fr\/50-ans-deuropa-park-une-annee-de-moments-magiques-en-perspective\/#primaryimage\"},\"thumbnailUrl\":\"https:\/\/blog.europapark.de\/wp-content\/uploads\/2024\/11\/EP24_PR_041_Blogbeitrag_Titel_50_Jahre-.jpg\",\"keywords\":[\"50 ans\",\"Anniversaire\",\"Europa-Park\",\"Europa-Park\"],\"articleSection\":[\"Europa-Park\"],\"inLanguage\":\"fr-FR\"},{\"@type\":\"WebPage\",\"@id\":\"https:\/\/blog.europapark.de\/fr\/europa-park-fr\/50-ans-deuropa-park-une-annee-de-moments-magiques-en-perspective\/\",\"url\":\"https:\/\/blog.europapark.de\/fr\/europa-park-fr\/50-ans-deuropa-park-une-annee-de-moments-magiques-en-perspective\/\",\"name\":\"50 ans d'Europa-Park : une ann\u00e9e de moments magiques en perspective - Le blog officiel d\u2019Europa-Park\",\"isPartOf\":{\"@id\":\"https:\/\/blog.europapark.de\/fr\/#website\"},\"primaryImageOfPage\":{\"@id\":\"https:\/\/blog.europapark.de\/fr\/europa-park-fr\/50-ans-deuropa-park-une-annee-de-moments-magiques-en-perspective\/#primaryimage\"},\"image\":{\"@id\":\"https:\/\/blog.europapark.de\/fr\/europa-park-fr\/50-ans-deuropa-park-une-annee-de-moments-magiques-en-perspective\/#primaryimage\"},\"thumbnailUrl\":\"https:\/\/blog.europapark.de\/wp-content\/uploads\/2024\/11\/EP24_PR_041_Blogbeitrag_Titel_50_Jahre-.jpg\",\"datePublished\":\"2024-11-07T15:08:42+00:00\",\"author\":{\"@id\":\"https:\/\/blog.europapark.de\/fr\/#\/schema\/person\/33a8e6425d00a5338b0f3b919774c892\"},\"breadcrumb\":{\"@id\":\"https:\/\/blog.europapark.de\/fr\/europa-park-fr\/50-ans-deuropa-park-une-annee-de-moments-magiques-en-perspective\/#breadcrumb\"},\"inLanguage\":\"fr-FR\",\"potentialAction\":[{\"@type\":\"ReadAction\",\"target\":[\"https:\/\/blog.europapark.de\/fr\/europa-park-fr\/50-ans-deuropa-park-une-annee-de-moments-magiques-en-perspective\/\"]}]},{\"@type\":\"ImageObject\",\"inLanguage\":\"fr-FR\",\"@id\":\"https:\/\/blog.europapark.de\/fr\/europa-park-fr\/50-ans-deuropa-park-une-annee-de-moments-magiques-en-perspective\/#primaryimage\",\"url\":\"https:\/\/blog.europapark.de\/wp-content\/uploads\/2024\/11\/EP24_PR_041_Blogbeitrag_Titel_50_Jahre-.jpg\",\"contentUrl\":\"https:\/\/blog.europapark.de\/wp-content\/uploads\/2024\/11\/EP24_PR_041_Blogbeitrag_Titel_50_Jahre-.jpg\",\"width\":2000,\"height\":1333},{\"@type\":\"BreadcrumbList\",\"@id\":\"https:\/\/blog.europapark.de\/fr\/europa-park-fr\/50-ans-deuropa-park-une-annee-de-moments-magiques-en-perspective\/#breadcrumb\",\"itemListElement\":[{\"@type\":\"ListItem\",\"position\":1,\"name\":\"Accueil\",\"item\":\"https:\/\/blog.europapark.de\/fr\/\"},{\"@type\":\"ListItem\",\"position\":2,\"name\":\"50 ans d&#8217;Europa-Park : une ann\u00e9e de moments magiques en perspective\"}]},{\"@type\":\"WebSite\",\"@id\":\"https:\/\/blog.europapark.de\/fr\/#website\",\"url\":\"https:\/\/blog.europapark.de\/fr\/\",\"name\":\"Le blog officiel d\u2019Europa-Park\",\"description\":\"\",\"potentialAction\":[{\"@type\":\"SearchAction\",\"target\":{\"@type\":\"EntryPoint\",\"urlTemplate\":\"https:\/\/blog.europapark.de\/fr\/?s={search_term_string}\"},\"query-input\":{\"@type\":\"PropertyValueSpecification\",\"valueRequired\":true,\"valueName\":\"search_term_string\"}}],\"inLanguage\":\"fr-FR\"},{\"@type\":\"Person\",\"@id\":\"https:\/\/blog.europapark.de\/fr\/#\/schema\/person\/33a8e6425d00a5338b0f3b919774c892\",\"name\":\"Marine Bostetter\",\"image\":{\"@type\":\"ImageObject\",\"inLanguage\":\"fr-FR\",\"@id\":\"https:\/\/blog.europapark.de\/fr\/#\/schema\/person\/image\/\",\"url\":\"https:\/\/blog.europapark.de\/wp-content\/uploads\/2024\/01\/IMG_2126-150x150.jpg\",\"contentUrl\":\"https:\/\/blog.europapark.de\/wp-content\/uploads\/2024\/01\/IMG_2126-150x150.jpg\",\"caption\":\"Marine Bostetter\"},\"url\":\"https:\/\/blog.europapark.de\/fr\/author\/marine-bostetter\/\"}]}<\/script>\n<!-- \/ Yoast SEO plugin. -->","yoast_head_json":{"title":"50 ans d'Europa-Park : une ann\u00e9e de moments magiques en perspective - Le blog officiel d\u2019Europa-Park","robots":{"index":"index","follow":"follow","max-snippet":"max-snippet:-1","max-image-preview":"max-image-preview:large","max-video-preview":"max-video-preview:-1"},"canonical":"https:\/\/blog.europapark.de\/fr\/europa-park-fr\/50-ans-deuropa-park-une-annee-de-moments-magiques-en-perspective\/","og_locale":"fr_FR","og_type":"article","og_title":"50 ans d'Europa-Park : une ann\u00e9e de moments magiques en perspective - Le blog officiel d\u2019Europa-Park","og_description":"2025 sera plac\u00e9 sous le signe du grand anniversaire d&#8217;Europa-Park : le plus grand parc de loisirs d&#8217;Allemagne f\u00eatera ses...","og_url":"https:\/\/blog.europapark.de\/fr\/europa-park-fr\/50-ans-deuropa-park-une-annee-de-moments-magiques-en-perspective\/","og_site_name":"Le blog officiel d\u2019Europa-Park","article_published_time":"2024-11-07T15:08:42+00:00","og_image":[{"width":2000,"height":1333,"url":"https:\/\/blog.europapark.de\/wp-content\/uploads\/2024\/11\/EP24_PR_041_Blogbeitrag_Titel_50_Jahre-.jpg","type":"image\/jpeg"}],"author":"Marine Bostetter","twitter_card":"summary_large_image","twitter_misc":{"\u00c9crit par":"Marine Bostetter","Dur\u00e9e de lecture estim\u00e9e":"6 minutes"},"schema":{"@context":"https:\/\/schema.org","@graph":[{"@type":"Article","@id":"https:\/\/blog.europapark.de\/fr\/europa-park-fr\/50-ans-deuropa-park-une-annee-de-moments-magiques-en-perspective\/#article","isPartOf":{"@id":"https:\/\/blog.europapark.de\/fr\/europa-park-fr\/50-ans-deuropa-park-une-annee-de-moments-magiques-en-perspective\/"},"author":{"name":"Marine Bostetter","@id":"https:\/\/blog.europapark.de\/fr\/#\/schema\/person\/33a8e6425d00a5338b0f3b919774c892"},"headline":"50 ans d&#8217;Europa-Park : une ann\u00e9e de moments magiques en perspective","datePublished":"2024-11-07T15:08:42+00:00","mainEntityOfPage":{"@id":"https:\/\/blog.europapark.de\/fr\/europa-park-fr\/50-ans-deuropa-park-une-annee-de-moments-magiques-en-perspective\/"},"wordCount":941,"image":{"@id":"https:\/\/blog.europapark.de\/fr\/europa-park-fr\/50-ans-deuropa-park-une-annee-de-moments-magiques-en-perspective\/#primaryimage"},"thumbnailUrl":"https:\/\/blog.europapark.de\/wp-content\/uploads\/2024\/11\/EP24_PR_041_Blogbeitrag_Titel_50_Jahre-.jpg","keywords":["50 ans","Anniversaire","Europa-Park","Europa-Park"],"articleSection":["Europa-Park"],"inLanguage":"fr-FR"},{"@type":"WebPage","@id":"https:\/\/blog.europapark.de\/fr\/europa-park-fr\/50-ans-deuropa-park-une-annee-de-moments-magiques-en-perspective\/","url":"https:\/\/blog.europapark.de\/fr\/europa-park-fr\/50-ans-deuropa-park-une-annee-de-moments-magiques-en-perspective\/","name":"50 ans d'Europa-Park : une ann\u00e9e de moments magiques en perspective - Le blog officiel d\u2019Europa-Park","isPartOf":{"@id":"https:\/\/blog.europapark.de\/fr\/#website"},"primaryImageOfPage":{"@id":"https:\/\/blog.europapark.de\/fr\/europa-park-fr\/50-ans-deuropa-park-une-annee-de-moments-magiques-en-perspective\/#primaryimage"},"image":{"@id":"https:\/\/blog.europapark.de\/fr\/europa-park-fr\/50-ans-deuropa-park-une-annee-de-moments-magiques-en-perspective\/#primaryimage"},"thumbnailUrl":"https:\/\/blog.europapark.de\/wp-content\/uploads\/2024\/11\/EP24_PR_041_Blogbeitrag_Titel_50_Jahre-.jpg","datePublished":"2024-11-07T15:08:42+00:00","author":{"@id":"https:\/\/blog.europapark.de\/fr\/#\/schema\/person\/33a8e6425d00a5338b0f3b919774c892"},"breadcrumb":{"@id":"https:\/\/blog.europapark.de\/fr\/europa-park-fr\/50-ans-deuropa-park-une-annee-de-moments-magiques-en-perspective\/#breadcrumb"},"inLanguage":"fr-FR","potentialAction":[{"@type":"ReadAction","target":["https:\/\/blog.europapark.de\/fr\/europa-park-fr\/50-ans-deuropa-park-une-annee-de-moments-magiques-en-perspective\/"]}]},{"@type":"ImageObject","inLanguage":"fr-FR","@id":"https:\/\/blog.europapark.de\/fr\/europa-park-fr\/50-ans-deuropa-park-une-annee-de-moments-magiques-en-perspective\/#primaryimage","url":"https:\/\/blog.europapark.de\/wp-content\/uploads\/2024\/11\/EP24_PR_041_Blogbeitrag_Titel_50_Jahre-.jpg","contentUrl":"https:\/\/blog.europapark.de\/wp-content\/uploads\/2024\/11\/EP24_PR_041_Blogbeitrag_Titel_50_Jahre-.jpg","width":2000,"height":1333},{"@type":"BreadcrumbList","@id":"https:\/\/blog.europapark.de\/fr\/europa-park-fr\/50-ans-deuropa-park-une-annee-de-moments-magiques-en-perspective\/#breadcrumb","itemListElement":[{"@type":"ListItem","position":1,"name":"Accueil","item":"https:\/\/blog.europapark.de\/fr\/"},{"@type":"ListItem","position":2,"name":"50 ans d&#8217;Europa-Park : une ann\u00e9e de moments magiques en perspective"}]},{"@type":"WebSite","@id":"https:\/\/blog.europapark.de\/fr\/#website","url":"https:\/\/blog.europapark.de\/fr\/","name":"Le blog officiel d\u2019Europa-Park","description":"","potentialAction":[{"@type":"SearchAction","target":{"@type":"EntryPoint","urlTemplate":"https:\/\/blog.europapark.de\/fr\/?s={search_term_string}"},"query-input":{"@type":"PropertyValueSpecification","valueRequired":true,"valueName":"search_term_string"}}],"inLanguage":"fr-FR"},{"@type":"Person","@id":"https:\/\/blog.europapark.de\/fr\/#\/schema\/person\/33a8e6425d00a5338b0f3b919774c892","name":"Marine Bostetter","image":{"@type":"ImageObject","inLanguage":"fr-FR","@id":"https:\/\/blog.europapark.de\/fr\/#\/schema\/person\/image\/","url":"https:\/\/blog.europapark.de\/wp-content\/uploads\/2024\/01\/IMG_2126-150x150.jpg","contentUrl":"https:\/\/blog.europapark.de\/wp-content\/uploads\/2024\/01\/IMG_2126-150x150.jpg","caption":"Marine Bostetter"},"url":"https:\/\/blog.europapark.de\/fr\/author\/marine-bostetter\/"}]}},"_links":{"self":[{"href":"https:\/\/blog.europapark.de\/fr\/wp-json\/wp\/v2\/posts\/13628","targetHints":{"allow":["GET"]}}],"collection":[{"href":"https:\/\/blog.europapark.de\/fr\/wp-json\/wp\/v2\/posts"}],"about":[{"href":"https:\/\/blog.europapark.de\/fr\/wp-json\/wp\/v2\/types\/post"}],"author":[{"embeddable":true,"href":"https:\/\/blog.europapark.de\/fr\/wp-json\/wp\/v2\/users\/22"}],"replies":[{"embeddable":true,"href":"https:\/\/blog.europapark.de\/fr\/wp-json\/wp\/v2\/comments?post=13628"}],"version-history":[{"count":5,"href":"https:\/\/blog.europapark.de\/fr\/wp-json\/wp\/v2\/posts\/13628\/revisions"}],"predecessor-version":[{"id":13634,"href":"https:\/\/blog.europapark.de\/fr\/wp-json\/wp\/v2\/posts\/13628\/revisions\/13634"}],"wp:featuredmedia":[{"embeddable":true,"href":"https:\/\/blog.europapark.de\/fr\/wp-json\/wp\/v2\/media\/13637"}],"wp:attachment":[{"href":"https:\/\/blog.europapark.de\/fr\/wp-json\/wp\/v2\/media?parent=13628"}],"wp:term":[{"taxonomy":"category","embeddable":true,"href":"https:\/\/blog.europapark.de\/fr\/wp-json\/wp\/v2\/categories?post=13628"},{"taxonomy":"post_tag","embeddable":true,"href":"https:\/\/blog.europapark.de\/fr\/wp-json\/wp\/v2\/tags?post=13628"}],"curies":[{"name":"wp","href":"https:\/\/api.w.org\/{rel}","templated":true}]}}