{"id":13392,"date":"2024-09-26T10:12:00","date_gmt":"2024-09-26T08:12:00","guid":{"rendered":"https:\/\/blog.europapark.de\/?p=13392"},"modified":"2024-09-26T11:49:18","modified_gmt":"2024-09-26T09:49:18","slug":"lhistoire-de-traumatica-festival-of-fear-2024","status":"publish","type":"post","link":"https:\/\/blog.europapark.de\/fr\/innovations-et-medias\/lhistoire-de-traumatica-festival-of-fear-2024\/","title":{"rendered":"L&#8217;histoire de Traumatica &#8211; Festival of Fear 2024"},"content":{"rendered":"<p><strong>Cette ann\u00e9e encore, <a href=\"https:\/\/traumatica.com\/fr\/\" target=\"_blank\" rel=\"noopener\">Traumatica &#8211; Festival of Fear<\/a> est de retour \u00e0 Halloween pour terrifier ses visiteurs. L&#8217;\u00e9v\u00e9nement d&#8217;Halloween d&#8217;Europa-Park Resort, interdit aux moins de 16 ans, revient chaque ann\u00e9e depuis 2006. L\u2019univers cauchemardesque de Traumatica se trouve \u00e0 la crois\u00e9e des fronti\u00e8res entre le r\u00e9el et l\u2019imaginaire. Dans ce nouvel article de blog, nous vous pr\u00e9sentons la trame narratique de ce monde myst\u00e9rieux et vous introduisons aux 7 attractions terrifiantes de cette ann\u00e9e.<\/strong><\/p>\n<h3>Grim\u2019s Funhouse Freak Show : l\u00e0 o\u00f9 la terreur devient divertissement<\/h3>\n<p>Le clown Grim et ses compagnons ne reculent devant rien pour offrir un \u00ab divertissement \u00bb des plus d\u00e9concertants. \u00c0 l\u2019image d\u2019un cirque sinistre, leur Funhouse se transforme en une ar\u00e8ne o\u00f9 les monstres et cr\u00e9atures captur\u00e9es sur le territoire de Traumatica sont conduits \u00e0 la folie avant d\u2019\u00eatre lib\u00e9r\u00e9s devant un public avide de frissons. Leur effroyable festin de peur fait vibrer le public, chaque cri, chaque sueur froide nourrissant le sadisme d\u00e9mesur\u00e9 de Grim. L&#8217;ambiance foraine glauque, les lumi\u00e8res clignotantes et les \u00e9chos de rires d\u00e9ments cr\u00e9ent une exp\u00e9rience immersive o\u00f9 le r\u00e9el devient un cauchemar ambulant. Pour Grim, le spectacle doit toujours continuer, car la peur est, apr\u00e8s tout, une question de perspectives.<\/p>\n<figure id=\"attachment_13394\" aria-labelledby=\"figcaption_attachment_13394\" class=\"wp-caption aligncenter\"><img loading=\"lazy\" decoding=\"async\" class=\"wp-image-13394 size-large\" src=\"https:\/\/blog.europapark.de\/wp-content\/uploads\/2024\/09\/EP23_Traumatica_Festival_of_Fear_VP30-1024x681.jpg\" alt=\"Attention aux blagues mortelles des clowns !\" width=\"1024\" height=\"681\" srcset=\"https:\/\/blog.europapark.de\/wp-content\/uploads\/2024\/09\/EP23_Traumatica_Festival_of_Fear_VP30-1024x681.jpg 1024w, https:\/\/blog.europapark.de\/wp-content\/uploads\/2024\/09\/EP23_Traumatica_Festival_of_Fear_VP30-400x266.jpg 400w, https:\/\/blog.europapark.de\/wp-content\/uploads\/2024\/09\/EP23_Traumatica_Festival_of_Fear_VP30-768x511.jpg 768w, https:\/\/blog.europapark.de\/wp-content\/uploads\/2024\/09\/EP23_Traumatica_Festival_of_Fear_VP30-1536x1022.jpg 1536w, https:\/\/blog.europapark.de\/wp-content\/uploads\/2024\/09\/EP23_Traumatica_Festival_of_Fear_VP30-2048x1362.jpg 2048w, https:\/\/blog.europapark.de\/wp-content\/uploads\/2024\/09\/EP23_Traumatica_Festival_of_Fear_VP30-1700x1131.jpg 1700w\" sizes=\"auto, (max-width: 1024px) 100vw, 1024px\" \/><figcaption id=\"figcaption_attachment_13394\" class=\"wp-caption-text\">Attention aux blagues mortelles des clowns !<\/figcaption><\/figure>\n<h3>UNKNOWN Outbreak : l\u2019\u00e9pid\u00e9mie intergalactique<\/h3>\n<p>Alors que la terreur frappe \u00e0 la porte du Funhouse, l\u2019\u00e9quipage du vaisseau spatial Unknown fait face \u00e0 sa propre horreur. Suite \u00e0 l\u2019arriv\u00e9e d&#8217;extraterrestres hostiles et la propagation d&#8217;un virus mortel, les enqu\u00eateurs \u00e0 bord se retrouvent pi\u00e9g\u00e9s. L\u2019urgence est palpable : r\u00e9ussir \u00e0 diffuser l&#8217;antidote via le syst\u00e8me de ventilation avant que l&#8217;\u00e9quipage ne soit an\u00e9anti. L\u2019Unknown devient un champ de bataille contre une \u00e9pid\u00e9mie d&#8217;un autre monde. Les visiteurs les plus courageux se joindront aux forces de secours, mais la question demeure : qui survivra \u00e0 cette contamination galactique ?<\/p>\n<figure id=\"attachment_13396\" aria-labelledby=\"figcaption_attachment_13396\" class=\"wp-caption aligncenter\"><img loading=\"lazy\" decoding=\"async\" class=\"wp-image-13396 size-large\" src=\"https:\/\/blog.europapark.de\/wp-content\/uploads\/2024\/09\/EP23_Traumatica_Festival_of_Fear_S_UNKNOWN21-1024x684.jpg\" alt=\"Arriverez-vous \u00e0 freiner l'\u00e9pid\u00e9mie d'Unknown ?\" width=\"1024\" height=\"684\" srcset=\"https:\/\/blog.europapark.de\/wp-content\/uploads\/2024\/09\/EP23_Traumatica_Festival_of_Fear_S_UNKNOWN21-1024x684.jpg 1024w, https:\/\/blog.europapark.de\/wp-content\/uploads\/2024\/09\/EP23_Traumatica_Festival_of_Fear_S_UNKNOWN21-400x267.jpg 400w, https:\/\/blog.europapark.de\/wp-content\/uploads\/2024\/09\/EP23_Traumatica_Festival_of_Fear_S_UNKNOWN21-768x513.jpg 768w, https:\/\/blog.europapark.de\/wp-content\/uploads\/2024\/09\/EP23_Traumatica_Festival_of_Fear_S_UNKNOWN21-1536x1026.jpg 1536w, https:\/\/blog.europapark.de\/wp-content\/uploads\/2024\/09\/EP23_Traumatica_Festival_of_Fear_S_UNKNOWN21-1700x1136.jpg 1700w, https:\/\/blog.europapark.de\/wp-content\/uploads\/2024\/09\/EP23_Traumatica_Festival_of_Fear_S_UNKNOWN21.jpg 2048w\" sizes=\"auto, (max-width: 1024px) 100vw, 1024px\" \/><figcaption id=\"figcaption_attachment_13396\" class=\"wp-caption-text\">Arriverez-vous \u00e0 freiner l&#8217;\u00e9pid\u00e9mie d&#8217;Unknown ?<\/figcaption><\/figure>\n<h3>Tarot House Hells Gate : le pacte mal\u00e9fique<\/h3>\n<p>\u00c0 Tarot House, les forces d\u00e9moniaques s\u2019\u00e9l\u00e8vent pour corrompre ce qui reste de l\u2019\u00e2me humaine. La sorci\u00e8re en chef, Madame Monroe, et son cercle de sorci\u00e8res ont r\u00e9ussi \u00e0 invoquer un d\u00e9mon, mais la cr\u00e9ature invoqu\u00e9e s\u2019av\u00e8re bien plus redoutable que pr\u00e9vu. En ouvrant les portes de l\u2019enfer, elles ont uni Traumatica au royaume des t\u00e9n\u00e8bres, plongeant le festival dans une obscurit\u00e9 sans retour. Chaque recoin de Tarot House est infest\u00e9 d\u2019entit\u00e9s malveillantes, et chaque visiteur est une potentielle victime. Y survivrez-vous ?<\/p>\n<figure id=\"attachment_13398\" aria-labelledby=\"figcaption_attachment_13398\" class=\"wp-caption aligncenter\"><img loading=\"lazy\" decoding=\"async\" class=\"wp-image-13398 size-large\" src=\"https:\/\/blog.europapark.de\/wp-content\/uploads\/2024\/09\/EP23_Traumatica_Festival_of_Fear_K_Tarot-House8-1024x683.jpeg\" alt=\"Les cr\u00e9atures qui habitent Tarot House ne sont pas toujours humaines...\" width=\"1024\" height=\"683\" srcset=\"https:\/\/blog.europapark.de\/wp-content\/uploads\/2024\/09\/EP23_Traumatica_Festival_of_Fear_K_Tarot-House8-1024x683.jpeg 1024w, https:\/\/blog.europapark.de\/wp-content\/uploads\/2024\/09\/EP23_Traumatica_Festival_of_Fear_K_Tarot-House8-400x267.jpeg 400w, https:\/\/blog.europapark.de\/wp-content\/uploads\/2024\/09\/EP23_Traumatica_Festival_of_Fear_K_Tarot-House8-768x512.jpeg 768w, https:\/\/blog.europapark.de\/wp-content\/uploads\/2024\/09\/EP23_Traumatica_Festival_of_Fear_K_Tarot-House8-1536x1024.jpeg 1536w, https:\/\/blog.europapark.de\/wp-content\/uploads\/2024\/09\/EP23_Traumatica_Festival_of_Fear_K_Tarot-House8-2048x1365.jpeg 2048w, https:\/\/blog.europapark.de\/wp-content\/uploads\/2024\/09\/EP23_Traumatica_Festival_of_Fear_K_Tarot-House8-1700x1133.jpeg 1700w\" sizes=\"auto, (max-width: 1024px) 100vw, 1024px\" \/><figcaption id=\"figcaption_attachment_13398\" class=\"wp-caption-text\">Les cr\u00e9atures qui habitent Tarot House ne sont pas toujours humaines&#8230;<\/figcaption><\/figure>\n<h3>Cinema Macabre : l\u2019ascension d\u2019Eleanor<\/h3>\n<p>Eleanor, la cr\u00e9ation mal\u00e9fique des Shadows, continue d\u2019\u00e9voluer. \u00c0 l&#8217;origine servante et machine pour se plier \u00e0 leurs moindres demandes et les abreuver en sang, c&#8217;est \u00e0 son tour de prendre le pouvoir. Apr\u00e8s avoir sem\u00e9 la terreur au Wax Museum, elle fait d\u00e9sormais son grand retour au Cinema Macabre. Forte de pouvoirs incommensurables, sa soif d\u2019adr\u00e9naline est insatiable. Chaque visiteur est une proie potentielle, et personne n&#8217;\u00e9chappe \u00e0 son regard mortel. Dans ce cin\u00e9ma cauchemardesque, la fronti\u00e8re entre la fiction et la r\u00e9alit\u00e9 n\u2019existe plus, et Eleanor n\u2019aura aucune piti\u00e9.<\/p>\n<figure id=\"attachment_13401\" aria-labelledby=\"figcaption_attachment_13401\" class=\"wp-caption aligncenter\"><img loading=\"lazy\" decoding=\"async\" class=\"wp-image-13401 size-large\" src=\"https:\/\/blog.europapark.de\/wp-content\/uploads\/2024\/09\/EP23_Traumatica_Festival_of_Fear_K_Wax-Museum2-1024x683.jpeg\" alt=\"Eleanore, cr\u00e9ation des Shadows, a d\u00e9sormais pris son ind\u00e9pendance !\" width=\"1024\" height=\"683\" srcset=\"https:\/\/blog.europapark.de\/wp-content\/uploads\/2024\/09\/EP23_Traumatica_Festival_of_Fear_K_Wax-Museum2-1024x683.jpeg 1024w, https:\/\/blog.europapark.de\/wp-content\/uploads\/2024\/09\/EP23_Traumatica_Festival_of_Fear_K_Wax-Museum2-400x267.jpeg 400w, https:\/\/blog.europapark.de\/wp-content\/uploads\/2024\/09\/EP23_Traumatica_Festival_of_Fear_K_Wax-Museum2-768x512.jpeg 768w, https:\/\/blog.europapark.de\/wp-content\/uploads\/2024\/09\/EP23_Traumatica_Festival_of_Fear_K_Wax-Museum2-1536x1024.jpeg 1536w, https:\/\/blog.europapark.de\/wp-content\/uploads\/2024\/09\/EP23_Traumatica_Festival_of_Fear_K_Wax-Museum2-2048x1365.jpeg 2048w, https:\/\/blog.europapark.de\/wp-content\/uploads\/2024\/09\/EP23_Traumatica_Festival_of_Fear_K_Wax-Museum2-1700x1133.jpeg 1700w\" sizes=\"auto, (max-width: 1024px) 100vw, 1024px\" \/><figcaption id=\"figcaption_attachment_13401\" class=\"wp-caption-text\">Eleanore, cr\u00e9ation des Shadows, a d\u00e9sormais pris son ind\u00e9pendance !<\/figcaption><\/figure>\n<h3>The Hill : le Retour du Nightgrabber<\/h3>\n<p>Un autre lieu o\u00f9 la terreur r\u00e8gne en ma\u00eetre est The Hill. Apr\u00e8s un \u00e9trange mariage et des \u00e9v\u00e9nements encore plus sinistres, la terre autrefois habit\u00e9e par la famille Hillbilly est maintenant sous l&#8217;emprise de forces inconnues. Les cr\u00e9atures qui y r\u00e9sident sont de v\u00e9ritables myst\u00e8res, mais une chose est s\u00fbre : elles kidnappent les enfants et s\u00e8ment la panique parmi les parents d\u00e9sesp\u00e9r\u00e9s. Un terrain de jeu macabre o\u00f9 chaque visiteur risque de se perdre. Serait-ce un coup du Nightgrabber ?<\/p>\n<figure id=\"attachment_13407\" aria-labelledby=\"figcaption_attachment_13407\" class=\"wp-caption aligncenter\"><img loading=\"lazy\" decoding=\"async\" class=\"wp-image-13407 size-large\" src=\"https:\/\/blog.europapark.de\/wp-content\/uploads\/2024\/09\/Design-sans-titre-1024x576.jpg\" alt=\"Les avis de disparitions fleurissent aux abords de The Hill. Peut-\u00eatre serez-vous le prochain !\" width=\"1024\" height=\"576\" srcset=\"https:\/\/blog.europapark.de\/wp-content\/uploads\/2024\/09\/Design-sans-titre-1024x576.jpg 1024w, https:\/\/blog.europapark.de\/wp-content\/uploads\/2024\/09\/Design-sans-titre-400x225.jpg 400w, https:\/\/blog.europapark.de\/wp-content\/uploads\/2024\/09\/Design-sans-titre-768x432.jpg 768w, https:\/\/blog.europapark.de\/wp-content\/uploads\/2024\/09\/Design-sans-titre-1536x864.jpg 1536w, https:\/\/blog.europapark.de\/wp-content\/uploads\/2024\/09\/Design-sans-titre-1700x956.jpg 1700w, https:\/\/blog.europapark.de\/wp-content\/uploads\/2024\/09\/Design-sans-titre.jpg 1920w\" sizes=\"auto, (max-width: 1024px) 100vw, 1024px\" \/><figcaption id=\"figcaption_attachment_13407\" class=\"wp-caption-text\">Les avis de disparitions fleurissent aux abords de The Hill. Peut-\u00eatre serez-vous le prochain !<\/figcaption><\/figure>\n<h3>Murderdome : les Jeux de la Mort<\/h3>\n<p>Murderdome End Games est un champ de bataille sanglant, o\u00f9 les survivants de la R\u00e9sistance ont form\u00e9 un nouveau groupe : les Wasted. Ce gang de punks d\u00e9cha\u00een\u00e9s se livre \u00e0 des combats brutaux dans une ar\u00e8ne sadique. Ici, la vie ne vaut plus rien, et le seul enjeu est de survivre \u00e0 cette machine infernale. Les cris des victimes r\u00e9sonnent dans l&#8217;ar\u00e8ne, tandis que les spectateurs assistent \u00e0 un spectacle de pure violence. C&#8217;est \u00e0 votre tour de rentrer dans l&#8217;ar\u00e8ne. Bonne chance&#8230;<\/p>\n<figure id=\"attachment_13403\" aria-labelledby=\"figcaption_attachment_13403\" class=\"wp-caption aligncenter\"><img loading=\"lazy\" decoding=\"async\" class=\"wp-image-13403 size-large\" src=\"https:\/\/blog.europapark.de\/wp-content\/uploads\/2024\/09\/513b9658-08ab-4400-bf18-483c41eec2df-1024x683.jpeg\" alt=\"C'est d\u00e9sormais \u00e0 vous de rentrer dans l'ar\u00e8ne du Murderdome...\" width=\"1024\" height=\"683\" srcset=\"https:\/\/blog.europapark.de\/wp-content\/uploads\/2024\/09\/513b9658-08ab-4400-bf18-483c41eec2df-1024x683.jpeg 1024w, https:\/\/blog.europapark.de\/wp-content\/uploads\/2024\/09\/513b9658-08ab-4400-bf18-483c41eec2df-400x267.jpeg 400w, https:\/\/blog.europapark.de\/wp-content\/uploads\/2024\/09\/513b9658-08ab-4400-bf18-483c41eec2df-768x512.jpeg 768w, https:\/\/blog.europapark.de\/wp-content\/uploads\/2024\/09\/513b9658-08ab-4400-bf18-483c41eec2df-1536x1024.jpeg 1536w, https:\/\/blog.europapark.de\/wp-content\/uploads\/2024\/09\/513b9658-08ab-4400-bf18-483c41eec2df.jpeg 1600w\" sizes=\"auto, (max-width: 1024px) 100vw, 1024px\" \/><figcaption id=\"figcaption_attachment_13403\" class=\"wp-caption-text\">C&#8217;est d\u00e9sormais \u00e0 vous de rentrer dans l&#8217;ar\u00e8ne du Murderdome&#8230;<\/figcaption><\/figure>\n<h3>Studio-13 : silence et action !<\/h3>\n<p>Enfin, pour ceux qui pensent pouvoir \u00e9chapper \u00e0 la terreur en rejoignant notre \u00e9quipe de tournage, Studio-13 est l\u00e0 pour prouver le contraire. Entre fiction et r\u00e9alit\u00e9, ce plateau de cin\u00e9ma devient rapidement un terrain de chasse o\u00f9 chaque acteur risque de finir dans les griffes de cr\u00e9atures plus effrayantes les unes que les autres. Le voile entre le r\u00e9el et l\u2019imaginaire est ici plus fin que jamais, et il suffit d\u2019un pas pour se retrouver du mauvais c\u00f4t\u00e9&#8230; \u00c0 votre arriv\u00e9e, adressez-vous au responsable, vous ne serez pas d\u00e9\u00e7u !<\/p>\n<figure id=\"attachment_13405\" aria-labelledby=\"figcaption_attachment_13405\" class=\"wp-caption aligncenter\"><img loading=\"lazy\" decoding=\"async\" class=\"wp-image-13405 size-large\" src=\"https:\/\/blog.europapark.de\/wp-content\/uploads\/2024\/09\/EP23_Traumatica_Festival_of_Fear_AT42-1-1024x683.jpg\" alt=\"Eeeeet... Action !\" width=\"1024\" height=\"683\" srcset=\"https:\/\/blog.europapark.de\/wp-content\/uploads\/2024\/09\/EP23_Traumatica_Festival_of_Fear_AT42-1-1024x683.jpg 1024w, https:\/\/blog.europapark.de\/wp-content\/uploads\/2024\/09\/EP23_Traumatica_Festival_of_Fear_AT42-1-400x267.jpg 400w, https:\/\/blog.europapark.de\/wp-content\/uploads\/2024\/09\/EP23_Traumatica_Festival_of_Fear_AT42-1-768x512.jpg 768w, https:\/\/blog.europapark.de\/wp-content\/uploads\/2024\/09\/EP23_Traumatica_Festival_of_Fear_AT42-1-1536x1024.jpg 1536w, https:\/\/blog.europapark.de\/wp-content\/uploads\/2024\/09\/EP23_Traumatica_Festival_of_Fear_AT42-1-2048x1366.jpg 2048w, https:\/\/blog.europapark.de\/wp-content\/uploads\/2024\/09\/EP23_Traumatica_Festival_of_Fear_AT42-1-1700x1134.jpg 1700w\" sizes=\"auto, (max-width: 1024px) 100vw, 1024px\" \/><figcaption id=\"figcaption_attachment_13405\" class=\"wp-caption-text\">Eeeeet&#8230; Action !<\/figcaption><\/figure>\n<p>Une chose est s\u00fbre, vous n\u2019en ressortirez pas indemne&#8230; Mais si vous en redemandez, vous pouvez faire un tour du c\u00f4t\u00e9 de la <a href=\"https:\/\/www.europapark.de\/fr\/parc-de-loisirs\/attractions\/la-malediction-de-cassandre\" target=\"_blank\" rel=\"noopener\">Mal\u00e9diction de Cassandre<\/a> pour tester <a href=\"https:\/\/www.veejoy.de\/fr\/films\/bande-annonce-the-fallen-vr\" target=\"_blank\" rel=\"noopener\">The Fallen VR<\/a>, ou au D\u00f4me des R\u00eaves pour d\u00e9couvrir notre toute nouvelle exp\u00e9rience <a href=\"https:\/\/tickets.mackinternational.de\/fr\/ticket\/traumatica-festival-of-fear-brain-shocker-vr-2024\" target=\"_blank\" rel=\"noopener\">Brain Shocker VR<\/a>. Il n&#8217;est pas encore trop tard pour <a href=\"https:\/\/tickets.mackinternational.de\/fr\/categorie\/traumatica-festival-of-fear\" target=\"_blank\" rel=\"noopener\">prendre vos billets<\/a>&#8230; Nos monstres vous attendent !<\/p>\n","protected":false},"excerpt":{"rendered":"<p>Cette ann\u00e9e encore, Traumatica &#8211; Festival of Fear est de retour \u00e0 Halloween pour terrifier ses visiteurs. L&#8217;\u00e9v\u00e9nement d&#8217;Halloween d&#8217;Europa-Park&#8230;<\/p>\n","protected":false},"author":33,"featured_media":13405,"comment_status":"closed","ping_status":"closed","sticky":false,"template":"","format":"standard","meta":{"_acf_changed":false,"footnotes":""},"categories":[396],"tags":[],"class_list":["post-13392","post","type-post","status-publish","format-standard","has-post-thumbnail","hentry","category-innovations-et-medias"],"acf":[],"yoast_head":"<!-- This site is optimized with the Yoast SEO plugin v26.9 - https:\/\/yoast.com\/product\/yoast-seo-wordpress\/ -->\n<title>L&#039;histoire de Traumatica - Festival of Fear 2024 - Le blog officiel d\u2019Europa-Park<\/title>\n<meta name=\"description\" content=\"L\u2019univers cauchemardesque de Traumatica se trouve \u00e0 la crois\u00e9e des fronti\u00e8res entre le r\u00e9el et l\u2019imaginaire.\" \/>\n<meta name=\"robots\" content=\"index, follow, max-snippet:-1, max-image-preview:large, max-video-preview:-1\" \/>\n<link rel=\"canonical\" href=\"https:\/\/blog.europapark.de\/fr\/innovations-et-medias\/lhistoire-de-traumatica-festival-of-fear-2024\/\" \/>\n<meta property=\"og:locale\" content=\"fr_FR\" \/>\n<meta property=\"og:type\" content=\"article\" \/>\n<meta property=\"og:title\" content=\"L&#039;histoire de Traumatica - Festival of Fear 2024 - Le blog officiel d\u2019Europa-Park\" \/>\n<meta property=\"og:description\" content=\"L\u2019univers cauchemardesque de Traumatica se trouve \u00e0 la crois\u00e9e des fronti\u00e8res entre le r\u00e9el et l\u2019imaginaire.\" \/>\n<meta property=\"og:url\" content=\"https:\/\/blog.europapark.de\/fr\/innovations-et-medias\/lhistoire-de-traumatica-festival-of-fear-2024\/\" \/>\n<meta property=\"og:site_name\" content=\"Le blog officiel d\u2019Europa-Park\" \/>\n<meta property=\"article:published_time\" content=\"2024-09-26T08:12:00+00:00\" \/>\n<meta property=\"article:modified_time\" content=\"2024-09-26T09:49:18+00:00\" \/>\n<meta property=\"og:image\" content=\"https:\/\/blog.europapark.de\/wp-content\/uploads\/2024\/09\/EP23_Traumatica_Festival_of_Fear_AT42-1.jpg\" \/>\n\t<meta property=\"og:image:width\" content=\"2560\" \/>\n\t<meta property=\"og:image:height\" content=\"1707\" \/>\n\t<meta property=\"og:image:type\" content=\"image\/jpeg\" \/>\n<meta name=\"author\" content=\"Nathan Ruetsch\" \/>\n<meta name=\"twitter:card\" content=\"summary_large_image\" \/>\n<meta name=\"twitter:label1\" content=\"\u00c9crit par\" \/>\n\t<meta name=\"twitter:data1\" content=\"Nathan Ruetsch\" \/>\n\t<meta name=\"twitter:label2\" content=\"Dur\u00e9e de lecture estim\u00e9e\" \/>\n\t<meta name=\"twitter:data2\" content=\"7 minutes\" \/>\n<script type=\"application\/ld+json\" class=\"yoast-schema-graph\">{\"@context\":\"https:\/\/schema.org\",\"@graph\":[{\"@type\":\"Article\",\"@id\":\"https:\/\/blog.europapark.de\/fr\/innovations-et-medias\/lhistoire-de-traumatica-festival-of-fear-2024\/#article\",\"isPartOf\":{\"@id\":\"https:\/\/blog.europapark.de\/fr\/innovations-et-medias\/lhistoire-de-traumatica-festival-of-fear-2024\/\"},\"author\":{\"name\":\"Nathan Ruetsch\",\"@id\":\"https:\/\/blog.europapark.de\/fr\/#\/schema\/person\/52bcc3e19a8aba1112450bdb69eed069\"},\"headline\":\"L&#8217;histoire de Traumatica &#8211; Festival of Fear 2024\",\"datePublished\":\"2024-09-26T08:12:00+00:00\",\"dateModified\":\"2024-09-26T09:49:18+00:00\",\"mainEntityOfPage\":{\"@id\":\"https:\/\/blog.europapark.de\/fr\/innovations-et-medias\/lhistoire-de-traumatica-festival-of-fear-2024\/\"},\"wordCount\":1034,\"image\":{\"@id\":\"https:\/\/blog.europapark.de\/fr\/innovations-et-medias\/lhistoire-de-traumatica-festival-of-fear-2024\/#primaryimage\"},\"thumbnailUrl\":\"https:\/\/blog.europapark.de\/wp-content\/uploads\/2024\/09\/EP23_Traumatica_Festival_of_Fear_AT42-1.jpg\",\"articleSection\":[\"Innovations et m\u00e9dias\"],\"inLanguage\":\"fr-FR\"},{\"@type\":\"WebPage\",\"@id\":\"https:\/\/blog.europapark.de\/fr\/innovations-et-medias\/lhistoire-de-traumatica-festival-of-fear-2024\/\",\"url\":\"https:\/\/blog.europapark.de\/fr\/innovations-et-medias\/lhistoire-de-traumatica-festival-of-fear-2024\/\",\"name\":\"L'histoire de Traumatica - Festival of Fear 2024 - Le blog officiel d\u2019Europa-Park\",\"isPartOf\":{\"@id\":\"https:\/\/blog.europapark.de\/fr\/#website\"},\"primaryImageOfPage\":{\"@id\":\"https:\/\/blog.europapark.de\/fr\/innovations-et-medias\/lhistoire-de-traumatica-festival-of-fear-2024\/#primaryimage\"},\"image\":{\"@id\":\"https:\/\/blog.europapark.de\/fr\/innovations-et-medias\/lhistoire-de-traumatica-festival-of-fear-2024\/#primaryimage\"},\"thumbnailUrl\":\"https:\/\/blog.europapark.de\/wp-content\/uploads\/2024\/09\/EP23_Traumatica_Festival_of_Fear_AT42-1.jpg\",\"datePublished\":\"2024-09-26T08:12:00+00:00\",\"dateModified\":\"2024-09-26T09:49:18+00:00\",\"author\":{\"@id\":\"https:\/\/blog.europapark.de\/fr\/#\/schema\/person\/52bcc3e19a8aba1112450bdb69eed069\"},\"description\":\"L\u2019univers cauchemardesque de Traumatica se trouve \u00e0 la crois\u00e9e des fronti\u00e8res entre le r\u00e9el et l\u2019imaginaire.\",\"breadcrumb\":{\"@id\":\"https:\/\/blog.europapark.de\/fr\/innovations-et-medias\/lhistoire-de-traumatica-festival-of-fear-2024\/#breadcrumb\"},\"inLanguage\":\"fr-FR\",\"potentialAction\":[{\"@type\":\"ReadAction\",\"target\":[\"https:\/\/blog.europapark.de\/fr\/innovations-et-medias\/lhistoire-de-traumatica-festival-of-fear-2024\/\"]}]},{\"@type\":\"ImageObject\",\"inLanguage\":\"fr-FR\",\"@id\":\"https:\/\/blog.europapark.de\/fr\/innovations-et-medias\/lhistoire-de-traumatica-festival-of-fear-2024\/#primaryimage\",\"url\":\"https:\/\/blog.europapark.de\/wp-content\/uploads\/2024\/09\/EP23_Traumatica_Festival_of_Fear_AT42-1.jpg\",\"contentUrl\":\"https:\/\/blog.europapark.de\/wp-content\/uploads\/2024\/09\/EP23_Traumatica_Festival_of_Fear_AT42-1.jpg\",\"width\":2560,\"height\":1707},{\"@type\":\"BreadcrumbList\",\"@id\":\"https:\/\/blog.europapark.de\/fr\/innovations-et-medias\/lhistoire-de-traumatica-festival-of-fear-2024\/#breadcrumb\",\"itemListElement\":[{\"@type\":\"ListItem\",\"position\":1,\"name\":\"Accueil\",\"item\":\"https:\/\/blog.europapark.de\/fr\/\"},{\"@type\":\"ListItem\",\"position\":2,\"name\":\"L&#8217;histoire de Traumatica &#8211; Festival of Fear 2024\"}]},{\"@type\":\"WebSite\",\"@id\":\"https:\/\/blog.europapark.de\/fr\/#website\",\"url\":\"https:\/\/blog.europapark.de\/fr\/\",\"name\":\"Le blog officiel d\u2019Europa-Park\",\"description\":\"\",\"potentialAction\":[{\"@type\":\"SearchAction\",\"target\":{\"@type\":\"EntryPoint\",\"urlTemplate\":\"https:\/\/blog.europapark.de\/fr\/?s={search_term_string}\"},\"query-input\":{\"@type\":\"PropertyValueSpecification\",\"valueRequired\":true,\"valueName\":\"search_term_string\"}}],\"inLanguage\":\"fr-FR\"},{\"@type\":\"Person\",\"@id\":\"https:\/\/blog.europapark.de\/fr\/#\/schema\/person\/52bcc3e19a8aba1112450bdb69eed069\",\"name\":\"Nathan Ruetsch\",\"image\":{\"@type\":\"ImageObject\",\"inLanguage\":\"fr-FR\",\"@id\":\"https:\/\/blog.europapark.de\/fr\/#\/schema\/person\/image\/\",\"url\":\"https:\/\/blog.europapark.de\/wp-content\/uploads\/2023\/04\/1628515728168-150x150.jpg\",\"contentUrl\":\"https:\/\/blog.europapark.de\/wp-content\/uploads\/2023\/04\/1628515728168-150x150.jpg\",\"caption\":\"Nathan Ruetsch\"},\"url\":\"https:\/\/blog.europapark.de\/fr\/author\/nathan-ruetsch\/\"}]}<\/script>\n<!-- \/ Yoast SEO plugin. -->","yoast_head_json":{"title":"L'histoire de Traumatica - Festival of Fear 2024 - Le blog officiel d\u2019Europa-Park","description":"L\u2019univers cauchemardesque de Traumatica se trouve \u00e0 la crois\u00e9e des fronti\u00e8res entre le r\u00e9el et l\u2019imaginaire.","robots":{"index":"index","follow":"follow","max-snippet":"max-snippet:-1","max-image-preview":"max-image-preview:large","max-video-preview":"max-video-preview:-1"},"canonical":"https:\/\/blog.europapark.de\/fr\/innovations-et-medias\/lhistoire-de-traumatica-festival-of-fear-2024\/","og_locale":"fr_FR","og_type":"article","og_title":"L'histoire de Traumatica - Festival of Fear 2024 - Le blog officiel d\u2019Europa-Park","og_description":"L\u2019univers cauchemardesque de Traumatica se trouve \u00e0 la crois\u00e9e des fronti\u00e8res entre le r\u00e9el et l\u2019imaginaire.","og_url":"https:\/\/blog.europapark.de\/fr\/innovations-et-medias\/lhistoire-de-traumatica-festival-of-fear-2024\/","og_site_name":"Le blog officiel d\u2019Europa-Park","article_published_time":"2024-09-26T08:12:00+00:00","article_modified_time":"2024-09-26T09:49:18+00:00","og_image":[{"width":2560,"height":1707,"url":"https:\/\/blog.europapark.de\/wp-content\/uploads\/2024\/09\/EP23_Traumatica_Festival_of_Fear_AT42-1.jpg","type":"image\/jpeg"}],"author":"Nathan Ruetsch","twitter_card":"summary_large_image","twitter_misc":{"\u00c9crit par":"Nathan Ruetsch","Dur\u00e9e de lecture estim\u00e9e":"7 minutes"},"schema":{"@context":"https:\/\/schema.org","@graph":[{"@type":"Article","@id":"https:\/\/blog.europapark.de\/fr\/innovations-et-medias\/lhistoire-de-traumatica-festival-of-fear-2024\/#article","isPartOf":{"@id":"https:\/\/blog.europapark.de\/fr\/innovations-et-medias\/lhistoire-de-traumatica-festival-of-fear-2024\/"},"author":{"name":"Nathan Ruetsch","@id":"https:\/\/blog.europapark.de\/fr\/#\/schema\/person\/52bcc3e19a8aba1112450bdb69eed069"},"headline":"L&#8217;histoire de Traumatica &#8211; Festival of Fear 2024","datePublished":"2024-09-26T08:12:00+00:00","dateModified":"2024-09-26T09:49:18+00:00","mainEntityOfPage":{"@id":"https:\/\/blog.europapark.de\/fr\/innovations-et-medias\/lhistoire-de-traumatica-festival-of-fear-2024\/"},"wordCount":1034,"image":{"@id":"https:\/\/blog.europapark.de\/fr\/innovations-et-medias\/lhistoire-de-traumatica-festival-of-fear-2024\/#primaryimage"},"thumbnailUrl":"https:\/\/blog.europapark.de\/wp-content\/uploads\/2024\/09\/EP23_Traumatica_Festival_of_Fear_AT42-1.jpg","articleSection":["Innovations et m\u00e9dias"],"inLanguage":"fr-FR"},{"@type":"WebPage","@id":"https:\/\/blog.europapark.de\/fr\/innovations-et-medias\/lhistoire-de-traumatica-festival-of-fear-2024\/","url":"https:\/\/blog.europapark.de\/fr\/innovations-et-medias\/lhistoire-de-traumatica-festival-of-fear-2024\/","name":"L'histoire de Traumatica - Festival of Fear 2024 - Le blog officiel d\u2019Europa-Park","isPartOf":{"@id":"https:\/\/blog.europapark.de\/fr\/#website"},"primaryImageOfPage":{"@id":"https:\/\/blog.europapark.de\/fr\/innovations-et-medias\/lhistoire-de-traumatica-festival-of-fear-2024\/#primaryimage"},"image":{"@id":"https:\/\/blog.europapark.de\/fr\/innovations-et-medias\/lhistoire-de-traumatica-festival-of-fear-2024\/#primaryimage"},"thumbnailUrl":"https:\/\/blog.europapark.de\/wp-content\/uploads\/2024\/09\/EP23_Traumatica_Festival_of_Fear_AT42-1.jpg","datePublished":"2024-09-26T08:12:00+00:00","dateModified":"2024-09-26T09:49:18+00:00","author":{"@id":"https:\/\/blog.europapark.de\/fr\/#\/schema\/person\/52bcc3e19a8aba1112450bdb69eed069"},"description":"L\u2019univers cauchemardesque de Traumatica se trouve \u00e0 la crois\u00e9e des fronti\u00e8res entre le r\u00e9el et l\u2019imaginaire.","breadcrumb":{"@id":"https:\/\/blog.europapark.de\/fr\/innovations-et-medias\/lhistoire-de-traumatica-festival-of-fear-2024\/#breadcrumb"},"inLanguage":"fr-FR","potentialAction":[{"@type":"ReadAction","target":["https:\/\/blog.europapark.de\/fr\/innovations-et-medias\/lhistoire-de-traumatica-festival-of-fear-2024\/"]}]},{"@type":"ImageObject","inLanguage":"fr-FR","@id":"https:\/\/blog.europapark.de\/fr\/innovations-et-medias\/lhistoire-de-traumatica-festival-of-fear-2024\/#primaryimage","url":"https:\/\/blog.europapark.de\/wp-content\/uploads\/2024\/09\/EP23_Traumatica_Festival_of_Fear_AT42-1.jpg","contentUrl":"https:\/\/blog.europapark.de\/wp-content\/uploads\/2024\/09\/EP23_Traumatica_Festival_of_Fear_AT42-1.jpg","width":2560,"height":1707},{"@type":"BreadcrumbList","@id":"https:\/\/blog.europapark.de\/fr\/innovations-et-medias\/lhistoire-de-traumatica-festival-of-fear-2024\/#breadcrumb","itemListElement":[{"@type":"ListItem","position":1,"name":"Accueil","item":"https:\/\/blog.europapark.de\/fr\/"},{"@type":"ListItem","position":2,"name":"L&#8217;histoire de Traumatica &#8211; Festival of Fear 2024"}]},{"@type":"WebSite","@id":"https:\/\/blog.europapark.de\/fr\/#website","url":"https:\/\/blog.europapark.de\/fr\/","name":"Le blog officiel d\u2019Europa-Park","description":"","potentialAction":[{"@type":"SearchAction","target":{"@type":"EntryPoint","urlTemplate":"https:\/\/blog.europapark.de\/fr\/?s={search_term_string}"},"query-input":{"@type":"PropertyValueSpecification","valueRequired":true,"valueName":"search_term_string"}}],"inLanguage":"fr-FR"},{"@type":"Person","@id":"https:\/\/blog.europapark.de\/fr\/#\/schema\/person\/52bcc3e19a8aba1112450bdb69eed069","name":"Nathan Ruetsch","image":{"@type":"ImageObject","inLanguage":"fr-FR","@id":"https:\/\/blog.europapark.de\/fr\/#\/schema\/person\/image\/","url":"https:\/\/blog.europapark.de\/wp-content\/uploads\/2023\/04\/1628515728168-150x150.jpg","contentUrl":"https:\/\/blog.europapark.de\/wp-content\/uploads\/2023\/04\/1628515728168-150x150.jpg","caption":"Nathan Ruetsch"},"url":"https:\/\/blog.europapark.de\/fr\/author\/nathan-ruetsch\/"}]}},"_links":{"self":[{"href":"https:\/\/blog.europapark.de\/fr\/wp-json\/wp\/v2\/posts\/13392","targetHints":{"allow":["GET"]}}],"collection":[{"href":"https:\/\/blog.europapark.de\/fr\/wp-json\/wp\/v2\/posts"}],"about":[{"href":"https:\/\/blog.europapark.de\/fr\/wp-json\/wp\/v2\/types\/post"}],"author":[{"embeddable":true,"href":"https:\/\/blog.europapark.de\/fr\/wp-json\/wp\/v2\/users\/33"}],"replies":[{"embeddable":true,"href":"https:\/\/blog.europapark.de\/fr\/wp-json\/wp\/v2\/comments?post=13392"}],"version-history":[{"count":5,"href":"https:\/\/blog.europapark.de\/fr\/wp-json\/wp\/v2\/posts\/13392\/revisions"}],"predecessor-version":[{"id":13411,"href":"https:\/\/blog.europapark.de\/fr\/wp-json\/wp\/v2\/posts\/13392\/revisions\/13411"}],"wp:featuredmedia":[{"embeddable":true,"href":"https:\/\/blog.europapark.de\/fr\/wp-json\/wp\/v2\/media\/13405"}],"wp:attachment":[{"href":"https:\/\/blog.europapark.de\/fr\/wp-json\/wp\/v2\/media?parent=13392"}],"wp:term":[{"taxonomy":"category","embeddable":true,"href":"https:\/\/blog.europapark.de\/fr\/wp-json\/wp\/v2\/categories?post=13392"},{"taxonomy":"post_tag","embeddable":true,"href":"https:\/\/blog.europapark.de\/fr\/wp-json\/wp\/v2\/tags?post=13392"}],"curies":[{"name":"wp","href":"https:\/\/api.w.org\/{rel}","templated":true}]}}