{"id":12264,"date":"2025-11-06T14:06:05","date_gmt":"2025-11-06T13:06:05","guid":{"rendered":"https:\/\/blog.europapark.de\/?p=12264"},"modified":"2025-11-06T14:05:41","modified_gmt":"2025-11-06T13:05:41","slug":"accessibilite-linclusion-sur-les-grands-huit","status":"publish","type":"post","link":"https:\/\/blog.europapark.de\/fr\/europa-park-fr\/accessibilite-linclusion-sur-les-grands-huit\/","title":{"rendered":"Accessibilit\u00e9 : l&#8217;inclusion sur les grands huit"},"content":{"rendered":"<p><strong>L\u2019accessibilit\u00e9 pour les personnes \u00e0 mobilit\u00e9 r\u00e9duite est une priorit\u00e9 pour Europa-Park. Le parc s\u2019engage \u00e0 offrir \u00e0 tous ses visiteurs un s\u00e9jour m\u00e9morable. Gr\u00e2ce \u00e0 de nombreuses installations et am\u00e9nagements, le plus grand parc de loisirs d\u2019Allemagne permet \u00e0 chacun, y compris aux personnes ayant des difficult\u00e9s de sant\u00e9 ou de mobilit\u00e9, de profiter pleinement d\u2019une journ\u00e9e riche en sensations et en divertissement.<\/strong><\/p>\n<h3>Toujours plus d&#8217;attractions accessibles<\/h3>\n<p><em>\u00ab Notre parc a toujours \u00e9t\u00e9 accessible \u00e0 tous, en ce qui concerne une grande partie des all\u00e9es \u00bb<\/em>, explique Thorsten Marohn, directeur des op\u00e9rations du parc et responsable de l&#8217;accessibilit\u00e9. <em>\u00ab Depuis quelques ann\u00e9es, nous travaillons \u00e9galement beaucoup sur l&#8217;accessibilit\u00e9 des attractions \u00bb<\/em>. Par exemple, ces derni\u00e8res temps, de nombreuses attractions ont d\u00e9j\u00e0 fait l&#8217;objet d&#8217;am\u00e9nagements ou d&#8217;adaptations afin de garantir leur accessibilit\u00e9 en fauteuil roulant. Les possibilit\u00e9s d&#8217;acc\u00e8s aux attractions pour les personnes amput\u00e9es ou portant des proth\u00e8ses ont \u00e9galement \u00e9t\u00e9 \u00e9largies.<\/p>\n<figure id=\"attachment_12243\" aria-labelledby=\"figcaption_attachment_12243\" class=\"wp-caption aligncenter\"><img loading=\"lazy\" decoding=\"async\" class=\"wp-image-12243 size-large\" src=\"https:\/\/blog.europapark.de\/wp-content\/uploads\/2024\/03\/EP23_Gaeste_mit_Behinderung_Island_Whale_Adventures_Sommer_2-1024x683.jpg\" alt=\"Beaucoup d'attractions sont accessibles aux personnes \u00e0 mobilit\u00e9 r\u00e9duite.\" width=\"1024\" height=\"683\" srcset=\"https:\/\/blog.europapark.de\/wp-content\/uploads\/2024\/03\/EP23_Gaeste_mit_Behinderung_Island_Whale_Adventures_Sommer_2-1024x683.jpg 1024w, https:\/\/blog.europapark.de\/wp-content\/uploads\/2024\/03\/EP23_Gaeste_mit_Behinderung_Island_Whale_Adventures_Sommer_2-400x267.jpg 400w, https:\/\/blog.europapark.de\/wp-content\/uploads\/2024\/03\/EP23_Gaeste_mit_Behinderung_Island_Whale_Adventures_Sommer_2-768x512.jpg 768w, https:\/\/blog.europapark.de\/wp-content\/uploads\/2024\/03\/EP23_Gaeste_mit_Behinderung_Island_Whale_Adventures_Sommer_2-1536x1025.jpg 1536w, https:\/\/blog.europapark.de\/wp-content\/uploads\/2024\/03\/EP23_Gaeste_mit_Behinderung_Island_Whale_Adventures_Sommer_2-2048x1366.jpg 2048w, https:\/\/blog.europapark.de\/wp-content\/uploads\/2024\/03\/EP23_Gaeste_mit_Behinderung_Island_Whale_Adventures_Sommer_2-1700x1134.jpg 1700w\" sizes=\"auto, (max-width: 1024px) 100vw, 1024px\" \/><figcaption id=\"figcaption_attachment_12243\" class=\"wp-caption-text\">Beaucoup d&#8217;attractions sont accessibles aux personnes \u00e0 mobilit\u00e9 r\u00e9duite.<\/figcaption><\/figure>\n<p>Les visiteurs souffrant d&#8217;une parapl\u00e9gie basse, avec une perte partielle ou totale de la mobilit\u00e9 des jambes, peuvent embarquer \u00e0 bord du grand huit <a href=\"https:\/\/www.europapark.de\/fr\/parc-de-loisirs\/attractions\/silver-star\" target=\"_blank\" rel=\"noopener\">Silver Star,<\/a>\u00a0l&#8217;un des plus hauts grands huit en acier d&#8217;Europe, avec une hauteur de 73 m\u00e8tres. <a href=\"https:\/\/www.europapark.de\/fr\/parc-de-loisirs\/attractions\/eurosat-cancan-coaster\" target=\"_blank\" rel=\"noopener\">Eurosat &#8211; CanCan Coaster<\/a> est \u00e9galement accessible pour les visiteurs avec une proth\u00e8se de jambe. Lors de l&#8217;embarquement, les attractions sont sp\u00e9cialement mises \u00e0 l&#8217;arr\u00eat aussi longtemps que n\u00e9cessaire afin de permettre l&#8217;embarquement et le d\u00e9barquement en toute s\u00e9curit\u00e9. Par ailleurs, la <a href=\"https:\/\/www.europapark.de\/fr\/parc-de-loisirs\/attractions\/gare-train-panoramique-allemagne\" target=\"_blank\" rel=\"noopener\">Gare train panoramique<\/a> dispose depuis quelques mois maintenant d\u2019un wagon sp\u00e9cialement am\u00e9nag\u00e9 pour les personnes en fauteuil roulant.<\/p>\n<h3>\u00ab Nous faisons en sorte de rendre accessibles autant d&#8217;attractions que possible \u00bb<\/h3>\n<p>Des <a href=\"https:\/\/www.europapark.de\/fr\/parc-de-loisirs\/billets-et-offres\/visiteurs-en-situation-de-handicap\" target=\"_blank\" rel=\"noopener\">restrictions<\/a> peuvent toutefois continuer \u00e0 s&#8217;appliquer en raison des sp\u00e9cifications d\u00e9taill\u00e9es des attractions. Par exemple, les personnes qui ne peuvent pas \u00eatre retenues en toute s\u00e9curit\u00e9 par les si\u00e8ges de l&#8217;attraction en raison de leur morphologie ou d&#8217;un handicap, d&#8217;une proth\u00e8se ou d&#8217;une amputation, ne peuvent malheureusement pas embarquer. <em>\u00ab Les conditions d&#8217;acc\u00e8s par attraction peuvent \u00eatre consult\u00e9es sur le plan du parc, qui est notamment disponible aux points d&#8217;information des visiteurs \u00bb<\/em>, explique Thorsten Marohn. <em>\u00ab Nous nous effor\u00e7ons toutefois de rendre le plus grand nombre possible d&#8217;attractions accessibles aux personnes \u00e0 mobilit\u00e9 r\u00e9duite \u00bb<\/em>. En \u00e9troite concertation avec les fabricants, les organismes de contr\u00f4le, comme le T\u00dcV S\u00fcd, les centres m\u00e9dicaux sp\u00e9cialis\u00e9s et \u00e9galement les personnes \u00e0 mobilit\u00e9 r\u00e9duite, des solutions sont recherch\u00e9es afin de cr\u00e9er encore plus de possibilit\u00e9s d&#8217;acc\u00e8s tout en garantissant la s\u00e9curit\u00e9 de tous nos visiteurs. Il est \u00e9galement important de noter que des boucles \u00e0 induction magn\u00e9tique pour les personnes malentendantes sont \u00e9galement disponibles au <a href=\"https:\/\/www.europapark.de\/fr\/confertainment\/salles\/salle-evenementielle-globe-theatre\" target=\"_blank\" rel=\"noopener\">Globe Theatre<\/a>, pour donner la possibilit\u00e9 \u00e0 tous de profiter des \u00e9v\u00e9nements sur place.<\/p>\n<h3>Transports accessibles en fauteuil roulant dans tout le parc<\/h3>\n<p>La strat\u00e9gie visant \u00e0 permettre aux personnes \u00e0 mobilit\u00e9 r\u00e9duite de visiter le parc en toute s\u00e9r\u00e9nit\u00e9 se traduit par de nombreux autres exemples. Tous les restaurants sont accessibles aux PMR, chaque spectacle dispose de places sp\u00e9cialement d\u00e9sign\u00e9es pour les visiteurs en fauteuil roulant. Dans certains spectacles, les chiens d&#8217;aveugle et d&#8217;assistance sont autoris\u00e9s. Un service de location de fauteuils roulants se trouve \u00e0 l&#8217;entr\u00e9e principale. \u00c0 l&#8217;int\u00e9rieur du site, les personnes en fauteuil roulant peuvent se rendre facilement et rapidement d&#8217;une zone th\u00e9matique \u00e0 l&#8217;autre gr\u00e2ce \u00e0 l&#8217;<a href=\"https:\/\/www.europapark.de\/fr\/parc-de-loisirs\/attractions\/gare-ep-express-alexanderplatz\" target=\"_blank\" rel=\"noopener\">EP-Express<\/a> : chaque train dispose de son propre compartiment pour les fauteuils roulants, et toutes les stations sont accessibles en fauteuil roulant par un ascenseur ou une rampe.<\/p>\n<p><img loading=\"lazy\" decoding=\"async\" class=\"alignnone size-medium wp-image-12245\" src=\"https:\/\/blog.europapark.de\/wp-content\/uploads\/2024\/03\/EP23_Gaeste_mit_Behinderung_Deutschland_Pflegeraum_Sommer_10-400x267.jpg\" alt=\"\" width=\"400\" height=\"267\" srcset=\"https:\/\/blog.europapark.de\/wp-content\/uploads\/2024\/03\/EP23_Gaeste_mit_Behinderung_Deutschland_Pflegeraum_Sommer_10-400x267.jpg 400w, https:\/\/blog.europapark.de\/wp-content\/uploads\/2024\/03\/EP23_Gaeste_mit_Behinderung_Deutschland_Pflegeraum_Sommer_10-1024x683.jpg 1024w, https:\/\/blog.europapark.de\/wp-content\/uploads\/2024\/03\/EP23_Gaeste_mit_Behinderung_Deutschland_Pflegeraum_Sommer_10-768x512.jpg 768w, https:\/\/blog.europapark.de\/wp-content\/uploads\/2024\/03\/EP23_Gaeste_mit_Behinderung_Deutschland_Pflegeraum_Sommer_10-1536x1025.jpg 1536w, https:\/\/blog.europapark.de\/wp-content\/uploads\/2024\/03\/EP23_Gaeste_mit_Behinderung_Deutschland_Pflegeraum_Sommer_10-2048x1366.jpg 2048w, https:\/\/blog.europapark.de\/wp-content\/uploads\/2024\/03\/EP23_Gaeste_mit_Behinderung_Deutschland_Pflegeraum_Sommer_10-1700x1134.jpg 1700w\" sizes=\"auto, (max-width: 400px) 100vw, 400px\" \/>\u00a0 \u00a0 \u00a0 \u00a0 \u00a0<img loading=\"lazy\" decoding=\"async\" class=\"alignnone size-medium wp-image-12249\" src=\"https:\/\/blog.europapark.de\/wp-content\/uploads\/2024\/03\/EP23_Gaeste_mit_Behinderung_Deutschland_Pflegeraum_Sommer_3-400x267.jpg\" alt=\"\" width=\"400\" height=\"267\" srcset=\"https:\/\/blog.europapark.de\/wp-content\/uploads\/2024\/03\/EP23_Gaeste_mit_Behinderung_Deutschland_Pflegeraum_Sommer_3-400x267.jpg 400w, https:\/\/blog.europapark.de\/wp-content\/uploads\/2024\/03\/EP23_Gaeste_mit_Behinderung_Deutschland_Pflegeraum_Sommer_3-1024x683.jpg 1024w, https:\/\/blog.europapark.de\/wp-content\/uploads\/2024\/03\/EP23_Gaeste_mit_Behinderung_Deutschland_Pflegeraum_Sommer_3-768x512.jpg 768w, https:\/\/blog.europapark.de\/wp-content\/uploads\/2024\/03\/EP23_Gaeste_mit_Behinderung_Deutschland_Pflegeraum_Sommer_3-1536x1025.jpg 1536w, https:\/\/blog.europapark.de\/wp-content\/uploads\/2024\/03\/EP23_Gaeste_mit_Behinderung_Deutschland_Pflegeraum_Sommer_3-2048x1366.jpg 2048w, https:\/\/blog.europapark.de\/wp-content\/uploads\/2024\/03\/EP23_Gaeste_mit_Behinderung_Deutschland_Pflegeraum_Sommer_3-1700x1134.jpg 1700w\" sizes=\"auto, (max-width: 400px) 100vw, 400px\" \/><\/p>\n<p>Une vingtaine de toilettes accessibles en fauteuil roulant sont accessibles \u00e0 Europa-Park. R\u00e9cemment, une salle de soins sp\u00e9ciale pour les PMR a \u00e9t\u00e9 ouverte. Cette pi\u00e8ce de dix m\u00e8tres carr\u00e9s est \u00e9quip\u00e9e d&#8217;un lit r\u00e9glable en hauteur et d&#8217;un l\u00e8ve personne. Les personnes souffrant de handicaps graves ou multiples peuvent ainsi changer leur mat\u00e9riel m\u00e9dical avec l&#8217;aide d&#8217;un accompagnateur. Le projet a \u00e9t\u00e9 mis en \u0153uvre et soutenu en collaboration avec le minist\u00e8re des affaires sociales, de la sant\u00e9 et de l&#8217;int\u00e9gration du Bade-Wurtemberg. Le propri\u00e9taire d&#8217;Europa-Park, J\u00fcrgen Mack, a indiqu\u00e9 que<em> \u00ab Notre devise S&#8217;\u00e9vader. S&#8217;\u00e9clater. Ensemble. \u00bb<\/em> s&#8217;applique de la m\u00eame mani\u00e8re pour les personnes PMR et valide. L&#8217;accessibilit\u00e9 pour tous est un sujet important pour Europa-Park.<\/p>\n<h3><strong>Une premi\u00e8re mondiale : Du fauteuil roulant au grand huit<\/strong><\/h3>\n<p>\u00c0 partir de cette saison, il est d\u00e9sormais possible d\u2019\u00eatre transf\u00e9r\u00e9 directement du fauteuil roulant dans un grand huit gr\u00e2ce \u00e0 un \u00e9l\u00e9vateur au plafond. \u00c0 l\u2019aide d\u2019un harnais de levage, la personne est install\u00e9e directement depuis son fauteuil dans le si\u00e8ge du <a href=\"https:\/\/www.europapark.de\/fr\/parc-de-loisirs\/attractions\/blue-fire-megacoaster\" target=\"_blank\" rel=\"noopener\">blue fire Megacoaster<\/a>.<\/p>\n<p>L\u2019attraction dispose d\u2019une entr\u00e9e et sortie s\u00e9par\u00e9e pour les personnes en fauteuil roulant, \u00e9galement utilis\u00e9e pour le Baby Switch. Apr\u00e8s avoir sonn\u00e9, une lumi\u00e8re s\u2019allume et le personnel vous accueille. Si un transfert autonome n\u2019est pas possible, le personnel pr\u00e9pare le l\u00e8ve-personne au plafond. Le harnais de levage est plac\u00e9 sous la personne, puis accroch\u00e9 au syst\u00e8me. La personne est ensuite d\u00e9plac\u00e9e jusqu\u2019au train et install\u00e9e directement dans le si\u00e8ge. Apr\u00e8s le tour de grand huit, le harnais est d\u00e9tach\u00e9 et la personne est replac\u00e9e dans son fauteuil roulant. Cette proc\u00e9dure garantit s\u00e9curit\u00e9, confort et acc\u00e8s au grand huit pour tous. Les photos r\u00e9alis\u00e9es par Michael T\u00f6ller illustrent parfaitement le fonctionnement :<\/p>\n<p><img loading=\"lazy\" decoding=\"async\" class=\" wp-image-15176 alignleft\" src=\"https:\/\/blog.europapark.de\/wp-content\/uploads\/2024\/03\/Bluefire-Lift-HD-00025-2-400x225.jpg\" alt=\"\" width=\"493\" height=\"278\" srcset=\"https:\/\/blog.europapark.de\/wp-content\/uploads\/2024\/03\/Bluefire-Lift-HD-00025-2-400x225.jpg 400w, https:\/\/blog.europapark.de\/wp-content\/uploads\/2024\/03\/Bluefire-Lift-HD-00025-2-1024x576.jpg 1024w, https:\/\/blog.europapark.de\/wp-content\/uploads\/2024\/03\/Bluefire-Lift-HD-00025-2-768x432.jpg 768w, https:\/\/blog.europapark.de\/wp-content\/uploads\/2024\/03\/Bluefire-Lift-HD-00025-2.jpg 1200w\" sizes=\"auto, (max-width: 493px) 100vw, 493px\" \/><\/p>\n<p><img loading=\"lazy\" decoding=\"async\" class=\" wp-image-15158 alignleft\" src=\"https:\/\/blog.europapark.de\/wp-content\/uploads\/2024\/03\/Bluefire-Lift-HD-00047-2-400x225.jpg\" alt=\"\" width=\"489\" height=\"275\" data-wp-editing=\"1\" srcset=\"https:\/\/blog.europapark.de\/wp-content\/uploads\/2024\/03\/Bluefire-Lift-HD-00047-2-400x225.jpg 400w, https:\/\/blog.europapark.de\/wp-content\/uploads\/2024\/03\/Bluefire-Lift-HD-00047-2-1024x576.jpg 1024w, https:\/\/blog.europapark.de\/wp-content\/uploads\/2024\/03\/Bluefire-Lift-HD-00047-2-768x432.jpg 768w, https:\/\/blog.europapark.de\/wp-content\/uploads\/2024\/03\/Bluefire-Lift-HD-00047-2.jpg 1200w\" sizes=\"auto, (max-width: 489px) 100vw, 489px\" \/><\/p>\n","protected":false},"excerpt":{"rendered":"<p>L\u2019accessibilit\u00e9 pour les personnes \u00e0 mobilit\u00e9 r\u00e9duite est une priorit\u00e9 pour Europa-Park. Le parc s\u2019engage \u00e0 offrir \u00e0 tous ses&#8230;<\/p>\n","protected":false},"author":33,"featured_media":12258,"comment_status":"closed","ping_status":"closed","sticky":false,"template":"","format":"standard","meta":{"_acf_changed":false,"footnotes":""},"categories":[207],"tags":[1168,220,266,773,1169,755],"class_list":["post-12264","post","type-post","status-publish","format-standard","has-post-thumbnail","hentry","category-europa-park-fr","tag-accessibilite","tag-europa-park-fr","tag-europa-park-fr-2","tag-eurosat-fr","tag-pmr","tag-silver-star"],"acf":[],"yoast_head":"<!-- This site is optimized with the Yoast SEO plugin v26.9 - https:\/\/yoast.com\/product\/yoast-seo-wordpress\/ -->\n<title>Accessibilit\u00e9 : l&#039;inclusion sur les grands huit - Le blog officiel d\u2019Europa-Park<\/title>\n<meta name=\"robots\" content=\"index, follow, max-snippet:-1, max-image-preview:large, max-video-preview:-1\" \/>\n<link rel=\"canonical\" href=\"https:\/\/blog.europapark.de\/fr\/europa-park-fr\/accessibilite-linclusion-sur-les-grands-huit\/\" \/>\n<meta property=\"og:locale\" content=\"fr_FR\" \/>\n<meta property=\"og:type\" content=\"article\" \/>\n<meta property=\"og:title\" content=\"Accessibilit\u00e9 : l&#039;inclusion sur les grands huit - Le blog officiel d\u2019Europa-Park\" \/>\n<meta property=\"og:description\" content=\"L\u2019accessibilit\u00e9 pour les personnes \u00e0 mobilit\u00e9 r\u00e9duite est une priorit\u00e9 pour Europa-Park. Le parc s\u2019engage \u00e0 offrir \u00e0 tous ses...\" \/>\n<meta property=\"og:url\" content=\"https:\/\/blog.europapark.de\/fr\/europa-park-fr\/accessibilite-linclusion-sur-les-grands-huit\/\" \/>\n<meta property=\"og:site_name\" content=\"Le blog officiel d\u2019Europa-Park\" \/>\n<meta property=\"article:published_time\" content=\"2025-11-06T13:06:05+00:00\" \/>\n<meta property=\"og:image\" content=\"https:\/\/blog.europapark.de\/wp-content\/uploads\/2024\/03\/EP23_Gaeste_mit_Behinderung_Italien_Sommer_1-1024x683.jpg\" \/>\n\t<meta property=\"og:image:width\" content=\"1024\" \/>\n\t<meta property=\"og:image:height\" content=\"683\" \/>\n\t<meta property=\"og:image:type\" content=\"image\/jpeg\" \/>\n<meta name=\"author\" content=\"Nathan Ruetsch\" \/>\n<meta name=\"twitter:card\" content=\"summary_large_image\" \/>\n<meta name=\"twitter:label1\" content=\"\u00c9crit par\" \/>\n\t<meta name=\"twitter:data1\" content=\"Nathan Ruetsch\" \/>\n\t<meta name=\"twitter:label2\" content=\"Dur\u00e9e de lecture estim\u00e9e\" \/>\n\t<meta name=\"twitter:data2\" content=\"6 minutes\" \/>\n<script type=\"application\/ld+json\" class=\"yoast-schema-graph\">{\"@context\":\"https:\/\/schema.org\",\"@graph\":[{\"@type\":\"Article\",\"@id\":\"https:\/\/blog.europapark.de\/fr\/europa-park-fr\/accessibilite-linclusion-sur-les-grands-huit\/#article\",\"isPartOf\":{\"@id\":\"https:\/\/blog.europapark.de\/fr\/europa-park-fr\/accessibilite-linclusion-sur-les-grands-huit\/\"},\"author\":{\"name\":\"Nathan Ruetsch\",\"@id\":\"https:\/\/blog.europapark.de\/fr\/#\/schema\/person\/52bcc3e19a8aba1112450bdb69eed069\"},\"headline\":\"Accessibilit\u00e9 : l&#8217;inclusion sur les grands huit\",\"datePublished\":\"2025-11-06T13:06:05+00:00\",\"mainEntityOfPage\":{\"@id\":\"https:\/\/blog.europapark.de\/fr\/europa-park-fr\/accessibilite-linclusion-sur-les-grands-huit\/\"},\"wordCount\":1001,\"image\":{\"@id\":\"https:\/\/blog.europapark.de\/fr\/europa-park-fr\/accessibilite-linclusion-sur-les-grands-huit\/#primaryimage\"},\"thumbnailUrl\":\"https:\/\/blog.europapark.de\/wp-content\/uploads\/2024\/03\/EP23_Gaeste_mit_Behinderung_Italien_Sommer_1.jpg\",\"keywords\":[\"accessibilit\u00e9\",\"Europa-Park\",\"Europa-Park\",\"Eurosat\",\"PMR\",\"Silver Star\"],\"articleSection\":[\"Europa-Park\"],\"inLanguage\":\"fr-FR\"},{\"@type\":\"WebPage\",\"@id\":\"https:\/\/blog.europapark.de\/fr\/europa-park-fr\/accessibilite-linclusion-sur-les-grands-huit\/\",\"url\":\"https:\/\/blog.europapark.de\/fr\/europa-park-fr\/accessibilite-linclusion-sur-les-grands-huit\/\",\"name\":\"Accessibilit\u00e9 : l'inclusion sur les grands huit - Le blog officiel d\u2019Europa-Park\",\"isPartOf\":{\"@id\":\"https:\/\/blog.europapark.de\/fr\/#website\"},\"primaryImageOfPage\":{\"@id\":\"https:\/\/blog.europapark.de\/fr\/europa-park-fr\/accessibilite-linclusion-sur-les-grands-huit\/#primaryimage\"},\"image\":{\"@id\":\"https:\/\/blog.europapark.de\/fr\/europa-park-fr\/accessibilite-linclusion-sur-les-grands-huit\/#primaryimage\"},\"thumbnailUrl\":\"https:\/\/blog.europapark.de\/wp-content\/uploads\/2024\/03\/EP23_Gaeste_mit_Behinderung_Italien_Sommer_1.jpg\",\"datePublished\":\"2025-11-06T13:06:05+00:00\",\"author\":{\"@id\":\"https:\/\/blog.europapark.de\/fr\/#\/schema\/person\/52bcc3e19a8aba1112450bdb69eed069\"},\"breadcrumb\":{\"@id\":\"https:\/\/blog.europapark.de\/fr\/europa-park-fr\/accessibilite-linclusion-sur-les-grands-huit\/#breadcrumb\"},\"inLanguage\":\"fr-FR\",\"potentialAction\":[{\"@type\":\"ReadAction\",\"target\":[\"https:\/\/blog.europapark.de\/fr\/europa-park-fr\/accessibilite-linclusion-sur-les-grands-huit\/\"]}]},{\"@type\":\"ImageObject\",\"inLanguage\":\"fr-FR\",\"@id\":\"https:\/\/blog.europapark.de\/fr\/europa-park-fr\/accessibilite-linclusion-sur-les-grands-huit\/#primaryimage\",\"url\":\"https:\/\/blog.europapark.de\/wp-content\/uploads\/2024\/03\/EP23_Gaeste_mit_Behinderung_Italien_Sommer_1.jpg\",\"contentUrl\":\"https:\/\/blog.europapark.de\/wp-content\/uploads\/2024\/03\/EP23_Gaeste_mit_Behinderung_Italien_Sommer_1.jpg\",\"width\":2560,\"height\":1708},{\"@type\":\"BreadcrumbList\",\"@id\":\"https:\/\/blog.europapark.de\/fr\/europa-park-fr\/accessibilite-linclusion-sur-les-grands-huit\/#breadcrumb\",\"itemListElement\":[{\"@type\":\"ListItem\",\"position\":1,\"name\":\"Accueil\",\"item\":\"https:\/\/blog.europapark.de\/fr\/\"},{\"@type\":\"ListItem\",\"position\":2,\"name\":\"Accessibilit\u00e9 : l&#8217;inclusion sur les grands huit\"}]},{\"@type\":\"WebSite\",\"@id\":\"https:\/\/blog.europapark.de\/fr\/#website\",\"url\":\"https:\/\/blog.europapark.de\/fr\/\",\"name\":\"Le blog officiel d\u2019Europa-Park\",\"description\":\"\",\"potentialAction\":[{\"@type\":\"SearchAction\",\"target\":{\"@type\":\"EntryPoint\",\"urlTemplate\":\"https:\/\/blog.europapark.de\/fr\/?s={search_term_string}\"},\"query-input\":{\"@type\":\"PropertyValueSpecification\",\"valueRequired\":true,\"valueName\":\"search_term_string\"}}],\"inLanguage\":\"fr-FR\"},{\"@type\":\"Person\",\"@id\":\"https:\/\/blog.europapark.de\/fr\/#\/schema\/person\/52bcc3e19a8aba1112450bdb69eed069\",\"name\":\"Nathan Ruetsch\",\"image\":{\"@type\":\"ImageObject\",\"inLanguage\":\"fr-FR\",\"@id\":\"https:\/\/blog.europapark.de\/fr\/#\/schema\/person\/image\/\",\"url\":\"https:\/\/blog.europapark.de\/wp-content\/uploads\/2023\/04\/1628515728168-150x150.jpg\",\"contentUrl\":\"https:\/\/blog.europapark.de\/wp-content\/uploads\/2023\/04\/1628515728168-150x150.jpg\",\"caption\":\"Nathan Ruetsch\"},\"url\":\"https:\/\/blog.europapark.de\/fr\/author\/nathan-ruetsch\/\"}]}<\/script>\n<!-- \/ Yoast SEO plugin. -->","yoast_head_json":{"title":"Accessibilit\u00e9 : l'inclusion sur les grands huit - Le blog officiel d\u2019Europa-Park","robots":{"index":"index","follow":"follow","max-snippet":"max-snippet:-1","max-image-preview":"max-image-preview:large","max-video-preview":"max-video-preview:-1"},"canonical":"https:\/\/blog.europapark.de\/fr\/europa-park-fr\/accessibilite-linclusion-sur-les-grands-huit\/","og_locale":"fr_FR","og_type":"article","og_title":"Accessibilit\u00e9 : l'inclusion sur les grands huit - Le blog officiel d\u2019Europa-Park","og_description":"L\u2019accessibilit\u00e9 pour les personnes \u00e0 mobilit\u00e9 r\u00e9duite est une priorit\u00e9 pour Europa-Park. Le parc s\u2019engage \u00e0 offrir \u00e0 tous ses...","og_url":"https:\/\/blog.europapark.de\/fr\/europa-park-fr\/accessibilite-linclusion-sur-les-grands-huit\/","og_site_name":"Le blog officiel d\u2019Europa-Park","article_published_time":"2025-11-06T13:06:05+00:00","og_image":[{"width":1024,"height":683,"url":"https:\/\/blog.europapark.de\/wp-content\/uploads\/2024\/03\/EP23_Gaeste_mit_Behinderung_Italien_Sommer_1-1024x683.jpg","type":"image\/jpeg"}],"author":"Nathan Ruetsch","twitter_card":"summary_large_image","twitter_misc":{"\u00c9crit par":"Nathan Ruetsch","Dur\u00e9e de lecture estim\u00e9e":"6 minutes"},"schema":{"@context":"https:\/\/schema.org","@graph":[{"@type":"Article","@id":"https:\/\/blog.europapark.de\/fr\/europa-park-fr\/accessibilite-linclusion-sur-les-grands-huit\/#article","isPartOf":{"@id":"https:\/\/blog.europapark.de\/fr\/europa-park-fr\/accessibilite-linclusion-sur-les-grands-huit\/"},"author":{"name":"Nathan Ruetsch","@id":"https:\/\/blog.europapark.de\/fr\/#\/schema\/person\/52bcc3e19a8aba1112450bdb69eed069"},"headline":"Accessibilit\u00e9 : l&#8217;inclusion sur les grands huit","datePublished":"2025-11-06T13:06:05+00:00","mainEntityOfPage":{"@id":"https:\/\/blog.europapark.de\/fr\/europa-park-fr\/accessibilite-linclusion-sur-les-grands-huit\/"},"wordCount":1001,"image":{"@id":"https:\/\/blog.europapark.de\/fr\/europa-park-fr\/accessibilite-linclusion-sur-les-grands-huit\/#primaryimage"},"thumbnailUrl":"https:\/\/blog.europapark.de\/wp-content\/uploads\/2024\/03\/EP23_Gaeste_mit_Behinderung_Italien_Sommer_1.jpg","keywords":["accessibilit\u00e9","Europa-Park","Europa-Park","Eurosat","PMR","Silver Star"],"articleSection":["Europa-Park"],"inLanguage":"fr-FR"},{"@type":"WebPage","@id":"https:\/\/blog.europapark.de\/fr\/europa-park-fr\/accessibilite-linclusion-sur-les-grands-huit\/","url":"https:\/\/blog.europapark.de\/fr\/europa-park-fr\/accessibilite-linclusion-sur-les-grands-huit\/","name":"Accessibilit\u00e9 : l'inclusion sur les grands huit - Le blog officiel d\u2019Europa-Park","isPartOf":{"@id":"https:\/\/blog.europapark.de\/fr\/#website"},"primaryImageOfPage":{"@id":"https:\/\/blog.europapark.de\/fr\/europa-park-fr\/accessibilite-linclusion-sur-les-grands-huit\/#primaryimage"},"image":{"@id":"https:\/\/blog.europapark.de\/fr\/europa-park-fr\/accessibilite-linclusion-sur-les-grands-huit\/#primaryimage"},"thumbnailUrl":"https:\/\/blog.europapark.de\/wp-content\/uploads\/2024\/03\/EP23_Gaeste_mit_Behinderung_Italien_Sommer_1.jpg","datePublished":"2025-11-06T13:06:05+00:00","author":{"@id":"https:\/\/blog.europapark.de\/fr\/#\/schema\/person\/52bcc3e19a8aba1112450bdb69eed069"},"breadcrumb":{"@id":"https:\/\/blog.europapark.de\/fr\/europa-park-fr\/accessibilite-linclusion-sur-les-grands-huit\/#breadcrumb"},"inLanguage":"fr-FR","potentialAction":[{"@type":"ReadAction","target":["https:\/\/blog.europapark.de\/fr\/europa-park-fr\/accessibilite-linclusion-sur-les-grands-huit\/"]}]},{"@type":"ImageObject","inLanguage":"fr-FR","@id":"https:\/\/blog.europapark.de\/fr\/europa-park-fr\/accessibilite-linclusion-sur-les-grands-huit\/#primaryimage","url":"https:\/\/blog.europapark.de\/wp-content\/uploads\/2024\/03\/EP23_Gaeste_mit_Behinderung_Italien_Sommer_1.jpg","contentUrl":"https:\/\/blog.europapark.de\/wp-content\/uploads\/2024\/03\/EP23_Gaeste_mit_Behinderung_Italien_Sommer_1.jpg","width":2560,"height":1708},{"@type":"BreadcrumbList","@id":"https:\/\/blog.europapark.de\/fr\/europa-park-fr\/accessibilite-linclusion-sur-les-grands-huit\/#breadcrumb","itemListElement":[{"@type":"ListItem","position":1,"name":"Accueil","item":"https:\/\/blog.europapark.de\/fr\/"},{"@type":"ListItem","position":2,"name":"Accessibilit\u00e9 : l&#8217;inclusion sur les grands huit"}]},{"@type":"WebSite","@id":"https:\/\/blog.europapark.de\/fr\/#website","url":"https:\/\/blog.europapark.de\/fr\/","name":"Le blog officiel d\u2019Europa-Park","description":"","potentialAction":[{"@type":"SearchAction","target":{"@type":"EntryPoint","urlTemplate":"https:\/\/blog.europapark.de\/fr\/?s={search_term_string}"},"query-input":{"@type":"PropertyValueSpecification","valueRequired":true,"valueName":"search_term_string"}}],"inLanguage":"fr-FR"},{"@type":"Person","@id":"https:\/\/blog.europapark.de\/fr\/#\/schema\/person\/52bcc3e19a8aba1112450bdb69eed069","name":"Nathan Ruetsch","image":{"@type":"ImageObject","inLanguage":"fr-FR","@id":"https:\/\/blog.europapark.de\/fr\/#\/schema\/person\/image\/","url":"https:\/\/blog.europapark.de\/wp-content\/uploads\/2023\/04\/1628515728168-150x150.jpg","contentUrl":"https:\/\/blog.europapark.de\/wp-content\/uploads\/2023\/04\/1628515728168-150x150.jpg","caption":"Nathan Ruetsch"},"url":"https:\/\/blog.europapark.de\/fr\/author\/nathan-ruetsch\/"}]}},"_links":{"self":[{"href":"https:\/\/blog.europapark.de\/fr\/wp-json\/wp\/v2\/posts\/12264","targetHints":{"allow":["GET"]}}],"collection":[{"href":"https:\/\/blog.europapark.de\/fr\/wp-json\/wp\/v2\/posts"}],"about":[{"href":"https:\/\/blog.europapark.de\/fr\/wp-json\/wp\/v2\/types\/post"}],"author":[{"embeddable":true,"href":"https:\/\/blog.europapark.de\/fr\/wp-json\/wp\/v2\/users\/33"}],"replies":[{"embeddable":true,"href":"https:\/\/blog.europapark.de\/fr\/wp-json\/wp\/v2\/comments?post=12264"}],"version-history":[{"count":41,"href":"https:\/\/blog.europapark.de\/fr\/wp-json\/wp\/v2\/posts\/12264\/revisions"}],"predecessor-version":[{"id":15187,"href":"https:\/\/blog.europapark.de\/fr\/wp-json\/wp\/v2\/posts\/12264\/revisions\/15187"}],"wp:featuredmedia":[{"embeddable":true,"href":"https:\/\/blog.europapark.de\/fr\/wp-json\/wp\/v2\/media\/12258"}],"wp:attachment":[{"href":"https:\/\/blog.europapark.de\/fr\/wp-json\/wp\/v2\/media?parent=12264"}],"wp:term":[{"taxonomy":"category","embeddable":true,"href":"https:\/\/blog.europapark.de\/fr\/wp-json\/wp\/v2\/categories?post=12264"},{"taxonomy":"post_tag","embeddable":true,"href":"https:\/\/blog.europapark.de\/fr\/wp-json\/wp\/v2\/tags?post=12264"}],"curies":[{"name":"wp","href":"https:\/\/api.w.org\/{rel}","templated":true}]}}