{"id":11750,"date":"2023-12-21T11:18:52","date_gmt":"2023-12-21T10:18:52","guid":{"rendered":"https:\/\/blog.europapark.de\/?p=11750"},"modified":"2025-07-25T10:14:05","modified_gmt":"2025-07-25T08:14:05","slug":"les-francais-deuropa-park-15-celia-schneider-aux-petits-soins-des-visiteurs-de-rulantica","status":"publish","type":"post","link":"https:\/\/blog.europapark.de\/fr\/portrait\/les-francais-deuropa-park-15-celia-schneider-aux-petits-soins-des-visiteurs-de-rulantica\/","title":{"rendered":"Les Fran\u00e7ais d\u2019Europa-Park #15 : C\u00e9lia Schneider aux petits soins des visiteurs de Rulantica"},"content":{"rendered":"<p><strong>Continuons notre balade \u00e0 Europa-Park Resort avec la s\u00e9rie des \u00ab <a href=\"https:\/\/blog.europapark.de\/fr\/?s=collaborateurs+fran%C3%A7ais+europa-park+rulantica+&amp;post_type=post\" target=\"_blank\" rel=\"noopener\">Fran\u00e7ais d&#8217;Europa-Park<\/a> \u00bb \u00e0 Rulantica et partons \u00e0 la rencontre de C\u00e9lia Schneider, chef d&#8217;\u00e9quipe au service Guest Experience ! Elle nous fait d\u00e9couvrir l&#8217;univers aquatique sous un angle que vous ne soup\u00e7onnez peut-\u00eatre m\u00eame pas !\u00a0<\/strong><\/p>\n<p>C\u00e9lia Schneider, 28 ans, fait partie de l&#8217;aventure Rulantica depuis le d\u00e9but o\u00f9 elle a commenc\u00e9 en tant qu&#8217;op\u00e9ratrice. Passionn\u00e9e par les parcs d&#8217;attractions, elle a voulu tenter l&#8217;exp\u00e9rience de travailler au sein d&#8217;Europa-Park Resort dans cet univers qui l&#8217;animait tant. L&#8217;ouverture d&#8217;un parc aquatique \u00e9tant exceptionnelle et historique, c&#8217;\u00e9tait le moment id\u00e9al de saisir l&#8217;occasion ! Ce qui ne devait \u00eatre qu&#8217;une parenth\u00e8se dans sa carri\u00e8re dans le monde du spectacle est devenu un v\u00e9ritable chapitre de la vie de C\u00e9lia puisqu&#8217;elle apporte sa pierre \u00e0 l&#8217;\u00e9difice depuis 2019 !<\/p>\n<figure id=\"attachment_11782\" aria-labelledby=\"figcaption_attachment_11782\" class=\"wp-caption aligncenter\"><img loading=\"lazy\" decoding=\"async\" class=\"size-large wp-image-11782\" src=\"https:\/\/blog.europapark.de\/wp-content\/uploads\/2023\/12\/DSC00136-1024x684.jpg\" alt=\"C\u00e9lia fait partie des pionniers de l'\u00e9quipe Guest Experience de Rulantica !\" width=\"1024\" height=\"684\" srcset=\"https:\/\/blog.europapark.de\/wp-content\/uploads\/2023\/12\/DSC00136-1024x684.jpg 1024w, https:\/\/blog.europapark.de\/wp-content\/uploads\/2023\/12\/DSC00136-400x267.jpg 400w, https:\/\/blog.europapark.de\/wp-content\/uploads\/2023\/12\/DSC00136-768x513.jpg 768w, https:\/\/blog.europapark.de\/wp-content\/uploads\/2023\/12\/DSC00136-1536x1026.jpg 1536w, https:\/\/blog.europapark.de\/wp-content\/uploads\/2023\/12\/DSC00136-1700x1136.jpg 1700w, https:\/\/blog.europapark.de\/wp-content\/uploads\/2023\/12\/DSC00136.jpg 2048w\" sizes=\"auto, (max-width: 1024px) 100vw, 1024px\" \/><figcaption id=\"figcaption_attachment_11782\" class=\"wp-caption-text\">C\u00e9lia fait partie des pionniers de l&#8217;\u00e9quipe Guest Experience de Rulantica !<\/figcaption><\/figure>\n<p>Apr\u00e8s un an et demi en tant qu&#8217;op\u00e9ratrice, elle eut envie d&#8217;autres horizons tout en restant \u00e0 Rulantica et pensait tout d&#8217;abord \u00e0 devenir ma\u00eetre-nageur, ce qui est l&#8217;\u00e9volution habituelle. Elle en fit part \u00e0 sa manager mais celle-ci avait une tout autre id\u00e9e derri\u00e8re la t\u00eate. Une toute nouvelle \u00e9quipe en charge des exp\u00e9riences VIP et offres confort, des \u00e9v\u00e9nements et des accompagnements de tournage allait voir le jour : Guest Experience. Au vu de ses exp\u00e9riences de tournages et de gestion de projets dans le domaine de la musique, C\u00e9lia est faite pour ce poste et sait mettre \u00e0 profit son c\u00f4t\u00e9 multi-casquettes. Elle est plus qu&#8217;heureuse d&#8217;avoir cette opportunit\u00e9 dans une entreprise dont elle trouve le cadre et l&#8217;ambiance incroyables. Elle est fi\u00e8re de repr\u00e9senter l&#8217;image d&#8217;Europa-Park Resort et de la famille Mack aupr\u00e8s des visiteurs.<\/p>\n<blockquote><p>\u00ab Combiner ma passion pour les parcs d&#8217;attractions et le c\u00f4t\u00e9 premium est juste parfait !\u00a0 Je n&#8217;aurais jamais os\u00e9 l&#8217;imaginer, j&#8217;ai mis du temps \u00e0 r\u00e9aliser ! \u00bb<\/p><\/blockquote>\n<figure id=\"attachment_11806\" aria-labelledby=\"figcaption_attachment_11806\" class=\"wp-caption aligncenter\"><img loading=\"lazy\" decoding=\"async\" class=\"size-large wp-image-11806\" src=\"https:\/\/blog.europapark.de\/wp-content\/uploads\/2023\/12\/EP19_Rulantica_Rangnakor_Hyddas_Odin_1_Magnum_1-1024x683.jpg\" alt=\"Les Hyddas confort \u00e9taient l'une des premi\u00e8res offres confort de Rulantica !\" width=\"1024\" height=\"683\" srcset=\"https:\/\/blog.europapark.de\/wp-content\/uploads\/2023\/12\/EP19_Rulantica_Rangnakor_Hyddas_Odin_1_Magnum_1-1024x683.jpg 1024w, https:\/\/blog.europapark.de\/wp-content\/uploads\/2023\/12\/EP19_Rulantica_Rangnakor_Hyddas_Odin_1_Magnum_1-400x267.jpg 400w, https:\/\/blog.europapark.de\/wp-content\/uploads\/2023\/12\/EP19_Rulantica_Rangnakor_Hyddas_Odin_1_Magnum_1-768x512.jpg 768w, https:\/\/blog.europapark.de\/wp-content\/uploads\/2023\/12\/EP19_Rulantica_Rangnakor_Hyddas_Odin_1_Magnum_1-1536x1025.jpg 1536w, https:\/\/blog.europapark.de\/wp-content\/uploads\/2023\/12\/EP19_Rulantica_Rangnakor_Hyddas_Odin_1_Magnum_1-2048x1366.jpg 2048w, https:\/\/blog.europapark.de\/wp-content\/uploads\/2023\/12\/EP19_Rulantica_Rangnakor_Hyddas_Odin_1_Magnum_1-1700x1134.jpg 1700w\" sizes=\"auto, (max-width: 1024px) 100vw, 1024px\" \/><figcaption id=\"figcaption_attachment_11806\" class=\"wp-caption-text\">Les Hyddas confort \u00e9taient l&#8217;une des premi\u00e8res offres confort de Rulantica !<\/figcaption><\/figure>\n<p>L&#8217;offre Confort s&#8217;est beaucoup d\u00e9velopp\u00e9 ces derni\u00e8res ann\u00e9es, vous pouvez consulter son ensemble sur notre <a href=\"https:\/\/www.europapark.de\/fr\/rulantica\/billets-et-offres\/offres-confort-pour-des-moments-dexception\" target=\"_blank\" rel=\"noopener\">site<\/a>. Au quotidien, C\u00e9lia Schneider est, aux c\u00f4t\u00e9s d&#8217;une autre manager, chef d&#8217;\u00e9quipe d&#8217;une des 3 \u00e9quipes en rotation. Elles g\u00e8rent les plannings, la priorisation des t\u00e2ches ou encore la gestion des stocks. Le service Guest Experience est en contact permanent avec les autres \u00e9quipes de l&#8217;univers aquatique comme la direction op\u00e9rationnelle ou encore du Front Office. L&#8217;\u00e9quipe accompagne les visiteurs ayant r\u00e9serv\u00e9 une offre confort et leur donne des explications pour qu&#8217;ils profitent un maximum de leur exp\u00e9rience.\u00a0 Certains br\u00fblent d&#8217;impatience de d\u00e9valer les toboggans tandis que d&#8217;autres adorent prendre le temps de discuter. \u00ab Adaptation \u00bb et \u00ab communication \u00bb sont les ma\u00eetres-mots de C\u00e9lia qui est toujours \u00e0 l&#8217;\u00e9coute des visiteurs. Par exemple, une carte de sp\u00e9cialit\u00e9s culinaires suppl\u00e9mentaire sp\u00e9cifique aux offres confort a \u00e9t\u00e9 mise en place suite \u00e0 des retours clients.<\/p>\n<blockquote><p>\u00ab Je me dis toujours, que pour nous, c&#8217;est notre travail de tous les jours mais que les visiteurs ne viendront peut-\u00eatre qu&#8217;une fois dans leur vie : on se doit de leur offrir un moment exceptionnel ! \u00bb<\/p><\/blockquote>\n<figure id=\"attachment_11779\" aria-labelledby=\"figcaption_attachment_11779\" class=\"wp-caption aligncenter\"><img loading=\"lazy\" decoding=\"async\" class=\"size-large wp-image-11779\" src=\"https:\/\/blog.europapark.de\/wp-content\/uploads\/2023\/12\/RU22_Nordiskturn_Baustelle_vor_Eroeffnung_39-1024x683.jpg\" alt=\"Dans la Nordiksturn, de nombreux espaces de d\u00e9tente ont \u00e9t\u00e9 am\u00e9nag\u00e9s !\" width=\"1024\" height=\"683\" srcset=\"https:\/\/blog.europapark.de\/wp-content\/uploads\/2023\/12\/RU22_Nordiskturn_Baustelle_vor_Eroeffnung_39-1024x683.jpg 1024w, https:\/\/blog.europapark.de\/wp-content\/uploads\/2023\/12\/RU22_Nordiskturn_Baustelle_vor_Eroeffnung_39-400x267.jpg 400w, https:\/\/blog.europapark.de\/wp-content\/uploads\/2023\/12\/RU22_Nordiskturn_Baustelle_vor_Eroeffnung_39-768x512.jpg 768w, https:\/\/blog.europapark.de\/wp-content\/uploads\/2023\/12\/RU22_Nordiskturn_Baustelle_vor_Eroeffnung_39-1536x1024.jpg 1536w, https:\/\/blog.europapark.de\/wp-content\/uploads\/2023\/12\/RU22_Nordiskturn_Baustelle_vor_Eroeffnung_39-2048x1366.jpg 2048w, https:\/\/blog.europapark.de\/wp-content\/uploads\/2023\/12\/RU22_Nordiskturn_Baustelle_vor_Eroeffnung_39-1700x1134.jpg 1700w\" sizes=\"auto, (max-width: 1024px) 100vw, 1024px\" \/><figcaption id=\"figcaption_attachment_11779\" class=\"wp-caption-text\">Dans la Nordiksturn, de nombreux espaces de d\u00e9tente ont \u00e9t\u00e9 am\u00e9nag\u00e9s !<\/figcaption><\/figure>\n<p>Les offres confort apportent une v\u00e9ritable exp\u00e9rience luxe \u00e0 la visite du parc aquatique. Les visiteurs viennent trop t\u00f4t le matin et repartent tard le soir pour les appr\u00e9cier un maximum. Ils aiment avoir leur propre havre de paix privatif et appr\u00e9cient le calme. C\u00e9lia appr\u00e9cie tout particuli\u00e8rement la nouvelle <a href=\"https:\/\/tickets.mackinternational.de\/fr\/rulantica\/Svit-Rulantica-Ost\" target=\"_blank\" rel=\"noopener\">Svit Rulantica \u00ab \u00d8st \u00bb<\/a>, une suite de jour avec sauna, baignoire baln\u00e9o, lit de jour et espace salon confortable. La <a href=\"https:\/\/www.europapark.de\/fr\/rulantica\/billets-et-offres\/liste-des-tarifs\/hydda-hygge-supreme\" target=\"_blank\" rel=\"noopener\">Hydda Hygge Supreme<\/a> est elle aussi une suite qui lui est ch\u00e8re avec une magnifique vue sur tout Rulantica.<\/p>\n<figure id=\"attachment_11770\" aria-labelledby=\"figcaption_attachment_11770\" class=\"wp-caption aligncenter\"><img loading=\"lazy\" decoding=\"async\" class=\"size-large wp-image-11770\" src=\"https:\/\/blog.europapark.de\/wp-content\/uploads\/2023\/12\/RU23_Nordiskturn_Svits_Ost_Freunde_1-1024x683.jpg\" alt=\"Les Svits Rulantica \u00ab N\u00f8rd \u00bb, \u00ab \u00d8st \u00bb, \u00ab S\u00f8r \u00bb et \u00ab Vest \u00bb sont les nouveaux havres de paix de Rulantica !\" width=\"1024\" height=\"683\" srcset=\"https:\/\/blog.europapark.de\/wp-content\/uploads\/2023\/12\/RU23_Nordiskturn_Svits_Ost_Freunde_1-1024x683.jpg 1024w, https:\/\/blog.europapark.de\/wp-content\/uploads\/2023\/12\/RU23_Nordiskturn_Svits_Ost_Freunde_1-400x267.jpg 400w, https:\/\/blog.europapark.de\/wp-content\/uploads\/2023\/12\/RU23_Nordiskturn_Svits_Ost_Freunde_1-768x512.jpg 768w, https:\/\/blog.europapark.de\/wp-content\/uploads\/2023\/12\/RU23_Nordiskturn_Svits_Ost_Freunde_1-1536x1024.jpg 1536w, https:\/\/blog.europapark.de\/wp-content\/uploads\/2023\/12\/RU23_Nordiskturn_Svits_Ost_Freunde_1-2048x1366.jpg 2048w, https:\/\/blog.europapark.de\/wp-content\/uploads\/2023\/12\/RU23_Nordiskturn_Svits_Ost_Freunde_1-1700x1134.jpg 1700w\" sizes=\"auto, (max-width: 1024px) 100vw, 1024px\" \/><figcaption id=\"figcaption_attachment_11770\" class=\"wp-caption-text\">Les Svits Rulantica \u00ab N\u00f8rd \u00bb, \u00ab \u00d8st \u00bb, \u00ab S\u00f8r \u00bb et \u00ab Vest \u00bb sont les nouveaux havres de paix de Rulantica !<\/figcaption><\/figure>\n<p>L&#8217;\u00e9quipe Guest Experience compte de nombreuses nationalit\u00e9s : fran\u00e7aise, allemande, ukrainienne, polonaise ou encore italienne. Entre les diff\u00e9rents membres, la langue de communication reste principalement l&#8217;allemand. Il est primordial pour C\u00e9lia de ma\u00eetriser au mieux cette langue et de la pratiquer. Lorsqu&#8217;elle parle avec un coll\u00e8gue fran\u00e7ais, elle va naturellement passer en allemand lorsqu&#8217;un germanophone rejoint la conversion. L&#8217;anglais est aussi utile pour donner un coup de pouce lorsque l&#8217;on a le mot allemand sur le bout de la langue ! De mani\u00e8re g\u00e9n\u00e9rale, les collaborateurs s&#8217;expriment ais\u00e9ment en allemand pour accueillir au mieux les visiteurs allemands et suisses. Les Fran\u00e7ais sont aussi de plus en plus s\u00e9duits par les offres confort de Rulantica !<\/p>\n<figure id=\"attachment_11768\" aria-labelledby=\"figcaption_attachment_11768\" class=\"wp-caption aligncenter\"><img loading=\"lazy\" decoding=\"async\" class=\"wp-image-11768 size-large\" src=\"https:\/\/blog.europapark.de\/wp-content\/uploads\/2023\/12\/RU23_Nordiskturn_Lagerhus_Sofas_3-1024x683.jpg\" alt=\"Un v\u00e9ritable moment de d\u00e9tente sur les sofas !\" width=\"1024\" height=\"683\" srcset=\"https:\/\/blog.europapark.de\/wp-content\/uploads\/2023\/12\/RU23_Nordiskturn_Lagerhus_Sofas_3-1024x683.jpg 1024w, https:\/\/blog.europapark.de\/wp-content\/uploads\/2023\/12\/RU23_Nordiskturn_Lagerhus_Sofas_3-400x267.jpg 400w, https:\/\/blog.europapark.de\/wp-content\/uploads\/2023\/12\/RU23_Nordiskturn_Lagerhus_Sofas_3-768x512.jpg 768w, https:\/\/blog.europapark.de\/wp-content\/uploads\/2023\/12\/RU23_Nordiskturn_Lagerhus_Sofas_3-1536x1025.jpg 1536w, https:\/\/blog.europapark.de\/wp-content\/uploads\/2023\/12\/RU23_Nordiskturn_Lagerhus_Sofas_3-2048x1366.jpg 2048w, https:\/\/blog.europapark.de\/wp-content\/uploads\/2023\/12\/RU23_Nordiskturn_Lagerhus_Sofas_3-1700x1134.jpg 1700w\" sizes=\"auto, (max-width: 1024px) 100vw, 1024px\" \/><figcaption id=\"figcaption_attachment_11768\" class=\"wp-caption-text\">Un v\u00e9ritable moment de d\u00e9tente sur les sofas !<\/figcaption><\/figure>\n<p>C\u00e9lia et son \u00e9quipe vous attendent avec impatience pour vous faire vivre un moment hors du temps \u00e0 Rulantica ! Vous pouvez aussi contribuer \u00e0 faire de la visite des baigneurs un souvenir exceptionnel en <a href=\"https:\/\/jobs.europapark.de\/fr\" target=\"_blank\" rel=\"noopener\">postulant<\/a> !<\/p>\n","protected":false},"excerpt":{"rendered":"<p>Continuons notre balade \u00e0 Europa-Park Resort avec la s\u00e9rie des \u00ab Fran\u00e7ais d&#8217;Europa-Park \u00bb \u00e0 Rulantica et partons \u00e0 la&#8230;<\/p>\n","protected":false},"author":22,"featured_media":11766,"comment_status":"closed","ping_status":"closed","sticky":false,"template":"","format":"standard","meta":{"_acf_changed":false,"footnotes":""},"categories":[206,23],"tags":[923,439,266,829,877,596,228,267,597,1134],"class_list":["post-11750","post","type-post","status-publish","format-standard","has-post-thumbnail","hentry","category-portrait","category-rulantica-fr","tag-chef-dequipe","tag-collaborateur","tag-europa-park-fr-2","tag-europa-park-resort","tag-job","tag-les-francais-deuropa-park","tag-portrait","tag-rulantica-fr-3","tag-serie-darticles-les-francais-deuropa-park","tag-vip"],"acf":[],"yoast_head":"<!-- This site is optimized with the Yoast SEO plugin v26.9 - https:\/\/yoast.com\/product\/yoast-seo-wordpress\/ -->\n<title>Les Fran\u00e7ais d\u2019Europa-Park #15 : C\u00e9lia Schneider aux petits soins des visiteurs de Rulantica - Le blog officiel d\u2019Europa-Park<\/title>\n<meta name=\"robots\" content=\"index, follow, max-snippet:-1, max-image-preview:large, max-video-preview:-1\" \/>\n<link rel=\"canonical\" href=\"https:\/\/blog.europapark.de\/fr\/portrait\/les-francais-deuropa-park-15-celia-schneider-aux-petits-soins-des-visiteurs-de-rulantica\/\" \/>\n<meta property=\"og:locale\" content=\"fr_FR\" \/>\n<meta property=\"og:type\" content=\"article\" \/>\n<meta property=\"og:title\" content=\"Les Fran\u00e7ais d\u2019Europa-Park #15 : C\u00e9lia Schneider aux petits soins des visiteurs de Rulantica - Le blog officiel d\u2019Europa-Park\" \/>\n<meta property=\"og:description\" content=\"Continuons notre balade \u00e0 Europa-Park Resort avec la s\u00e9rie des \u00ab Fran\u00e7ais d&#8217;Europa-Park \u00bb \u00e0 Rulantica et partons \u00e0 la...\" \/>\n<meta property=\"og:url\" content=\"https:\/\/blog.europapark.de\/fr\/portrait\/les-francais-deuropa-park-15-celia-schneider-aux-petits-soins-des-visiteurs-de-rulantica\/\" \/>\n<meta property=\"og:site_name\" content=\"Le blog officiel d\u2019Europa-Park\" \/>\n<meta property=\"article:published_time\" content=\"2023-12-21T10:18:52+00:00\" \/>\n<meta property=\"article:modified_time\" content=\"2025-07-25T08:14:05+00:00\" \/>\n<meta property=\"og:image\" content=\"https:\/\/blog.europapark.de\/wp-content\/uploads\/2023\/12\/RU21_Hyggedal_Hygge_Supreme_Hydda_8.jpg\" \/>\n\t<meta property=\"og:image:width\" content=\"2560\" \/>\n\t<meta property=\"og:image:height\" content=\"1708\" \/>\n\t<meta property=\"og:image:type\" content=\"image\/jpeg\" \/>\n<meta name=\"author\" content=\"Marine Bostetter\" \/>\n<meta name=\"twitter:card\" content=\"summary_large_image\" \/>\n<meta name=\"twitter:label1\" content=\"\u00c9crit par\" \/>\n\t<meta name=\"twitter:data1\" content=\"Marine Bostetter\" \/>\n\t<meta name=\"twitter:label2\" content=\"Dur\u00e9e de lecture estim\u00e9e\" \/>\n\t<meta name=\"twitter:data2\" content=\"5 minutes\" \/>\n<script type=\"application\/ld+json\" class=\"yoast-schema-graph\">{\"@context\":\"https:\/\/schema.org\",\"@graph\":[{\"@type\":\"Article\",\"@id\":\"https:\/\/blog.europapark.de\/fr\/portrait\/les-francais-deuropa-park-15-celia-schneider-aux-petits-soins-des-visiteurs-de-rulantica\/#article\",\"isPartOf\":{\"@id\":\"https:\/\/blog.europapark.de\/fr\/portrait\/les-francais-deuropa-park-15-celia-schneider-aux-petits-soins-des-visiteurs-de-rulantica\/\"},\"author\":{\"name\":\"Marine Bostetter\",\"@id\":\"https:\/\/blog.europapark.de\/fr\/#\/schema\/person\/33a8e6425d00a5338b0f3b919774c892\"},\"headline\":\"Les Fran\u00e7ais d\u2019Europa-Park #15 : C\u00e9lia Schneider aux petits soins des visiteurs de Rulantica\",\"datePublished\":\"2023-12-21T10:18:52+00:00\",\"dateModified\":\"2025-07-25T08:14:05+00:00\",\"mainEntityOfPage\":{\"@id\":\"https:\/\/blog.europapark.de\/fr\/portrait\/les-francais-deuropa-park-15-celia-schneider-aux-petits-soins-des-visiteurs-de-rulantica\/\"},\"wordCount\":940,\"image\":{\"@id\":\"https:\/\/blog.europapark.de\/fr\/portrait\/les-francais-deuropa-park-15-celia-schneider-aux-petits-soins-des-visiteurs-de-rulantica\/#primaryimage\"},\"thumbnailUrl\":\"https:\/\/blog.europapark.de\/wp-content\/uploads\/2023\/12\/RU21_Hyggedal_Hygge_Supreme_Hydda_8.jpg\",\"keywords\":[\"Chef d'\u00e9quipe\",\"Collaborateur\",\"Europa-Park\",\"Europa-Park Resort\",\"Job\",\"Les Fran\u00e7ais d\u2019Europa-Park\",\"Portrait\",\"Rulantica\",\"S\u00e9rie d'articles : Les Fran\u00e7ais d\u2019Europa-Park\",\"VIP\"],\"articleSection\":[\"Portrait\",\"Rulantica\"],\"inLanguage\":\"fr-FR\"},{\"@type\":\"WebPage\",\"@id\":\"https:\/\/blog.europapark.de\/fr\/portrait\/les-francais-deuropa-park-15-celia-schneider-aux-petits-soins-des-visiteurs-de-rulantica\/\",\"url\":\"https:\/\/blog.europapark.de\/fr\/portrait\/les-francais-deuropa-park-15-celia-schneider-aux-petits-soins-des-visiteurs-de-rulantica\/\",\"name\":\"Les Fran\u00e7ais d\u2019Europa-Park #15 : C\u00e9lia Schneider aux petits soins des visiteurs de Rulantica - Le blog officiel d\u2019Europa-Park\",\"isPartOf\":{\"@id\":\"https:\/\/blog.europapark.de\/fr\/#website\"},\"primaryImageOfPage\":{\"@id\":\"https:\/\/blog.europapark.de\/fr\/portrait\/les-francais-deuropa-park-15-celia-schneider-aux-petits-soins-des-visiteurs-de-rulantica\/#primaryimage\"},\"image\":{\"@id\":\"https:\/\/blog.europapark.de\/fr\/portrait\/les-francais-deuropa-park-15-celia-schneider-aux-petits-soins-des-visiteurs-de-rulantica\/#primaryimage\"},\"thumbnailUrl\":\"https:\/\/blog.europapark.de\/wp-content\/uploads\/2023\/12\/RU21_Hyggedal_Hygge_Supreme_Hydda_8.jpg\",\"datePublished\":\"2023-12-21T10:18:52+00:00\",\"dateModified\":\"2025-07-25T08:14:05+00:00\",\"author\":{\"@id\":\"https:\/\/blog.europapark.de\/fr\/#\/schema\/person\/33a8e6425d00a5338b0f3b919774c892\"},\"breadcrumb\":{\"@id\":\"https:\/\/blog.europapark.de\/fr\/portrait\/les-francais-deuropa-park-15-celia-schneider-aux-petits-soins-des-visiteurs-de-rulantica\/#breadcrumb\"},\"inLanguage\":\"fr-FR\",\"potentialAction\":[{\"@type\":\"ReadAction\",\"target\":[\"https:\/\/blog.europapark.de\/fr\/portrait\/les-francais-deuropa-park-15-celia-schneider-aux-petits-soins-des-visiteurs-de-rulantica\/\"]}]},{\"@type\":\"ImageObject\",\"inLanguage\":\"fr-FR\",\"@id\":\"https:\/\/blog.europapark.de\/fr\/portrait\/les-francais-deuropa-park-15-celia-schneider-aux-petits-soins-des-visiteurs-de-rulantica\/#primaryimage\",\"url\":\"https:\/\/blog.europapark.de\/wp-content\/uploads\/2023\/12\/RU21_Hyggedal_Hygge_Supreme_Hydda_8.jpg\",\"contentUrl\":\"https:\/\/blog.europapark.de\/wp-content\/uploads\/2023\/12\/RU21_Hyggedal_Hygge_Supreme_Hydda_8.jpg\",\"width\":2560,\"height\":1708,\"caption\":\"Ayez une magnifique vue sur tout Rulantica depuis la Hydda Hygge Supreme !\"},{\"@type\":\"BreadcrumbList\",\"@id\":\"https:\/\/blog.europapark.de\/fr\/portrait\/les-francais-deuropa-park-15-celia-schneider-aux-petits-soins-des-visiteurs-de-rulantica\/#breadcrumb\",\"itemListElement\":[{\"@type\":\"ListItem\",\"position\":1,\"name\":\"Accueil\",\"item\":\"https:\/\/blog.europapark.de\/fr\/\"},{\"@type\":\"ListItem\",\"position\":2,\"name\":\"Les Fran\u00e7ais d\u2019Europa-Park #15 : C\u00e9lia Schneider aux petits soins des visiteurs de Rulantica\"}]},{\"@type\":\"WebSite\",\"@id\":\"https:\/\/blog.europapark.de\/fr\/#website\",\"url\":\"https:\/\/blog.europapark.de\/fr\/\",\"name\":\"Le blog officiel d\u2019Europa-Park\",\"description\":\"\",\"potentialAction\":[{\"@type\":\"SearchAction\",\"target\":{\"@type\":\"EntryPoint\",\"urlTemplate\":\"https:\/\/blog.europapark.de\/fr\/?s={search_term_string}\"},\"query-input\":{\"@type\":\"PropertyValueSpecification\",\"valueRequired\":true,\"valueName\":\"search_term_string\"}}],\"inLanguage\":\"fr-FR\"},{\"@type\":\"Person\",\"@id\":\"https:\/\/blog.europapark.de\/fr\/#\/schema\/person\/33a8e6425d00a5338b0f3b919774c892\",\"name\":\"Marine Bostetter\",\"image\":{\"@type\":\"ImageObject\",\"inLanguage\":\"fr-FR\",\"@id\":\"https:\/\/blog.europapark.de\/fr\/#\/schema\/person\/image\/\",\"url\":\"https:\/\/blog.europapark.de\/wp-content\/uploads\/2024\/01\/IMG_2126-150x150.jpg\",\"contentUrl\":\"https:\/\/blog.europapark.de\/wp-content\/uploads\/2024\/01\/IMG_2126-150x150.jpg\",\"caption\":\"Marine Bostetter\"},\"url\":\"https:\/\/blog.europapark.de\/fr\/author\/marine-bostetter\/\"}]}<\/script>\n<!-- \/ Yoast SEO plugin. -->","yoast_head_json":{"title":"Les Fran\u00e7ais d\u2019Europa-Park #15 : C\u00e9lia Schneider aux petits soins des visiteurs de Rulantica - Le blog officiel d\u2019Europa-Park","robots":{"index":"index","follow":"follow","max-snippet":"max-snippet:-1","max-image-preview":"max-image-preview:large","max-video-preview":"max-video-preview:-1"},"canonical":"https:\/\/blog.europapark.de\/fr\/portrait\/les-francais-deuropa-park-15-celia-schneider-aux-petits-soins-des-visiteurs-de-rulantica\/","og_locale":"fr_FR","og_type":"article","og_title":"Les Fran\u00e7ais d\u2019Europa-Park #15 : C\u00e9lia Schneider aux petits soins des visiteurs de Rulantica - Le blog officiel d\u2019Europa-Park","og_description":"Continuons notre balade \u00e0 Europa-Park Resort avec la s\u00e9rie des \u00ab Fran\u00e7ais d&#8217;Europa-Park \u00bb \u00e0 Rulantica et partons \u00e0 la...","og_url":"https:\/\/blog.europapark.de\/fr\/portrait\/les-francais-deuropa-park-15-celia-schneider-aux-petits-soins-des-visiteurs-de-rulantica\/","og_site_name":"Le blog officiel d\u2019Europa-Park","article_published_time":"2023-12-21T10:18:52+00:00","article_modified_time":"2025-07-25T08:14:05+00:00","og_image":[{"width":2560,"height":1708,"url":"https:\/\/blog.europapark.de\/wp-content\/uploads\/2023\/12\/RU21_Hyggedal_Hygge_Supreme_Hydda_8.jpg","type":"image\/jpeg"}],"author":"Marine Bostetter","twitter_card":"summary_large_image","twitter_misc":{"\u00c9crit par":"Marine Bostetter","Dur\u00e9e de lecture estim\u00e9e":"5 minutes"},"schema":{"@context":"https:\/\/schema.org","@graph":[{"@type":"Article","@id":"https:\/\/blog.europapark.de\/fr\/portrait\/les-francais-deuropa-park-15-celia-schneider-aux-petits-soins-des-visiteurs-de-rulantica\/#article","isPartOf":{"@id":"https:\/\/blog.europapark.de\/fr\/portrait\/les-francais-deuropa-park-15-celia-schneider-aux-petits-soins-des-visiteurs-de-rulantica\/"},"author":{"name":"Marine Bostetter","@id":"https:\/\/blog.europapark.de\/fr\/#\/schema\/person\/33a8e6425d00a5338b0f3b919774c892"},"headline":"Les Fran\u00e7ais d\u2019Europa-Park #15 : C\u00e9lia Schneider aux petits soins des visiteurs de Rulantica","datePublished":"2023-12-21T10:18:52+00:00","dateModified":"2025-07-25T08:14:05+00:00","mainEntityOfPage":{"@id":"https:\/\/blog.europapark.de\/fr\/portrait\/les-francais-deuropa-park-15-celia-schneider-aux-petits-soins-des-visiteurs-de-rulantica\/"},"wordCount":940,"image":{"@id":"https:\/\/blog.europapark.de\/fr\/portrait\/les-francais-deuropa-park-15-celia-schneider-aux-petits-soins-des-visiteurs-de-rulantica\/#primaryimage"},"thumbnailUrl":"https:\/\/blog.europapark.de\/wp-content\/uploads\/2023\/12\/RU21_Hyggedal_Hygge_Supreme_Hydda_8.jpg","keywords":["Chef d'\u00e9quipe","Collaborateur","Europa-Park","Europa-Park Resort","Job","Les Fran\u00e7ais d\u2019Europa-Park","Portrait","Rulantica","S\u00e9rie d'articles : Les Fran\u00e7ais d\u2019Europa-Park","VIP"],"articleSection":["Portrait","Rulantica"],"inLanguage":"fr-FR"},{"@type":"WebPage","@id":"https:\/\/blog.europapark.de\/fr\/portrait\/les-francais-deuropa-park-15-celia-schneider-aux-petits-soins-des-visiteurs-de-rulantica\/","url":"https:\/\/blog.europapark.de\/fr\/portrait\/les-francais-deuropa-park-15-celia-schneider-aux-petits-soins-des-visiteurs-de-rulantica\/","name":"Les Fran\u00e7ais d\u2019Europa-Park #15 : C\u00e9lia Schneider aux petits soins des visiteurs de Rulantica - Le blog officiel d\u2019Europa-Park","isPartOf":{"@id":"https:\/\/blog.europapark.de\/fr\/#website"},"primaryImageOfPage":{"@id":"https:\/\/blog.europapark.de\/fr\/portrait\/les-francais-deuropa-park-15-celia-schneider-aux-petits-soins-des-visiteurs-de-rulantica\/#primaryimage"},"image":{"@id":"https:\/\/blog.europapark.de\/fr\/portrait\/les-francais-deuropa-park-15-celia-schneider-aux-petits-soins-des-visiteurs-de-rulantica\/#primaryimage"},"thumbnailUrl":"https:\/\/blog.europapark.de\/wp-content\/uploads\/2023\/12\/RU21_Hyggedal_Hygge_Supreme_Hydda_8.jpg","datePublished":"2023-12-21T10:18:52+00:00","dateModified":"2025-07-25T08:14:05+00:00","author":{"@id":"https:\/\/blog.europapark.de\/fr\/#\/schema\/person\/33a8e6425d00a5338b0f3b919774c892"},"breadcrumb":{"@id":"https:\/\/blog.europapark.de\/fr\/portrait\/les-francais-deuropa-park-15-celia-schneider-aux-petits-soins-des-visiteurs-de-rulantica\/#breadcrumb"},"inLanguage":"fr-FR","potentialAction":[{"@type":"ReadAction","target":["https:\/\/blog.europapark.de\/fr\/portrait\/les-francais-deuropa-park-15-celia-schneider-aux-petits-soins-des-visiteurs-de-rulantica\/"]}]},{"@type":"ImageObject","inLanguage":"fr-FR","@id":"https:\/\/blog.europapark.de\/fr\/portrait\/les-francais-deuropa-park-15-celia-schneider-aux-petits-soins-des-visiteurs-de-rulantica\/#primaryimage","url":"https:\/\/blog.europapark.de\/wp-content\/uploads\/2023\/12\/RU21_Hyggedal_Hygge_Supreme_Hydda_8.jpg","contentUrl":"https:\/\/blog.europapark.de\/wp-content\/uploads\/2023\/12\/RU21_Hyggedal_Hygge_Supreme_Hydda_8.jpg","width":2560,"height":1708,"caption":"Ayez une magnifique vue sur tout Rulantica depuis la Hydda Hygge Supreme !"},{"@type":"BreadcrumbList","@id":"https:\/\/blog.europapark.de\/fr\/portrait\/les-francais-deuropa-park-15-celia-schneider-aux-petits-soins-des-visiteurs-de-rulantica\/#breadcrumb","itemListElement":[{"@type":"ListItem","position":1,"name":"Accueil","item":"https:\/\/blog.europapark.de\/fr\/"},{"@type":"ListItem","position":2,"name":"Les Fran\u00e7ais d\u2019Europa-Park #15 : C\u00e9lia Schneider aux petits soins des visiteurs de Rulantica"}]},{"@type":"WebSite","@id":"https:\/\/blog.europapark.de\/fr\/#website","url":"https:\/\/blog.europapark.de\/fr\/","name":"Le blog officiel d\u2019Europa-Park","description":"","potentialAction":[{"@type":"SearchAction","target":{"@type":"EntryPoint","urlTemplate":"https:\/\/blog.europapark.de\/fr\/?s={search_term_string}"},"query-input":{"@type":"PropertyValueSpecification","valueRequired":true,"valueName":"search_term_string"}}],"inLanguage":"fr-FR"},{"@type":"Person","@id":"https:\/\/blog.europapark.de\/fr\/#\/schema\/person\/33a8e6425d00a5338b0f3b919774c892","name":"Marine Bostetter","image":{"@type":"ImageObject","inLanguage":"fr-FR","@id":"https:\/\/blog.europapark.de\/fr\/#\/schema\/person\/image\/","url":"https:\/\/blog.europapark.de\/wp-content\/uploads\/2024\/01\/IMG_2126-150x150.jpg","contentUrl":"https:\/\/blog.europapark.de\/wp-content\/uploads\/2024\/01\/IMG_2126-150x150.jpg","caption":"Marine Bostetter"},"url":"https:\/\/blog.europapark.de\/fr\/author\/marine-bostetter\/"}]}},"_links":{"self":[{"href":"https:\/\/blog.europapark.de\/fr\/wp-json\/wp\/v2\/posts\/11750","targetHints":{"allow":["GET"]}}],"collection":[{"href":"https:\/\/blog.europapark.de\/fr\/wp-json\/wp\/v2\/posts"}],"about":[{"href":"https:\/\/blog.europapark.de\/fr\/wp-json\/wp\/v2\/types\/post"}],"author":[{"embeddable":true,"href":"https:\/\/blog.europapark.de\/fr\/wp-json\/wp\/v2\/users\/22"}],"replies":[{"embeddable":true,"href":"https:\/\/blog.europapark.de\/fr\/wp-json\/wp\/v2\/comments?post=11750"}],"version-history":[{"count":30,"href":"https:\/\/blog.europapark.de\/fr\/wp-json\/wp\/v2\/posts\/11750\/revisions"}],"predecessor-version":[{"id":11812,"href":"https:\/\/blog.europapark.de\/fr\/wp-json\/wp\/v2\/posts\/11750\/revisions\/11812"}],"wp:featuredmedia":[{"embeddable":true,"href":"https:\/\/blog.europapark.de\/fr\/wp-json\/wp\/v2\/media\/11766"}],"wp:attachment":[{"href":"https:\/\/blog.europapark.de\/fr\/wp-json\/wp\/v2\/media?parent=11750"}],"wp:term":[{"taxonomy":"category","embeddable":true,"href":"https:\/\/blog.europapark.de\/fr\/wp-json\/wp\/v2\/categories?post=11750"},{"taxonomy":"post_tag","embeddable":true,"href":"https:\/\/blog.europapark.de\/fr\/wp-json\/wp\/v2\/tags?post=11750"}],"curies":[{"name":"wp","href":"https:\/\/api.w.org\/{rel}","templated":true}]}}