{"id":10185,"date":"2025-01-16T09:02:04","date_gmt":"2025-01-16T08:02:04","guid":{"rendered":"https:\/\/blog.europapark.de\/?p=10185"},"modified":"2025-01-17T13:32:11","modified_gmt":"2025-01-17T12:32:11","slug":"6-conseils-pour-seclater-a-europa-park-resort-en-basse-saison","status":"publish","type":"post","link":"https:\/\/blog.europapark.de\/fr\/rulantica-fr\/6-conseils-pour-seclater-a-europa-park-resort-en-basse-saison\/","title":{"rendered":"6 conseils pour s&#8217;\u00e9clater \u00e0 Europa-Park Resort en basse saison"},"content":{"rendered":"<p><strong>En basse saison, Europa-Park, avec sa multitude d&#8217;attractions et de spectacles, est certes ferm\u00e9, mais il est possible de passer un moment unique dans le reste d&#8217;Europa-Park Resort ! Nous vous donnons 6 conseils pour vous que vous vous y \u00e9clatiez, m\u00eame en basse saison !<\/strong><\/p>\n<h3><strong>F\u00eate des lumi\u00e8res nordique \u00e0 Rulantica<\/strong><\/h3>\n<p>Lorsqu&#8217;il fait froid et brumeux dehors, l&#8217;univers aquatique <a href=\"https:\/\/www.europapark.de\/fr\/rulantica\" target=\"_blank\" rel=\"noopener\">Rulantica<\/a> est l&#8217;endroit id\u00e9al pour les petits et les grands. Des plaisirs aquatiques vous attendent toute l&#8217;ann\u00e9e.<\/p>\n<p>Tout le monde y trouve son bonheur : <a href=\"https:\/\/www.europapark.de\/fr\/rulantica\/attractions\/toutes-les-attractions\/pour-les-fans-daction\" target=\"_blank\" rel=\"noopener\">les fans d&#8217;action<\/a> tout comme les <a href=\"https:\/\/www.europapark.de\/fr\/rulantica\/attractions\/toutes-les-attractions\/pour-les-familles\" target=\"_blank\" rel=\"noopener\">familles<\/a> ont l&#8217;embarras du choix \u00e0 Rulantica. Les toboggans peuvent \u00eatre d\u00e9val\u00e9s seul, \u00e0 plusieurs, avec ou sans bou\u00e9e. Il y en a pour tous les go\u00fbts ! Les <a href=\"https:\/\/www.europapark.de\/fr\/rulantica\/attractions\/toutes-les-attractions\/calme-et-detente\" target=\"_blank\" rel=\"noopener\">personnes en qu\u00eate de calme<\/a> peuvent quant \u00e0 elles se d\u00e9tendre dans l&#8217;espace de d\u00e9tente <a href=\"https:\/\/www.europapark.de\/fr\/rulantica\/hyggedal\" target=\"_blank\" rel=\"noopener\">Hyggedal<\/a> et ses trois saunas ou bien au pool-bars \u00e0 Skog Lagune ou \u00e0 Frigg Tempel. Le nouvel espace Nordiskturn proposent \u00e9galement de nombreux lieux de relaxation et offres confort th\u00e9matis\u00e9s.<\/p>\n<p>Et cette ann\u00e9e, pour la premi\u00e8re fois, venez c\u00e9l\u00e9brer la <a href=\"https:\/\/www.europapark.de\/fr\/rulantica\/fete-des-lumieres-nordique\" target=\"_blank\" rel=\"noopener\">F\u00eate des lumi\u00e8res nordique<\/a> avec nous du 13 janvier au 21 mars 2025. Voyagez vers le grand nord et d\u00e9couvrez les aurores bor\u00e9ales et autres illuminations scintillantes \u00e9clairant les diff\u00e9rentes attractions de Rulantica, tout en profitant d&#8217;un programme de divertissement unique et interactif. En plus, les billets sont \u00e0 prix mini en semaine pendant toute la basse saison !<\/p>\n<figure id=\"attachment_13831\" aria-labelledby=\"figcaption_attachment_13831\" class=\"wp-caption aligncenter\"><img loading=\"lazy\" decoding=\"async\" class=\"wp-image-13831 size-large\" src=\"https:\/\/blog.europapark.de\/wp-content\/uploads\/2025\/01\/PM25_RulanticaLichterfest2-1024x576.jpg\" alt=\"D\u00e9couvrez Rulantica sous un ciel \u00e9toil\u00e9 avec la F\u00eate des lumi\u00e8res nordique.\" width=\"1024\" height=\"576\" srcset=\"https:\/\/blog.europapark.de\/wp-content\/uploads\/2025\/01\/PM25_RulanticaLichterfest2-1024x576.jpg 1024w, https:\/\/blog.europapark.de\/wp-content\/uploads\/2025\/01\/PM25_RulanticaLichterfest2-400x225.jpg 400w, https:\/\/blog.europapark.de\/wp-content\/uploads\/2025\/01\/PM25_RulanticaLichterfest2-768x432.jpg 768w, https:\/\/blog.europapark.de\/wp-content\/uploads\/2025\/01\/PM25_RulanticaLichterfest2-1536x864.jpg 1536w, https:\/\/blog.europapark.de\/wp-content\/uploads\/2025\/01\/PM25_RulanticaLichterfest2-2048x1152.jpg 2048w, https:\/\/blog.europapark.de\/wp-content\/uploads\/2025\/01\/PM25_RulanticaLichterfest2-1700x956.jpg 1700w\" sizes=\"auto, (max-width: 1024px) 100vw, 1024px\" \/><figcaption id=\"figcaption_attachment_13831\" class=\"wp-caption-text\">D\u00e9couvrez Rulantica sous un ciel \u00e9toil\u00e9 avec la F\u00eate des lumi\u00e8res nordique.<\/figcaption><\/figure>\n<h3><strong>Exp\u00e9rimenter la r\u00e9alit\u00e9 virtuelle \u00e0 YULLBE<\/strong><\/h3>\n<p>Votre quotidien est maussade et r\u00e9p\u00e9titif ? Nous avons la solution pour rompre avec la routine : <a href=\"https:\/\/www.europapark.de\/fr\/yullbe\" target=\"_blank\" rel=\"noopener\">YULLBE<\/a> propose des exp\u00e9riences de r\u00e9alit\u00e9 virtuelle qui permettent \u00e0 chacun de d\u00e9passer les limites de sa r\u00e9alit\u00e9 habituelle. Gr\u00e2ce aux technologies les plus modernes, tous les visiteurs \u00e9voluent dans un monde virtuel qui leur permet de d\u00e9couvrir et de vivre des aventures que la vie quotidienne ne peut pas offrir.<\/p>\n<p>\u00c0 <a href=\"https:\/\/www.europapark.de\/fr\/yullbe\" target=\"_blank\" rel=\"noopener\">YULLBE GO<\/a>, vous vous d\u00e9placez librement dans la pi\u00e8ce \u00e9quip\u00e9 d&#8217;un casque VR et d&#8217;un capteur de main et vous relevez des d\u00e9fis tout seul. Pour vous offrir une exp\u00e9rience VR unique, des cam\u00e9ras sp\u00e9ciales sont int\u00e9gr\u00e9es au casque VR et permettent de suivre votre position exacte et celle des autres visiteurs qui vivent aussi leur exp\u00e9rience de mani\u00e8re individuelle tout au long du parcours.<\/p>\n<p><a href=\"https:\/\/www.europapark.de\/fr\/yullbe\" target=\"_blank\" rel=\"noopener\">YULLBE PRO<\/a> met \u00e0 profit les technologies les plus modernes, les combine avec une qualit\u00e9 m\u00e9dia sans pr\u00e9c\u00e9dent et parvient ainsi \u00e0 vous immerger encore plus dans la r\u00e9alit\u00e9 virtuelle. Selon l&#8217;exp\u00e9rience choisie, avec un sac \u00e0 dos ou une veste haptique, des trackers pour les mains et les pieds correspondants ainsi qu&#8217;un casque VR, vous vous d\u00e9placez totalement librement et vous pouvez interagir avec votre groupe.<\/p>\n<figure id=\"attachment_10121\" aria-labelledby=\"figcaption_attachment_10121\" class=\"wp-caption aligncenter\"><img loading=\"lazy\" decoding=\"async\" class=\"size-large wp-image-10121\" src=\"https:\/\/blog.europapark.de\/wp-content\/uploads\/2023\/02\/PM2022_YULLBE_GO_Mannheim_Familie-1024x683.jpg\" alt=\"Les technologies les plus modernes pour vous faire vivre une exp\u00e9rience unique !\" width=\"1024\" height=\"683\" srcset=\"https:\/\/blog.europapark.de\/wp-content\/uploads\/2023\/02\/PM2022_YULLBE_GO_Mannheim_Familie-1024x683.jpg 1024w, https:\/\/blog.europapark.de\/wp-content\/uploads\/2023\/02\/PM2022_YULLBE_GO_Mannheim_Familie-400x267.jpg 400w, https:\/\/blog.europapark.de\/wp-content\/uploads\/2023\/02\/PM2022_YULLBE_GO_Mannheim_Familie-768x512.jpg 768w, https:\/\/blog.europapark.de\/wp-content\/uploads\/2023\/02\/PM2022_YULLBE_GO_Mannheim_Familie-1536x1025.jpg 1536w, https:\/\/blog.europapark.de\/wp-content\/uploads\/2023\/02\/PM2022_YULLBE_GO_Mannheim_Familie-2048x1366.jpg 2048w, https:\/\/blog.europapark.de\/wp-content\/uploads\/2023\/02\/PM2022_YULLBE_GO_Mannheim_Familie-1700x1134.jpg 1700w\" sizes=\"auto, (max-width: 1024px) 100vw, 1024px\" \/><figcaption id=\"figcaption_attachment_10121\" class=\"wp-caption-text\">Les technologies les plus modernes pour vous faire vivre une exp\u00e9rience unique !<\/figcaption><\/figure>\n<h3><strong>Passer un s\u00e9jour de r\u00eave dans nos h\u00f4tels<\/strong><\/h3>\n<p>Si vous souhaitez vous \u00e9vader du quotidien, nos h\u00f4tels 4* sont l&#8217;id\u00e9al. M\u00eame en basse saison, les h\u00f4tels <a href=\"https:\/\/www.europapark.de\/fr\/sejourner\/hotel-4-etoiles-superieur-colosseo\" target=\"_blank\" rel=\"noopener\">Colosseo<\/a>, <a href=\"https:\/\/www.europapark.de\/fr\/sejourner\/hotel-4-etoiles-superieur-bell-rock\" target=\"_blank\" rel=\"noopener\">Bell Rock<\/a>, <a href=\"https:\/\/www.europapark.de\/fr\/sejourner\/hotel-4-etoiles-superieur-kronasar\" target=\"_blank\" rel=\"noopener\">Kr\u00f8nas\u00e5r<\/a> et <a href=\"https:\/\/www.europapark.de\/fr\/sejourner\/hotel-4-etoiles-superieur-santa-isabel\" target=\"_blank\" rel=\"noopener\">Santa Isabel<\/a> (uniquement le week-end pour ce dernier) offrent des prestations pour tous les go\u00fbts. Chaque d\u00e9tail est pens\u00e9 pour une ambiance unique et immersive, les h\u00f4tes savourent par exemple la dolce vita, partent sur les traces des p\u00e8res p\u00e8lerins ou partent \u00e0 la d\u00e9couverte du mus\u00e9e-h\u00f4tel.<\/p>\n<p>Situ\u00e9 dans la r\u00e9gion des trois fronti\u00e8res, Europa-Park Resort n&#8217;est pas seulement le point de d\u00e9part parfait pour profiter des nombreuses activit\u00e9s sur place, mais aussi pour faire une multitude d&#8217;<a href=\"https:\/\/blog.europapark.de\/fr\/europa-park-fr\/profiter-de-la-region-autour-deuropa-park\/\" target=\"_blank\" rel=\"noopener\">excursions dans cette r\u00e9gion attrayante<\/a>.<\/p>\n<p>Les superbes espaces de fitness, bien-\u00eatre et spa vous permettent de vous \u00e9vader du quotidien et de se ressourcer : sur 3 400 m\u00e8tres carr\u00e9s, les piscines et saunas s\u00e9duisent par leurs th\u00e8mes authentiques, des cours de fitness et de nombreuses offres de bien-\u00eatre attendent tous les visiteurs. La piscine et le sauna sont \u00e9galement \u00e0 disposition gratuitement pendant toute la journ\u00e9e d&#8217;arriv\u00e9e et de d\u00e9part !<\/p>\n<figure id=\"attachment_10127\" aria-labelledby=\"figcaption_attachment_10127\" class=\"wp-caption aligncenter\"><img loading=\"lazy\" decoding=\"async\" class=\"size-large wp-image-10127\" src=\"https:\/\/blog.europapark.de\/wp-content\/uploads\/2023\/02\/EP18_Resort_Colosseo_Gastro_Medici_Paar_01-1024x683.jpg\" alt=\"Une parenth\u00e8se hors du temps !\" width=\"1024\" height=\"683\" srcset=\"https:\/\/blog.europapark.de\/wp-content\/uploads\/2023\/02\/EP18_Resort_Colosseo_Gastro_Medici_Paar_01-1024x683.jpg 1024w, https:\/\/blog.europapark.de\/wp-content\/uploads\/2023\/02\/EP18_Resort_Colosseo_Gastro_Medici_Paar_01-400x267.jpg 400w, https:\/\/blog.europapark.de\/wp-content\/uploads\/2023\/02\/EP18_Resort_Colosseo_Gastro_Medici_Paar_01-768x512.jpg 768w, https:\/\/blog.europapark.de\/wp-content\/uploads\/2023\/02\/EP18_Resort_Colosseo_Gastro_Medici_Paar_01-1536x1024.jpg 1536w, https:\/\/blog.europapark.de\/wp-content\/uploads\/2023\/02\/EP18_Resort_Colosseo_Gastro_Medici_Paar_01-2048x1366.jpg 2048w, https:\/\/blog.europapark.de\/wp-content\/uploads\/2023\/02\/EP18_Resort_Colosseo_Gastro_Medici_Paar_01-1700x1134.jpg 1700w\" sizes=\"auto, (max-width: 1024px) 100vw, 1024px\" \/><figcaption id=\"figcaption_attachment_10127\" class=\"wp-caption-text\">Une parenth\u00e8se hors du temps !<\/figcaption><\/figure>\n<p>Les nombreuses formules d&#8217;h\u00e9bergement propos\u00e9es en basse saison sont d&#8217;ailleurs parfaites pour une visite : si vous souhaitez faire du temps pass\u00e9 ensemble une exp\u00e9rience particuli\u00e8re, enchantez votre bien-aim\u00e9(e) avec la formule Savourer du temps \u00e0 deux. Avec l&#8217;offre <a href=\"https:\/\/www.europapark.de\/fr\/sejourner\/offres-et-evenements\/basse-saison-2025\" target=\"_blank\" rel=\"noopener\">Entre amis<\/a>, 4 amis peuvent profiter ensemble d&#8217;un court s\u00e9jour de d\u00e9tente. Outre l&#8217;h\u00e9bergement \u00e0 l&#8217;h\u00f4tel et la visite de Rulantica, l&#8217;acc\u00e8s \u00e0 l&#8217;espace sauna et d\u00e9tente Hyggedal est d\u00e9j\u00e0 inclus. Avec l&#8217;offre 2 pour 1, la deuxi\u00e8me nuit et le deuxi\u00e8me jour \u00e0 Rulantica sont offerts, tandis que les familles profitent de l&#8217;offre <a href=\"https:\/\/www.europapark.de\/fr\/sejourner\/offres-et-evenements\/basse-saison-2025\" target=\"_blank\" rel=\"noopener\">Kids for free<\/a>. Ces offres imbattables avec Rulantica ne sont disponibles qu&#8217;en basse saison !<\/p>\n<p>Avec l&#8217;\u00e9v\u00e9nement Hiver magique au Kr\u00f8nas\u00e5r, un programme g\u00e9nial allant du patinage au bricolage ainsi que de nombreux d\u00e9lices hivernaux vous attend jusqu&#8217;\u00e0 fin f\u00e9vrier, directement au bord du lac de l&#8217;h\u00f4tel. Vous trouverez ici tous les \u00e9v\u00e9nements sp\u00e9ciaux pr\u00e9vus dans les prochains mois.<\/p>\n<h3>Des \u00e9v\u00e9nements culinaires \u00e0 ne pas manquer<\/h3>\n<p>Pendant la basse saison, Europa-Park Resort propose \u00e9galement une s\u00e9rie d\u2019\u00e9v\u00e9nements culinaires vari\u00e9s, alliant gastronomie et ambiance conviviale. Parmi les exp\u00e9riences \u00e0 ne pas manquer, on retrouve le <a href=\"https:\/\/www.europapark.de\/fr\/evenements\/europa-park-dinner-show-0\" target=\"_blank\" rel=\"noopener\">Dinner-Show<\/a> qui vous emm\u00e8ne dans un voyage \u00e0 travers le monde accompagn\u00e9 par un d\u00e9licieux menu \u00e0 4 plats et des artistes internationaux. C&#8217;est aussi l&#8217;occasion de faire une exp\u00e9dition vinicole avec <a href=\"https:\/\/www.europapark.de\/fr\/evenements\/nome-del-barolo-expedition-vinicole\" target=\"_blank\" rel=\"noopener\">In Nome del Barolo<\/a>, prendre des <a href=\"https:\/\/www.europapark.de\/fr\/evenements\/cours-de-cuisine-wild-scandinavian-brian-bojsen\" target=\"_blank\" rel=\"noopener\">cours de cuisine avec le chef Brian Bosjen<\/a>\u00a0et d\u00e9guster de <a href=\"https:\/\/www.europapark.de\/fr\/evenements\/tapas-total\" target=\"_blank\" rel=\"noopener\">d\u00e9licieux tapas<\/a>. Et pour la <a href=\"https:\/\/www.europapark.de\/fr\/la-saint-valentin-europa-park-resort\" target=\"_blank\" rel=\"noopener\">Saint-Valentin<\/a>, on ne peut bien s\u00fbr que vous recommander de c\u00e9l\u00e9brer l&#8217;amour avec une soir\u00e9e romantique dans l&#8217;un de nos restaurants gastronomiques. Vous trouverez \u00e0 coup s\u00fbr un <a href=\"https:\/\/www.europapark.de\/fr\/sejourner\/offres-et-evenements\/offres-evenements-culinaires\" target=\"_blank\" rel=\"noopener\">\u00e9v\u00e9nement<\/a> qui fera chavirer votre c\u0153ur !<\/p>\n<figure id=\"attachment_13833\" aria-labelledby=\"figcaption_attachment_13833\" class=\"wp-caption aligncenter\"><img loading=\"lazy\" decoding=\"async\" class=\"wp-image-13833 size-large\" src=\"https:\/\/blog.europapark.de\/wp-content\/uploads\/2025\/01\/EP24_Dinner_Show_Generalprobe_181-1024x683.jpg\" alt=\"Prenez place pour un voyage culinaire et artistique autour du monde avec le nouveau Dinner Show !\" width=\"1024\" height=\"683\" srcset=\"https:\/\/blog.europapark.de\/wp-content\/uploads\/2025\/01\/EP24_Dinner_Show_Generalprobe_181-1024x683.jpg 1024w, https:\/\/blog.europapark.de\/wp-content\/uploads\/2025\/01\/EP24_Dinner_Show_Generalprobe_181-400x267.jpg 400w, https:\/\/blog.europapark.de\/wp-content\/uploads\/2025\/01\/EP24_Dinner_Show_Generalprobe_181-768x512.jpg 768w, https:\/\/blog.europapark.de\/wp-content\/uploads\/2025\/01\/EP24_Dinner_Show_Generalprobe_181-1536x1025.jpg 1536w, https:\/\/blog.europapark.de\/wp-content\/uploads\/2025\/01\/EP24_Dinner_Show_Generalprobe_181-2048x1366.jpg 2048w, https:\/\/blog.europapark.de\/wp-content\/uploads\/2025\/01\/EP24_Dinner_Show_Generalprobe_181-1700x1134.jpg 1700w\" sizes=\"auto, (max-width: 1024px) 100vw, 1024px\" \/><figcaption id=\"figcaption_attachment_13833\" class=\"wp-caption-text\">Prenez place pour un voyage culinaire et artistique autour du monde avec le nouveau Dinner Show !<\/figcaption><\/figure>\n<h3><strong>D\u00e9couvrir le restaurant futuriste Eatrenalin<\/strong><\/h3>\n<p>Pour les amateurs de cuisine \u00e0 la recherche d&#8217;une exp\u00e9rience gastronomique hors du commun, une soir\u00e9e pour d\u00e9couvrir le nouveau concept d&#8217;\u00e9v\u00e9nement unique en son genre <a href=\"https:\/\/www.eatrenalin.de\/fr\/\" target=\"_blank\" rel=\"noopener\">Eatrenalin<\/a>, situ\u00e9 \u00e0 c\u00f4t\u00e9 de l&#8217;h\u00f4tel 4 \u00e9toiles sup\u00e9rieur \u00ab Kr\u00f8nas\u00e5r \u00bb, s&#8217;impose.<\/p>\n<p>D\u00e8s que l&#8217;exp\u00e9rience commence, les convives sont plong\u00e9s dans les univers les plus divers et pas seulement par les odeurs et les saveurs, mais aussi visuellement, acoustiquement et sensoriellement. L&#8217;exp\u00e9rience Eatrenalin est une mise en sc\u00e8ne multisensorielle dans laquelle tous les d\u00e9tails et processus sont coordonn\u00e9s avec pr\u00e9cision afin d&#8217;envoyer tous les sens dans un voyage unique. Cela est rendu possible par une interaction impressionnante entre un contenu multim\u00e9dia, une performance gastronomique de pointe et un nouveau d\u00e9veloppement brevet\u00e9, les Floating Chairs de MACK Rides.<\/p>\n<p>Une forme in\u00e9dite de d\u00e9gustation globale permet de go\u00fbter des mets raffin\u00e9s, inhabituels et d\u00e9licieux. Le menu de huit plats tri\u00e9s sur le volet peut \u00eatre adapt\u00e9 individuellement (v\u00e9g\u00e9talien ou sans fruits de mer) chaque convive a le choix.<\/p>\n<figure id=\"attachment_10137\" aria-labelledby=\"figcaption_attachment_10137\" class=\"wp-caption aligncenter\"><img loading=\"lazy\" decoding=\"async\" class=\"size-large wp-image-10137\" src=\"https:\/\/blog.europapark.de\/wp-content\/uploads\/2023\/02\/PM2022_Eatrenalin_Ocean-1-1-1024x576.jpg\" alt=\"Des univers plus surprenants les uns que les autres o\u00f9 l'on se d\u00e9place avec des Floating Chairs !\" width=\"1024\" height=\"576\" srcset=\"https:\/\/blog.europapark.de\/wp-content\/uploads\/2023\/02\/PM2022_Eatrenalin_Ocean-1-1-1024x576.jpg 1024w, https:\/\/blog.europapark.de\/wp-content\/uploads\/2023\/02\/PM2022_Eatrenalin_Ocean-1-1-400x225.jpg 400w, https:\/\/blog.europapark.de\/wp-content\/uploads\/2023\/02\/PM2022_Eatrenalin_Ocean-1-1-768x432.jpg 768w, https:\/\/blog.europapark.de\/wp-content\/uploads\/2023\/02\/PM2022_Eatrenalin_Ocean-1-1-1536x863.jpg 1536w, https:\/\/blog.europapark.de\/wp-content\/uploads\/2023\/02\/PM2022_Eatrenalin_Ocean-1-1-2048x1151.jpg 2048w, https:\/\/blog.europapark.de\/wp-content\/uploads\/2023\/02\/PM2022_Eatrenalin_Ocean-1-1-1700x956.jpg 1700w\" sizes=\"auto, (max-width: 1024px) 100vw, 1024px\" \/><figcaption id=\"figcaption_attachment_10137\" class=\"wp-caption-text\">Des univers plus surprenants les uns que les autres o\u00f9 l&#8217;on se d\u00e9place avec des Floating Chairs !<\/figcaption><\/figure>\n<h3><strong>Emmener un peu d&#8217;Europa-Park \u00e0 la maison avec VEEJOY<\/strong><\/h3>\n<p>Votre envie de visiter le meilleur parc d&#8217;attractions d&#8217;Allemagne est trop forte ? Avec <a href=\"https:\/\/www.veejoy.de\/fr\" target=\"_blank\" rel=\"noopener\">VEEJOY<\/a>, il est possible de raccourcir id\u00e9alement le temps d&#8217;attente avant le d\u00e9but de la saison le 22 mars. La plateforme de streaming vous emm\u00e8ne dans un univers fantastique qui vous fait vivre la magie d&#8217;Europa-Park et de l&#8217;univers aquatique de Rulantica \u00e0 la maison.<\/p>\n<p>Des interviews en coulisses aux films de MACK Media et MACK Magic, en passant par des histoires de fond passionnantes sur le plus grand parc d&#8217;attractions d&#8217;Allemagne, vous trouverez ici tout ce qu&#8217;il faut pour vivre l&#8217;exp\u00e9rience ultime d&#8217;Europa-Park depuis votre canap\u00e9. D\u00e9couvrez d\u00e8s maintenant <a href=\"https:\/\/www.veejoy.de\/fr\/films\/grand-prix-of-europe-teaser\" target=\"_blank\" rel=\"noopener\">la bande-annonce de notre film Grand Prix of Europe<\/a>, le premier long-m\u00e9trage avec nos mascottes Ed &amp; Edda pour les 50 ans d&#8217;Europa-Park !<\/p>\n<figure id=\"attachment_10162\" aria-labelledby=\"figcaption_attachment_10162\" class=\"wp-caption aligncenter\"><img loading=\"lazy\" decoding=\"async\" class=\"size-full wp-image-10162\" src=\"https:\/\/blog.europapark.de\/wp-content\/uploads\/2023\/02\/6977667023749090303.jpeg\" alt=\"De nombreux formats sont \u00e0 retrouver sur VEEJOY !\" width=\"500\" height=\"261\" srcset=\"https:\/\/blog.europapark.de\/wp-content\/uploads\/2023\/02\/6977667023749090303.jpeg 500w, https:\/\/blog.europapark.de\/wp-content\/uploads\/2023\/02\/6977667023749090303-400x209.jpeg 400w\" sizes=\"auto, (max-width: 500px) 100vw, 500px\" \/><figcaption id=\"figcaption_attachment_10162\" class=\"wp-caption-text\">De nombreux formats sont \u00e0 retrouver sur VEEJOY !<\/figcaption><\/figure>\n<p><em>Et pour les plus impatients, vous pourrez profiter d&#8217;Europa-Park lors de notre <a href=\"https:\/\/www.europapark.de\/fr\/parc-de-loisirs\/pre-ouverture-deuropa-park\" target=\"_blank\" rel=\"noopener\">pr\u00e9-ouverture exclusive<\/a> le 15 mars 2025. <a href=\"https:\/\/tickets.mackinternational.de\/fr\/categorie\/billets-europapark?_ga=2.261550725.901026453.1736843916-523507086.1734340676&amp;_gl=1%2A1a9skp2%2A_gcl_au%2AMTMwNzA5MjguMTczNDM0MDY4OA..%2A_ga%2ANTIzNTA3MDg2LjE3MzQzNDA2NzY.%2A_ga_W0MQ7YDYCW%2AMTczNjkzMTc0MC4xMzkuMS4xNzM2OTM1MzI2LjYwLjAuMA..%2A_fplc%2AUmEzRDBqcGhmUkxuMmNzJTJGVVpmYkklMkJXR0djekZOTmVpZmJYSzRGdjhCaEF0Z3Q0blR1TTV3VlZvUyUyRllrJTJCZEZMejZFdjdqWFphSEJTQ1dHOUlDZGhrWUJEQ21zN3JKNFdHZSUyQnNBb1RwQTNqM2RvQloxekdFN2ViJTJGNzhSZ0NRJTNEJTNE%2A_ga_5QGELYSL92%2AMTczNjkzMTc0MC4xNTQuMS4xNzM2OTM1MzI2LjYwLjAuMA..\" target=\"_blank\" rel=\"noopener\">R\u00e9servez vos billets d\u00e8s maintenant<\/a> !<\/em><\/p>\n","protected":false},"excerpt":{"rendered":"<p>En basse saison, Europa-Park, avec sa multitude d&#8217;attractions et de spectacles, est certes ferm\u00e9, mais il est possible de passer&#8230;<\/p>\n","protected":false},"author":33,"featured_media":10115,"comment_status":"open","ping_status":"open","sticky":false,"template":"","format":"standard","meta":{"_acf_changed":false,"footnotes":""},"categories":[207,209,23],"tags":[407,931,266,828],"class_list":["post-10185","post","type-post","status-publish","format-standard","has-post-thumbnail","hentry","category-europa-park-fr","category-hotels","category-rulantica-fr","tag-basse-saison","tag-eatrenalin","tag-europa-park-fr-2","tag-hotels"],"acf":[],"yoast_head":"<!-- This site is optimized with the Yoast SEO plugin v26.9 - https:\/\/yoast.com\/product\/yoast-seo-wordpress\/ -->\n<title>6 conseils pour s&#039;\u00e9clater \u00e0 Europa-Park Resort en basse saison - Le blog officiel d\u2019Europa-Park<\/title>\n<meta name=\"description\" content=\"En basse saison, Europa-Par est certes ferm\u00e9, mais il est possible de passer un moment unique dans le reste d&#039;Europa-Park Resort !\" \/>\n<meta name=\"robots\" content=\"index, follow, max-snippet:-1, max-image-preview:large, max-video-preview:-1\" \/>\n<link rel=\"canonical\" href=\"https:\/\/blog.europapark.de\/fr\/rulantica-fr\/6-conseils-pour-seclater-a-europa-park-resort-en-basse-saison\/\" \/>\n<meta property=\"og:locale\" content=\"fr_FR\" \/>\n<meta property=\"og:type\" content=\"article\" \/>\n<meta property=\"og:title\" content=\"6 conseils pour s&#039;\u00e9clater \u00e0 Europa-Park Resort en basse saison - Le blog officiel d\u2019Europa-Park\" \/>\n<meta property=\"og:description\" content=\"En basse saison, Europa-Par est certes ferm\u00e9, mais il est possible de passer un moment unique dans le reste d&#039;Europa-Park Resort !\" \/>\n<meta property=\"og:url\" content=\"https:\/\/blog.europapark.de\/fr\/rulantica-fr\/6-conseils-pour-seclater-a-europa-park-resort-en-basse-saison\/\" \/>\n<meta property=\"og:site_name\" content=\"Le blog officiel d\u2019Europa-Park\" \/>\n<meta property=\"article:published_time\" content=\"2025-01-16T08:02:04+00:00\" \/>\n<meta property=\"article:modified_time\" content=\"2025-01-17T12:32:11+00:00\" \/>\n<meta property=\"og:image\" content=\"https:\/\/blog.europapark.de\/wp-content\/uploads\/2023\/02\/My-project-1-1024x683.jpg\" \/>\n\t<meta property=\"og:image:width\" content=\"1024\" \/>\n\t<meta property=\"og:image:height\" content=\"683\" \/>\n\t<meta property=\"og:image:type\" content=\"image\/jpeg\" \/>\n<meta name=\"author\" content=\"Nathan Ruetsch\" \/>\n<meta name=\"twitter:card\" content=\"summary_large_image\" \/>\n<meta name=\"twitter:label1\" content=\"\u00c9crit par\" \/>\n\t<meta name=\"twitter:data1\" content=\"Nathan Ruetsch\" \/>\n\t<meta name=\"twitter:label2\" content=\"Dur\u00e9e de lecture estim\u00e9e\" \/>\n\t<meta name=\"twitter:data2\" content=\"9 minutes\" \/>\n<script type=\"application\/ld+json\" class=\"yoast-schema-graph\">{\"@context\":\"https:\/\/schema.org\",\"@graph\":[{\"@type\":\"Article\",\"@id\":\"https:\/\/blog.europapark.de\/fr\/rulantica-fr\/6-conseils-pour-seclater-a-europa-park-resort-en-basse-saison\/#article\",\"isPartOf\":{\"@id\":\"https:\/\/blog.europapark.de\/fr\/rulantica-fr\/6-conseils-pour-seclater-a-europa-park-resort-en-basse-saison\/\"},\"author\":{\"name\":\"Nathan Ruetsch\",\"@id\":\"https:\/\/blog.europapark.de\/fr\/#\/schema\/person\/52bcc3e19a8aba1112450bdb69eed069\"},\"headline\":\"6 conseils pour s&#8217;\u00e9clater \u00e0 Europa-Park Resort en basse saison\",\"datePublished\":\"2025-01-16T08:02:04+00:00\",\"dateModified\":\"2025-01-17T12:32:11+00:00\",\"mainEntityOfPage\":{\"@id\":\"https:\/\/blog.europapark.de\/fr\/rulantica-fr\/6-conseils-pour-seclater-a-europa-park-resort-en-basse-saison\/\"},\"wordCount\":1508,\"commentCount\":0,\"image\":{\"@id\":\"https:\/\/blog.europapark.de\/fr\/rulantica-fr\/6-conseils-pour-seclater-a-europa-park-resort-en-basse-saison\/#primaryimage\"},\"thumbnailUrl\":\"https:\/\/blog.europapark.de\/wp-content\/uploads\/2023\/02\/My-project-1.jpg\",\"keywords\":[\"Basse saison\",\"Eatrenalin\",\"Europa-Park\",\"H\u00f4tels\"],\"articleSection\":[\"Europa-Park\",\"H\u00f4tels\",\"Rulantica\"],\"inLanguage\":\"fr-FR\",\"potentialAction\":[{\"@type\":\"CommentAction\",\"name\":\"Comment\",\"target\":[\"https:\/\/blog.europapark.de\/fr\/rulantica-fr\/6-conseils-pour-seclater-a-europa-park-resort-en-basse-saison\/#respond\"]}]},{\"@type\":\"WebPage\",\"@id\":\"https:\/\/blog.europapark.de\/fr\/rulantica-fr\/6-conseils-pour-seclater-a-europa-park-resort-en-basse-saison\/\",\"url\":\"https:\/\/blog.europapark.de\/fr\/rulantica-fr\/6-conseils-pour-seclater-a-europa-park-resort-en-basse-saison\/\",\"name\":\"6 conseils pour s'\u00e9clater \u00e0 Europa-Park Resort en basse saison - Le blog officiel d\u2019Europa-Park\",\"isPartOf\":{\"@id\":\"https:\/\/blog.europapark.de\/fr\/#website\"},\"primaryImageOfPage\":{\"@id\":\"https:\/\/blog.europapark.de\/fr\/rulantica-fr\/6-conseils-pour-seclater-a-europa-park-resort-en-basse-saison\/#primaryimage\"},\"image\":{\"@id\":\"https:\/\/blog.europapark.de\/fr\/rulantica-fr\/6-conseils-pour-seclater-a-europa-park-resort-en-basse-saison\/#primaryimage\"},\"thumbnailUrl\":\"https:\/\/blog.europapark.de\/wp-content\/uploads\/2023\/02\/My-project-1.jpg\",\"datePublished\":\"2025-01-16T08:02:04+00:00\",\"dateModified\":\"2025-01-17T12:32:11+00:00\",\"author\":{\"@id\":\"https:\/\/blog.europapark.de\/fr\/#\/schema\/person\/52bcc3e19a8aba1112450bdb69eed069\"},\"description\":\"En basse saison, Europa-Par est certes ferm\u00e9, mais il est possible de passer un moment unique dans le reste d'Europa-Park Resort !\",\"breadcrumb\":{\"@id\":\"https:\/\/blog.europapark.de\/fr\/rulantica-fr\/6-conseils-pour-seclater-a-europa-park-resort-en-basse-saison\/#breadcrumb\"},\"inLanguage\":\"fr-FR\",\"potentialAction\":[{\"@type\":\"ReadAction\",\"target\":[\"https:\/\/blog.europapark.de\/fr\/rulantica-fr\/6-conseils-pour-seclater-a-europa-park-resort-en-basse-saison\/\"]}]},{\"@type\":\"ImageObject\",\"inLanguage\":\"fr-FR\",\"@id\":\"https:\/\/blog.europapark.de\/fr\/rulantica-fr\/6-conseils-pour-seclater-a-europa-park-resort-en-basse-saison\/#primaryimage\",\"url\":\"https:\/\/blog.europapark.de\/wp-content\/uploads\/2023\/02\/My-project-1.jpg\",\"contentUrl\":\"https:\/\/blog.europapark.de\/wp-content\/uploads\/2023\/02\/My-project-1.jpg\",\"width\":2550,\"height\":1700},{\"@type\":\"BreadcrumbList\",\"@id\":\"https:\/\/blog.europapark.de\/fr\/rulantica-fr\/6-conseils-pour-seclater-a-europa-park-resort-en-basse-saison\/#breadcrumb\",\"itemListElement\":[{\"@type\":\"ListItem\",\"position\":1,\"name\":\"Accueil\",\"item\":\"https:\/\/blog.europapark.de\/fr\/\"},{\"@type\":\"ListItem\",\"position\":2,\"name\":\"6 conseils pour s&#8217;\u00e9clater \u00e0 Europa-Park Resort en basse saison\"}]},{\"@type\":\"WebSite\",\"@id\":\"https:\/\/blog.europapark.de\/fr\/#website\",\"url\":\"https:\/\/blog.europapark.de\/fr\/\",\"name\":\"Le blog officiel d\u2019Europa-Park\",\"description\":\"\",\"potentialAction\":[{\"@type\":\"SearchAction\",\"target\":{\"@type\":\"EntryPoint\",\"urlTemplate\":\"https:\/\/blog.europapark.de\/fr\/?s={search_term_string}\"},\"query-input\":{\"@type\":\"PropertyValueSpecification\",\"valueRequired\":true,\"valueName\":\"search_term_string\"}}],\"inLanguage\":\"fr-FR\"},{\"@type\":\"Person\",\"@id\":\"https:\/\/blog.europapark.de\/fr\/#\/schema\/person\/52bcc3e19a8aba1112450bdb69eed069\",\"name\":\"Nathan Ruetsch\",\"image\":{\"@type\":\"ImageObject\",\"inLanguage\":\"fr-FR\",\"@id\":\"https:\/\/blog.europapark.de\/fr\/#\/schema\/person\/image\/\",\"url\":\"https:\/\/blog.europapark.de\/wp-content\/uploads\/2023\/04\/1628515728168-150x150.jpg\",\"contentUrl\":\"https:\/\/blog.europapark.de\/wp-content\/uploads\/2023\/04\/1628515728168-150x150.jpg\",\"caption\":\"Nathan Ruetsch\"},\"url\":\"https:\/\/blog.europapark.de\/fr\/author\/nathan-ruetsch\/\"}]}<\/script>\n<!-- \/ Yoast SEO plugin. -->","yoast_head_json":{"title":"6 conseils pour s'\u00e9clater \u00e0 Europa-Park Resort en basse saison - Le blog officiel d\u2019Europa-Park","description":"En basse saison, Europa-Par est certes ferm\u00e9, mais il est possible de passer un moment unique dans le reste d'Europa-Park Resort !","robots":{"index":"index","follow":"follow","max-snippet":"max-snippet:-1","max-image-preview":"max-image-preview:large","max-video-preview":"max-video-preview:-1"},"canonical":"https:\/\/blog.europapark.de\/fr\/rulantica-fr\/6-conseils-pour-seclater-a-europa-park-resort-en-basse-saison\/","og_locale":"fr_FR","og_type":"article","og_title":"6 conseils pour s'\u00e9clater \u00e0 Europa-Park Resort en basse saison - Le blog officiel d\u2019Europa-Park","og_description":"En basse saison, Europa-Par est certes ferm\u00e9, mais il est possible de passer un moment unique dans le reste d'Europa-Park Resort !","og_url":"https:\/\/blog.europapark.de\/fr\/rulantica-fr\/6-conseils-pour-seclater-a-europa-park-resort-en-basse-saison\/","og_site_name":"Le blog officiel d\u2019Europa-Park","article_published_time":"2025-01-16T08:02:04+00:00","article_modified_time":"2025-01-17T12:32:11+00:00","og_image":[{"width":1024,"height":683,"url":"https:\/\/blog.europapark.de\/wp-content\/uploads\/2023\/02\/My-project-1-1024x683.jpg","type":"image\/jpeg"}],"author":"Nathan Ruetsch","twitter_card":"summary_large_image","twitter_misc":{"\u00c9crit par":"Nathan Ruetsch","Dur\u00e9e de lecture estim\u00e9e":"9 minutes"},"schema":{"@context":"https:\/\/schema.org","@graph":[{"@type":"Article","@id":"https:\/\/blog.europapark.de\/fr\/rulantica-fr\/6-conseils-pour-seclater-a-europa-park-resort-en-basse-saison\/#article","isPartOf":{"@id":"https:\/\/blog.europapark.de\/fr\/rulantica-fr\/6-conseils-pour-seclater-a-europa-park-resort-en-basse-saison\/"},"author":{"name":"Nathan Ruetsch","@id":"https:\/\/blog.europapark.de\/fr\/#\/schema\/person\/52bcc3e19a8aba1112450bdb69eed069"},"headline":"6 conseils pour s&#8217;\u00e9clater \u00e0 Europa-Park Resort en basse saison","datePublished":"2025-01-16T08:02:04+00:00","dateModified":"2025-01-17T12:32:11+00:00","mainEntityOfPage":{"@id":"https:\/\/blog.europapark.de\/fr\/rulantica-fr\/6-conseils-pour-seclater-a-europa-park-resort-en-basse-saison\/"},"wordCount":1508,"commentCount":0,"image":{"@id":"https:\/\/blog.europapark.de\/fr\/rulantica-fr\/6-conseils-pour-seclater-a-europa-park-resort-en-basse-saison\/#primaryimage"},"thumbnailUrl":"https:\/\/blog.europapark.de\/wp-content\/uploads\/2023\/02\/My-project-1.jpg","keywords":["Basse saison","Eatrenalin","Europa-Park","H\u00f4tels"],"articleSection":["Europa-Park","H\u00f4tels","Rulantica"],"inLanguage":"fr-FR","potentialAction":[{"@type":"CommentAction","name":"Comment","target":["https:\/\/blog.europapark.de\/fr\/rulantica-fr\/6-conseils-pour-seclater-a-europa-park-resort-en-basse-saison\/#respond"]}]},{"@type":"WebPage","@id":"https:\/\/blog.europapark.de\/fr\/rulantica-fr\/6-conseils-pour-seclater-a-europa-park-resort-en-basse-saison\/","url":"https:\/\/blog.europapark.de\/fr\/rulantica-fr\/6-conseils-pour-seclater-a-europa-park-resort-en-basse-saison\/","name":"6 conseils pour s'\u00e9clater \u00e0 Europa-Park Resort en basse saison - Le blog officiel d\u2019Europa-Park","isPartOf":{"@id":"https:\/\/blog.europapark.de\/fr\/#website"},"primaryImageOfPage":{"@id":"https:\/\/blog.europapark.de\/fr\/rulantica-fr\/6-conseils-pour-seclater-a-europa-park-resort-en-basse-saison\/#primaryimage"},"image":{"@id":"https:\/\/blog.europapark.de\/fr\/rulantica-fr\/6-conseils-pour-seclater-a-europa-park-resort-en-basse-saison\/#primaryimage"},"thumbnailUrl":"https:\/\/blog.europapark.de\/wp-content\/uploads\/2023\/02\/My-project-1.jpg","datePublished":"2025-01-16T08:02:04+00:00","dateModified":"2025-01-17T12:32:11+00:00","author":{"@id":"https:\/\/blog.europapark.de\/fr\/#\/schema\/person\/52bcc3e19a8aba1112450bdb69eed069"},"description":"En basse saison, Europa-Par est certes ferm\u00e9, mais il est possible de passer un moment unique dans le reste d'Europa-Park Resort !","breadcrumb":{"@id":"https:\/\/blog.europapark.de\/fr\/rulantica-fr\/6-conseils-pour-seclater-a-europa-park-resort-en-basse-saison\/#breadcrumb"},"inLanguage":"fr-FR","potentialAction":[{"@type":"ReadAction","target":["https:\/\/blog.europapark.de\/fr\/rulantica-fr\/6-conseils-pour-seclater-a-europa-park-resort-en-basse-saison\/"]}]},{"@type":"ImageObject","inLanguage":"fr-FR","@id":"https:\/\/blog.europapark.de\/fr\/rulantica-fr\/6-conseils-pour-seclater-a-europa-park-resort-en-basse-saison\/#primaryimage","url":"https:\/\/blog.europapark.de\/wp-content\/uploads\/2023\/02\/My-project-1.jpg","contentUrl":"https:\/\/blog.europapark.de\/wp-content\/uploads\/2023\/02\/My-project-1.jpg","width":2550,"height":1700},{"@type":"BreadcrumbList","@id":"https:\/\/blog.europapark.de\/fr\/rulantica-fr\/6-conseils-pour-seclater-a-europa-park-resort-en-basse-saison\/#breadcrumb","itemListElement":[{"@type":"ListItem","position":1,"name":"Accueil","item":"https:\/\/blog.europapark.de\/fr\/"},{"@type":"ListItem","position":2,"name":"6 conseils pour s&#8217;\u00e9clater \u00e0 Europa-Park Resort en basse saison"}]},{"@type":"WebSite","@id":"https:\/\/blog.europapark.de\/fr\/#website","url":"https:\/\/blog.europapark.de\/fr\/","name":"Le blog officiel d\u2019Europa-Park","description":"","potentialAction":[{"@type":"SearchAction","target":{"@type":"EntryPoint","urlTemplate":"https:\/\/blog.europapark.de\/fr\/?s={search_term_string}"},"query-input":{"@type":"PropertyValueSpecification","valueRequired":true,"valueName":"search_term_string"}}],"inLanguage":"fr-FR"},{"@type":"Person","@id":"https:\/\/blog.europapark.de\/fr\/#\/schema\/person\/52bcc3e19a8aba1112450bdb69eed069","name":"Nathan Ruetsch","image":{"@type":"ImageObject","inLanguage":"fr-FR","@id":"https:\/\/blog.europapark.de\/fr\/#\/schema\/person\/image\/","url":"https:\/\/blog.europapark.de\/wp-content\/uploads\/2023\/04\/1628515728168-150x150.jpg","contentUrl":"https:\/\/blog.europapark.de\/wp-content\/uploads\/2023\/04\/1628515728168-150x150.jpg","caption":"Nathan Ruetsch"},"url":"https:\/\/blog.europapark.de\/fr\/author\/nathan-ruetsch\/"}]}},"_links":{"self":[{"href":"https:\/\/blog.europapark.de\/fr\/wp-json\/wp\/v2\/posts\/10185","targetHints":{"allow":["GET"]}}],"collection":[{"href":"https:\/\/blog.europapark.de\/fr\/wp-json\/wp\/v2\/posts"}],"about":[{"href":"https:\/\/blog.europapark.de\/fr\/wp-json\/wp\/v2\/types\/post"}],"author":[{"embeddable":true,"href":"https:\/\/blog.europapark.de\/fr\/wp-json\/wp\/v2\/users\/33"}],"replies":[{"embeddable":true,"href":"https:\/\/blog.europapark.de\/fr\/wp-json\/wp\/v2\/comments?post=10185"}],"version-history":[{"count":13,"href":"https:\/\/blog.europapark.de\/fr\/wp-json\/wp\/v2\/posts\/10185\/revisions"}],"predecessor-version":[{"id":13848,"href":"https:\/\/blog.europapark.de\/fr\/wp-json\/wp\/v2\/posts\/10185\/revisions\/13848"}],"wp:featuredmedia":[{"embeddable":true,"href":"https:\/\/blog.europapark.de\/fr\/wp-json\/wp\/v2\/media\/10115"}],"wp:attachment":[{"href":"https:\/\/blog.europapark.de\/fr\/wp-json\/wp\/v2\/media?parent=10185"}],"wp:term":[{"taxonomy":"category","embeddable":true,"href":"https:\/\/blog.europapark.de\/fr\/wp-json\/wp\/v2\/categories?post=10185"},{"taxonomy":"post_tag","embeddable":true,"href":"https:\/\/blog.europapark.de\/fr\/wp-json\/wp\/v2\/tags?post=10185"}],"curies":[{"name":"wp","href":"https:\/\/api.w.org\/{rel}","templated":true}]}}